{"id":157000,"date":"2024-01-15T13:41:36","date_gmt":"2024-01-15T18:41:36","guid":{"rendered":"https:\/\/news.canadamotorjobs.com\/?p=157000"},"modified":"2024-01-15T13:44:05","modified_gmt":"2024-01-15T18:44:05","slug":"une-mise-a-jour-pour-la-genesis-g70-2024","status":"publish","type":"post","link":"https:\/\/news.canadamotorjobs.com\/fr\/une-mise-a-jour-pour-la-genesis-g70-2024\/","title":{"rendered":"Une mise \u00e0 jour pour la Genesis G70 2024"},"content":{"rendered":"<\/p>\n<p>La berline G70 de Genesis subit une cure de jouvence pour l&#8217;ann\u00e9e 2024, mettant l&#8217;accent sur la performance et la technologie. D\u00e9couvrez les points cl\u00e9s de cette mise \u00e0 jour.<\/p>\n<h3><strong>Quatre ou six cylindres<\/strong><\/h3>\n<p>\nLa G70 2024 offre de s\u00e9rie un moteur turbo de 2,5 L, qui apporte une puissance accrue, propulsant la voiture avec 300 chevaux et 311 lb-pi de couple. Le V6 3,3 L turbo de 365 chevaux reste une option pour ceux en qu\u00eate d&#8217;une exp\u00e9rience de conduite plus sportive.<\/p>\n<h3><strong>\u00c9volution technologique<\/strong><\/h3>\n<p>\nL&#8217;habitacle b\u00e9n\u00e9ficie d&#8217;un nouveau syst\u00e8me de contr\u00f4le de la climatisation \u00e0 pav\u00e9 tactile et d&#8217;un r\u00e9troviseur sans cadre. Des ajustements aux interrupteurs, garnitures et bouches d&#8217;air visent \u00e0 am\u00e9liorer l&#8217;exp\u00e9rience des occupants. Une nouvelle \u00e8re de connectivit\u00e9 avec la cl\u00e9 num\u00e9rique Genesis. Utilisez votre smartphone comme t\u00e9l\u00e9commande, partagez l&#8217;acc\u00e8s avec d&#8217;autres et contr\u00f4lez les autorisations d&#8217;utilisation. La suite d&#8217;aide \u00e0 la conduite est d\u00e9sormais standard, offrant une conduite plus assist\u00e9e sur les autoroutes.<\/p>\n<h3><strong>Esth\u00e9tique Raffin\u00e9e<\/strong><\/h3>\n<p>\nLes amateurs de design peuvent choisir parmi les nouvelles peintures inspir\u00e9es par l&#8217;Islande et l&#8217;Indon\u00e9sie. L&#8217;int\u00e9rieur offre \u00e9galement de nouvelles palettes de couleurs.<\/p>\n<h3><strong>Gamme de Prix<\/strong><\/h3>\n<p><\/p>\n<ul><\/p>\n<li><strong>Genesis G70 Advanced 2.5T :<\/strong> \u00c0 partir de 53 000 $, incluant la livraison et les frais.<\/li>\n<p><\/p>\n<li><strong>Version Prestige :<\/strong> Disponible \u00e0 58 000 $.<\/li>\n<p><\/p>\n<li><strong>3.3T Advanced et Sport :<\/strong> Propos\u00e9es respectivement \u00e0 58 000 $ et 64 000 $.<\/li>\n<p>\n<\/ul>\n<p>\n<strong>Les mod\u00e8les arrivent en concessions maintenant.<\/strong><\/p>\n<p>Le texte <a rel=\"nofollow\" href=\"https:\/\/annuelauto.ca\/une-mise-a-jour-pour-la-genesis-g70-2024\/\">Une mise \u00e0 jour pour la Genesis G70 2024<\/a> provient de <a rel=\"nofollow\" href=\"https:\/\/annuelauto.ca\">L&#8217;annuel de l&#8217;automobile &#8211; Actualit\u00e9 automobile<\/a><\/p>\n<p><\/p>\n","protected":false},"excerpt":{"rendered":"<p>La berline G70 de Genesis subit une cure de jouvence pour l&#8217;ann\u00e9e 2024, mettant l&#8217;accent sur la performance et la technologie. D\u00e9couvrez les points cl\u00e9s de cette mise \u00e0 jour. Quatre ou six cylindres La G70 2024 offre de s\u00e9rie un moteur turbo de 2,5 L, qui apporte une puissance accrue, propulsant la voiture avec [&hellip;]<\/p>\n","protected":false},"author":8,"featured_media":157002,"comment_status":"close","ping_status":"closed","sticky":false,"template":"","format":"standard","meta":{"_monsterinsights_skip_tracking":false,"_monsterinsights_sitenote_active":false,"_monsterinsights_sitenote_note":"","_monsterinsights_sitenote_category":0,"footnotes":""},"categories":[101],"tags":[],"yoast_head":"<!-- This site is optimized with the Yoast SEO plugin v23.2 - https:\/\/yoast.com\/wordpress\/plugins\/seo\/ -->\n<title>Une mise \u00e0 jour pour la Genesis G70 2024 - CanadaMotorJobs.com<\/title>\n<meta name=\"description\" content=\"Une mise \u00e0 jour pour la Genesis G70 2024 - Benoit Charette - Annuel automobile - CanadaMotorJobs.com.\" \/>\n<meta name=\"robots\" content=\"index, follow, max-snippet:-1, max-image-preview:large, max-video-preview:-1\" \/>\n<meta property=\"og:locale\" content=\"fr_CA\" \/>\n<meta property=\"og:type\" content=\"article\" \/>\n<meta property=\"og:title\" content=\"Une mise \u00e0 jour pour la Genesis G70 2024 - CanadaMotorJobs.com\" \/>\n<meta property=\"og:description\" content=\"Une mise \u00e0 jour pour la Genesis G70 2024 - Benoit Charette - Annuel automobile - CanadaMotorJobs.com.\" \/>\n<meta property=\"og:url\" content=\"https:\/\/news.canadamotorjobs.com\/fr\/une-mise-a-jour-pour-la-genesis-g70-2024\/\" \/>\n<meta property=\"og:site_name\" content=\"CanadaMotorJobs.com\" \/>\n<meta property=\"article:publisher\" content=\"https:\/\/www.facebook.com\/canadamotorjobs\/\" \/>\n<meta property=\"article:published_time\" content=\"2024-01-15T18:41:36+00:00\" \/>\n<meta property=\"article:modified_time\" content=\"2024-01-15T18:44:05+00:00\" \/>\n<meta property=\"og:image\" content=\"https:\/\/news.canadamotorjobs.com\/wp-content\/uploads\/2024\/01\/4263-GENESISREVEALSPRICINGFORENHANCED2024G70SPORTSEDAN.jpg\" \/>\n\t<meta property=\"og:image:width\" content=\"1200\" \/>\n\t<meta property=\"og:image:height\" content=\"800\" \/>\n\t<meta property=\"og:image:type\" content=\"image\/jpeg\" \/>\n<meta name=\"author\" content=\"Benoit Charette\" \/>\n<meta name=\"twitter:card\" content=\"summary_large_image\" \/>\n<meta name=\"twitter:creator\" content=\"@canadamotorjobs\" \/>\n<meta name=\"twitter:site\" content=\"@canadamotorjobs\" \/>\n<meta name=\"twitter:label1\" content=\"\u00c9crit par\" \/>\n\t<meta name=\"twitter:data1\" content=\"Benoit Charette\" \/>\n\t<meta name=\"twitter:label2\" content=\"Estimation du temps de lecture\" \/>\n\t<meta name=\"twitter:data2\" content=\"1 minute\" \/>\n<!-- \/ Yoast SEO plugin. -->","yoast_head_json":{"title":"Une mise \u00e0 jour pour la Genesis G70 2024 - CanadaMotorJobs.com","description":"Une mise \u00e0 jour pour la Genesis G70 2024 - Benoit Charette - Annuel automobile - CanadaMotorJobs.com.","robots":{"index":"index","follow":"follow","max-snippet":"max-snippet:-1","max-image-preview":"max-image-preview:large","max-video-preview":"max-video-preview:-1"},"og_locale":"fr_CA","og_type":"article","og_title":"Une mise \u00e0 jour pour la Genesis G70 2024 - CanadaMotorJobs.com","og_description":"Une mise \u00e0 jour pour la Genesis G70 2024 - Benoit Charette - Annuel automobile - CanadaMotorJobs.com.","og_url":"https:\/\/news.canadamotorjobs.com\/fr\/une-mise-a-jour-pour-la-genesis-g70-2024\/","og_site_name":"CanadaMotorJobs.com","article_publisher":"https:\/\/www.facebook.com\/canadamotorjobs\/","article_published_time":"2024-01-15T18:41:36+00:00","article_modified_time":"2024-01-15T18:44:05+00:00","og_image":[{"width":1200,"height":800,"url":"https:\/\/news.canadamotorjobs.com\/wp-content\/uploads\/2024\/01\/4263-GENESISREVEALSPRICINGFORENHANCED2024G70SPORTSEDAN.jpg","type":"image\/jpeg"}],"author":"Benoit Charette","twitter_card":"summary_large_image","twitter_creator":"@canadamotorjobs","twitter_site":"@canadamotorjobs","twitter_misc":{"\u00c9crit par":"Benoit Charette","Estimation du temps de lecture":"1 minute"},"schema":{"@context":"https:\/\/schema.org","@graph":[{"@type":"Article","@id":"https:\/\/news.canadamotorjobs.com\/fr\/une-mise-a-jour-pour-la-genesis-g70-2024\/#article","isPartOf":{"@id":"https:\/\/news.canadamotorjobs.com\/fr\/une-mise-a-jour-pour-la-genesis-g70-2024\/"},"author":{"name":"Benoit Charette","@id":"https:\/\/news.canadamotorjobs.com\/#\/schema\/person\/51793d1f87d44011d7bcc2ed99269a90"},"headline":"Une mise \u00e0 jour pour la Genesis G70 2024","datePublished":"2024-01-15T18:41:36+00:00","dateModified":"2024-01-15T18:44:05+00:00","mainEntityOfPage":{"@id":"https:\/\/news.canadamotorjobs.com\/fr\/une-mise-a-jour-pour-la-genesis-g70-2024\/"},"wordCount":271,"publisher":{"@id":"https:\/\/news.canadamotorjobs.com\/#organization"},"image":{"@id":"https:\/\/news.canadamotorjobs.com\/fr\/une-mise-a-jour-pour-la-genesis-g70-2024\/#primaryimage"},"thumbnailUrl":"https:\/\/news.canadamotorjobs.com\/wp-content\/uploads\/2024\/01\/4263-GENESISREVEALSPRICINGFORENHANCED2024G70SPORTSEDAN.jpg","articleSection":["Annuel automobile"],"inLanguage":"fr-CA"},{"@type":"WebPage","@id":"https:\/\/news.canadamotorjobs.com\/fr\/une-mise-a-jour-pour-la-genesis-g70-2024\/","url":"https:\/\/news.canadamotorjobs.com\/fr\/une-mise-a-jour-pour-la-genesis-g70-2024\/","name":"Une mise \u00e0 jour pour la Genesis G70 2024 - CanadaMotorJobs.com","isPartOf":{"@id":"https:\/\/news.canadamotorjobs.com\/#website"},"primaryImageOfPage":{"@id":"https:\/\/news.canadamotorjobs.com\/fr\/une-mise-a-jour-pour-la-genesis-g70-2024\/#primaryimage"},"image":{"@id":"https:\/\/news.canadamotorjobs.com\/fr\/une-mise-a-jour-pour-la-genesis-g70-2024\/#primaryimage"},"thumbnailUrl":"https:\/\/news.canadamotorjobs.com\/wp-content\/uploads\/2024\/01\/4263-GENESISREVEALSPRICINGFORENHANCED2024G70SPORTSEDAN.jpg","datePublished":"2024-01-15T18:41:36+00:00","dateModified":"2024-01-15T18:44:05+00:00","description":"Une mise \u00e0 jour pour la Genesis G70 2024 - Benoit Charette - Annuel automobile - CanadaMotorJobs.com.","breadcrumb":{"@id":"https:\/\/news.canadamotorjobs.com\/fr\/une-mise-a-jour-pour-la-genesis-g70-2024\/#breadcrumb"},"inLanguage":"fr-CA","potentialAction":[{"@type":"ReadAction","target":["https:\/\/news.canadamotorjobs.com\/fr\/une-mise-a-jour-pour-la-genesis-g70-2024\/"]}]},{"@type":"ImageObject","inLanguage":"fr-CA","@id":"https:\/\/news.canadamotorjobs.com\/fr\/une-mise-a-jour-pour-la-genesis-g70-2024\/#primaryimage","url":"https:\/\/news.canadamotorjobs.com\/wp-content\/uploads\/2024\/01\/4263-GENESISREVEALSPRICINGFORENHANCED2024G70SPORTSEDAN.jpg","contentUrl":"https:\/\/news.canadamotorjobs.com\/wp-content\/uploads\/2024\/01\/4263-GENESISREVEALSPRICINGFORENHANCED2024G70SPORTSEDAN.jpg","width":1200,"height":800},{"@type":"BreadcrumbList","@id":"https:\/\/news.canadamotorjobs.com\/fr\/une-mise-a-jour-pour-la-genesis-g70-2024\/#breadcrumb","itemListElement":[{"@type":"ListItem","position":1,"name":"Home","item":"https:\/\/news.canadamotorjobs.com\/fr\/blog\/"},{"@type":"ListItem","position":2,"name":"Une mise \u00e0 jour pour la Genesis G70 2024"}]},{"@type":"WebSite","@id":"https:\/\/news.canadamotorjobs.com\/#website","url":"https:\/\/news.canadamotorjobs.com\/","name":"CanadaMotorJobs.com","description":"Automotive Jobs","publisher":{"@id":"https:\/\/news.canadamotorjobs.com\/#organization"},"potentialAction":[{"@type":"SearchAction","target":{"@type":"EntryPoint","urlTemplate":"https:\/\/news.canadamotorjobs.com\/?s={search_term_string}"},"query-input":"required name=search_term_string"}],"inLanguage":"fr-CA"},{"@type":"Organization","@id":"https:\/\/news.canadamotorjobs.com\/#organization","name":"Canada Motor Jobs","url":"https:\/\/news.canadamotorjobs.com\/","logo":{"@type":"ImageObject","inLanguage":"fr-CA","@id":"https:\/\/news.canadamotorjobs.com\/#\/schema\/logo\/image\/","url":"https:\/\/news.canadamotorjobs.com\/wp-content\/uploads\/2022\/10\/logo-canada-motor-jobs-1.png","contentUrl":"https:\/\/news.canadamotorjobs.com\/wp-content\/uploads\/2022\/10\/logo-canada-motor-jobs-1.png","width":800,"height":400,"caption":"Canada Motor Jobs"},"image":{"@id":"https:\/\/news.canadamotorjobs.com\/#\/schema\/logo\/image\/"},"sameAs":["https:\/\/www.facebook.com\/canadamotorjobs\/","https:\/\/x.com\/canadamotorjobs","https:\/\/www.instagram.com\/canadamotorjobs\/","https:\/\/www.linkedin.com\/company\/canadamotorjobs"]},{"@type":"Person","@id":"https:\/\/news.canadamotorjobs.com\/#\/schema\/person\/51793d1f87d44011d7bcc2ed99269a90","name":"Benoit Charette","image":{"@type":"ImageObject","inLanguage":"fr-CA","@id":"https:\/\/news.canadamotorjobs.com\/#\/schema\/person\/image\/","url":"https:\/\/secure.gravatar.com\/avatar\/45f3d2eebcccd909668d7ce7ea7267b6?s=96&d=mm&r=g","contentUrl":"https:\/\/secure.gravatar.com\/avatar\/45f3d2eebcccd909668d7ce7ea7267b6?s=96&d=mm&r=g","caption":"Benoit Charette"},"description":"Benoit Charette \/ Propri\u00e9taire et r\u00e9dacteur en chef Benoit Charette pratique le journalisme automobile depuis bient\u00f4t 30 ans. Il a fait ses classes au c\u00f4t\u00e9 de Daniel H\u00e9raud et au Carnet de route de 1992 \u00e0 2001. Il est fondateur, copropri\u00e9taire et r\u00e9dacteur en chef de L\u2019Annuel de l\u2019automobile, qu\u2019il publie depuis 2001. Il a anim\u00e9 les \u00e9missions RPM et RPM+ sur V et les L\u00e9gendes de la route sur Historia. \u00c0 la radio depuis 1986, il reprend l\u2019antenne cette ann\u00e9e sur les ondes de Cogeco et participe pour la deuxi\u00e8me ann\u00e9e \u00e0 l\u2019\u00e9mission Passion Auto sur RDS en plus de mettre en ligne le site Web officiel de L\u2019Annuel de l\u2019automobile sur annuelauto.ca.","sameAs":["https:\/\/annuelauto.ca\/"],"url":"https:\/\/news.canadamotorjobs.com\/fr\/author\/benoit-charette\/"}]}},"_links":{"self":[{"href":"https:\/\/news.canadamotorjobs.com\/fr\/wp-json\/wp\/v2\/posts\/157000"}],"collection":[{"href":"https:\/\/news.canadamotorjobs.com\/fr\/wp-json\/wp\/v2\/posts"}],"about":[{"href":"https:\/\/news.canadamotorjobs.com\/fr\/wp-json\/wp\/v2\/types\/post"}],"author":[{"embeddable":true,"href":"https:\/\/news.canadamotorjobs.com\/fr\/wp-json\/wp\/v2\/users\/8"}],"replies":[{"embeddable":true,"href":"https:\/\/news.canadamotorjobs.com\/fr\/wp-json\/wp\/v2\/comments?post=157000"}],"version-history":[{"count":2,"href":"https:\/\/news.canadamotorjobs.com\/fr\/wp-json\/wp\/v2\/posts\/157000\/revisions"}],"predecessor-version":[{"id":157004,"href":"https:\/\/news.canadamotorjobs.com\/fr\/wp-json\/wp\/v2\/posts\/157000\/revisions\/157004"}],"wp:featuredmedia":[{"embeddable":true,"href":"https:\/\/news.canadamotorjobs.com\/fr\/wp-json\/wp\/v2\/media\/157002"}],"wp:attachment":[{"href":"https:\/\/news.canadamotorjobs.com\/fr\/wp-json\/wp\/v2\/media?parent=157000"}],"wp:term":[{"taxonomy":"category","embeddable":true,"href":"https:\/\/news.canadamotorjobs.com\/fr\/wp-json\/wp\/v2\/categories?post=157000"},{"taxonomy":"post_tag","embeddable":true,"href":"https:\/\/news.canadamotorjobs.com\/fr\/wp-json\/wp\/v2\/tags?post=157000"}],"curies":[{"name":"wp","href":"https:\/\/api.w.org\/{rel}","templated":true}]}}