{"id":156973,"date":"2024-01-15T08:17:30","date_gmt":"2024-01-15T13:17:30","guid":{"rendered":"https:\/\/news.canadamotorjobs.com\/?p=156973"},"modified":"2024-01-15T08:30:34","modified_gmt":"2024-01-15T13:30:34","slug":"un-debut-dannee-difficile-pour-tesla","status":"publish","type":"post","link":"https:\/\/news.canadamotorjobs.com\/fr\/un-debut-dannee-difficile-pour-tesla\/","title":{"rendered":"Un d\u00e9but d\u2019ann\u00e9e difficile pour Tesla"},"content":{"rendered":"<\/p>\n<p>Tesla a connu une ann\u00e9e 2023 exceptionnelle, avec une augmentation de plus de 100 % de ses actions en 12 mois. Cependant, 2024 commence sur une note diff\u00e9rente. La soci\u00e9t\u00e9 a perdu plus de 94 milliards de dollars de valorisation boursi\u00e8re au cours des deux premi\u00e8res semaines de 2024. Les raisons ne sont pas difficiles \u00e0 comprendre, car le fabricant de v\u00e9hicules \u00e9lectriques bas\u00e9 \u00e0 Austin, au Texas, a \u00e9t\u00e9 frapp\u00e9 par une s\u00e9rie de nouvelles n\u00e9gatives : un revirement sur les V\u00c9S de la part du g\u00e9ant de la location de voitures Hertz., une nouvelle baisse de prix pour ses voitures fabriqu\u00e9es en Chine et des signes de hausse des co\u00fbts de la main-d&#8217;\u0153uvre.<\/p>\n<h3>Une croissance au ralenti aux \u00c9tats-Unis<\/h3>\n<p>\nTout cela survient face \u00e0 une croissance ralentie de la demande de V\u00c9E chez l\u2019Oncle Sam.La baisse de la capitalisation boursi\u00e8re de Tesla en d\u00e9but d&#8217;ann\u00e9e est la plus importante que la soci\u00e9t\u00e9 ait connue sur une p\u00e9riode similaire depuis son introduction en bourse en 2010. En termes de pourcentage, la baisse de 12 % depuis le d\u00e9but de janvier est la pire depuis 2016, lorsque l&#8217;action a chut\u00e9 de 14 % au cours des neuf premi\u00e8res s\u00e9ances de bourse de l&#8217;ann\u00e9e.<\/p>\n<h3>La cerise sur le sundea<\/h3>\n<p>\nPour aggraver les choses, les chances d&#8217;un retournement imminent pour le fabricant de V\u00c9S ne semblent pas bonnes. Tesla a baiss\u00e9 agressivement les prix de ses voitures depuis le d\u00e9but 2023 pour stimuler la demande, mais cela a entra\u00een\u00e9 une \u00e9rosion constante de sa marge b\u00e9n\u00e9ficiaire autrefois importante. La marge brute automobile de Tesla, hors cr\u00e9dits r\u00e9glementaires, est pass\u00e9e \u00e0 16,3 % au troisi\u00e8me trimestre, contre 27,9 % un an plus t\u00f4t. Et la pression ne fait que monter, maintenant que les travailleurs de production des usines am\u00e9ricaines de Tesla b\u00e9n\u00e9ficient d&#8217;augmentations de salaire.<\/p>\n<h3>Des probl\u00e8mes en Europe<\/h3>\n<p>\nS&#8217;ajoutant aux probl\u00e8mes, Tesla a d\u00fb d\u00e9router les exp\u00e9ditions destin\u00e9es \u00e0 son usine de Berlin en raison d&#8217;actions militaires occidentales et de pr\u00e9occupations s\u00e9curitaires en mer Rouge. La production \u00e0 son usine pr\u00e8s de Berlin sera suspendue du 29 janvier au 11 f\u00e9vrier, selon une personne proche du dossier.<\/p>\n<h3>Quelques dollars en moins pour Musk<\/h3>\n<p>\nElon Musk a vu sa valeur nette diminuer de 23 milliards de dollars jusqu&#8217;\u00e0 pr\u00e9sent cette ann\u00e9e, selon l&#8217;indice des milliardaires de Bloomberg. Musk a repris la premi\u00e8re place de l&#8217;indice de richesse de Bloomberg l&#8217;ann\u00e9e derni\u00e8re, d\u00e9passant Bernard Arnault, mais maintenant Jeff Bezos se rapproche rapidement, avec 179 milliards de dollars par rapport aux 206 milliards de dollars de Musk \u00e0 la cl\u00f4ture de vendredi. La majeure partie de la valeur nette de Musk provient de sa participation de 13 % dans Tesla et d&#8217;environ 304 millions d&#8217;options d&#8217;achat d&#8217;actions exer\u00e7ables. Il d\u00e9tient \u00e9galement environ 42 % de SpaceX, valoris\u00e9e \u00e0 environ 53 milliards de dollars, selon l&#8217;indice de richesse de Bloomberg.<\/p>\n<h3>Toujours une longueur d\u2019avance<\/h3>\n<p>\nCela dit, Tesla reste un acteur cl\u00e9 de la transition \u00e9lectrique. La raison en est simple : il est bien en avance sur ses rivaux potentiels. BYD de la Chine a peut-\u00eatre d\u00e9pass\u00e9 Tesla en termes d&#8217;unit\u00e9s vendues, mais il reste en retard en termes de chiffre d&#8217;affaires et de b\u00e9n\u00e9fices. De plus, BYD ne vend pas de voitures aux \u00c9tats-Unis, o\u00f9 Tesla reste le leader du march\u00e9.<\/p>\n<h3>Poursuivre dans la m\u00eame veine<\/h3>\n<p>\nEn fin de compte, le succ\u00e8s continu de Tesla d\u00e9pendra de sa capacit\u00e9 \u00e0 surmonter ces obstacles, \u00e0 maintenir son leadership sur le march\u00e9 am\u00e9ricain et \u00e0 concr\u00e9tiser ses promesses en mati\u00e8re de v\u00e9hicules autonomes. Alors que l&#8217;ann\u00e9e 2024 commence difficilement, l&#8217;avenir de Tesla reste un sujet \u00e0 suivre de pr\u00e8s, non seulement pour les investisseurs, mais aussi pour les passionn\u00e9s d&#8217;automobiles comme vous.<\/p>\n<p>Avec des renseignements d\u2019Automotive News<\/p>\n<p>Le texte <a rel=\"nofollow\" href=\"https:\/\/annuelauto.ca\/un-debut-dannee-difficile-pour-tesla\/\">Un d\u00e9but d\u2019ann\u00e9e difficile pour Tesla<\/a> provient de <a rel=\"nofollow\" href=\"https:\/\/annuelauto.ca\">L&#8217;annuel de l&#8217;automobile &#8211; Actualit\u00e9 automobile<\/a><\/p>\n<p><\/p>\n","protected":false},"excerpt":{"rendered":"<p>Tesla a connu une ann\u00e9e 2023 exceptionnelle, avec une augmentation de plus de 100 % de ses actions en 12 mois. Cependant, 2024 commence sur une note diff\u00e9rente. La soci\u00e9t\u00e9 a perdu plus de 94 milliards de dollars de valorisation boursi\u00e8re au cours des deux premi\u00e8res semaines de 2024. Les raisons ne sont pas difficiles [&hellip;]<\/p>\n","protected":false},"author":8,"featured_media":156975,"comment_status":"close","ping_status":"closed","sticky":false,"template":"","format":"standard","meta":{"_monsterinsights_skip_tracking":false,"_monsterinsights_sitenote_active":false,"_monsterinsights_sitenote_note":"","_monsterinsights_sitenote_category":0,"footnotes":""},"categories":[101],"tags":[],"yoast_head":"<!-- This site is optimized with the Yoast SEO plugin v23.2 - https:\/\/yoast.com\/wordpress\/plugins\/seo\/ -->\n<title>Un d\u00e9but d\u2019ann\u00e9e difficile pour Tesla - CanadaMotorJobs.com<\/title>\n<meta name=\"description\" content=\"Un d\u00e9but d\u2019ann\u00e9e difficile pour Tesla - Benoit Charette - Annuel automobile - CanadaMotorJobs.com.\" \/>\n<meta name=\"robots\" content=\"index, follow, max-snippet:-1, max-image-preview:large, max-video-preview:-1\" \/>\n<meta property=\"og:locale\" content=\"fr_CA\" \/>\n<meta property=\"og:type\" content=\"article\" \/>\n<meta property=\"og:title\" content=\"Un d\u00e9but d\u2019ann\u00e9e difficile pour Tesla - CanadaMotorJobs.com\" \/>\n<meta property=\"og:description\" content=\"Un d\u00e9but d\u2019ann\u00e9e difficile pour Tesla - Benoit Charette - Annuel automobile - CanadaMotorJobs.com.\" \/>\n<meta property=\"og:url\" content=\"https:\/\/news.canadamotorjobs.com\/fr\/un-debut-dannee-difficile-pour-tesla\/\" \/>\n<meta property=\"og:site_name\" content=\"CanadaMotorJobs.com\" \/>\n<meta property=\"article:publisher\" content=\"https:\/\/www.facebook.com\/canadamotorjobs\/\" \/>\n<meta property=\"article:published_time\" content=\"2024-01-15T13:17:30+00:00\" \/>\n<meta property=\"article:modified_time\" content=\"2024-01-15T13:30:34+00:00\" \/>\n<meta property=\"og:image\" content=\"https:\/\/news.canadamotorjobs.com\/wp-content\/uploads\/2024\/01\/s-l1600.jpg\" \/>\n\t<meta property=\"og:image:width\" content=\"1600\" \/>\n\t<meta property=\"og:image:height\" content=\"1010\" \/>\n\t<meta property=\"og:image:type\" content=\"image\/jpeg\" \/>\n<meta name=\"author\" content=\"Benoit Charette\" \/>\n<meta name=\"twitter:card\" content=\"summary_large_image\" \/>\n<meta name=\"twitter:creator\" content=\"@canadamotorjobs\" \/>\n<meta name=\"twitter:site\" content=\"@canadamotorjobs\" \/>\n<meta name=\"twitter:label1\" content=\"\u00c9crit par\" \/>\n\t<meta name=\"twitter:data1\" content=\"Benoit Charette\" \/>\n\t<meta name=\"twitter:label2\" content=\"Estimation du temps de lecture\" \/>\n\t<meta name=\"twitter:data2\" content=\"3 minutes\" \/>\n<!-- \/ Yoast SEO plugin. -->","yoast_head_json":{"title":"Un d\u00e9but d\u2019ann\u00e9e difficile pour Tesla - CanadaMotorJobs.com","description":"Un d\u00e9but d\u2019ann\u00e9e difficile pour Tesla - Benoit Charette - Annuel automobile - CanadaMotorJobs.com.","robots":{"index":"index","follow":"follow","max-snippet":"max-snippet:-1","max-image-preview":"max-image-preview:large","max-video-preview":"max-video-preview:-1"},"og_locale":"fr_CA","og_type":"article","og_title":"Un d\u00e9but d\u2019ann\u00e9e difficile pour Tesla - CanadaMotorJobs.com","og_description":"Un d\u00e9but d\u2019ann\u00e9e difficile pour Tesla - Benoit Charette - Annuel automobile - CanadaMotorJobs.com.","og_url":"https:\/\/news.canadamotorjobs.com\/fr\/un-debut-dannee-difficile-pour-tesla\/","og_site_name":"CanadaMotorJobs.com","article_publisher":"https:\/\/www.facebook.com\/canadamotorjobs\/","article_published_time":"2024-01-15T13:17:30+00:00","article_modified_time":"2024-01-15T13:30:34+00:00","og_image":[{"width":1600,"height":1010,"url":"https:\/\/news.canadamotorjobs.com\/wp-content\/uploads\/2024\/01\/s-l1600.jpg","type":"image\/jpeg"}],"author":"Benoit Charette","twitter_card":"summary_large_image","twitter_creator":"@canadamotorjobs","twitter_site":"@canadamotorjobs","twitter_misc":{"\u00c9crit par":"Benoit Charette","Estimation du temps de lecture":"3 minutes"},"schema":{"@context":"https:\/\/schema.org","@graph":[{"@type":"Article","@id":"https:\/\/news.canadamotorjobs.com\/fr\/un-debut-dannee-difficile-pour-tesla\/#article","isPartOf":{"@id":"https:\/\/news.canadamotorjobs.com\/fr\/un-debut-dannee-difficile-pour-tesla\/"},"author":{"name":"Benoit Charette","@id":"https:\/\/news.canadamotorjobs.com\/#\/schema\/person\/51793d1f87d44011d7bcc2ed99269a90"},"headline":"Un d\u00e9but d\u2019ann\u00e9e difficile pour Tesla","datePublished":"2024-01-15T13:17:30+00:00","dateModified":"2024-01-15T13:30:34+00:00","mainEntityOfPage":{"@id":"https:\/\/news.canadamotorjobs.com\/fr\/un-debut-dannee-difficile-pour-tesla\/"},"wordCount":699,"publisher":{"@id":"https:\/\/news.canadamotorjobs.com\/#organization"},"image":{"@id":"https:\/\/news.canadamotorjobs.com\/fr\/un-debut-dannee-difficile-pour-tesla\/#primaryimage"},"thumbnailUrl":"https:\/\/news.canadamotorjobs.com\/wp-content\/uploads\/2024\/01\/s-l1600.jpg","articleSection":["Annuel automobile"],"inLanguage":"fr-CA"},{"@type":"WebPage","@id":"https:\/\/news.canadamotorjobs.com\/fr\/un-debut-dannee-difficile-pour-tesla\/","url":"https:\/\/news.canadamotorjobs.com\/fr\/un-debut-dannee-difficile-pour-tesla\/","name":"Un d\u00e9but d\u2019ann\u00e9e difficile pour Tesla - CanadaMotorJobs.com","isPartOf":{"@id":"https:\/\/news.canadamotorjobs.com\/#website"},"primaryImageOfPage":{"@id":"https:\/\/news.canadamotorjobs.com\/fr\/un-debut-dannee-difficile-pour-tesla\/#primaryimage"},"image":{"@id":"https:\/\/news.canadamotorjobs.com\/fr\/un-debut-dannee-difficile-pour-tesla\/#primaryimage"},"thumbnailUrl":"https:\/\/news.canadamotorjobs.com\/wp-content\/uploads\/2024\/01\/s-l1600.jpg","datePublished":"2024-01-15T13:17:30+00:00","dateModified":"2024-01-15T13:30:34+00:00","description":"Un d\u00e9but d\u2019ann\u00e9e difficile pour Tesla - Benoit Charette - Annuel automobile - CanadaMotorJobs.com.","breadcrumb":{"@id":"https:\/\/news.canadamotorjobs.com\/fr\/un-debut-dannee-difficile-pour-tesla\/#breadcrumb"},"inLanguage":"fr-CA","potentialAction":[{"@type":"ReadAction","target":["https:\/\/news.canadamotorjobs.com\/fr\/un-debut-dannee-difficile-pour-tesla\/"]}]},{"@type":"ImageObject","inLanguage":"fr-CA","@id":"https:\/\/news.canadamotorjobs.com\/fr\/un-debut-dannee-difficile-pour-tesla\/#primaryimage","url":"https:\/\/news.canadamotorjobs.com\/wp-content\/uploads\/2024\/01\/s-l1600.jpg","contentUrl":"https:\/\/news.canadamotorjobs.com\/wp-content\/uploads\/2024\/01\/s-l1600.jpg","width":1600,"height":1010},{"@type":"BreadcrumbList","@id":"https:\/\/news.canadamotorjobs.com\/fr\/un-debut-dannee-difficile-pour-tesla\/#breadcrumb","itemListElement":[{"@type":"ListItem","position":1,"name":"Home","item":"https:\/\/news.canadamotorjobs.com\/fr\/blog\/"},{"@type":"ListItem","position":2,"name":"Un d\u00e9but d\u2019ann\u00e9e difficile pour Tesla"}]},{"@type":"WebSite","@id":"https:\/\/news.canadamotorjobs.com\/#website","url":"https:\/\/news.canadamotorjobs.com\/","name":"CanadaMotorJobs.com","description":"Automotive Jobs","publisher":{"@id":"https:\/\/news.canadamotorjobs.com\/#organization"},"potentialAction":[{"@type":"SearchAction","target":{"@type":"EntryPoint","urlTemplate":"https:\/\/news.canadamotorjobs.com\/?s={search_term_string}"},"query-input":"required name=search_term_string"}],"inLanguage":"fr-CA"},{"@type":"Organization","@id":"https:\/\/news.canadamotorjobs.com\/#organization","name":"Canada Motor Jobs","url":"https:\/\/news.canadamotorjobs.com\/","logo":{"@type":"ImageObject","inLanguage":"fr-CA","@id":"https:\/\/news.canadamotorjobs.com\/#\/schema\/logo\/image\/","url":"https:\/\/news.canadamotorjobs.com\/wp-content\/uploads\/2022\/10\/logo-canada-motor-jobs-1.png","contentUrl":"https:\/\/news.canadamotorjobs.com\/wp-content\/uploads\/2022\/10\/logo-canada-motor-jobs-1.png","width":800,"height":400,"caption":"Canada Motor Jobs"},"image":{"@id":"https:\/\/news.canadamotorjobs.com\/#\/schema\/logo\/image\/"},"sameAs":["https:\/\/www.facebook.com\/canadamotorjobs\/","https:\/\/x.com\/canadamotorjobs","https:\/\/www.instagram.com\/canadamotorjobs\/","https:\/\/www.linkedin.com\/company\/canadamotorjobs"]},{"@type":"Person","@id":"https:\/\/news.canadamotorjobs.com\/#\/schema\/person\/51793d1f87d44011d7bcc2ed99269a90","name":"Benoit Charette","image":{"@type":"ImageObject","inLanguage":"fr-CA","@id":"https:\/\/news.canadamotorjobs.com\/#\/schema\/person\/image\/","url":"https:\/\/secure.gravatar.com\/avatar\/45f3d2eebcccd909668d7ce7ea7267b6?s=96&d=mm&r=g","contentUrl":"https:\/\/secure.gravatar.com\/avatar\/45f3d2eebcccd909668d7ce7ea7267b6?s=96&d=mm&r=g","caption":"Benoit Charette"},"description":"Benoit Charette \/ Propri\u00e9taire et r\u00e9dacteur en chef Benoit Charette pratique le journalisme automobile depuis bient\u00f4t 30 ans. Il a fait ses classes au c\u00f4t\u00e9 de Daniel H\u00e9raud et au Carnet de route de 1992 \u00e0 2001. Il est fondateur, copropri\u00e9taire et r\u00e9dacteur en chef de L\u2019Annuel de l\u2019automobile, qu\u2019il publie depuis 2001. Il a anim\u00e9 les \u00e9missions RPM et RPM+ sur V et les L\u00e9gendes de la route sur Historia. \u00c0 la radio depuis 1986, il reprend l\u2019antenne cette ann\u00e9e sur les ondes de Cogeco et participe pour la deuxi\u00e8me ann\u00e9e \u00e0 l\u2019\u00e9mission Passion Auto sur RDS en plus de mettre en ligne le site Web officiel de L\u2019Annuel de l\u2019automobile sur annuelauto.ca.","sameAs":["https:\/\/annuelauto.ca\/"],"url":"https:\/\/news.canadamotorjobs.com\/fr\/author\/benoit-charette\/"}]}},"_links":{"self":[{"href":"https:\/\/news.canadamotorjobs.com\/fr\/wp-json\/wp\/v2\/posts\/156973"}],"collection":[{"href":"https:\/\/news.canadamotorjobs.com\/fr\/wp-json\/wp\/v2\/posts"}],"about":[{"href":"https:\/\/news.canadamotorjobs.com\/fr\/wp-json\/wp\/v2\/types\/post"}],"author":[{"embeddable":true,"href":"https:\/\/news.canadamotorjobs.com\/fr\/wp-json\/wp\/v2\/users\/8"}],"replies":[{"embeddable":true,"href":"https:\/\/news.canadamotorjobs.com\/fr\/wp-json\/wp\/v2\/comments?post=156973"}],"version-history":[{"count":2,"href":"https:\/\/news.canadamotorjobs.com\/fr\/wp-json\/wp\/v2\/posts\/156973\/revisions"}],"predecessor-version":[{"id":156977,"href":"https:\/\/news.canadamotorjobs.com\/fr\/wp-json\/wp\/v2\/posts\/156973\/revisions\/156977"}],"wp:featuredmedia":[{"embeddable":true,"href":"https:\/\/news.canadamotorjobs.com\/fr\/wp-json\/wp\/v2\/media\/156975"}],"wp:attachment":[{"href":"https:\/\/news.canadamotorjobs.com\/fr\/wp-json\/wp\/v2\/media?parent=156973"}],"wp:term":[{"taxonomy":"category","embeddable":true,"href":"https:\/\/news.canadamotorjobs.com\/fr\/wp-json\/wp\/v2\/categories?post=156973"},{"taxonomy":"post_tag","embeddable":true,"href":"https:\/\/news.canadamotorjobs.com\/fr\/wp-json\/wp\/v2\/tags?post=156973"}],"curies":[{"name":"wp","href":"https:\/\/api.w.org\/{rel}","templated":true}]}}