{"id":156954,"date":"2024-01-14T09:13:07","date_gmt":"2024-01-14T14:13:07","guid":{"rendered":"https:\/\/news.canadamotorjobs.com\/?p=156954"},"modified":"2024-01-14T09:15:13","modified_gmt":"2024-01-14T14:15:13","slug":"comment-accelerer-la-transition-vers-les-vehicules-electriques-en-10-points","status":"publish","type":"post","link":"https:\/\/news.canadamotorjobs.com\/fr\/comment-accelerer-la-transition-vers-les-vehicules-electriques-en-10-points\/","title":{"rendered":"Comment acc\u00e9l\u00e9rer la transition vers les v\u00e9hicules \u00e9lectriques en 10 points"},"content":{"rendered":"<\/p>\n<div class=\"flex flex-grow flex-col max-w-full\"><\/p>\n<div class=\"min-h-[20px] text-message flex flex-col items-start gap-3 whitespace-pre-wrap break-words [.text-message+&amp;]:mt-5 overflow-x-auto\" data-message-author-role=\"assistant\" data-message-id=\"d4ef26f1-9491-467a-a0c8-6dc09cdf92f2\"><\/p>\n<div class=\"markdown prose w-full break-words dark:prose-invert light\">\n<p>La transition vers les v\u00e9hicules \u00e9lectriques (VE) conna\u00eet un ralentissement, mais l&#8217;industrie automobile cherche \u00e0 \u00e9largir sa client\u00e8le. Quels-sont les d\u00e9fis actuels et des solutions potentielles.<\/p>\n<h3><strong>1-Accessibilit\u00e9<\/strong><\/h3>\n<p>\nLa croissance pr\u00e9c\u00e9dente des VE \u00e9tait port\u00e9e par des utilisateurs ais\u00e9s. Aujourd&#8217;hui, les disparit\u00e9s de prix entre VE et mod\u00e8les traditionnels entravent la progression. Les constructeurs doivent s&#8217;ajuster.<\/p>\n<h3><strong>2-L&#8217;\u00c9cart des Segments<\/strong><\/h3>\n<p>\nLes berlines et VUS \u00e9lectrique affichent une prime de pr\u00e8s de 40% en Am\u00e9rique du Nord. Cette r\u00e9alit\u00e9 entra\u00eene une saturation des mod\u00e8les traditionnels, freinant les ventes globales.<\/p>\n<h3><strong>3- Les Besoins des Nouveaux Acheteurs<\/strong><\/h3>\n<p>\nLa nouvelle vague d&#8217;acheteurs de V\u00c9S recherche d\u2019abord le c\u00f4t\u00e9 pratique. Les constructeurs peuvent relancer les ventes en optimisant la conception des V\u00c9S selon les besoins sp\u00e9cifiques des clients.<\/p>\n<h3><strong>4- Surmonter les Inqui\u00e9tudes<\/strong><\/h3>\n<p>\nLes pr\u00e9occupations li\u00e9es \u00e0 l&#8217;autonomie et \u00e0 l&#8217;accessibilit\u00e9 des recharges restent des obstacles. Les r\u00e9gions avec des r\u00e9seaux de recharge solides montrent une diminution de l&#8217;anxi\u00e9t\u00e9 li\u00e9e \u00e0 l&#8217;autonomie.<\/p>\n<h3><strong>5- Vers une Technologie de Recharge Commune<\/strong><\/h3>\n<p>\nLes engagements des constructeurs en faveur d&#8217;une norme de recharge nord-am\u00e9ricaine commune sont prometteurs pour garantir l&#8217;accessibilit\u00e9 des chargeurs.<\/p>\n<h3><strong>6- R\u00e9duire les Co\u00fbts, Augmenter l&#8217;Accessibilit\u00e9<\/strong><\/h3>\n<p>\nOptimiser la conception des VE peut rapprocher les co\u00fbts de ceux des v\u00e9hicules \u00e0 combustion. Des mod\u00e8les avec une autonomie d&#8217;environ 200 miles peuvent r\u00e9pondre aux besoins pratiques de la plupart des utilisateurs.<\/p>\n<h3><strong>7- Batteries et Conception <\/strong><\/h3>\n<p>\nLa batterie repr\u00e9sente une part significative des co\u00fbts. La conception peut r\u00e9duire les co\u00fbts en optimisant divers aspects.<\/p>\n<h3><strong>8- Types de Batteries <\/strong><\/h3>\n<p>\nL&#8217;utilisation de types de batteries alternatifs, comme les cellules LFP, peut r\u00e9duire les co\u00fbts tout en r\u00e9pondant aux besoins de mod\u00e8les avec moins d&#8217;autonomie.<\/p>\n<h3><strong>9-Simplifier la Fabrication<\/strong><\/h3>\n<p>\nR\u00e9duire le nombre de processeurs et standardiser les pi\u00e8ces simplifie la fabrication, acc\u00e9l\u00e9rant la mise sur le march\u00e9 et r\u00e9duisant les co\u00fbts.<\/p>\n<h3><strong>10- Prix Comp\u00e9titifs par l&#8217;Innovation<\/strong><\/h3>\n<p>\nLa standardisation des pi\u00e8ces, l&#8217;augmentation de la modularit\u00e9 et l&#8217;identification d&#8217;un ensemble cibl\u00e9 de caract\u00e9ristiques permettent aux constructeurs de proposer des prix comp\u00e9titifs sans compromettre la rentabilit\u00e9.<\/p>\n<h3><strong>Conclusion<\/strong><\/h3>\n<p>\nEn surmontant ces d\u00e9fis par des solutions ing\u00e9nieuses, l&#8217;industrie automobile peut d\u00e9verrouiller le potentiel de la prochaine cohorte d&#8217;acheteurs de VE, ouvrant la voie \u00e0 un avenir durable et accessible.<\/p>\n<\/div>\n<p>\n<\/div>\n<p>\n<\/div>\n<p>Le texte <a rel=\"nofollow\" href=\"https:\/\/annuelauto.ca\/comment-accelerer-la-transition-vers-les-vehicules-electriques-en-10-points\/\">Comment acc\u00e9l\u00e9rer la transition vers les v\u00e9hicules \u00e9lectriques en 10 points<\/a> provient de <a rel=\"nofollow\" href=\"https:\/\/annuelauto.ca\">L&#8217;annuel de l&#8217;automobile &#8211; Actualit\u00e9 automobile<\/a><\/p>\n<p><\/p>\n","protected":false},"excerpt":{"rendered":"<p>La transition vers les v\u00e9hicules \u00e9lectriques (VE) conna\u00eet un ralentissement, mais l&#8217;industrie automobile cherche \u00e0 \u00e9largir sa client\u00e8le. Quels-sont les d\u00e9fis actuels et des solutions potentielles. 1-Accessibilit\u00e9 La croissance pr\u00e9c\u00e9dente des VE \u00e9tait port\u00e9e par des utilisateurs ais\u00e9s. Aujourd&#8217;hui, les disparit\u00e9s de prix entre VE et mod\u00e8les traditionnels entravent la progression. Les constructeurs doivent s&#8217;ajuster. [&hellip;]<\/p>\n","protected":false},"author":8,"featured_media":156956,"comment_status":"close","ping_status":"closed","sticky":false,"template":"","format":"standard","meta":{"_monsterinsights_skip_tracking":false,"_monsterinsights_sitenote_active":false,"_monsterinsights_sitenote_note":"","_monsterinsights_sitenote_category":0,"footnotes":""},"categories":[101],"tags":[],"yoast_head":"<!-- This site is optimized with the Yoast SEO plugin v23.2 - https:\/\/yoast.com\/wordpress\/plugins\/seo\/ -->\n<title>Comment acc\u00e9l\u00e9rer la transition vers les v\u00e9hicules \u00e9lectriques en 10 points - CanadaMotorJobs.com<\/title>\n<meta name=\"description\" content=\"Comment acc\u00e9l\u00e9rer la transition vers les v\u00e9hicules \u00e9lectriques en 10 points - Benoit Charette - Annuel automobile - CanadaMotorJobs.com.\" \/>\n<meta name=\"robots\" content=\"index, follow, max-snippet:-1, max-image-preview:large, max-video-preview:-1\" \/>\n<meta property=\"og:locale\" content=\"fr_CA\" \/>\n<meta property=\"og:type\" content=\"article\" \/>\n<meta property=\"og:title\" content=\"Comment acc\u00e9l\u00e9rer la transition vers les v\u00e9hicules \u00e9lectriques en 10 points - CanadaMotorJobs.com\" \/>\n<meta property=\"og:description\" content=\"Comment acc\u00e9l\u00e9rer la transition vers les v\u00e9hicules \u00e9lectriques en 10 points - Benoit Charette - Annuel automobile - CanadaMotorJobs.com.\" \/>\n<meta property=\"og:url\" content=\"https:\/\/news.canadamotorjobs.com\/fr\/comment-accelerer-la-transition-vers-les-vehicules-electriques-en-10-points\/\" \/>\n<meta property=\"og:site_name\" content=\"CanadaMotorJobs.com\" \/>\n<meta property=\"article:publisher\" content=\"https:\/\/www.facebook.com\/canadamotorjobs\/\" \/>\n<meta property=\"article:published_time\" content=\"2024-01-14T14:13:07+00:00\" \/>\n<meta property=\"article:modified_time\" content=\"2024-01-14T14:15:13+00:00\" \/>\n<meta property=\"og:image\" content=\"https:\/\/news.canadamotorjobs.com\/wp-content\/uploads\/2024\/01\/Large-53140-2023IONIQ6-1024x683-1.jpg\" \/>\n\t<meta property=\"og:image:width\" content=\"1024\" \/>\n\t<meta property=\"og:image:height\" content=\"683\" \/>\n\t<meta property=\"og:image:type\" content=\"image\/jpeg\" \/>\n<meta name=\"author\" content=\"Benoit Charette\" \/>\n<meta name=\"twitter:card\" content=\"summary_large_image\" \/>\n<meta name=\"twitter:creator\" content=\"@canadamotorjobs\" \/>\n<meta name=\"twitter:site\" content=\"@canadamotorjobs\" \/>\n<meta name=\"twitter:label1\" content=\"\u00c9crit par\" \/>\n\t<meta name=\"twitter:data1\" content=\"Benoit Charette\" \/>\n\t<meta name=\"twitter:label2\" content=\"Estimation du temps de lecture\" \/>\n\t<meta name=\"twitter:data2\" content=\"2 minutes\" \/>\n<!-- \/ Yoast SEO plugin. -->","yoast_head_json":{"title":"Comment acc\u00e9l\u00e9rer la transition vers les v\u00e9hicules \u00e9lectriques en 10 points - CanadaMotorJobs.com","description":"Comment acc\u00e9l\u00e9rer la transition vers les v\u00e9hicules \u00e9lectriques en 10 points - Benoit Charette - Annuel automobile - CanadaMotorJobs.com.","robots":{"index":"index","follow":"follow","max-snippet":"max-snippet:-1","max-image-preview":"max-image-preview:large","max-video-preview":"max-video-preview:-1"},"og_locale":"fr_CA","og_type":"article","og_title":"Comment acc\u00e9l\u00e9rer la transition vers les v\u00e9hicules \u00e9lectriques en 10 points - CanadaMotorJobs.com","og_description":"Comment acc\u00e9l\u00e9rer la transition vers les v\u00e9hicules \u00e9lectriques en 10 points - Benoit Charette - Annuel automobile - CanadaMotorJobs.com.","og_url":"https:\/\/news.canadamotorjobs.com\/fr\/comment-accelerer-la-transition-vers-les-vehicules-electriques-en-10-points\/","og_site_name":"CanadaMotorJobs.com","article_publisher":"https:\/\/www.facebook.com\/canadamotorjobs\/","article_published_time":"2024-01-14T14:13:07+00:00","article_modified_time":"2024-01-14T14:15:13+00:00","og_image":[{"width":1024,"height":683,"url":"https:\/\/news.canadamotorjobs.com\/wp-content\/uploads\/2024\/01\/Large-53140-2023IONIQ6-1024x683-1.jpg","type":"image\/jpeg"}],"author":"Benoit Charette","twitter_card":"summary_large_image","twitter_creator":"@canadamotorjobs","twitter_site":"@canadamotorjobs","twitter_misc":{"\u00c9crit par":"Benoit Charette","Estimation du temps de lecture":"2 minutes"},"schema":{"@context":"https:\/\/schema.org","@graph":[{"@type":"Article","@id":"https:\/\/news.canadamotorjobs.com\/fr\/comment-accelerer-la-transition-vers-les-vehicules-electriques-en-10-points\/#article","isPartOf":{"@id":"https:\/\/news.canadamotorjobs.com\/fr\/comment-accelerer-la-transition-vers-les-vehicules-electriques-en-10-points\/"},"author":{"name":"Benoit Charette","@id":"https:\/\/news.canadamotorjobs.com\/#\/schema\/person\/51793d1f87d44011d7bcc2ed99269a90"},"headline":"Comment acc\u00e9l\u00e9rer la transition vers les v\u00e9hicules \u00e9lectriques en 10 points","datePublished":"2024-01-14T14:13:07+00:00","dateModified":"2024-01-14T14:15:13+00:00","mainEntityOfPage":{"@id":"https:\/\/news.canadamotorjobs.com\/fr\/comment-accelerer-la-transition-vers-les-vehicules-electriques-en-10-points\/"},"wordCount":463,"publisher":{"@id":"https:\/\/news.canadamotorjobs.com\/#organization"},"image":{"@id":"https:\/\/news.canadamotorjobs.com\/fr\/comment-accelerer-la-transition-vers-les-vehicules-electriques-en-10-points\/#primaryimage"},"thumbnailUrl":"https:\/\/news.canadamotorjobs.com\/wp-content\/uploads\/2024\/01\/Large-53140-2023IONIQ6-1024x683-1.jpg","articleSection":["Annuel automobile"],"inLanguage":"fr-CA"},{"@type":"WebPage","@id":"https:\/\/news.canadamotorjobs.com\/fr\/comment-accelerer-la-transition-vers-les-vehicules-electriques-en-10-points\/","url":"https:\/\/news.canadamotorjobs.com\/fr\/comment-accelerer-la-transition-vers-les-vehicules-electriques-en-10-points\/","name":"Comment acc\u00e9l\u00e9rer la transition vers les v\u00e9hicules \u00e9lectriques en 10 points - CanadaMotorJobs.com","isPartOf":{"@id":"https:\/\/news.canadamotorjobs.com\/#website"},"primaryImageOfPage":{"@id":"https:\/\/news.canadamotorjobs.com\/fr\/comment-accelerer-la-transition-vers-les-vehicules-electriques-en-10-points\/#primaryimage"},"image":{"@id":"https:\/\/news.canadamotorjobs.com\/fr\/comment-accelerer-la-transition-vers-les-vehicules-electriques-en-10-points\/#primaryimage"},"thumbnailUrl":"https:\/\/news.canadamotorjobs.com\/wp-content\/uploads\/2024\/01\/Large-53140-2023IONIQ6-1024x683-1.jpg","datePublished":"2024-01-14T14:13:07+00:00","dateModified":"2024-01-14T14:15:13+00:00","description":"Comment acc\u00e9l\u00e9rer la transition vers les v\u00e9hicules \u00e9lectriques en 10 points - Benoit Charette - Annuel automobile - CanadaMotorJobs.com.","breadcrumb":{"@id":"https:\/\/news.canadamotorjobs.com\/fr\/comment-accelerer-la-transition-vers-les-vehicules-electriques-en-10-points\/#breadcrumb"},"inLanguage":"fr-CA","potentialAction":[{"@type":"ReadAction","target":["https:\/\/news.canadamotorjobs.com\/fr\/comment-accelerer-la-transition-vers-les-vehicules-electriques-en-10-points\/"]}]},{"@type":"ImageObject","inLanguage":"fr-CA","@id":"https:\/\/news.canadamotorjobs.com\/fr\/comment-accelerer-la-transition-vers-les-vehicules-electriques-en-10-points\/#primaryimage","url":"https:\/\/news.canadamotorjobs.com\/wp-content\/uploads\/2024\/01\/Large-53140-2023IONIQ6-1024x683-1.jpg","contentUrl":"https:\/\/news.canadamotorjobs.com\/wp-content\/uploads\/2024\/01\/Large-53140-2023IONIQ6-1024x683-1.jpg","width":1024,"height":683},{"@type":"BreadcrumbList","@id":"https:\/\/news.canadamotorjobs.com\/fr\/comment-accelerer-la-transition-vers-les-vehicules-electriques-en-10-points\/#breadcrumb","itemListElement":[{"@type":"ListItem","position":1,"name":"Home","item":"https:\/\/news.canadamotorjobs.com\/fr\/blog\/"},{"@type":"ListItem","position":2,"name":"Comment acc\u00e9l\u00e9rer la transition vers les v\u00e9hicules \u00e9lectriques en 10 points"}]},{"@type":"WebSite","@id":"https:\/\/news.canadamotorjobs.com\/#website","url":"https:\/\/news.canadamotorjobs.com\/","name":"CanadaMotorJobs.com","description":"Automotive Jobs","publisher":{"@id":"https:\/\/news.canadamotorjobs.com\/#organization"},"potentialAction":[{"@type":"SearchAction","target":{"@type":"EntryPoint","urlTemplate":"https:\/\/news.canadamotorjobs.com\/?s={search_term_string}"},"query-input":"required name=search_term_string"}],"inLanguage":"fr-CA"},{"@type":"Organization","@id":"https:\/\/news.canadamotorjobs.com\/#organization","name":"Canada Motor Jobs","url":"https:\/\/news.canadamotorjobs.com\/","logo":{"@type":"ImageObject","inLanguage":"fr-CA","@id":"https:\/\/news.canadamotorjobs.com\/#\/schema\/logo\/image\/","url":"https:\/\/news.canadamotorjobs.com\/wp-content\/uploads\/2022\/10\/logo-canada-motor-jobs-1.png","contentUrl":"https:\/\/news.canadamotorjobs.com\/wp-content\/uploads\/2022\/10\/logo-canada-motor-jobs-1.png","width":800,"height":400,"caption":"Canada Motor Jobs"},"image":{"@id":"https:\/\/news.canadamotorjobs.com\/#\/schema\/logo\/image\/"},"sameAs":["https:\/\/www.facebook.com\/canadamotorjobs\/","https:\/\/x.com\/canadamotorjobs","https:\/\/www.instagram.com\/canadamotorjobs\/","https:\/\/www.linkedin.com\/company\/canadamotorjobs"]},{"@type":"Person","@id":"https:\/\/news.canadamotorjobs.com\/#\/schema\/person\/51793d1f87d44011d7bcc2ed99269a90","name":"Benoit Charette","image":{"@type":"ImageObject","inLanguage":"fr-CA","@id":"https:\/\/news.canadamotorjobs.com\/#\/schema\/person\/image\/","url":"https:\/\/secure.gravatar.com\/avatar\/45f3d2eebcccd909668d7ce7ea7267b6?s=96&d=mm&r=g","contentUrl":"https:\/\/secure.gravatar.com\/avatar\/45f3d2eebcccd909668d7ce7ea7267b6?s=96&d=mm&r=g","caption":"Benoit Charette"},"description":"Benoit Charette \/ Propri\u00e9taire et r\u00e9dacteur en chef Benoit Charette pratique le journalisme automobile depuis bient\u00f4t 30 ans. Il a fait ses classes au c\u00f4t\u00e9 de Daniel H\u00e9raud et au Carnet de route de 1992 \u00e0 2001. Il est fondateur, copropri\u00e9taire et r\u00e9dacteur en chef de L\u2019Annuel de l\u2019automobile, qu\u2019il publie depuis 2001. Il a anim\u00e9 les \u00e9missions RPM et RPM+ sur V et les L\u00e9gendes de la route sur Historia. \u00c0 la radio depuis 1986, il reprend l\u2019antenne cette ann\u00e9e sur les ondes de Cogeco et participe pour la deuxi\u00e8me ann\u00e9e \u00e0 l\u2019\u00e9mission Passion Auto sur RDS en plus de mettre en ligne le site Web officiel de L\u2019Annuel de l\u2019automobile sur annuelauto.ca.","sameAs":["https:\/\/annuelauto.ca\/"],"url":"https:\/\/news.canadamotorjobs.com\/fr\/author\/benoit-charette\/"}]}},"_links":{"self":[{"href":"https:\/\/news.canadamotorjobs.com\/fr\/wp-json\/wp\/v2\/posts\/156954"}],"collection":[{"href":"https:\/\/news.canadamotorjobs.com\/fr\/wp-json\/wp\/v2\/posts"}],"about":[{"href":"https:\/\/news.canadamotorjobs.com\/fr\/wp-json\/wp\/v2\/types\/post"}],"author":[{"embeddable":true,"href":"https:\/\/news.canadamotorjobs.com\/fr\/wp-json\/wp\/v2\/users\/8"}],"replies":[{"embeddable":true,"href":"https:\/\/news.canadamotorjobs.com\/fr\/wp-json\/wp\/v2\/comments?post=156954"}],"version-history":[{"count":2,"href":"https:\/\/news.canadamotorjobs.com\/fr\/wp-json\/wp\/v2\/posts\/156954\/revisions"}],"predecessor-version":[{"id":156958,"href":"https:\/\/news.canadamotorjobs.com\/fr\/wp-json\/wp\/v2\/posts\/156954\/revisions\/156958"}],"wp:featuredmedia":[{"embeddable":true,"href":"https:\/\/news.canadamotorjobs.com\/fr\/wp-json\/wp\/v2\/media\/156956"}],"wp:attachment":[{"href":"https:\/\/news.canadamotorjobs.com\/fr\/wp-json\/wp\/v2\/media?parent=156954"}],"wp:term":[{"taxonomy":"category","embeddable":true,"href":"https:\/\/news.canadamotorjobs.com\/fr\/wp-json\/wp\/v2\/categories?post=156954"},{"taxonomy":"post_tag","embeddable":true,"href":"https:\/\/news.canadamotorjobs.com\/fr\/wp-json\/wp\/v2\/tags?post=156954"}],"curies":[{"name":"wp","href":"https:\/\/api.w.org\/{rel}","templated":true}]}}