{"id":156930,"date":"2024-01-13T08:02:46","date_gmt":"2024-01-13T13:02:46","guid":{"rendered":"https:\/\/news.canadamotorjobs.com\/?p=156930"},"modified":"2024-01-13T08:15:28","modified_gmt":"2024-01-13T13:15:28","slug":"un-premier-coup-doeil-a-la-dodge-daytona","status":"publish","type":"post","link":"https:\/\/news.canadamotorjobs.com\/fr\/un-premier-coup-doeil-a-la-dodge-daytona\/","title":{"rendered":"Un premier coup d\u2019\u0153il \u00e0 la Dodge Daytona"},"content":{"rendered":"<\/p>\n<p>Dodge a surpris les amateurs aujourd&#8217;hui en d\u00e9voilant discr\u00e8tement des images de la prochaine g\u00e9n\u00e9ration de la Charger sur sa page Facebook, avant la r\u00e9v\u00e9lation officielle pr\u00e9vue plus tard cette ann\u00e9e. Le nouveau mod\u00e8le semble fortement inspir\u00e9 du concept Charger Daytona SRT d\u00e9voil\u00e9 \u00e0 l&#8217;\u00e9t\u00e9 2022. Malgr\u00e9 des images partiellement obscurcies, les similitudes entre le concept et le mod\u00e8le de production sont \u00e9videntes.<\/p>\n<h3>R\u00e9solument sportive<\/h3>\n<p>\nLe design r\u00e9tro de la face avant du concept, caract\u00e9ris\u00e9 par une ouverture rectangulaire fine abritant les phares, un pyl\u00f4ne central, et deux grands conduits canalisant l&#8217;air, rappelle clairement l&#8217;esth\u00e9tique embl\u00e9matique de la Charger de 1969. En dessous, on retrouve les prises d&#8217;air verticales et horizontale agressive du concept, ainsi qu&#8217;un s\u00e9parateur avant imposant.<\/p>\n<h3>Un coup\u00e9<\/h3>\n<p>\nUne particularit\u00e9 intrigante est que, tout comme le concept, le v\u00e9hicule pr\u00e9sent\u00e9 dans les derni\u00e8res photos est un coup\u00e9 deux portes, sugg\u00e9rant la possibilit\u00e9 que Dodge opte pour le nom &#8220;Challenger&#8221; pour le mod\u00e8le de production, laissant le nom &#8220;Charger&#8221; disponible pour une \u00e9ventuelle berline future. Les ajustements notables entre le mod\u00e8le annonc\u00e9 et le concept Charger Daytona SRT incluent des r\u00e9troviseurs lat\u00e9raux pr\u00eats pour la production, rempla\u00e7ant les unit\u00e9s fines du concept, et potentiellement une ligne de toit l\u00e9g\u00e8rement plus \u00e9lev\u00e9e, bien que cela puisse \u00eatre une illusion de la cam\u00e9ra.<\/p>\n<h3>Y-aura-t-il un moteur \u00e0 essence ?<\/h3>\n<p>\nBien que le concept ait \u00e9t\u00e9 pr\u00e9sent\u00e9 comme enti\u00e8rement \u00e9lectrique, Dodge a confirm\u00e9 que la prochaine muscle car sera disponible en versions \u00e9lectrique et essence. Les d\u00e9tails sp\u00e9cifiques sur le mod\u00e8le repr\u00e9sent\u00e9 dans les photos restent flous, mais il est confirm\u00e9 que le moteur Hemi V8 actuel sera remplac\u00e9 par le nouveau moteur Hurricane turbocompress\u00e9 \u00e0 six cylindres.<\/p>\n<h3>Plus de d\u00e9tails \u00e0 venir<\/h3>\n<p>\nL&#8217;attente pour tous les d\u00e9tails concernant ce mod\u00e8le excitant est pr\u00e9vue dans les prochains mois, avec la r\u00e9v\u00e9lation officielle de la future Charger (ou Challenger) pr\u00e9vue d&#8217;ici la fin de 2024. Restez \u00e0 l&#8217;\u00e9coute pour les mises \u00e0 jour passionnantes.<\/p>\n<p>\u00a0<\/p>\n<p>Avec des renseignements de Motor Illustrated<\/p>\n<p>\u00a0<\/p>\n<p>Le texte <a rel=\"nofollow\" href=\"https:\/\/annuelauto.ca\/un-premier-coup-doeil-a-la-dodge-daytona\/\">Un premier coup d\u2019\u0153il \u00e0 la Dodge Daytona<\/a> provient de <a rel=\"nofollow\" href=\"https:\/\/annuelauto.ca\">L&#8217;annuel de l&#8217;automobile &#8211; Actualit\u00e9 automobile<\/a><\/p>\n<p><\/p>\n","protected":false},"excerpt":{"rendered":"<p>Dodge a surpris les amateurs aujourd&#8217;hui en d\u00e9voilant discr\u00e8tement des images de la prochaine g\u00e9n\u00e9ration de la Charger sur sa page Facebook, avant la r\u00e9v\u00e9lation officielle pr\u00e9vue plus tard cette ann\u00e9e. Le nouveau mod\u00e8le semble fortement inspir\u00e9 du concept Charger Daytona SRT d\u00e9voil\u00e9 \u00e0 l&#8217;\u00e9t\u00e9 2022. Malgr\u00e9 des images partiellement obscurcies, les similitudes entre le [&hellip;]<\/p>\n","protected":false},"author":8,"featured_media":156932,"comment_status":"close","ping_status":"closed","sticky":false,"template":"","format":"standard","meta":{"_monsterinsights_skip_tracking":false,"_monsterinsights_sitenote_active":false,"_monsterinsights_sitenote_note":"","_monsterinsights_sitenote_category":0,"footnotes":""},"categories":[101],"tags":[],"yoast_head":"<!-- This site is optimized with the Yoast SEO plugin v23.2 - https:\/\/yoast.com\/wordpress\/plugins\/seo\/ -->\n<title>Un premier coup d\u2019\u0153il \u00e0 la Dodge Daytona - CanadaMotorJobs.com<\/title>\n<meta name=\"description\" content=\"Un premier coup d\u2019\u0153il \u00e0 la Dodge Daytona - Benoit Charette - Annuel automobile - CanadaMotorJobs.com.\" \/>\n<meta name=\"robots\" content=\"index, follow, max-snippet:-1, max-image-preview:large, max-video-preview:-1\" \/>\n<meta property=\"og:locale\" content=\"fr_CA\" \/>\n<meta property=\"og:type\" content=\"article\" \/>\n<meta property=\"og:title\" content=\"Un premier coup d\u2019\u0153il \u00e0 la Dodge Daytona - CanadaMotorJobs.com\" \/>\n<meta property=\"og:description\" content=\"Un premier coup d\u2019\u0153il \u00e0 la Dodge Daytona - Benoit Charette - Annuel automobile - CanadaMotorJobs.com.\" \/>\n<meta property=\"og:url\" content=\"https:\/\/news.canadamotorjobs.com\/fr\/un-premier-coup-doeil-a-la-dodge-daytona\/\" \/>\n<meta property=\"og:site_name\" content=\"CanadaMotorJobs.com\" \/>\n<meta property=\"article:publisher\" content=\"https:\/\/www.facebook.com\/canadamotorjobs\/\" \/>\n<meta property=\"article:published_time\" content=\"2024-01-13T13:02:46+00:00\" \/>\n<meta property=\"article:modified_time\" content=\"2024-01-13T13:15:28+00:00\" \/>\n<meta property=\"og:image\" content=\"https:\/\/news.canadamotorjobs.com\/wp-content\/uploads\/2024\/01\/418788183_3138240736484473_1134774894033007121_n-copy-1024x576-1.jpg\" \/>\n\t<meta property=\"og:image:width\" content=\"1024\" \/>\n\t<meta property=\"og:image:height\" content=\"576\" \/>\n\t<meta property=\"og:image:type\" content=\"image\/jpeg\" \/>\n<meta name=\"author\" content=\"Benoit Charette\" \/>\n<meta name=\"twitter:card\" content=\"summary_large_image\" \/>\n<meta name=\"twitter:creator\" content=\"@canadamotorjobs\" \/>\n<meta name=\"twitter:site\" content=\"@canadamotorjobs\" \/>\n<meta name=\"twitter:label1\" content=\"\u00c9crit par\" \/>\n\t<meta name=\"twitter:data1\" content=\"Benoit Charette\" \/>\n\t<meta name=\"twitter:label2\" content=\"Estimation du temps de lecture\" \/>\n\t<meta name=\"twitter:data2\" content=\"2 minutes\" \/>\n<!-- \/ Yoast SEO plugin. -->","yoast_head_json":{"title":"Un premier coup d\u2019\u0153il \u00e0 la Dodge Daytona - CanadaMotorJobs.com","description":"Un premier coup d\u2019\u0153il \u00e0 la Dodge Daytona - Benoit Charette - Annuel automobile - CanadaMotorJobs.com.","robots":{"index":"index","follow":"follow","max-snippet":"max-snippet:-1","max-image-preview":"max-image-preview:large","max-video-preview":"max-video-preview:-1"},"og_locale":"fr_CA","og_type":"article","og_title":"Un premier coup d\u2019\u0153il \u00e0 la Dodge Daytona - CanadaMotorJobs.com","og_description":"Un premier coup d\u2019\u0153il \u00e0 la Dodge Daytona - Benoit Charette - Annuel automobile - CanadaMotorJobs.com.","og_url":"https:\/\/news.canadamotorjobs.com\/fr\/un-premier-coup-doeil-a-la-dodge-daytona\/","og_site_name":"CanadaMotorJobs.com","article_publisher":"https:\/\/www.facebook.com\/canadamotorjobs\/","article_published_time":"2024-01-13T13:02:46+00:00","article_modified_time":"2024-01-13T13:15:28+00:00","og_image":[{"width":1024,"height":576,"url":"https:\/\/news.canadamotorjobs.com\/wp-content\/uploads\/2024\/01\/418788183_3138240736484473_1134774894033007121_n-copy-1024x576-1.jpg","type":"image\/jpeg"}],"author":"Benoit Charette","twitter_card":"summary_large_image","twitter_creator":"@canadamotorjobs","twitter_site":"@canadamotorjobs","twitter_misc":{"\u00c9crit par":"Benoit Charette","Estimation du temps de lecture":"2 minutes"},"schema":{"@context":"https:\/\/schema.org","@graph":[{"@type":"Article","@id":"https:\/\/news.canadamotorjobs.com\/fr\/un-premier-coup-doeil-a-la-dodge-daytona\/#article","isPartOf":{"@id":"https:\/\/news.canadamotorjobs.com\/fr\/un-premier-coup-doeil-a-la-dodge-daytona\/"},"author":{"name":"Benoit Charette","@id":"https:\/\/news.canadamotorjobs.com\/#\/schema\/person\/51793d1f87d44011d7bcc2ed99269a90"},"headline":"Un premier coup d\u2019\u0153il \u00e0 la Dodge Daytona","datePublished":"2024-01-13T13:02:46+00:00","dateModified":"2024-01-13T13:15:28+00:00","mainEntityOfPage":{"@id":"https:\/\/news.canadamotorjobs.com\/fr\/un-premier-coup-doeil-a-la-dodge-daytona\/"},"wordCount":401,"publisher":{"@id":"https:\/\/news.canadamotorjobs.com\/#organization"},"image":{"@id":"https:\/\/news.canadamotorjobs.com\/fr\/un-premier-coup-doeil-a-la-dodge-daytona\/#primaryimage"},"thumbnailUrl":"https:\/\/news.canadamotorjobs.com\/wp-content\/uploads\/2024\/01\/418788183_3138240736484473_1134774894033007121_n-copy-1024x576-1.jpg","articleSection":["Annuel automobile"],"inLanguage":"fr-CA"},{"@type":"WebPage","@id":"https:\/\/news.canadamotorjobs.com\/fr\/un-premier-coup-doeil-a-la-dodge-daytona\/","url":"https:\/\/news.canadamotorjobs.com\/fr\/un-premier-coup-doeil-a-la-dodge-daytona\/","name":"Un premier coup d\u2019\u0153il \u00e0 la Dodge Daytona - CanadaMotorJobs.com","isPartOf":{"@id":"https:\/\/news.canadamotorjobs.com\/#website"},"primaryImageOfPage":{"@id":"https:\/\/news.canadamotorjobs.com\/fr\/un-premier-coup-doeil-a-la-dodge-daytona\/#primaryimage"},"image":{"@id":"https:\/\/news.canadamotorjobs.com\/fr\/un-premier-coup-doeil-a-la-dodge-daytona\/#primaryimage"},"thumbnailUrl":"https:\/\/news.canadamotorjobs.com\/wp-content\/uploads\/2024\/01\/418788183_3138240736484473_1134774894033007121_n-copy-1024x576-1.jpg","datePublished":"2024-01-13T13:02:46+00:00","dateModified":"2024-01-13T13:15:28+00:00","description":"Un premier coup d\u2019\u0153il \u00e0 la Dodge Daytona - Benoit Charette - Annuel automobile - CanadaMotorJobs.com.","breadcrumb":{"@id":"https:\/\/news.canadamotorjobs.com\/fr\/un-premier-coup-doeil-a-la-dodge-daytona\/#breadcrumb"},"inLanguage":"fr-CA","potentialAction":[{"@type":"ReadAction","target":["https:\/\/news.canadamotorjobs.com\/fr\/un-premier-coup-doeil-a-la-dodge-daytona\/"]}]},{"@type":"ImageObject","inLanguage":"fr-CA","@id":"https:\/\/news.canadamotorjobs.com\/fr\/un-premier-coup-doeil-a-la-dodge-daytona\/#primaryimage","url":"https:\/\/news.canadamotorjobs.com\/wp-content\/uploads\/2024\/01\/418788183_3138240736484473_1134774894033007121_n-copy-1024x576-1.jpg","contentUrl":"https:\/\/news.canadamotorjobs.com\/wp-content\/uploads\/2024\/01\/418788183_3138240736484473_1134774894033007121_n-copy-1024x576-1.jpg","width":1024,"height":576},{"@type":"BreadcrumbList","@id":"https:\/\/news.canadamotorjobs.com\/fr\/un-premier-coup-doeil-a-la-dodge-daytona\/#breadcrumb","itemListElement":[{"@type":"ListItem","position":1,"name":"Home","item":"https:\/\/news.canadamotorjobs.com\/fr\/blog\/"},{"@type":"ListItem","position":2,"name":"Un premier coup d\u2019\u0153il \u00e0 la Dodge Daytona"}]},{"@type":"WebSite","@id":"https:\/\/news.canadamotorjobs.com\/#website","url":"https:\/\/news.canadamotorjobs.com\/","name":"CanadaMotorJobs.com","description":"Automotive Jobs","publisher":{"@id":"https:\/\/news.canadamotorjobs.com\/#organization"},"potentialAction":[{"@type":"SearchAction","target":{"@type":"EntryPoint","urlTemplate":"https:\/\/news.canadamotorjobs.com\/?s={search_term_string}"},"query-input":"required name=search_term_string"}],"inLanguage":"fr-CA"},{"@type":"Organization","@id":"https:\/\/news.canadamotorjobs.com\/#organization","name":"Canada Motor Jobs","url":"https:\/\/news.canadamotorjobs.com\/","logo":{"@type":"ImageObject","inLanguage":"fr-CA","@id":"https:\/\/news.canadamotorjobs.com\/#\/schema\/logo\/image\/","url":"https:\/\/news.canadamotorjobs.com\/wp-content\/uploads\/2022\/10\/logo-canada-motor-jobs-1.png","contentUrl":"https:\/\/news.canadamotorjobs.com\/wp-content\/uploads\/2022\/10\/logo-canada-motor-jobs-1.png","width":800,"height":400,"caption":"Canada Motor Jobs"},"image":{"@id":"https:\/\/news.canadamotorjobs.com\/#\/schema\/logo\/image\/"},"sameAs":["https:\/\/www.facebook.com\/canadamotorjobs\/","https:\/\/x.com\/canadamotorjobs","https:\/\/www.instagram.com\/canadamotorjobs\/","https:\/\/www.linkedin.com\/company\/canadamotorjobs"]},{"@type":"Person","@id":"https:\/\/news.canadamotorjobs.com\/#\/schema\/person\/51793d1f87d44011d7bcc2ed99269a90","name":"Benoit Charette","image":{"@type":"ImageObject","inLanguage":"fr-CA","@id":"https:\/\/news.canadamotorjobs.com\/#\/schema\/person\/image\/","url":"https:\/\/secure.gravatar.com\/avatar\/45f3d2eebcccd909668d7ce7ea7267b6?s=96&d=mm&r=g","contentUrl":"https:\/\/secure.gravatar.com\/avatar\/45f3d2eebcccd909668d7ce7ea7267b6?s=96&d=mm&r=g","caption":"Benoit Charette"},"description":"Benoit Charette \/ Propri\u00e9taire et r\u00e9dacteur en chef Benoit Charette pratique le journalisme automobile depuis bient\u00f4t 30 ans. Il a fait ses classes au c\u00f4t\u00e9 de Daniel H\u00e9raud et au Carnet de route de 1992 \u00e0 2001. Il est fondateur, copropri\u00e9taire et r\u00e9dacteur en chef de L\u2019Annuel de l\u2019automobile, qu\u2019il publie depuis 2001. Il a anim\u00e9 les \u00e9missions RPM et RPM+ sur V et les L\u00e9gendes de la route sur Historia. \u00c0 la radio depuis 1986, il reprend l\u2019antenne cette ann\u00e9e sur les ondes de Cogeco et participe pour la deuxi\u00e8me ann\u00e9e \u00e0 l\u2019\u00e9mission Passion Auto sur RDS en plus de mettre en ligne le site Web officiel de L\u2019Annuel de l\u2019automobile sur annuelauto.ca.","sameAs":["https:\/\/annuelauto.ca\/"],"url":"https:\/\/news.canadamotorjobs.com\/fr\/author\/benoit-charette\/"}]}},"_links":{"self":[{"href":"https:\/\/news.canadamotorjobs.com\/fr\/wp-json\/wp\/v2\/posts\/156930"}],"collection":[{"href":"https:\/\/news.canadamotorjobs.com\/fr\/wp-json\/wp\/v2\/posts"}],"about":[{"href":"https:\/\/news.canadamotorjobs.com\/fr\/wp-json\/wp\/v2\/types\/post"}],"author":[{"embeddable":true,"href":"https:\/\/news.canadamotorjobs.com\/fr\/wp-json\/wp\/v2\/users\/8"}],"replies":[{"embeddable":true,"href":"https:\/\/news.canadamotorjobs.com\/fr\/wp-json\/wp\/v2\/comments?post=156930"}],"version-history":[{"count":2,"href":"https:\/\/news.canadamotorjobs.com\/fr\/wp-json\/wp\/v2\/posts\/156930\/revisions"}],"predecessor-version":[{"id":156934,"href":"https:\/\/news.canadamotorjobs.com\/fr\/wp-json\/wp\/v2\/posts\/156930\/revisions\/156934"}],"wp:featuredmedia":[{"embeddable":true,"href":"https:\/\/news.canadamotorjobs.com\/fr\/wp-json\/wp\/v2\/media\/156932"}],"wp:attachment":[{"href":"https:\/\/news.canadamotorjobs.com\/fr\/wp-json\/wp\/v2\/media?parent=156930"}],"wp:term":[{"taxonomy":"category","embeddable":true,"href":"https:\/\/news.canadamotorjobs.com\/fr\/wp-json\/wp\/v2\/categories?post=156930"},{"taxonomy":"post_tag","embeddable":true,"href":"https:\/\/news.canadamotorjobs.com\/fr\/wp-json\/wp\/v2\/tags?post=156930"}],"curies":[{"name":"wp","href":"https:\/\/api.w.org\/{rel}","templated":true}]}}