{"id":156859,"date":"2024-01-12T08:26:16","date_gmt":"2024-01-12T13:26:16","guid":{"rendered":"https:\/\/news.canadamotorjobs.com\/?p=156859"},"modified":"2024-01-12T08:30:10","modified_gmt":"2024-01-12T13:30:10","slug":"tesla-contrainte-de-suspendre-la-production-en-allemagne-en-raison-dattaques-en-mer-rouge","status":"publish","type":"post","link":"https:\/\/news.canadamotorjobs.com\/fr\/tesla-contrainte-de-suspendre-la-production-en-allemagne-en-raison-dattaques-en-mer-rouge\/","title":{"rendered":"Tesla contrainte de suspendre la production en Allemagne en raison d\u2019attaques en mer Rouge"},"content":{"rendered":"<\/p>\n<p>Tesla est contrainte de suspendre une grande partie de sa production automobile dans son usine allemande du 29 janvier au 11 f\u00e9vrier. Cette d\u00e9cision ne d\u00e9coule pas d&#8217;une diminution de la demande, mais plut\u00f4t d&#8217;une p\u00e9nurie de composants caus\u00e9e par des modifications d&#8217;itin\u00e9raires de transport \u00e0 la suite d&#8217;une s\u00e9rie d&#8217;attaques contre des navires en mer Rouge.<\/p>\n<h3><strong>Attaques en Mer Rouge: Perturbation dans la Cha\u00eene d&#8217;Approvisionnement<\/strong><\/h3>\n<p>\nLes attaques men\u00e9es par les militants houthis, soutenus par l&#8217;Iran et solidaires du Hamas, ont provoqu\u00e9 une br\u00e8che dans les cha\u00eenes d&#8217;approvisionnement de Tesla. L&#8217;entreprise a d\u00e9clar\u00e9 dans un communiqu\u00e9 que ces attaques entra\u00eeneraient une perturbation significative. Les conflits arm\u00e9s en mer Rouge et les ajustements dans les itin\u00e9raires de transport entre l&#8217;Europe et l&#8217;Asie via le Cap de Bonne Esp\u00e9rance ont \u00e9galement impact\u00e9 la production \u00e0 Gruenheide, avec des temps de transport consid\u00e9rablement allong\u00e9s cr\u00e9ant des lacunes dans les cha\u00eenes d&#8217;approvisionnement.<\/p>\n<h3><strong>Impact sur d&#8217;autres Entreprises: Tesla en Premi\u00e8re Ligne des Probl\u00e8mes<\/strong><\/h3>\n<p>\nBien que d&#8217;autres entreprises aient probablement \u00e9t\u00e9 touch\u00e9es par des retards similaires, Tesla est la premi\u00e8re \u00e0 aborder publiquement ces probl\u00e8mes, selon des rapports de Reuters. La d\u00e9pendance \u00e0 de nombreux composants cl\u00e9s d&#8217;Asie, notamment de la Chine, expose une vuln\u00e9rabilit\u00e9 potentielle dans la cha\u00eene d&#8217;approvisionnement de tout constructeur automobile.<\/p>\n<h3><strong>D\u00e9pendance \u00e0 la Chine: Un Point Faible Relev\u00e9 par les Experts<\/strong><\/h3>\n<p>\nSam Fiorani, vice-pr\u00e9sident d&#8217;AutoForecast Solutions, souligne que la d\u00e9pendance de Tesla \u00e0 la Chine pour les composants de ses batteries, transport\u00e9s vers l&#8217;Europe via la mer Rouge, constitue un point faible potentiel dans la cha\u00eene d&#8217;approvisionnement. Il sugg\u00e8re que d&#8217;autres constructeurs automobiles pourraient \u00e9galement faire face \u00e0 des probl\u00e8mes similaires \u00e0 l&#8217;avenir.<\/p>\n<h3><strong>Tesla en Conflit avec un Syndicat Su\u00e9dois<\/strong><\/h3>\n<p>\nOutre les probl\u00e8mes li\u00e9s \u00e0 la cha\u00eene d&#8217;approvisionnement, Tesla est actuellement en conflit avec le syndicat su\u00e9dois IF Metall concernant la signature d&#8217;une convention collective en Europe.<\/p>\n<h3><strong>Reprise de la Production Pr\u00e9vue: Manque de Pr\u00e9cisions sur les Composants<\/strong><\/h3>\n<p>\nTesla annonce que la production reprendra \u00e0 plein r\u00e9gime le 12 f\u00e9vrier. Cependant, l&#8217;entreprise n&#8217;a pas sp\u00e9cifi\u00e9 les composants sp\u00e9cifiques qu&#8217;elle \u00e9prouve des difficult\u00e9s \u00e0 acqu\u00e9rir. Cette situation met en lumi\u00e8re les d\u00e9fis auxquels les constructeurs automobiles sont confront\u00e9s en raison de la complexit\u00e9 de leurs cha\u00eenes d&#8217;approvisionnement interconnect\u00e9es.<\/p>\n<p>Avec des renseignements de Carscoops<\/p>\n<p>Le texte <a rel=\"nofollow\" href=\"https:\/\/annuelauto.ca\/tesla-contrainte-de-suspendre-la-production-en-allemagne-en-raison-dattaques-en-mer-rouge\/\">Tesla contrainte de suspendre la production en Allemagne en raison d\u2019attaques en mer Rouge<\/a> provient de <a rel=\"nofollow\" href=\"https:\/\/annuelauto.ca\">L&#8217;annuel de l&#8217;automobile &#8211; Actualit\u00e9 automobile<\/a><\/p>\n<p><\/p>\n","protected":false},"excerpt":{"rendered":"<p>Tesla est contrainte de suspendre une grande partie de sa production automobile dans son usine allemande du 29 janvier au 11 f\u00e9vrier. Cette d\u00e9cision ne d\u00e9coule pas d&#8217;une diminution de la demande, mais plut\u00f4t d&#8217;une p\u00e9nurie de composants caus\u00e9e par des modifications d&#8217;itin\u00e9raires de transport \u00e0 la suite d&#8217;une s\u00e9rie d&#8217;attaques contre des navires en [&hellip;]<\/p>\n","protected":false},"author":8,"featured_media":156861,"comment_status":"close","ping_status":"closed","sticky":false,"template":"","format":"standard","meta":{"_monsterinsights_skip_tracking":false,"_monsterinsights_sitenote_active":false,"_monsterinsights_sitenote_note":"","_monsterinsights_sitenote_category":0,"footnotes":""},"categories":[101],"tags":[],"yoast_head":"<!-- This site is optimized with the Yoast SEO plugin v23.2 - https:\/\/yoast.com\/wordpress\/plugins\/seo\/ -->\n<title>Tesla contrainte de suspendre la production en Allemagne en raison d\u2019attaques en mer Rouge - CanadaMotorJobs.com<\/title>\n<meta name=\"description\" content=\"Tesla contrainte de suspendre la production en Allemagne en raison d\u2019attaques en mer Rouge - Benoit Charette - Annuel automobile - CanadaMotorJobs.com.\" \/>\n<meta name=\"robots\" content=\"index, follow, max-snippet:-1, max-image-preview:large, max-video-preview:-1\" \/>\n<meta property=\"og:locale\" content=\"fr_CA\" \/>\n<meta property=\"og:type\" content=\"article\" \/>\n<meta property=\"og:title\" content=\"Tesla contrainte de suspendre la production en Allemagne en raison d\u2019attaques en mer Rouge - CanadaMotorJobs.com\" \/>\n<meta property=\"og:description\" content=\"Tesla contrainte de suspendre la production en Allemagne en raison d\u2019attaques en mer Rouge - Benoit Charette - Annuel automobile - CanadaMotorJobs.com.\" \/>\n<meta property=\"og:url\" content=\"https:\/\/news.canadamotorjobs.com\/fr\/tesla-contrainte-de-suspendre-la-production-en-allemagne-en-raison-dattaques-en-mer-rouge\/\" \/>\n<meta property=\"og:site_name\" content=\"CanadaMotorJobs.com\" \/>\n<meta property=\"article:publisher\" content=\"https:\/\/www.facebook.com\/canadamotorjobs\/\" \/>\n<meta property=\"article:published_time\" content=\"2024-01-12T13:26:16+00:00\" \/>\n<meta property=\"article:modified_time\" content=\"2024-01-12T13:30:10+00:00\" \/>\n<meta property=\"og:image\" content=\"https:\/\/news.canadamotorjobs.com\/wp-content\/uploads\/2024\/01\/1200px-Tesla_auto_bots.jpg\" \/>\n\t<meta property=\"og:image:width\" content=\"1200\" \/>\n\t<meta property=\"og:image:height\" content=\"839\" \/>\n\t<meta property=\"og:image:type\" content=\"image\/jpeg\" \/>\n<meta name=\"author\" content=\"Benoit Charette\" \/>\n<meta name=\"twitter:card\" content=\"summary_large_image\" \/>\n<meta name=\"twitter:creator\" content=\"@canadamotorjobs\" \/>\n<meta name=\"twitter:site\" content=\"@canadamotorjobs\" \/>\n<meta name=\"twitter:label1\" content=\"\u00c9crit par\" \/>\n\t<meta name=\"twitter:data1\" content=\"Benoit Charette\" \/>\n\t<meta name=\"twitter:label2\" content=\"Estimation du temps de lecture\" \/>\n\t<meta name=\"twitter:data2\" content=\"2 minutes\" \/>\n<!-- \/ Yoast SEO plugin. -->","yoast_head_json":{"title":"Tesla contrainte de suspendre la production en Allemagne en raison d\u2019attaques en mer Rouge - CanadaMotorJobs.com","description":"Tesla contrainte de suspendre la production en Allemagne en raison d\u2019attaques en mer Rouge - Benoit Charette - Annuel automobile - CanadaMotorJobs.com.","robots":{"index":"index","follow":"follow","max-snippet":"max-snippet:-1","max-image-preview":"max-image-preview:large","max-video-preview":"max-video-preview:-1"},"og_locale":"fr_CA","og_type":"article","og_title":"Tesla contrainte de suspendre la production en Allemagne en raison d\u2019attaques en mer Rouge - CanadaMotorJobs.com","og_description":"Tesla contrainte de suspendre la production en Allemagne en raison d\u2019attaques en mer Rouge - Benoit Charette - Annuel automobile - CanadaMotorJobs.com.","og_url":"https:\/\/news.canadamotorjobs.com\/fr\/tesla-contrainte-de-suspendre-la-production-en-allemagne-en-raison-dattaques-en-mer-rouge\/","og_site_name":"CanadaMotorJobs.com","article_publisher":"https:\/\/www.facebook.com\/canadamotorjobs\/","article_published_time":"2024-01-12T13:26:16+00:00","article_modified_time":"2024-01-12T13:30:10+00:00","og_image":[{"width":1200,"height":839,"url":"https:\/\/news.canadamotorjobs.com\/wp-content\/uploads\/2024\/01\/1200px-Tesla_auto_bots.jpg","type":"image\/jpeg"}],"author":"Benoit Charette","twitter_card":"summary_large_image","twitter_creator":"@canadamotorjobs","twitter_site":"@canadamotorjobs","twitter_misc":{"\u00c9crit par":"Benoit Charette","Estimation du temps de lecture":"2 minutes"},"schema":{"@context":"https:\/\/schema.org","@graph":[{"@type":"Article","@id":"https:\/\/news.canadamotorjobs.com\/fr\/tesla-contrainte-de-suspendre-la-production-en-allemagne-en-raison-dattaques-en-mer-rouge\/#article","isPartOf":{"@id":"https:\/\/news.canadamotorjobs.com\/fr\/tesla-contrainte-de-suspendre-la-production-en-allemagne-en-raison-dattaques-en-mer-rouge\/"},"author":{"name":"Benoit Charette","@id":"https:\/\/news.canadamotorjobs.com\/#\/schema\/person\/51793d1f87d44011d7bcc2ed99269a90"},"headline":"Tesla contrainte de suspendre la production en Allemagne en raison d\u2019attaques en mer Rouge","datePublished":"2024-01-12T13:26:16+00:00","dateModified":"2024-01-12T13:30:10+00:00","mainEntityOfPage":{"@id":"https:\/\/news.canadamotorjobs.com\/fr\/tesla-contrainte-de-suspendre-la-production-en-allemagne-en-raison-dattaques-en-mer-rouge\/"},"wordCount":479,"publisher":{"@id":"https:\/\/news.canadamotorjobs.com\/#organization"},"image":{"@id":"https:\/\/news.canadamotorjobs.com\/fr\/tesla-contrainte-de-suspendre-la-production-en-allemagne-en-raison-dattaques-en-mer-rouge\/#primaryimage"},"thumbnailUrl":"https:\/\/news.canadamotorjobs.com\/wp-content\/uploads\/2024\/01\/1200px-Tesla_auto_bots.jpg","articleSection":["Annuel automobile"],"inLanguage":"fr-CA"},{"@type":"WebPage","@id":"https:\/\/news.canadamotorjobs.com\/fr\/tesla-contrainte-de-suspendre-la-production-en-allemagne-en-raison-dattaques-en-mer-rouge\/","url":"https:\/\/news.canadamotorjobs.com\/fr\/tesla-contrainte-de-suspendre-la-production-en-allemagne-en-raison-dattaques-en-mer-rouge\/","name":"Tesla contrainte de suspendre la production en Allemagne en raison d\u2019attaques en mer Rouge - CanadaMotorJobs.com","isPartOf":{"@id":"https:\/\/news.canadamotorjobs.com\/#website"},"primaryImageOfPage":{"@id":"https:\/\/news.canadamotorjobs.com\/fr\/tesla-contrainte-de-suspendre-la-production-en-allemagne-en-raison-dattaques-en-mer-rouge\/#primaryimage"},"image":{"@id":"https:\/\/news.canadamotorjobs.com\/fr\/tesla-contrainte-de-suspendre-la-production-en-allemagne-en-raison-dattaques-en-mer-rouge\/#primaryimage"},"thumbnailUrl":"https:\/\/news.canadamotorjobs.com\/wp-content\/uploads\/2024\/01\/1200px-Tesla_auto_bots.jpg","datePublished":"2024-01-12T13:26:16+00:00","dateModified":"2024-01-12T13:30:10+00:00","description":"Tesla contrainte de suspendre la production en Allemagne en raison d\u2019attaques en mer Rouge - Benoit Charette - Annuel automobile - CanadaMotorJobs.com.","breadcrumb":{"@id":"https:\/\/news.canadamotorjobs.com\/fr\/tesla-contrainte-de-suspendre-la-production-en-allemagne-en-raison-dattaques-en-mer-rouge\/#breadcrumb"},"inLanguage":"fr-CA","potentialAction":[{"@type":"ReadAction","target":["https:\/\/news.canadamotorjobs.com\/fr\/tesla-contrainte-de-suspendre-la-production-en-allemagne-en-raison-dattaques-en-mer-rouge\/"]}]},{"@type":"ImageObject","inLanguage":"fr-CA","@id":"https:\/\/news.canadamotorjobs.com\/fr\/tesla-contrainte-de-suspendre-la-production-en-allemagne-en-raison-dattaques-en-mer-rouge\/#primaryimage","url":"https:\/\/news.canadamotorjobs.com\/wp-content\/uploads\/2024\/01\/1200px-Tesla_auto_bots.jpg","contentUrl":"https:\/\/news.canadamotorjobs.com\/wp-content\/uploads\/2024\/01\/1200px-Tesla_auto_bots.jpg","width":1200,"height":839},{"@type":"BreadcrumbList","@id":"https:\/\/news.canadamotorjobs.com\/fr\/tesla-contrainte-de-suspendre-la-production-en-allemagne-en-raison-dattaques-en-mer-rouge\/#breadcrumb","itemListElement":[{"@type":"ListItem","position":1,"name":"Home","item":"https:\/\/news.canadamotorjobs.com\/fr\/blog\/"},{"@type":"ListItem","position":2,"name":"Tesla contrainte de suspendre la production en Allemagne en raison d\u2019attaques en mer Rouge"}]},{"@type":"WebSite","@id":"https:\/\/news.canadamotorjobs.com\/#website","url":"https:\/\/news.canadamotorjobs.com\/","name":"CanadaMotorJobs.com","description":"Automotive Jobs","publisher":{"@id":"https:\/\/news.canadamotorjobs.com\/#organization"},"potentialAction":[{"@type":"SearchAction","target":{"@type":"EntryPoint","urlTemplate":"https:\/\/news.canadamotorjobs.com\/?s={search_term_string}"},"query-input":"required name=search_term_string"}],"inLanguage":"fr-CA"},{"@type":"Organization","@id":"https:\/\/news.canadamotorjobs.com\/#organization","name":"Canada Motor Jobs","url":"https:\/\/news.canadamotorjobs.com\/","logo":{"@type":"ImageObject","inLanguage":"fr-CA","@id":"https:\/\/news.canadamotorjobs.com\/#\/schema\/logo\/image\/","url":"https:\/\/news.canadamotorjobs.com\/wp-content\/uploads\/2022\/10\/logo-canada-motor-jobs-1.png","contentUrl":"https:\/\/news.canadamotorjobs.com\/wp-content\/uploads\/2022\/10\/logo-canada-motor-jobs-1.png","width":800,"height":400,"caption":"Canada Motor Jobs"},"image":{"@id":"https:\/\/news.canadamotorjobs.com\/#\/schema\/logo\/image\/"},"sameAs":["https:\/\/www.facebook.com\/canadamotorjobs\/","https:\/\/x.com\/canadamotorjobs","https:\/\/www.instagram.com\/canadamotorjobs\/","https:\/\/www.linkedin.com\/company\/canadamotorjobs"]},{"@type":"Person","@id":"https:\/\/news.canadamotorjobs.com\/#\/schema\/person\/51793d1f87d44011d7bcc2ed99269a90","name":"Benoit Charette","image":{"@type":"ImageObject","inLanguage":"fr-CA","@id":"https:\/\/news.canadamotorjobs.com\/#\/schema\/person\/image\/","url":"https:\/\/secure.gravatar.com\/avatar\/45f3d2eebcccd909668d7ce7ea7267b6?s=96&d=mm&r=g","contentUrl":"https:\/\/secure.gravatar.com\/avatar\/45f3d2eebcccd909668d7ce7ea7267b6?s=96&d=mm&r=g","caption":"Benoit Charette"},"description":"Benoit Charette \/ Propri\u00e9taire et r\u00e9dacteur en chef Benoit Charette pratique le journalisme automobile depuis bient\u00f4t 30 ans. Il a fait ses classes au c\u00f4t\u00e9 de Daniel H\u00e9raud et au Carnet de route de 1992 \u00e0 2001. Il est fondateur, copropri\u00e9taire et r\u00e9dacteur en chef de L\u2019Annuel de l\u2019automobile, qu\u2019il publie depuis 2001. Il a anim\u00e9 les \u00e9missions RPM et RPM+ sur V et les L\u00e9gendes de la route sur Historia. \u00c0 la radio depuis 1986, il reprend l\u2019antenne cette ann\u00e9e sur les ondes de Cogeco et participe pour la deuxi\u00e8me ann\u00e9e \u00e0 l\u2019\u00e9mission Passion Auto sur RDS en plus de mettre en ligne le site Web officiel de L\u2019Annuel de l\u2019automobile sur annuelauto.ca.","sameAs":["https:\/\/annuelauto.ca\/"],"url":"https:\/\/news.canadamotorjobs.com\/fr\/author\/benoit-charette\/"}]}},"_links":{"self":[{"href":"https:\/\/news.canadamotorjobs.com\/fr\/wp-json\/wp\/v2\/posts\/156859"}],"collection":[{"href":"https:\/\/news.canadamotorjobs.com\/fr\/wp-json\/wp\/v2\/posts"}],"about":[{"href":"https:\/\/news.canadamotorjobs.com\/fr\/wp-json\/wp\/v2\/types\/post"}],"author":[{"embeddable":true,"href":"https:\/\/news.canadamotorjobs.com\/fr\/wp-json\/wp\/v2\/users\/8"}],"replies":[{"embeddable":true,"href":"https:\/\/news.canadamotorjobs.com\/fr\/wp-json\/wp\/v2\/comments?post=156859"}],"version-history":[{"count":2,"href":"https:\/\/news.canadamotorjobs.com\/fr\/wp-json\/wp\/v2\/posts\/156859\/revisions"}],"predecessor-version":[{"id":156863,"href":"https:\/\/news.canadamotorjobs.com\/fr\/wp-json\/wp\/v2\/posts\/156859\/revisions\/156863"}],"wp:featuredmedia":[{"embeddable":true,"href":"https:\/\/news.canadamotorjobs.com\/fr\/wp-json\/wp\/v2\/media\/156861"}],"wp:attachment":[{"href":"https:\/\/news.canadamotorjobs.com\/fr\/wp-json\/wp\/v2\/media?parent=156859"}],"wp:term":[{"taxonomy":"category","embeddable":true,"href":"https:\/\/news.canadamotorjobs.com\/fr\/wp-json\/wp\/v2\/categories?post=156859"},{"taxonomy":"post_tag","embeddable":true,"href":"https:\/\/news.canadamotorjobs.com\/fr\/wp-json\/wp\/v2\/tags?post=156859"}],"curies":[{"name":"wp","href":"https:\/\/api.w.org\/{rel}","templated":true}]}}