{"id":156840,"date":"2024-01-12T08:09:41","date_gmt":"2024-01-12T13:09:41","guid":{"rendered":"https:\/\/news.canadamotorjobs.com\/?p=156840"},"modified":"2024-01-12T08:14:15","modified_gmt":"2024-01-12T13:14:15","slug":"le-salon-automobile-de-detroit-de-retour-a-sa-date-traditionnelle-en-janvier-lan-prochain","status":"publish","type":"post","link":"https:\/\/news.canadamotorjobs.com\/fr\/le-salon-automobile-de-detroit-de-retour-a-sa-date-traditionnelle-en-janvier-lan-prochain\/","title":{"rendered":"Le Salon Automobile de D\u00e9troit de retour \u00e0 sa date traditionnelle en janvier l\u2019an prochain"},"content":{"rendered":"<\/p>\n<p>l&#8217;an prochainL&#8217;Association des concessionnaires automobiles de D\u00e9troit a annonc\u00e9 le retour du Salon International de l&#8217;Automobile en janvier 2025, apr\u00e8s deux ann\u00e9es d&#8217;\u00e9v\u00e9nements estivaux en septembre. Cette d\u00e9cision vise \u00e0 cr\u00e9er un \u00e9v\u00e9nement automobile percutant mettant en valeur la ville et l&#8217;industrie.<\/p>\n<h3>Dates cl\u00e9s et Objectifs<\/h3>\n<p>\nLe salon se tiendra du 10 au 20 janvier, avec une avant-premi\u00e8re caritative le 10 janvier. Les journ\u00e9es publiques auront lieu du 11 au 20 janvier. Rod Alberts, directeur ex\u00e9cutif de l&#8217;association, souligne l&#8217;objectif de cr\u00e9er un salon enthousiasmant pour les amateurs de voitures, refl\u00e9tant les \u00e9volutions constantes du paysage automobile mondial.<\/p>\n<h3>R\u00e9flexion sur la date de janvier<\/h3>\n<p>\nAlberts a d\u00e9clar\u00e9 que, suite \u00e0 des discussions avec divers partenaires, la date de janvier a \u00e9t\u00e9 consid\u00e9r\u00e9e comme la plus judicieuse. Dans un contexte automobile en mutation, cette mise \u00e0 jour vise \u00e0 r\u00e9imaginer le salon en gardant \u00e0 l&#8217;esprit l&#8217;enthousiasme pour les voitures.<\/p>\n<h3>Informations \u00e0 venir sur les journ\u00e9es m\u00e9dias et industrie\/technologie<\/h3>\n<p>\nLes d\u00e9tails concernant les journ\u00e9es des m\u00e9dias et de l&#8217;industrie\/technologie seront annonc\u00e9s ult\u00e9rieurement, bien que ces journ\u00e9es aient \u00e9t\u00e9 essentielles par le pass\u00e9 pour pr\u00e9senter de nouveaux v\u00e9hicules.<\/p>\n<h3>Historique du salon<\/h3>\n<p>\nLe salon d&#8217;\u00e9t\u00e9, lanc\u00e9 pour revitaliser l&#8217;\u00e9v\u00e9nement, avait un mod\u00e8le hybride int\u00e9rieur-ext\u00e9rieur visant \u00e0 engager la communaut\u00e9. Cependant, des critiques ont soulign\u00e9 des distractions telles que les hoverboards et les dinosaures, et la derni\u00e8re \u00e9dition a r\u00e9duit ces \u00e9l\u00e9ments pour recentrer l&#8217;attention sur les voitures.<\/p>\n<h3>Retour \u00e0 la tradition hivernale<\/h3>\n<p>\nApr\u00e8s deux ann\u00e9es en septembre, le salon revient \u00e0 sa date traditionnelle d&#8217;hiver. L&#8217;Association des concessionnaires automobiles a inform\u00e9 que le salon d&#8217;\u00e9t\u00e9 serait supprim\u00e9 cette ann\u00e9e en faveur de la date traditionnelle.<\/p>\n<h3>Impact \u00e9conomique et perspectives<\/h3>\n<p>\nClaude Molinari, PDG du Detroit Metro Convention &amp; Visitors Bureau, estime que le retour du salon en janvier sera positif pour les restaurants, h\u00f4tels et attractions locaux. Cette d\u00e9cision intervient alors que le monde de l&#8217;automobile se tourne vers le CES \u00e0 Las Vegas, soulignant la concurrence entre les \u00e9v\u00e9nements.<\/p>\n<p>\u00a0<\/p>\n<p>Avec des renseignements d\u2019Automotive News<\/p>\n<p>\u00a0<\/p>\n<p>Le texte <a rel=\"nofollow\" href=\"https:\/\/annuelauto.ca\/692463\/\">Le Salon Automobile de D\u00e9troit de retour \u00e0 sa date traditionnelle en janvier l\u2019an prochain<\/a> provient de <a rel=\"nofollow\" href=\"https:\/\/annuelauto.ca\">L&#8217;annuel de l&#8217;automobile &#8211; Actualit\u00e9 automobile<\/a><\/p>\n<p><\/p>\n","protected":false},"excerpt":{"rendered":"<p>l&#8217;an prochainL&#8217;Association des concessionnaires automobiles de D\u00e9troit a annonc\u00e9 le retour du Salon International de l&#8217;Automobile en janvier 2025, apr\u00e8s deux ann\u00e9es d&#8217;\u00e9v\u00e9nements estivaux en septembre. Cette d\u00e9cision vise \u00e0 cr\u00e9er un \u00e9v\u00e9nement automobile percutant mettant en valeur la ville et l&#8217;industrie. Dates cl\u00e9s et Objectifs Le salon se tiendra du 10 au 20 janvier, [&hellip;]<\/p>\n","protected":false},"author":8,"featured_media":156842,"comment_status":"close","ping_status":"closed","sticky":false,"template":"","format":"standard","meta":{"_monsterinsights_skip_tracking":false,"_monsterinsights_sitenote_active":false,"_monsterinsights_sitenote_note":"","_monsterinsights_sitenote_category":0,"footnotes":""},"categories":[101],"tags":[],"yoast_head":"<!-- This site is optimized with the Yoast SEO plugin v23.2 - https:\/\/yoast.com\/wordpress\/plugins\/seo\/ -->\n<title>Le Salon Automobile de D\u00e9troit de retour \u00e0 sa date traditionnelle en janvier l\u2019an prochain - CanadaMotorJobs.com<\/title>\n<meta name=\"description\" content=\"Le Salon Automobile de D\u00e9troit de retour \u00e0 sa date traditionnelle en janvier l\u2019an prochain - Benoit Charette - Annuel automobile - CanadaMotorJobs.com.\" \/>\n<meta name=\"robots\" content=\"index, follow, max-snippet:-1, max-image-preview:large, max-video-preview:-1\" \/>\n<meta property=\"og:locale\" content=\"fr_CA\" \/>\n<meta property=\"og:type\" content=\"article\" \/>\n<meta property=\"og:title\" content=\"Le Salon Automobile de D\u00e9troit de retour \u00e0 sa date traditionnelle en janvier l\u2019an prochain - CanadaMotorJobs.com\" \/>\n<meta property=\"og:description\" content=\"Le Salon Automobile de D\u00e9troit de retour \u00e0 sa date traditionnelle en janvier l\u2019an prochain - Benoit Charette - Annuel automobile - CanadaMotorJobs.com.\" \/>\n<meta property=\"og:url\" content=\"https:\/\/news.canadamotorjobs.com\/fr\/le-salon-automobile-de-detroit-de-retour-a-sa-date-traditionnelle-en-janvier-lan-prochain\/\" \/>\n<meta property=\"og:site_name\" content=\"CanadaMotorJobs.com\" \/>\n<meta property=\"article:publisher\" content=\"https:\/\/www.facebook.com\/canadamotorjobs\/\" \/>\n<meta property=\"article:published_time\" content=\"2024-01-12T13:09:41+00:00\" \/>\n<meta property=\"article:modified_time\" content=\"2024-01-12T13:14:15+00:00\" \/>\n<meta property=\"og:image\" content=\"https:\/\/news.canadamotorjobs.com\/wp-content\/uploads\/2024\/01\/celebrate-the-future-of-the-mobility-industry-featured-image.jpg\" \/>\n\t<meta property=\"og:image:width\" content=\"1000\" \/>\n\t<meta property=\"og:image:height\" content=\"666\" \/>\n\t<meta property=\"og:image:type\" content=\"image\/jpeg\" \/>\n<meta name=\"author\" content=\"Benoit Charette\" \/>\n<meta name=\"twitter:card\" content=\"summary_large_image\" \/>\n<meta name=\"twitter:creator\" content=\"@canadamotorjobs\" \/>\n<meta name=\"twitter:site\" content=\"@canadamotorjobs\" \/>\n<meta name=\"twitter:label1\" content=\"\u00c9crit par\" \/>\n\t<meta name=\"twitter:data1\" content=\"Benoit Charette\" \/>\n\t<meta name=\"twitter:label2\" content=\"Estimation du temps de lecture\" \/>\n\t<meta name=\"twitter:data2\" content=\"2 minutes\" \/>\n<!-- \/ Yoast SEO plugin. -->","yoast_head_json":{"title":"Le Salon Automobile de D\u00e9troit de retour \u00e0 sa date traditionnelle en janvier l\u2019an prochain - CanadaMotorJobs.com","description":"Le Salon Automobile de D\u00e9troit de retour \u00e0 sa date traditionnelle en janvier l\u2019an prochain - Benoit Charette - Annuel automobile - CanadaMotorJobs.com.","robots":{"index":"index","follow":"follow","max-snippet":"max-snippet:-1","max-image-preview":"max-image-preview:large","max-video-preview":"max-video-preview:-1"},"og_locale":"fr_CA","og_type":"article","og_title":"Le Salon Automobile de D\u00e9troit de retour \u00e0 sa date traditionnelle en janvier l\u2019an prochain - CanadaMotorJobs.com","og_description":"Le Salon Automobile de D\u00e9troit de retour \u00e0 sa date traditionnelle en janvier l\u2019an prochain - Benoit Charette - Annuel automobile - CanadaMotorJobs.com.","og_url":"https:\/\/news.canadamotorjobs.com\/fr\/le-salon-automobile-de-detroit-de-retour-a-sa-date-traditionnelle-en-janvier-lan-prochain\/","og_site_name":"CanadaMotorJobs.com","article_publisher":"https:\/\/www.facebook.com\/canadamotorjobs\/","article_published_time":"2024-01-12T13:09:41+00:00","article_modified_time":"2024-01-12T13:14:15+00:00","og_image":[{"width":1000,"height":666,"url":"https:\/\/news.canadamotorjobs.com\/wp-content\/uploads\/2024\/01\/celebrate-the-future-of-the-mobility-industry-featured-image.jpg","type":"image\/jpeg"}],"author":"Benoit Charette","twitter_card":"summary_large_image","twitter_creator":"@canadamotorjobs","twitter_site":"@canadamotorjobs","twitter_misc":{"\u00c9crit par":"Benoit Charette","Estimation du temps de lecture":"2 minutes"},"schema":{"@context":"https:\/\/schema.org","@graph":[{"@type":"Article","@id":"https:\/\/news.canadamotorjobs.com\/fr\/le-salon-automobile-de-detroit-de-retour-a-sa-date-traditionnelle-en-janvier-lan-prochain\/#article","isPartOf":{"@id":"https:\/\/news.canadamotorjobs.com\/fr\/le-salon-automobile-de-detroit-de-retour-a-sa-date-traditionnelle-en-janvier-lan-prochain\/"},"author":{"name":"Benoit Charette","@id":"https:\/\/news.canadamotorjobs.com\/#\/schema\/person\/51793d1f87d44011d7bcc2ed99269a90"},"headline":"Le Salon Automobile de D\u00e9troit de retour \u00e0 sa date traditionnelle en janvier l\u2019an prochain","datePublished":"2024-01-12T13:09:41+00:00","dateModified":"2024-01-12T13:14:15+00:00","mainEntityOfPage":{"@id":"https:\/\/news.canadamotorjobs.com\/fr\/le-salon-automobile-de-detroit-de-retour-a-sa-date-traditionnelle-en-janvier-lan-prochain\/"},"wordCount":420,"publisher":{"@id":"https:\/\/news.canadamotorjobs.com\/#organization"},"image":{"@id":"https:\/\/news.canadamotorjobs.com\/fr\/le-salon-automobile-de-detroit-de-retour-a-sa-date-traditionnelle-en-janvier-lan-prochain\/#primaryimage"},"thumbnailUrl":"https:\/\/news.canadamotorjobs.com\/wp-content\/uploads\/2024\/01\/celebrate-the-future-of-the-mobility-industry-featured-image.jpg","articleSection":["Annuel automobile"],"inLanguage":"fr-CA"},{"@type":"WebPage","@id":"https:\/\/news.canadamotorjobs.com\/fr\/le-salon-automobile-de-detroit-de-retour-a-sa-date-traditionnelle-en-janvier-lan-prochain\/","url":"https:\/\/news.canadamotorjobs.com\/fr\/le-salon-automobile-de-detroit-de-retour-a-sa-date-traditionnelle-en-janvier-lan-prochain\/","name":"Le Salon Automobile de D\u00e9troit de retour \u00e0 sa date traditionnelle en janvier l\u2019an prochain - CanadaMotorJobs.com","isPartOf":{"@id":"https:\/\/news.canadamotorjobs.com\/#website"},"primaryImageOfPage":{"@id":"https:\/\/news.canadamotorjobs.com\/fr\/le-salon-automobile-de-detroit-de-retour-a-sa-date-traditionnelle-en-janvier-lan-prochain\/#primaryimage"},"image":{"@id":"https:\/\/news.canadamotorjobs.com\/fr\/le-salon-automobile-de-detroit-de-retour-a-sa-date-traditionnelle-en-janvier-lan-prochain\/#primaryimage"},"thumbnailUrl":"https:\/\/news.canadamotorjobs.com\/wp-content\/uploads\/2024\/01\/celebrate-the-future-of-the-mobility-industry-featured-image.jpg","datePublished":"2024-01-12T13:09:41+00:00","dateModified":"2024-01-12T13:14:15+00:00","description":"Le Salon Automobile de D\u00e9troit de retour \u00e0 sa date traditionnelle en janvier l\u2019an prochain - Benoit Charette - Annuel automobile - CanadaMotorJobs.com.","breadcrumb":{"@id":"https:\/\/news.canadamotorjobs.com\/fr\/le-salon-automobile-de-detroit-de-retour-a-sa-date-traditionnelle-en-janvier-lan-prochain\/#breadcrumb"},"inLanguage":"fr-CA","potentialAction":[{"@type":"ReadAction","target":["https:\/\/news.canadamotorjobs.com\/fr\/le-salon-automobile-de-detroit-de-retour-a-sa-date-traditionnelle-en-janvier-lan-prochain\/"]}]},{"@type":"ImageObject","inLanguage":"fr-CA","@id":"https:\/\/news.canadamotorjobs.com\/fr\/le-salon-automobile-de-detroit-de-retour-a-sa-date-traditionnelle-en-janvier-lan-prochain\/#primaryimage","url":"https:\/\/news.canadamotorjobs.com\/wp-content\/uploads\/2024\/01\/celebrate-the-future-of-the-mobility-industry-featured-image.jpg","contentUrl":"https:\/\/news.canadamotorjobs.com\/wp-content\/uploads\/2024\/01\/celebrate-the-future-of-the-mobility-industry-featured-image.jpg","width":1000,"height":666},{"@type":"BreadcrumbList","@id":"https:\/\/news.canadamotorjobs.com\/fr\/le-salon-automobile-de-detroit-de-retour-a-sa-date-traditionnelle-en-janvier-lan-prochain\/#breadcrumb","itemListElement":[{"@type":"ListItem","position":1,"name":"Home","item":"https:\/\/news.canadamotorjobs.com\/fr\/blog\/"},{"@type":"ListItem","position":2,"name":"Le Salon Automobile de D\u00e9troit de retour \u00e0 sa date traditionnelle en janvier l\u2019an prochain"}]},{"@type":"WebSite","@id":"https:\/\/news.canadamotorjobs.com\/#website","url":"https:\/\/news.canadamotorjobs.com\/","name":"CanadaMotorJobs.com","description":"Automotive Jobs","publisher":{"@id":"https:\/\/news.canadamotorjobs.com\/#organization"},"potentialAction":[{"@type":"SearchAction","target":{"@type":"EntryPoint","urlTemplate":"https:\/\/news.canadamotorjobs.com\/?s={search_term_string}"},"query-input":"required name=search_term_string"}],"inLanguage":"fr-CA"},{"@type":"Organization","@id":"https:\/\/news.canadamotorjobs.com\/#organization","name":"Canada Motor Jobs","url":"https:\/\/news.canadamotorjobs.com\/","logo":{"@type":"ImageObject","inLanguage":"fr-CA","@id":"https:\/\/news.canadamotorjobs.com\/#\/schema\/logo\/image\/","url":"https:\/\/news.canadamotorjobs.com\/wp-content\/uploads\/2022\/10\/logo-canada-motor-jobs-1.png","contentUrl":"https:\/\/news.canadamotorjobs.com\/wp-content\/uploads\/2022\/10\/logo-canada-motor-jobs-1.png","width":800,"height":400,"caption":"Canada Motor Jobs"},"image":{"@id":"https:\/\/news.canadamotorjobs.com\/#\/schema\/logo\/image\/"},"sameAs":["https:\/\/www.facebook.com\/canadamotorjobs\/","https:\/\/x.com\/canadamotorjobs","https:\/\/www.instagram.com\/canadamotorjobs\/","https:\/\/www.linkedin.com\/company\/canadamotorjobs"]},{"@type":"Person","@id":"https:\/\/news.canadamotorjobs.com\/#\/schema\/person\/51793d1f87d44011d7bcc2ed99269a90","name":"Benoit Charette","image":{"@type":"ImageObject","inLanguage":"fr-CA","@id":"https:\/\/news.canadamotorjobs.com\/#\/schema\/person\/image\/","url":"https:\/\/secure.gravatar.com\/avatar\/45f3d2eebcccd909668d7ce7ea7267b6?s=96&d=mm&r=g","contentUrl":"https:\/\/secure.gravatar.com\/avatar\/45f3d2eebcccd909668d7ce7ea7267b6?s=96&d=mm&r=g","caption":"Benoit Charette"},"description":"Benoit Charette \/ Propri\u00e9taire et r\u00e9dacteur en chef Benoit Charette pratique le journalisme automobile depuis bient\u00f4t 30 ans. Il a fait ses classes au c\u00f4t\u00e9 de Daniel H\u00e9raud et au Carnet de route de 1992 \u00e0 2001. Il est fondateur, copropri\u00e9taire et r\u00e9dacteur en chef de L\u2019Annuel de l\u2019automobile, qu\u2019il publie depuis 2001. Il a anim\u00e9 les \u00e9missions RPM et RPM+ sur V et les L\u00e9gendes de la route sur Historia. \u00c0 la radio depuis 1986, il reprend l\u2019antenne cette ann\u00e9e sur les ondes de Cogeco et participe pour la deuxi\u00e8me ann\u00e9e \u00e0 l\u2019\u00e9mission Passion Auto sur RDS en plus de mettre en ligne le site Web officiel de L\u2019Annuel de l\u2019automobile sur annuelauto.ca.","sameAs":["https:\/\/annuelauto.ca\/"],"url":"https:\/\/news.canadamotorjobs.com\/fr\/author\/benoit-charette\/"}]}},"_links":{"self":[{"href":"https:\/\/news.canadamotorjobs.com\/fr\/wp-json\/wp\/v2\/posts\/156840"}],"collection":[{"href":"https:\/\/news.canadamotorjobs.com\/fr\/wp-json\/wp\/v2\/posts"}],"about":[{"href":"https:\/\/news.canadamotorjobs.com\/fr\/wp-json\/wp\/v2\/types\/post"}],"author":[{"embeddable":true,"href":"https:\/\/news.canadamotorjobs.com\/fr\/wp-json\/wp\/v2\/users\/8"}],"replies":[{"embeddable":true,"href":"https:\/\/news.canadamotorjobs.com\/fr\/wp-json\/wp\/v2\/comments?post=156840"}],"version-history":[{"count":2,"href":"https:\/\/news.canadamotorjobs.com\/fr\/wp-json\/wp\/v2\/posts\/156840\/revisions"}],"predecessor-version":[{"id":156844,"href":"https:\/\/news.canadamotorjobs.com\/fr\/wp-json\/wp\/v2\/posts\/156840\/revisions\/156844"}],"wp:featuredmedia":[{"embeddable":true,"href":"https:\/\/news.canadamotorjobs.com\/fr\/wp-json\/wp\/v2\/media\/156842"}],"wp:attachment":[{"href":"https:\/\/news.canadamotorjobs.com\/fr\/wp-json\/wp\/v2\/media?parent=156840"}],"wp:term":[{"taxonomy":"category","embeddable":true,"href":"https:\/\/news.canadamotorjobs.com\/fr\/wp-json\/wp\/v2\/categories?post=156840"},{"taxonomy":"post_tag","embeddable":true,"href":"https:\/\/news.canadamotorjobs.com\/fr\/wp-json\/wp\/v2\/tags?post=156840"}],"curies":[{"name":"wp","href":"https:\/\/api.w.org\/{rel}","templated":true}]}}