{"id":156788,"date":"2024-01-11T11:18:22","date_gmt":"2024-01-11T16:18:22","guid":{"rendered":"https:\/\/news.canadamotorjobs.com\/?p=156788"},"modified":"2024-01-11T11:29:23","modified_gmt":"2024-01-11T16:29:23","slug":"audi-et-porsche-preparent-un-vus-encore-plus-grand","status":"publish","type":"post","link":"https:\/\/news.canadamotorjobs.com\/fr\/audi-et-porsche-preparent-un-vus-encore-plus-grand\/","title":{"rendered":"Audi et Porsche pr\u00e9parent un VUS encore plus grand"},"content":{"rendered":"<\/p>\n<p>Bien que l&#8217;Audi Q7 \u00e0 sept places puisse impressionner, son int\u00e9rieur ne rivalise pas avec le BMW X7 ou le Mercedes-Benz GLS. Des rumeurs circulent sur un VUS \u00e0 trois rang\u00e9es de Porsche et Audi, ajoutant du piquant \u00e0 la comp\u00e9tition.<\/p>\n<h3>Tendances lourdes<\/h3>\n<p>\nLes VUS \u00e0 trois rang\u00e9es, comme le Jeep Grand Cherokee L, ne sont pas les plus vendus, mais ils ont une importance cruciale pour certaines marques, ax\u00e9es sur les marges b\u00e9n\u00e9ficiaires. Audi, conscient de la concurrence, travaille sur le Q9 depuis plusieurs ann\u00e9es. Les rumeurs et les images d&#8217;espionnage sugg\u00e8rent que l&#8217;annonce officielle est imminente. Un mod\u00e8le \u00e9lectrique robuste pourrait concurrencer le G-Class et le Defender. Porsche, membre du groupe VW, pr\u00e9pare un VUS \u00e9lectrique familial. Bien que peu d&#8217;informations soient disponibles, cela semble \u00eatre un d\u00e9fi int\u00e9ressant pour la marque sportive, d\u00e9j\u00e0 connue pour son Cayenne.<\/p>\n<h3>La qu\u00eate du Saint Graal : espace et \u00e9l\u00e9gance<\/h3>\n<p>\nAlors que certains craignent que le Q9 ne soit qu&#8217;un VW Atlas chic, des indications pointent vers un VUS \u00e9l\u00e9gant \u00e0 six ou sept places, prenant des notes du succ\u00e8s du Bentley Bentayga. Les concessionnaires sont d\u00e9j\u00e0 inform\u00e9s, laissant pr\u00e9sager une pr\u00e9sentation imminente.vPorsche, apr\u00e8s avoir choqu\u00e9 les puristes avec un VUS, pourrait relever un nouveau d\u00e9fi avec un grand VUS \u00e9lectrique. Les d\u00e9tails sur ce mod\u00e8le sont encore secrets, mais les amateurs de Porsche attendent avec impatience les d\u00e9veloppements \u00e0 venir.<\/p>\n<p>\u00a0<\/p>\n<p>Le texte <a rel=\"nofollow\" href=\"https:\/\/annuelauto.ca\/audi-et-porsche-preparent-un-vus-encore-plus-grand\/\">Audi et Porsche pr\u00e9parent un VUS encore plus grand<\/a> provient de <a rel=\"nofollow\" href=\"https:\/\/annuelauto.ca\">L&#8217;annuel de l&#8217;automobile &#8211; Actualit\u00e9 automobile<\/a><\/p>\n<p><\/p>\n","protected":false},"excerpt":{"rendered":"<p>Bien que l&#8217;Audi Q7 \u00e0 sept places puisse impressionner, son int\u00e9rieur ne rivalise pas avec le BMW X7 ou le Mercedes-Benz GLS. Des rumeurs circulent sur un VUS \u00e0 trois rang\u00e9es de Porsche et Audi, ajoutant du piquant \u00e0 la comp\u00e9tition. Tendances lourdes Les VUS \u00e0 trois rang\u00e9es, comme le Jeep Grand Cherokee L, ne [&hellip;]<\/p>\n","protected":false},"author":8,"featured_media":156790,"comment_status":"close","ping_status":"closed","sticky":false,"template":"","format":"standard","meta":{"_monsterinsights_skip_tracking":false,"_monsterinsights_sitenote_active":false,"_monsterinsights_sitenote_note":"","_monsterinsights_sitenote_category":0,"footnotes":""},"categories":[101],"tags":[],"yoast_head":"<!-- This site is optimized with the Yoast SEO plugin v23.2 - https:\/\/yoast.com\/wordpress\/plugins\/seo\/ -->\n<title>Audi et Porsche pr\u00e9parent un VUS encore plus grand - CanadaMotorJobs.com<\/title>\n<meta name=\"description\" content=\"Audi et Porsche pr\u00e9parent un VUS encore plus grand - Benoit Charette - Annuel automobile - CanadaMotorJobs.com.\" \/>\n<meta name=\"robots\" content=\"index, follow, max-snippet:-1, max-image-preview:large, max-video-preview:-1\" \/>\n<meta property=\"og:locale\" content=\"fr_CA\" \/>\n<meta property=\"og:type\" content=\"article\" \/>\n<meta property=\"og:title\" content=\"Audi et Porsche pr\u00e9parent un VUS encore plus grand - CanadaMotorJobs.com\" \/>\n<meta property=\"og:description\" content=\"Audi et Porsche pr\u00e9parent un VUS encore plus grand - Benoit Charette - Annuel automobile - CanadaMotorJobs.com.\" \/>\n<meta property=\"og:url\" content=\"https:\/\/news.canadamotorjobs.com\/fr\/audi-et-porsche-preparent-un-vus-encore-plus-grand\/\" \/>\n<meta property=\"og:site_name\" content=\"CanadaMotorJobs.com\" \/>\n<meta property=\"article:publisher\" content=\"https:\/\/www.facebook.com\/canadamotorjobs\/\" \/>\n<meta property=\"article:published_time\" content=\"2024-01-11T16:18:22+00:00\" \/>\n<meta property=\"article:modified_time\" content=\"2024-01-11T16:29:23+00:00\" \/>\n<meta property=\"og:image\" content=\"https:\/\/news.canadamotorjobs.com\/wp-content\/uploads\/2024\/01\/maxresdefault.jpg\" \/>\n\t<meta property=\"og:image:width\" content=\"1280\" \/>\n\t<meta property=\"og:image:height\" content=\"720\" \/>\n\t<meta property=\"og:image:type\" content=\"image\/jpeg\" \/>\n<meta name=\"author\" content=\"Benoit Charette\" \/>\n<meta name=\"twitter:card\" content=\"summary_large_image\" \/>\n<meta name=\"twitter:creator\" content=\"@canadamotorjobs\" \/>\n<meta name=\"twitter:site\" content=\"@canadamotorjobs\" \/>\n<meta name=\"twitter:label1\" content=\"\u00c9crit par\" \/>\n\t<meta name=\"twitter:data1\" content=\"Benoit Charette\" \/>\n\t<meta name=\"twitter:label2\" content=\"Estimation du temps de lecture\" \/>\n\t<meta name=\"twitter:data2\" content=\"1 minute\" \/>\n<!-- \/ Yoast SEO plugin. -->","yoast_head_json":{"title":"Audi et Porsche pr\u00e9parent un VUS encore plus grand - CanadaMotorJobs.com","description":"Audi et Porsche pr\u00e9parent un VUS encore plus grand - Benoit Charette - Annuel automobile - CanadaMotorJobs.com.","robots":{"index":"index","follow":"follow","max-snippet":"max-snippet:-1","max-image-preview":"max-image-preview:large","max-video-preview":"max-video-preview:-1"},"og_locale":"fr_CA","og_type":"article","og_title":"Audi et Porsche pr\u00e9parent un VUS encore plus grand - CanadaMotorJobs.com","og_description":"Audi et Porsche pr\u00e9parent un VUS encore plus grand - Benoit Charette - Annuel automobile - CanadaMotorJobs.com.","og_url":"https:\/\/news.canadamotorjobs.com\/fr\/audi-et-porsche-preparent-un-vus-encore-plus-grand\/","og_site_name":"CanadaMotorJobs.com","article_publisher":"https:\/\/www.facebook.com\/canadamotorjobs\/","article_published_time":"2024-01-11T16:18:22+00:00","article_modified_time":"2024-01-11T16:29:23+00:00","og_image":[{"width":1280,"height":720,"url":"https:\/\/news.canadamotorjobs.com\/wp-content\/uploads\/2024\/01\/maxresdefault.jpg","type":"image\/jpeg"}],"author":"Benoit Charette","twitter_card":"summary_large_image","twitter_creator":"@canadamotorjobs","twitter_site":"@canadamotorjobs","twitter_misc":{"\u00c9crit par":"Benoit Charette","Estimation du temps de lecture":"1 minute"},"schema":{"@context":"https:\/\/schema.org","@graph":[{"@type":"Article","@id":"https:\/\/news.canadamotorjobs.com\/fr\/audi-et-porsche-preparent-un-vus-encore-plus-grand\/#article","isPartOf":{"@id":"https:\/\/news.canadamotorjobs.com\/fr\/audi-et-porsche-preparent-un-vus-encore-plus-grand\/"},"author":{"name":"Benoit Charette","@id":"https:\/\/news.canadamotorjobs.com\/#\/schema\/person\/51793d1f87d44011d7bcc2ed99269a90"},"headline":"Audi et Porsche pr\u00e9parent un VUS encore plus grand","datePublished":"2024-01-11T16:18:22+00:00","dateModified":"2024-01-11T16:29:23+00:00","mainEntityOfPage":{"@id":"https:\/\/news.canadamotorjobs.com\/fr\/audi-et-porsche-preparent-un-vus-encore-plus-grand\/"},"wordCount":288,"publisher":{"@id":"https:\/\/news.canadamotorjobs.com\/#organization"},"image":{"@id":"https:\/\/news.canadamotorjobs.com\/fr\/audi-et-porsche-preparent-un-vus-encore-plus-grand\/#primaryimage"},"thumbnailUrl":"https:\/\/news.canadamotorjobs.com\/wp-content\/uploads\/2024\/01\/maxresdefault.jpg","articleSection":["Annuel automobile"],"inLanguage":"fr-CA"},{"@type":"WebPage","@id":"https:\/\/news.canadamotorjobs.com\/fr\/audi-et-porsche-preparent-un-vus-encore-plus-grand\/","url":"https:\/\/news.canadamotorjobs.com\/fr\/audi-et-porsche-preparent-un-vus-encore-plus-grand\/","name":"Audi et Porsche pr\u00e9parent un VUS encore plus grand - CanadaMotorJobs.com","isPartOf":{"@id":"https:\/\/news.canadamotorjobs.com\/#website"},"primaryImageOfPage":{"@id":"https:\/\/news.canadamotorjobs.com\/fr\/audi-et-porsche-preparent-un-vus-encore-plus-grand\/#primaryimage"},"image":{"@id":"https:\/\/news.canadamotorjobs.com\/fr\/audi-et-porsche-preparent-un-vus-encore-plus-grand\/#primaryimage"},"thumbnailUrl":"https:\/\/news.canadamotorjobs.com\/wp-content\/uploads\/2024\/01\/maxresdefault.jpg","datePublished":"2024-01-11T16:18:22+00:00","dateModified":"2024-01-11T16:29:23+00:00","description":"Audi et Porsche pr\u00e9parent un VUS encore plus grand - Benoit Charette - Annuel automobile - CanadaMotorJobs.com.","breadcrumb":{"@id":"https:\/\/news.canadamotorjobs.com\/fr\/audi-et-porsche-preparent-un-vus-encore-plus-grand\/#breadcrumb"},"inLanguage":"fr-CA","potentialAction":[{"@type":"ReadAction","target":["https:\/\/news.canadamotorjobs.com\/fr\/audi-et-porsche-preparent-un-vus-encore-plus-grand\/"]}]},{"@type":"ImageObject","inLanguage":"fr-CA","@id":"https:\/\/news.canadamotorjobs.com\/fr\/audi-et-porsche-preparent-un-vus-encore-plus-grand\/#primaryimage","url":"https:\/\/news.canadamotorjobs.com\/wp-content\/uploads\/2024\/01\/maxresdefault.jpg","contentUrl":"https:\/\/news.canadamotorjobs.com\/wp-content\/uploads\/2024\/01\/maxresdefault.jpg","width":1280,"height":720},{"@type":"BreadcrumbList","@id":"https:\/\/news.canadamotorjobs.com\/fr\/audi-et-porsche-preparent-un-vus-encore-plus-grand\/#breadcrumb","itemListElement":[{"@type":"ListItem","position":1,"name":"Home","item":"https:\/\/news.canadamotorjobs.com\/fr\/blog\/"},{"@type":"ListItem","position":2,"name":"Audi et Porsche pr\u00e9parent un VUS encore plus grand"}]},{"@type":"WebSite","@id":"https:\/\/news.canadamotorjobs.com\/#website","url":"https:\/\/news.canadamotorjobs.com\/","name":"CanadaMotorJobs.com","description":"Automotive Jobs","publisher":{"@id":"https:\/\/news.canadamotorjobs.com\/#organization"},"potentialAction":[{"@type":"SearchAction","target":{"@type":"EntryPoint","urlTemplate":"https:\/\/news.canadamotorjobs.com\/?s={search_term_string}"},"query-input":"required name=search_term_string"}],"inLanguage":"fr-CA"},{"@type":"Organization","@id":"https:\/\/news.canadamotorjobs.com\/#organization","name":"Canada Motor Jobs","url":"https:\/\/news.canadamotorjobs.com\/","logo":{"@type":"ImageObject","inLanguage":"fr-CA","@id":"https:\/\/news.canadamotorjobs.com\/#\/schema\/logo\/image\/","url":"https:\/\/news.canadamotorjobs.com\/wp-content\/uploads\/2022\/10\/logo-canada-motor-jobs-1.png","contentUrl":"https:\/\/news.canadamotorjobs.com\/wp-content\/uploads\/2022\/10\/logo-canada-motor-jobs-1.png","width":800,"height":400,"caption":"Canada Motor Jobs"},"image":{"@id":"https:\/\/news.canadamotorjobs.com\/#\/schema\/logo\/image\/"},"sameAs":["https:\/\/www.facebook.com\/canadamotorjobs\/","https:\/\/x.com\/canadamotorjobs","https:\/\/www.instagram.com\/canadamotorjobs\/","https:\/\/www.linkedin.com\/company\/canadamotorjobs"]},{"@type":"Person","@id":"https:\/\/news.canadamotorjobs.com\/#\/schema\/person\/51793d1f87d44011d7bcc2ed99269a90","name":"Benoit Charette","image":{"@type":"ImageObject","inLanguage":"fr-CA","@id":"https:\/\/news.canadamotorjobs.com\/#\/schema\/person\/image\/","url":"https:\/\/secure.gravatar.com\/avatar\/45f3d2eebcccd909668d7ce7ea7267b6?s=96&d=mm&r=g","contentUrl":"https:\/\/secure.gravatar.com\/avatar\/45f3d2eebcccd909668d7ce7ea7267b6?s=96&d=mm&r=g","caption":"Benoit Charette"},"description":"Benoit Charette \/ Propri\u00e9taire et r\u00e9dacteur en chef Benoit Charette pratique le journalisme automobile depuis bient\u00f4t 30 ans. Il a fait ses classes au c\u00f4t\u00e9 de Daniel H\u00e9raud et au Carnet de route de 1992 \u00e0 2001. Il est fondateur, copropri\u00e9taire et r\u00e9dacteur en chef de L\u2019Annuel de l\u2019automobile, qu\u2019il publie depuis 2001. Il a anim\u00e9 les \u00e9missions RPM et RPM+ sur V et les L\u00e9gendes de la route sur Historia. \u00c0 la radio depuis 1986, il reprend l\u2019antenne cette ann\u00e9e sur les ondes de Cogeco et participe pour la deuxi\u00e8me ann\u00e9e \u00e0 l\u2019\u00e9mission Passion Auto sur RDS en plus de mettre en ligne le site Web officiel de L\u2019Annuel de l\u2019automobile sur annuelauto.ca.","sameAs":["https:\/\/annuelauto.ca\/"],"url":"https:\/\/news.canadamotorjobs.com\/fr\/author\/benoit-charette\/"}]}},"_links":{"self":[{"href":"https:\/\/news.canadamotorjobs.com\/fr\/wp-json\/wp\/v2\/posts\/156788"}],"collection":[{"href":"https:\/\/news.canadamotorjobs.com\/fr\/wp-json\/wp\/v2\/posts"}],"about":[{"href":"https:\/\/news.canadamotorjobs.com\/fr\/wp-json\/wp\/v2\/types\/post"}],"author":[{"embeddable":true,"href":"https:\/\/news.canadamotorjobs.com\/fr\/wp-json\/wp\/v2\/users\/8"}],"replies":[{"embeddable":true,"href":"https:\/\/news.canadamotorjobs.com\/fr\/wp-json\/wp\/v2\/comments?post=156788"}],"version-history":[{"count":2,"href":"https:\/\/news.canadamotorjobs.com\/fr\/wp-json\/wp\/v2\/posts\/156788\/revisions"}],"predecessor-version":[{"id":156792,"href":"https:\/\/news.canadamotorjobs.com\/fr\/wp-json\/wp\/v2\/posts\/156788\/revisions\/156792"}],"wp:featuredmedia":[{"embeddable":true,"href":"https:\/\/news.canadamotorjobs.com\/fr\/wp-json\/wp\/v2\/media\/156790"}],"wp:attachment":[{"href":"https:\/\/news.canadamotorjobs.com\/fr\/wp-json\/wp\/v2\/media?parent=156788"}],"wp:term":[{"taxonomy":"category","embeddable":true,"href":"https:\/\/news.canadamotorjobs.com\/fr\/wp-json\/wp\/v2\/categories?post=156788"},{"taxonomy":"post_tag","embeddable":true,"href":"https:\/\/news.canadamotorjobs.com\/fr\/wp-json\/wp\/v2\/tags?post=156788"}],"curies":[{"name":"wp","href":"https:\/\/api.w.org\/{rel}","templated":true}]}}