{"id":156727,"date":"2024-01-10T13:57:25","date_gmt":"2024-01-10T18:57:25","guid":{"rendered":"https:\/\/news.canadamotorjobs.com\/?p=156727"},"modified":"2024-01-10T14:13:41","modified_gmt":"2024-01-10T19:13:41","slug":"ces-2024-a-las-vegas-vinfast-confirme-la-commercialisation-du-vf-3-en-amerique-du-nord","status":"publish","type":"post","link":"https:\/\/news.canadamotorjobs.com\/fr\/ces-2024-a-las-vegas-vinfast-confirme-la-commercialisation-du-vf-3-en-amerique-du-nord\/","title":{"rendered":"CES 2024 \u00e0 Las Vegas\u00a0: VinFast confirme la commercialisation du VF\u00a03 en Am\u00e9rique du Nord"},"content":{"rendered":"<\/p>\n<p>Le constructeur vietnamien VinFast s\u2019est d\u00e9marqu\u00e9 au <a href=\"https:\/\/annuelauto.ca\/bosch-prepare-un-moteur-a-hydrogene-pour-2024\/\" target=\"_blank\" rel=\"noopener noreferrer\">Salon CES 2024<\/a>, qui se tient \u00e0 Las Vegas actuellement, en d\u00e9voilant hier trois nouveaut\u00e9s attrayantes : le prototype d\u2019une camionnette de taille moyenne baptis\u00e9e <a href=\"https:\/\/annuelauto.ca\/vinfast-devoile-le-concept-de-pick-up-electrique-vf-wild\/\" target=\"_blank\" rel=\"noopener noreferrer\">VF Wild (que notre ami Benoit Charette vous a pr\u00e9sent\u00e9 plus t\u00f4t ce matin<\/a>), mais aussi le mini V\u00c9 <a href=\"https:\/\/annuelauto.ca\/vinfast-devoile-le-vf-3-son-mini-jeep-electrique\/\" target=\"_blank\" rel=\"noopener noreferrer\">VF\u00a03<\/a> promis pour l\u2019Am\u00e9rique du Nord, de m\u00eame qu\u2019un 2-roues \u00e9lectrique baptis\u00e9e DrgnFly.<\/p>\n<h3><strong>VF 3, un mini V\u00c9 beau, bon, pas cher au Canada ?<\/strong><\/h3>\n<p>\nLe Samurai, \u00e7a vous rappelle de bons souvenirs ? Ce 4&#215;4 aux allures de Jeep miniature, vendu sous le nom de <a href=\"https:\/\/annuelauto.ca\/afrique-du-sud-pres-de-800-proprietaires-de-4x4-suzuki-etablissent-un-record-du-monde-guinness\/\" target=\"_blank\" rel=\"noopener noreferrer\">Jimny<\/a> en Asie, a fait partie de la gamme des v\u00e9hicules Suzuki au Canada durant les ann\u00e9es 80 et 90. C\u2019\u00e9tait avant que ce constructeur nippon n\u2019introduise le Sidekick.<\/p>\n<p>Eh bien, ce v\u00e9hicule \u00e9tait tr\u00e8s court (3\u00a0430\u00a0mm de long), mais moins que le VF\u00a03, le nouveau mod\u00e8le de s\u00e9rie lanc\u00e9 par VinFast hier \u00e0 Las\u00a0Vegas. Ce mini V\u00c9 ne mesurera que 3\u00a0190\u00a0mm de long.<\/p>\n<p>Dot\u00e9 de roues de 16\u00a0po, le VF\u00a03 a un habitacle \u00e0 5\u00a0places avec une banquette arri\u00e8re escamotable \u2014 et des places arri\u00e8re minimalistes naturellement. En outre, son coffre a un volume utile de 550\u00a0L. Destin\u00e9 \u00e0 des citadins, son habitacle d\u2019apparence d\u00e9nud\u00e9e aura, entre autres, un syst\u00e8me d\u2019infodivertissement avec \u00e9cran tactile de 10\u00a0po compatible avec Android Auto et Carplay d\u2019Apple.<\/p>\n<p>Sans rien r\u00e9v\u00e9ler sur sa motorisation, VinFast affirme n\u00e9anmoins que cet utilitaire aura une autonomie d\u2019environ 201 km. C\u2019est une quarantaine de kilom\u00e8tres de moins que les 240 kilom\u00e8tres promis par Stellantis pour sa nouvelle Fiat 500e 2024 (une voiture longue de 3 631 mm).<\/p>\n<h3><strong>Un prix qui pourrait \u00eatre all\u00e9chant<\/strong><\/h3>\n<p>\nPar contre, c\u00f4t\u00e9 prix, le VF\u00a03 pourrait bien surclasser la petite Fiat, du moins si son prix au Canada est aussi all\u00e9chant que celui qu\u2019on fait miroiter pour les \u00c9tats-Unis.<\/p>\n<p>En effet, \u00e0 Las\u00a0Vegas, le constructeur vietnamien a affirm\u00e9 viser un prix de base de 20\u00a0000\u00a0$\u00a0US <em>sans les incitatifs \u00e0 l\u2019achat<\/em>\u00a0pour le march\u00e9 \u00e9tatsunien\u00a0! En pr\u00e9sumant que son prix au Canada sera dans les m\u00eames eaux, ce VinFast pourrait devenir le V\u00c9 le plus abordable au pays \u2014 plus qu\u2019une 500e.<\/p>\n<p>Car, au moment d\u2019\u00e9crire ces lignes, Stellantis Canada propose la Fiat 500e\u00a0Red \u00e0 partir de 42\u00a0841\u00a0$, <em>en excluant les incitatifs \u00e0 l\u2019achat<\/em> propos\u00e9s par les deux paliers de gouvernement. Il faut toutefois pr\u00e9ciser qu\u2019il s\u2019agit d\u2019une version cossue de la 500e et que le constructeur offrira \u00e9ventuellement d\u2019autres versions plus abordables. Mais \u00e0 quel prix\u00a0?<\/p>\n<p>Par ailleurs, un communiqu\u00e9 publi\u00e9 hier par la maison-m\u00e8re de VinFast nous apprend que les premiers exemplaires du VF\u00a03 seront livr\u00e9s \u00e0 leurs acheteurs au Vietnam durant le troisi\u00e8me trimestre de 2024. Les exportations vers les autres pays du monde commenceront par la suite, notamment celles destin\u00e9es \u00e0 l\u2019Am\u00e9rique du Nord.<\/p>\n<h3><strong>DrgnFly, un deux-roues \u00e9lectrique pour la ville<\/strong><\/h3>\n<p>\nDerni\u00e8re des trois nouveaut\u00e9s de VinFast, mais non la moindre, le 2-roues DrgnFly a \u00e9galement \u00e9t\u00e9 d\u00e9voil\u00e9 hier au salon CES.<\/p>\n<p>Con\u00e7u en collaboration avec le studio de design Eskild Hansen du Danemark, le DrgnFly a un moteur de 750\u00a0watts int\u00e9gr\u00e9 \u00e0 la roue arri\u00e8re, qui autorise une vitesse de pointe de 45\u00a0km\/h. Avec une autonomie pouvant atteindre 100\u00a0km, on comprend qu\u2019il s\u2019agit d\u2019un v\u00e9hicule \u00e0 vocation citadine.<\/p>\n<p>Le constructeur a confirm\u00e9 que le DrgnFly sera bient\u00f4t commercialis\u00e9 aux \u00c9tats-Unis, o\u00f9 il sera offert \u00e0 partir de 2\u00a0800\u00a0$\u00a0US.<\/p>\n<p>Pour ce qui est d\u2019une \u00e9ventuelle commercialisation au Canada, nous attendons toujours une r\u00e9ponse \u00e0 une demande d\u2019informations faite \u00e0 service de relations publiques canadien de la marque\u2026<\/p>\n<p><em>Photos : VinFast et Newspress<br \/>\n<\/em><\/p>\n<p>Le texte <a rel=\"nofollow\" href=\"https:\/\/annuelauto.ca\/ces-2024-a-las-vegas-vinfast-confirme-la-commercialisation-du-vf-3-en-amerique-du-nord\/\">CES 2024 \u00e0 Las Vegas\u00a0: VinFast confirme la commercialisation du VF\u00a03 en Am\u00e9rique du Nord<\/a> provient de <a rel=\"nofollow\" href=\"https:\/\/annuelauto.ca\">L&#8217;annuel de l&#8217;automobile &#8211; Actualit\u00e9 automobile<\/a><\/p>\n<p><\/p>\n","protected":false},"excerpt":{"rendered":"<p>Le constructeur vietnamien VinFast s\u2019est d\u00e9marqu\u00e9 au Salon CES 2024, qui se tient \u00e0 Las Vegas actuellement, en d\u00e9voilant hier trois nouveaut\u00e9s attrayantes : le prototype d\u2019une camionnette de taille moyenne baptis\u00e9e VF Wild (que notre ami Benoit Charette vous a pr\u00e9sent\u00e9 plus t\u00f4t ce matin), mais aussi le mini V\u00c9 VF\u00a03 promis pour l\u2019Am\u00e9rique [&hellip;]<\/p>\n","protected":false},"author":8,"featured_media":156729,"comment_status":"close","ping_status":"closed","sticky":false,"template":"","format":"standard","meta":{"_monsterinsights_skip_tracking":false,"_monsterinsights_sitenote_active":false,"_monsterinsights_sitenote_note":"","_monsterinsights_sitenote_category":0,"footnotes":""},"categories":[101],"tags":[],"yoast_head":"<!-- This site is optimized with the Yoast SEO plugin v23.2 - https:\/\/yoast.com\/wordpress\/plugins\/seo\/ -->\n<title>CES 2024 \u00e0 Las Vegas\u00a0: VinFast confirme la commercialisation du VF\u00a03 en Am\u00e9rique du Nord - CanadaMotorJobs.com<\/title>\n<meta name=\"description\" content=\"CES 2024 \u00e0 Las Vegas\u00a0: VinFast confirme la commercialisation du VF\u00a03 en Am\u00e9rique du Nord - Benoit Charette - Annuel automobile - CanadaMotorJobs.com.\" \/>\n<meta name=\"robots\" content=\"index, follow, max-snippet:-1, max-image-preview:large, max-video-preview:-1\" \/>\n<meta property=\"og:locale\" content=\"fr_CA\" \/>\n<meta property=\"og:type\" content=\"article\" \/>\n<meta property=\"og:title\" content=\"CES 2024 \u00e0 Las Vegas\u00a0: VinFast confirme la commercialisation du VF\u00a03 en Am\u00e9rique du Nord - CanadaMotorJobs.com\" \/>\n<meta property=\"og:description\" content=\"CES 2024 \u00e0 Las Vegas\u00a0: VinFast confirme la commercialisation du VF\u00a03 en Am\u00e9rique du Nord - Benoit Charette - Annuel automobile - CanadaMotorJobs.com.\" \/>\n<meta property=\"og:url\" content=\"https:\/\/news.canadamotorjobs.com\/fr\/ces-2024-a-las-vegas-vinfast-confirme-la-commercialisation-du-vf-3-en-amerique-du-nord\/\" \/>\n<meta property=\"og:site_name\" content=\"CanadaMotorJobs.com\" \/>\n<meta property=\"article:publisher\" content=\"https:\/\/www.facebook.com\/canadamotorjobs\/\" \/>\n<meta property=\"article:published_time\" content=\"2024-01-10T18:57:25+00:00\" \/>\n<meta property=\"article:modified_time\" content=\"2024-01-10T19:13:41+00:00\" \/>\n<meta property=\"og:image\" content=\"https:\/\/news.canadamotorjobs.com\/wp-content\/uploads\/2024\/01\/VinFast-VF-3_3.jpg\" \/>\n\t<meta property=\"og:image:width\" content=\"1024\" \/>\n\t<meta property=\"og:image:height\" content=\"683\" \/>\n\t<meta property=\"og:image:type\" content=\"image\/jpeg\" \/>\n<meta name=\"author\" content=\"Benoit Charette\" \/>\n<meta name=\"twitter:card\" content=\"summary_large_image\" \/>\n<meta name=\"twitter:creator\" content=\"@canadamotorjobs\" \/>\n<meta name=\"twitter:site\" content=\"@canadamotorjobs\" \/>\n<meta name=\"twitter:label1\" content=\"\u00c9crit par\" \/>\n\t<meta name=\"twitter:data1\" content=\"Benoit Charette\" \/>\n\t<meta name=\"twitter:label2\" content=\"Estimation du temps de lecture\" \/>\n\t<meta name=\"twitter:data2\" content=\"3 minutes\" \/>\n<!-- \/ Yoast SEO plugin. -->","yoast_head_json":{"title":"CES 2024 \u00e0 Las Vegas\u00a0: VinFast confirme la commercialisation du VF\u00a03 en Am\u00e9rique du Nord - CanadaMotorJobs.com","description":"CES 2024 \u00e0 Las Vegas\u00a0: VinFast confirme la commercialisation du VF\u00a03 en Am\u00e9rique du Nord - Benoit Charette - Annuel automobile - CanadaMotorJobs.com.","robots":{"index":"index","follow":"follow","max-snippet":"max-snippet:-1","max-image-preview":"max-image-preview:large","max-video-preview":"max-video-preview:-1"},"og_locale":"fr_CA","og_type":"article","og_title":"CES 2024 \u00e0 Las Vegas\u00a0: VinFast confirme la commercialisation du VF\u00a03 en Am\u00e9rique du Nord - CanadaMotorJobs.com","og_description":"CES 2024 \u00e0 Las Vegas\u00a0: VinFast confirme la commercialisation du VF\u00a03 en Am\u00e9rique du Nord - Benoit Charette - Annuel automobile - CanadaMotorJobs.com.","og_url":"https:\/\/news.canadamotorjobs.com\/fr\/ces-2024-a-las-vegas-vinfast-confirme-la-commercialisation-du-vf-3-en-amerique-du-nord\/","og_site_name":"CanadaMotorJobs.com","article_publisher":"https:\/\/www.facebook.com\/canadamotorjobs\/","article_published_time":"2024-01-10T18:57:25+00:00","article_modified_time":"2024-01-10T19:13:41+00:00","og_image":[{"width":1024,"height":683,"url":"https:\/\/news.canadamotorjobs.com\/wp-content\/uploads\/2024\/01\/VinFast-VF-3_3.jpg","type":"image\/jpeg"}],"author":"Benoit Charette","twitter_card":"summary_large_image","twitter_creator":"@canadamotorjobs","twitter_site":"@canadamotorjobs","twitter_misc":{"\u00c9crit par":"Benoit Charette","Estimation du temps de lecture":"3 minutes"},"schema":{"@context":"https:\/\/schema.org","@graph":[{"@type":"Article","@id":"https:\/\/news.canadamotorjobs.com\/fr\/ces-2024-a-las-vegas-vinfast-confirme-la-commercialisation-du-vf-3-en-amerique-du-nord\/#article","isPartOf":{"@id":"https:\/\/news.canadamotorjobs.com\/fr\/ces-2024-a-las-vegas-vinfast-confirme-la-commercialisation-du-vf-3-en-amerique-du-nord\/"},"author":{"name":"Benoit Charette","@id":"https:\/\/news.canadamotorjobs.com\/#\/schema\/person\/51793d1f87d44011d7bcc2ed99269a90"},"headline":"CES 2024 \u00e0 Las Vegas\u00a0: VinFast confirme la commercialisation du VF\u00a03 en Am\u00e9rique du Nord","datePublished":"2024-01-10T18:57:25+00:00","dateModified":"2024-01-10T19:13:41+00:00","mainEntityOfPage":{"@id":"https:\/\/news.canadamotorjobs.com\/fr\/ces-2024-a-las-vegas-vinfast-confirme-la-commercialisation-du-vf-3-en-amerique-du-nord\/"},"wordCount":671,"publisher":{"@id":"https:\/\/news.canadamotorjobs.com\/#organization"},"image":{"@id":"https:\/\/news.canadamotorjobs.com\/fr\/ces-2024-a-las-vegas-vinfast-confirme-la-commercialisation-du-vf-3-en-amerique-du-nord\/#primaryimage"},"thumbnailUrl":"https:\/\/news.canadamotorjobs.com\/wp-content\/uploads\/2024\/01\/VinFast-VF-3_3.jpg","articleSection":["Annuel automobile"],"inLanguage":"fr-CA"},{"@type":"WebPage","@id":"https:\/\/news.canadamotorjobs.com\/fr\/ces-2024-a-las-vegas-vinfast-confirme-la-commercialisation-du-vf-3-en-amerique-du-nord\/","url":"https:\/\/news.canadamotorjobs.com\/fr\/ces-2024-a-las-vegas-vinfast-confirme-la-commercialisation-du-vf-3-en-amerique-du-nord\/","name":"CES 2024 \u00e0 Las Vegas\u00a0: VinFast confirme la commercialisation du VF\u00a03 en Am\u00e9rique du Nord - CanadaMotorJobs.com","isPartOf":{"@id":"https:\/\/news.canadamotorjobs.com\/#website"},"primaryImageOfPage":{"@id":"https:\/\/news.canadamotorjobs.com\/fr\/ces-2024-a-las-vegas-vinfast-confirme-la-commercialisation-du-vf-3-en-amerique-du-nord\/#primaryimage"},"image":{"@id":"https:\/\/news.canadamotorjobs.com\/fr\/ces-2024-a-las-vegas-vinfast-confirme-la-commercialisation-du-vf-3-en-amerique-du-nord\/#primaryimage"},"thumbnailUrl":"https:\/\/news.canadamotorjobs.com\/wp-content\/uploads\/2024\/01\/VinFast-VF-3_3.jpg","datePublished":"2024-01-10T18:57:25+00:00","dateModified":"2024-01-10T19:13:41+00:00","description":"CES 2024 \u00e0 Las Vegas\u00a0: VinFast confirme la commercialisation du VF\u00a03 en Am\u00e9rique du Nord - Benoit Charette - Annuel automobile - CanadaMotorJobs.com.","breadcrumb":{"@id":"https:\/\/news.canadamotorjobs.com\/fr\/ces-2024-a-las-vegas-vinfast-confirme-la-commercialisation-du-vf-3-en-amerique-du-nord\/#breadcrumb"},"inLanguage":"fr-CA","potentialAction":[{"@type":"ReadAction","target":["https:\/\/news.canadamotorjobs.com\/fr\/ces-2024-a-las-vegas-vinfast-confirme-la-commercialisation-du-vf-3-en-amerique-du-nord\/"]}]},{"@type":"ImageObject","inLanguage":"fr-CA","@id":"https:\/\/news.canadamotorjobs.com\/fr\/ces-2024-a-las-vegas-vinfast-confirme-la-commercialisation-du-vf-3-en-amerique-du-nord\/#primaryimage","url":"https:\/\/news.canadamotorjobs.com\/wp-content\/uploads\/2024\/01\/VinFast-VF-3_3.jpg","contentUrl":"https:\/\/news.canadamotorjobs.com\/wp-content\/uploads\/2024\/01\/VinFast-VF-3_3.jpg","width":1024,"height":683},{"@type":"BreadcrumbList","@id":"https:\/\/news.canadamotorjobs.com\/fr\/ces-2024-a-las-vegas-vinfast-confirme-la-commercialisation-du-vf-3-en-amerique-du-nord\/#breadcrumb","itemListElement":[{"@type":"ListItem","position":1,"name":"Home","item":"https:\/\/news.canadamotorjobs.com\/fr\/blog\/"},{"@type":"ListItem","position":2,"name":"CES 2024 \u00e0 Las Vegas\u00a0: VinFast confirme la commercialisation du VF\u00a03 en Am\u00e9rique du Nord"}]},{"@type":"WebSite","@id":"https:\/\/news.canadamotorjobs.com\/#website","url":"https:\/\/news.canadamotorjobs.com\/","name":"CanadaMotorJobs.com","description":"Automotive Jobs","publisher":{"@id":"https:\/\/news.canadamotorjobs.com\/#organization"},"potentialAction":[{"@type":"SearchAction","target":{"@type":"EntryPoint","urlTemplate":"https:\/\/news.canadamotorjobs.com\/?s={search_term_string}"},"query-input":"required name=search_term_string"}],"inLanguage":"fr-CA"},{"@type":"Organization","@id":"https:\/\/news.canadamotorjobs.com\/#organization","name":"Canada Motor Jobs","url":"https:\/\/news.canadamotorjobs.com\/","logo":{"@type":"ImageObject","inLanguage":"fr-CA","@id":"https:\/\/news.canadamotorjobs.com\/#\/schema\/logo\/image\/","url":"https:\/\/news.canadamotorjobs.com\/wp-content\/uploads\/2022\/10\/logo-canada-motor-jobs-1.png","contentUrl":"https:\/\/news.canadamotorjobs.com\/wp-content\/uploads\/2022\/10\/logo-canada-motor-jobs-1.png","width":800,"height":400,"caption":"Canada Motor Jobs"},"image":{"@id":"https:\/\/news.canadamotorjobs.com\/#\/schema\/logo\/image\/"},"sameAs":["https:\/\/www.facebook.com\/canadamotorjobs\/","https:\/\/x.com\/canadamotorjobs","https:\/\/www.instagram.com\/canadamotorjobs\/","https:\/\/www.linkedin.com\/company\/canadamotorjobs"]},{"@type":"Person","@id":"https:\/\/news.canadamotorjobs.com\/#\/schema\/person\/51793d1f87d44011d7bcc2ed99269a90","name":"Benoit Charette","image":{"@type":"ImageObject","inLanguage":"fr-CA","@id":"https:\/\/news.canadamotorjobs.com\/#\/schema\/person\/image\/","url":"https:\/\/secure.gravatar.com\/avatar\/45f3d2eebcccd909668d7ce7ea7267b6?s=96&d=mm&r=g","contentUrl":"https:\/\/secure.gravatar.com\/avatar\/45f3d2eebcccd909668d7ce7ea7267b6?s=96&d=mm&r=g","caption":"Benoit Charette"},"description":"Benoit Charette \/ Propri\u00e9taire et r\u00e9dacteur en chef Benoit Charette pratique le journalisme automobile depuis bient\u00f4t 30 ans. Il a fait ses classes au c\u00f4t\u00e9 de Daniel H\u00e9raud et au Carnet de route de 1992 \u00e0 2001. Il est fondateur, copropri\u00e9taire et r\u00e9dacteur en chef de L\u2019Annuel de l\u2019automobile, qu\u2019il publie depuis 2001. Il a anim\u00e9 les \u00e9missions RPM et RPM+ sur V et les L\u00e9gendes de la route sur Historia. \u00c0 la radio depuis 1986, il reprend l\u2019antenne cette ann\u00e9e sur les ondes de Cogeco et participe pour la deuxi\u00e8me ann\u00e9e \u00e0 l\u2019\u00e9mission Passion Auto sur RDS en plus de mettre en ligne le site Web officiel de L\u2019Annuel de l\u2019automobile sur annuelauto.ca.","sameAs":["https:\/\/annuelauto.ca\/"],"url":"https:\/\/news.canadamotorjobs.com\/fr\/author\/benoit-charette\/"}]}},"_links":{"self":[{"href":"https:\/\/news.canadamotorjobs.com\/fr\/wp-json\/wp\/v2\/posts\/156727"}],"collection":[{"href":"https:\/\/news.canadamotorjobs.com\/fr\/wp-json\/wp\/v2\/posts"}],"about":[{"href":"https:\/\/news.canadamotorjobs.com\/fr\/wp-json\/wp\/v2\/types\/post"}],"author":[{"embeddable":true,"href":"https:\/\/news.canadamotorjobs.com\/fr\/wp-json\/wp\/v2\/users\/8"}],"replies":[{"embeddable":true,"href":"https:\/\/news.canadamotorjobs.com\/fr\/wp-json\/wp\/v2\/comments?post=156727"}],"version-history":[{"count":2,"href":"https:\/\/news.canadamotorjobs.com\/fr\/wp-json\/wp\/v2\/posts\/156727\/revisions"}],"predecessor-version":[{"id":156731,"href":"https:\/\/news.canadamotorjobs.com\/fr\/wp-json\/wp\/v2\/posts\/156727\/revisions\/156731"}],"wp:featuredmedia":[{"embeddable":true,"href":"https:\/\/news.canadamotorjobs.com\/fr\/wp-json\/wp\/v2\/media\/156729"}],"wp:attachment":[{"href":"https:\/\/news.canadamotorjobs.com\/fr\/wp-json\/wp\/v2\/media?parent=156727"}],"wp:term":[{"taxonomy":"category","embeddable":true,"href":"https:\/\/news.canadamotorjobs.com\/fr\/wp-json\/wp\/v2\/categories?post=156727"},{"taxonomy":"post_tag","embeddable":true,"href":"https:\/\/news.canadamotorjobs.com\/fr\/wp-json\/wp\/v2\/tags?post=156727"}],"curies":[{"name":"wp","href":"https:\/\/api.w.org\/{rel}","templated":true}]}}