{"id":156700,"date":"2024-01-10T07:38:04","date_gmt":"2024-01-10T12:38:04","guid":{"rendered":"https:\/\/news.canadamotorjobs.com\/?p=156700"},"modified":"2024-01-10T07:44:07","modified_gmt":"2024-01-10T12:44:07","slug":"vinfast-devoile-le-concept-de-pick-up-electrique-vf-wild","status":"publish","type":"post","link":"https:\/\/news.canadamotorjobs.com\/fr\/vinfast-devoile-le-concept-de-pick-up-electrique-vf-wild\/","title":{"rendered":"VinFast d\u00e9voile le concept de pick-up \u00e9lectrique VF Wild"},"content":{"rendered":"<\/p>\n<h3><strong>VinFast pr\u00e9sente son concept de pick-up \u00e9lectrique<\/strong><\/h3>\n<p>\nLa jeune entreprise vietnamienne, VinFast, fait une entr\u00e9e remarqu\u00e9e dans le march\u00e9 des camions \u00e9lectriques avec la r\u00e9v\u00e9lation de son dernier concept, le VF Wild, au salon CES 2024 \u00e0 Las Vegas.<\/p>\n<h3><strong>Caract\u00e9ristiques du VF Wild<\/strong><\/h3>\n<p>\nL&#8217;entreprise d\u00e9voile une camionnette de taille moyenne au design \u00e9l\u00e9gant, baptis\u00e9e VF Wild, qui pourrait \u00e9largir sa gamme de v\u00e9hicules, rejoignant ainsi les SUV VF8 et VF9. Cependant, aucune information n&#8217;a encore \u00e9t\u00e9 partag\u00e9e concernant son groupe motopropulseur ou son autonomie. VinFast affirme n\u00e9anmoins que le VF Wild dispose d&#8217;un hayon central innovant, offrant plus d&#8217;espace pour le chargement en ouvrant le lit vers l&#8217;habitacle.<\/p>\n<h3><strong>La concurrence et l&#8217;avenir du VF Wild<\/strong><\/h3>\n<p>\nVinFast semble se lancer \u00e0 vive allure sur le march\u00e9 am\u00e9ricain. Si le VF Wild entre en production, il pourrait concurrencer des mod\u00e8les tels que le Rivian R1T et le futur Fisker Alaska, pr\u00e9sentant des similitudes en termes de design et de fonctionnalit\u00e9s, notamment au niveau du hayon central. Toutefois, la concurrence avec des mod\u00e8les de grande envergure comme le Ford F-150 Lightning, le Chevrolet Silverado EV, et le Tesla Cybertruck semble moins probable. Pour se d\u00e9marquer, VinFast devra offrir un rapport qualit\u00e9-prix attrayant et une praticit\u00e9 int\u00e9ressante pour attirer les acheteurs d\u00e9sireux d&#8217;acqu\u00e9rir un camion \u00e9lectrique de taille moyenne, s&#8217;\u00e9loignant des mod\u00e8les plus imposants propos\u00e9s par les constructeurs traditionnels.<\/p>\n<h3><strong>Conclusion<\/strong><\/h3>\n<p>\nAvec son VF Wild, VinFast tente de s&#8217;imposer dans le segment des camions \u00e9lectriques, tout en offrant une alternative de taille moyenne. L&#8217;avenir du mod\u00e8le d\u00e9pendra de sa capacit\u00e9 \u00e0 se d\u00e9marquer dans un march\u00e9 en pleine croissance et comp\u00e9titif.<\/p>\n<p>Avec des renseignements de Car and Driver<\/p>\n<p>Le texte <a rel=\"nofollow\" href=\"https:\/\/annuelauto.ca\/vinfast-devoile-le-concept-de-pick-up-electrique-vf-wild\/\">VinFast d\u00e9voile le concept de pick-up \u00e9lectrique VF Wild<\/a> provient de <a rel=\"nofollow\" href=\"https:\/\/annuelauto.ca\">L&#8217;annuel de l&#8217;automobile &#8211; Actualit\u00e9 automobile<\/a><\/p>\n<p><\/p>\n","protected":false},"excerpt":{"rendered":"<p>VinFast pr\u00e9sente son concept de pick-up \u00e9lectrique La jeune entreprise vietnamienne, VinFast, fait une entr\u00e9e remarqu\u00e9e dans le march\u00e9 des camions \u00e9lectriques avec la r\u00e9v\u00e9lation de son dernier concept, le VF Wild, au salon CES 2024 \u00e0 Las Vegas. Caract\u00e9ristiques du VF Wild L&#8217;entreprise d\u00e9voile une camionnette de taille moyenne au design \u00e9l\u00e9gant, baptis\u00e9e VF [&hellip;]<\/p>\n","protected":false},"author":8,"featured_media":156702,"comment_status":"close","ping_status":"closed","sticky":false,"template":"","format":"standard","meta":{"_monsterinsights_skip_tracking":false,"_monsterinsights_sitenote_active":false,"_monsterinsights_sitenote_note":"","_monsterinsights_sitenote_category":0,"footnotes":""},"categories":[101],"tags":[],"yoast_head":"<!-- This site is optimized with the Yoast SEO plugin v23.2 - https:\/\/yoast.com\/wordpress\/plugins\/seo\/ -->\n<title>VinFast d\u00e9voile le concept de pick-up \u00e9lectrique VF Wild - CanadaMotorJobs.com<\/title>\n<meta name=\"description\" content=\"VinFast d\u00e9voile le concept de pick-up \u00e9lectrique VF Wild - Benoit Charette - Annuel automobile - CanadaMotorJobs.com.\" \/>\n<meta name=\"robots\" content=\"index, follow, max-snippet:-1, max-image-preview:large, max-video-preview:-1\" \/>\n<meta property=\"og:locale\" content=\"fr_CA\" \/>\n<meta property=\"og:type\" content=\"article\" \/>\n<meta property=\"og:title\" content=\"VinFast d\u00e9voile le concept de pick-up \u00e9lectrique VF Wild - CanadaMotorJobs.com\" \/>\n<meta property=\"og:description\" content=\"VinFast d\u00e9voile le concept de pick-up \u00e9lectrique VF Wild - Benoit Charette - Annuel automobile - CanadaMotorJobs.com.\" \/>\n<meta property=\"og:url\" content=\"https:\/\/news.canadamotorjobs.com\/fr\/vinfast-devoile-le-concept-de-pick-up-electrique-vf-wild\/\" \/>\n<meta property=\"og:site_name\" content=\"CanadaMotorJobs.com\" \/>\n<meta property=\"article:publisher\" content=\"https:\/\/www.facebook.com\/canadamotorjobs\/\" \/>\n<meta property=\"article:published_time\" content=\"2024-01-10T12:38:04+00:00\" \/>\n<meta property=\"article:modified_time\" content=\"2024-01-10T12:44:07+00:00\" \/>\n<meta property=\"og:image\" content=\"https:\/\/news.canadamotorjobs.com\/wp-content\/uploads\/2024\/01\/vinfast-vf-wild-pickup-concept.jpg\" \/>\n\t<meta property=\"og:image:width\" content=\"1280\" \/>\n\t<meta property=\"og:image:height\" content=\"720\" \/>\n\t<meta property=\"og:image:type\" content=\"image\/jpeg\" \/>\n<meta name=\"author\" content=\"Benoit Charette\" \/>\n<meta name=\"twitter:card\" content=\"summary_large_image\" \/>\n<meta name=\"twitter:creator\" content=\"@canadamotorjobs\" \/>\n<meta name=\"twitter:site\" content=\"@canadamotorjobs\" \/>\n<meta name=\"twitter:label1\" content=\"\u00c9crit par\" \/>\n\t<meta name=\"twitter:data1\" content=\"Benoit Charette\" \/>\n\t<meta name=\"twitter:label2\" content=\"Estimation du temps de lecture\" \/>\n\t<meta name=\"twitter:data2\" content=\"2 minutes\" \/>\n<!-- \/ Yoast SEO plugin. -->","yoast_head_json":{"title":"VinFast d\u00e9voile le concept de pick-up \u00e9lectrique VF Wild - CanadaMotorJobs.com","description":"VinFast d\u00e9voile le concept de pick-up \u00e9lectrique VF Wild - Benoit Charette - Annuel automobile - CanadaMotorJobs.com.","robots":{"index":"index","follow":"follow","max-snippet":"max-snippet:-1","max-image-preview":"max-image-preview:large","max-video-preview":"max-video-preview:-1"},"og_locale":"fr_CA","og_type":"article","og_title":"VinFast d\u00e9voile le concept de pick-up \u00e9lectrique VF Wild - CanadaMotorJobs.com","og_description":"VinFast d\u00e9voile le concept de pick-up \u00e9lectrique VF Wild - Benoit Charette - Annuel automobile - CanadaMotorJobs.com.","og_url":"https:\/\/news.canadamotorjobs.com\/fr\/vinfast-devoile-le-concept-de-pick-up-electrique-vf-wild\/","og_site_name":"CanadaMotorJobs.com","article_publisher":"https:\/\/www.facebook.com\/canadamotorjobs\/","article_published_time":"2024-01-10T12:38:04+00:00","article_modified_time":"2024-01-10T12:44:07+00:00","og_image":[{"width":1280,"height":720,"url":"https:\/\/news.canadamotorjobs.com\/wp-content\/uploads\/2024\/01\/vinfast-vf-wild-pickup-concept.jpg","type":"image\/jpeg"}],"author":"Benoit Charette","twitter_card":"summary_large_image","twitter_creator":"@canadamotorjobs","twitter_site":"@canadamotorjobs","twitter_misc":{"\u00c9crit par":"Benoit Charette","Estimation du temps de lecture":"2 minutes"},"schema":{"@context":"https:\/\/schema.org","@graph":[{"@type":"Article","@id":"https:\/\/news.canadamotorjobs.com\/fr\/vinfast-devoile-le-concept-de-pick-up-electrique-vf-wild\/#article","isPartOf":{"@id":"https:\/\/news.canadamotorjobs.com\/fr\/vinfast-devoile-le-concept-de-pick-up-electrique-vf-wild\/"},"author":{"name":"Benoit Charette","@id":"https:\/\/news.canadamotorjobs.com\/#\/schema\/person\/51793d1f87d44011d7bcc2ed99269a90"},"headline":"VinFast d\u00e9voile le concept de pick-up \u00e9lectrique VF Wild","datePublished":"2024-01-10T12:38:04+00:00","dateModified":"2024-01-10T12:44:07+00:00","mainEntityOfPage":{"@id":"https:\/\/news.canadamotorjobs.com\/fr\/vinfast-devoile-le-concept-de-pick-up-electrique-vf-wild\/"},"wordCount":339,"publisher":{"@id":"https:\/\/news.canadamotorjobs.com\/#organization"},"image":{"@id":"https:\/\/news.canadamotorjobs.com\/fr\/vinfast-devoile-le-concept-de-pick-up-electrique-vf-wild\/#primaryimage"},"thumbnailUrl":"https:\/\/news.canadamotorjobs.com\/wp-content\/uploads\/2024\/01\/vinfast-vf-wild-pickup-concept.jpg","articleSection":["Annuel automobile"],"inLanguage":"fr-CA"},{"@type":"WebPage","@id":"https:\/\/news.canadamotorjobs.com\/fr\/vinfast-devoile-le-concept-de-pick-up-electrique-vf-wild\/","url":"https:\/\/news.canadamotorjobs.com\/fr\/vinfast-devoile-le-concept-de-pick-up-electrique-vf-wild\/","name":"VinFast d\u00e9voile le concept de pick-up \u00e9lectrique VF Wild - CanadaMotorJobs.com","isPartOf":{"@id":"https:\/\/news.canadamotorjobs.com\/#website"},"primaryImageOfPage":{"@id":"https:\/\/news.canadamotorjobs.com\/fr\/vinfast-devoile-le-concept-de-pick-up-electrique-vf-wild\/#primaryimage"},"image":{"@id":"https:\/\/news.canadamotorjobs.com\/fr\/vinfast-devoile-le-concept-de-pick-up-electrique-vf-wild\/#primaryimage"},"thumbnailUrl":"https:\/\/news.canadamotorjobs.com\/wp-content\/uploads\/2024\/01\/vinfast-vf-wild-pickup-concept.jpg","datePublished":"2024-01-10T12:38:04+00:00","dateModified":"2024-01-10T12:44:07+00:00","description":"VinFast d\u00e9voile le concept de pick-up \u00e9lectrique VF Wild - Benoit Charette - Annuel automobile - CanadaMotorJobs.com.","breadcrumb":{"@id":"https:\/\/news.canadamotorjobs.com\/fr\/vinfast-devoile-le-concept-de-pick-up-electrique-vf-wild\/#breadcrumb"},"inLanguage":"fr-CA","potentialAction":[{"@type":"ReadAction","target":["https:\/\/news.canadamotorjobs.com\/fr\/vinfast-devoile-le-concept-de-pick-up-electrique-vf-wild\/"]}]},{"@type":"ImageObject","inLanguage":"fr-CA","@id":"https:\/\/news.canadamotorjobs.com\/fr\/vinfast-devoile-le-concept-de-pick-up-electrique-vf-wild\/#primaryimage","url":"https:\/\/news.canadamotorjobs.com\/wp-content\/uploads\/2024\/01\/vinfast-vf-wild-pickup-concept.jpg","contentUrl":"https:\/\/news.canadamotorjobs.com\/wp-content\/uploads\/2024\/01\/vinfast-vf-wild-pickup-concept.jpg","width":1280,"height":720},{"@type":"BreadcrumbList","@id":"https:\/\/news.canadamotorjobs.com\/fr\/vinfast-devoile-le-concept-de-pick-up-electrique-vf-wild\/#breadcrumb","itemListElement":[{"@type":"ListItem","position":1,"name":"Home","item":"https:\/\/news.canadamotorjobs.com\/fr\/blog\/"},{"@type":"ListItem","position":2,"name":"VinFast d\u00e9voile le concept de pick-up \u00e9lectrique VF Wild"}]},{"@type":"WebSite","@id":"https:\/\/news.canadamotorjobs.com\/#website","url":"https:\/\/news.canadamotorjobs.com\/","name":"CanadaMotorJobs.com","description":"Automotive Jobs","publisher":{"@id":"https:\/\/news.canadamotorjobs.com\/#organization"},"potentialAction":[{"@type":"SearchAction","target":{"@type":"EntryPoint","urlTemplate":"https:\/\/news.canadamotorjobs.com\/?s={search_term_string}"},"query-input":"required name=search_term_string"}],"inLanguage":"fr-CA"},{"@type":"Organization","@id":"https:\/\/news.canadamotorjobs.com\/#organization","name":"Canada Motor Jobs","url":"https:\/\/news.canadamotorjobs.com\/","logo":{"@type":"ImageObject","inLanguage":"fr-CA","@id":"https:\/\/news.canadamotorjobs.com\/#\/schema\/logo\/image\/","url":"https:\/\/news.canadamotorjobs.com\/wp-content\/uploads\/2022\/10\/logo-canada-motor-jobs-1.png","contentUrl":"https:\/\/news.canadamotorjobs.com\/wp-content\/uploads\/2022\/10\/logo-canada-motor-jobs-1.png","width":800,"height":400,"caption":"Canada Motor Jobs"},"image":{"@id":"https:\/\/news.canadamotorjobs.com\/#\/schema\/logo\/image\/"},"sameAs":["https:\/\/www.facebook.com\/canadamotorjobs\/","https:\/\/x.com\/canadamotorjobs","https:\/\/www.instagram.com\/canadamotorjobs\/","https:\/\/www.linkedin.com\/company\/canadamotorjobs"]},{"@type":"Person","@id":"https:\/\/news.canadamotorjobs.com\/#\/schema\/person\/51793d1f87d44011d7bcc2ed99269a90","name":"Benoit Charette","image":{"@type":"ImageObject","inLanguage":"fr-CA","@id":"https:\/\/news.canadamotorjobs.com\/#\/schema\/person\/image\/","url":"https:\/\/secure.gravatar.com\/avatar\/45f3d2eebcccd909668d7ce7ea7267b6?s=96&d=mm&r=g","contentUrl":"https:\/\/secure.gravatar.com\/avatar\/45f3d2eebcccd909668d7ce7ea7267b6?s=96&d=mm&r=g","caption":"Benoit Charette"},"description":"Benoit Charette \/ Propri\u00e9taire et r\u00e9dacteur en chef Benoit Charette pratique le journalisme automobile depuis bient\u00f4t 30 ans. Il a fait ses classes au c\u00f4t\u00e9 de Daniel H\u00e9raud et au Carnet de route de 1992 \u00e0 2001. Il est fondateur, copropri\u00e9taire et r\u00e9dacteur en chef de L\u2019Annuel de l\u2019automobile, qu\u2019il publie depuis 2001. Il a anim\u00e9 les \u00e9missions RPM et RPM+ sur V et les L\u00e9gendes de la route sur Historia. \u00c0 la radio depuis 1986, il reprend l\u2019antenne cette ann\u00e9e sur les ondes de Cogeco et participe pour la deuxi\u00e8me ann\u00e9e \u00e0 l\u2019\u00e9mission Passion Auto sur RDS en plus de mettre en ligne le site Web officiel de L\u2019Annuel de l\u2019automobile sur annuelauto.ca.","sameAs":["https:\/\/annuelauto.ca\/"],"url":"https:\/\/news.canadamotorjobs.com\/fr\/author\/benoit-charette\/"}]}},"_links":{"self":[{"href":"https:\/\/news.canadamotorjobs.com\/fr\/wp-json\/wp\/v2\/posts\/156700"}],"collection":[{"href":"https:\/\/news.canadamotorjobs.com\/fr\/wp-json\/wp\/v2\/posts"}],"about":[{"href":"https:\/\/news.canadamotorjobs.com\/fr\/wp-json\/wp\/v2\/types\/post"}],"author":[{"embeddable":true,"href":"https:\/\/news.canadamotorjobs.com\/fr\/wp-json\/wp\/v2\/users\/8"}],"replies":[{"embeddable":true,"href":"https:\/\/news.canadamotorjobs.com\/fr\/wp-json\/wp\/v2\/comments?post=156700"}],"version-history":[{"count":2,"href":"https:\/\/news.canadamotorjobs.com\/fr\/wp-json\/wp\/v2\/posts\/156700\/revisions"}],"predecessor-version":[{"id":156704,"href":"https:\/\/news.canadamotorjobs.com\/fr\/wp-json\/wp\/v2\/posts\/156700\/revisions\/156704"}],"wp:featuredmedia":[{"embeddable":true,"href":"https:\/\/news.canadamotorjobs.com\/fr\/wp-json\/wp\/v2\/media\/156702"}],"wp:attachment":[{"href":"https:\/\/news.canadamotorjobs.com\/fr\/wp-json\/wp\/v2\/media?parent=156700"}],"wp:term":[{"taxonomy":"category","embeddable":true,"href":"https:\/\/news.canadamotorjobs.com\/fr\/wp-json\/wp\/v2\/categories?post=156700"},{"taxonomy":"post_tag","embeddable":true,"href":"https:\/\/news.canadamotorjobs.com\/fr\/wp-json\/wp\/v2\/tags?post=156700"}],"curies":[{"name":"wp","href":"https:\/\/api.w.org\/{rel}","templated":true}]}}