{"id":156672,"date":"2024-01-09T20:09:56","date_gmt":"2024-01-10T01:09:56","guid":{"rendered":"https:\/\/news.canadamotorjobs.com\/?p=156672"},"modified":"2024-01-09T21:02:33","modified_gmt":"2024-01-10T02:02:33","slug":"entop-simurgh-un-bolide-au-royaume-des-talibans","status":"publish","type":"post","link":"https:\/\/news.canadamotorjobs.com\/fr\/entop-simurgh-un-bolide-au-royaume-des-talibans\/","title":{"rendered":"Entop Simurgh\u00a0: un bolide au royaume des talibans"},"content":{"rendered":"<\/p>\n<p>GT et talibans, \u00e7a ressemble \u00e0 un oxymore. Pourtant, un jeune concepteur afghan r\u00eave de changer cette image en lan\u00e7ant une biplace aux allures de <a href=\"https:\/\/annuelauto.ca\/bugatti-va-agrandir-son-siege-social-de-molsheim\/\" target=\"_blank\" rel=\"noopener noreferrer\">Bugatti<\/a> qu\u2019il a construit. Appel\u00e9e Simurgh, elle serait la premi\u00e8re voiture sport con\u00e7ue en Afghanistan.<\/p>\n<p>Mohammad Riza Ahmadi, un ing\u00e9nieur dans la trentaine d\u2019origine iranienne, est le pr\u00e9sident et directeur g\u00e9n\u00e9ral de la soci\u00e9t\u00e9 Entop qu\u2019il a fond\u00e9e \u00e0 Kaboul, la capitale. C\u2019est l\u00e0, il y a environ cinq ans, qu\u2019il a amorc\u00e9 son projet dans un atelier. Puis, en d\u00e9cembre 2022, son \u00e9l\u00e9gante voiture noire aux formes effil\u00e9es a r\u00e9alis\u00e9 une premi\u00e8re sortie publique dans la capitale. Son pilote s\u2019est m\u00eame permis d\u2019effectuer quelques d\u00e9rapages contr\u00f4l\u00e9s sur un sol couvert de neige\u00a0!<\/p>\n<p>Dans un communiqu\u00e9 publi\u00e9 en mai 2023, le Centre d&#8217;innovation de la Direction de la formation technique et professionnelle (TVET-A) de Kaboul se r\u00e9jouissait d\u2019avoir permis \u00e0 Ahmadi et son \u00e9quipe de compl\u00e9ter le d\u00e9veloppement de la Simurgh dans ses installations.<\/p>\n<p>Le communiqu\u00e9 ajoute que l\u2019attention port\u00e9e par les m\u00e9dias internationaux \u00e0 ce bolide aurait pouss\u00e9 trois autres Afghans \u00e0 concevoir leurs propres v\u00e9hicules avec l\u2019aide du Centre\u00a0: un blind\u00e9, un \u00ab\u00a0Jeep\u00a0\u00bb et une voiturette d\u2019allure ancienne. \u00c0 voir les v\u00e9hicules en question sur la photo publi\u00e9e par le Centre, on comprend que la Simurgh est la plus aboutie du lot\u00a0!<\/p>\n<div id=\"attachment_692377\" style=\"width: 510px\" class=\"wp-caption alignleft\"><img loading=\"lazy\" decoding=\"async\" aria-describedby=\"caption-attachment-692377\" class=\"size-medium wp-image-692377\" src=\"https:\/\/news.canadamotorjobs.com\/wp-content\/uploads\/2024\/01\/Entop-TVET-A_1-500x333-2.jpg\" alt=\"\" width=\"500\" height=\"333\" \/><p id=\"caption-attachment-692377\" class=\"wp-caption-text\"><em>La Simurgh (en haut \u00e0 gauche) et les trois autres v\u00e9hicules afghans r\u00e9alis\u00e9s avec l&#8217;aide du Centre d&#8217;innovation de la Direction de la formation technique et professionnelle de Kaboul : (dans le sens des aiguilles d&#8217;une montre) une voiturette d\u2019allure ancienne, un blind\u00e9 et un \u00ab Jeep \u00bb.<\/em><\/p><\/div>\n<h3><strong>Une succession de noms<\/strong><\/h3>\n<p>\nAhmadi avait d\u2019abord appel\u00e9 sa cr\u00e9ation Mada\u00a09, nom emprunt\u00e9 aux M\u0101d-h\u0101, un peuple iranien de l\u2019antiquit\u00e9. Par la suite, dans les r\u00e9seaux sociaux, il l\u2019a appel\u00e9e Black\u00a0Swan, puis Helmet, pour rappeler le casque des guerriers de la Perse antique.<\/p>\n<p>Visiblement inspir\u00e9 par le riche pass\u00e9 historique de sa r\u00e9gion, il a finalement choisi de la baptiser Simurgh (simorgh en fran\u00e7ais). C\u2019est sous le nom de cet oiseau fabuleux de la mythologie perse que sa voiture a \u00e9t\u00e9 expos\u00e9e au <a href=\"https:\/\/annuelauto.ca\/le-salon-de-lauto-de-geneve-annonce-son-retour-en-2024\/\" target=\"_blank\" rel=\"noopener noreferrer\">Salon de l\u2019auto de Gen\u00e8ve<\/a> 2023, qui \u00e9tait pr\u00e9sent\u00e9 exceptionnellement \u00e0 Doha, au Qatar, du 5 au 14 octobre derniers.<\/p>\n<p>L\u00e0, le bolide afghan a c\u00f4toy\u00e9 les produits d\u2019une trentaine de grandes marques de l\u2019industrie. Ironiquement, tous les clich\u00e9s r\u00e9alis\u00e9s pour la presse internationale par \u00c9milie Guido, la photographe officielle du salon, montrent un kiosque d\u00e9sert avec le PDG d\u2019Entop esseul\u00e9. Pr\u00e9sumons que Mme\u00a0Guido a fait ces photos lors d\u2019une accalmie\u2026<\/p>\n<p>Cela n\u2019emp\u00eache pas Amhadi de caresser le r\u00eave de voir prochainement son bolide commercialis\u00e9, mais seulement apr\u00e8s l\u2019avoir inscrit aux 24\u00a0Heures du Mans, affirme-t-il. Apr\u00e8s tout, pour \u00eatre l\u2019\u00e9gal des grandes marques, Entop doit d\u00e9velopper une notori\u00e9t\u00e9 qui lui fait d\u00e9faut. Mais pour arriver jusqu\u2019\u00e0 la ligne de d\u00e9part de l\u2019\u00e9preuve d\u2019endurance, Ahmadi affirme devoir r\u00e9unir 49\u00a0millions de dollars\u00a0US\u00a0!<\/p>\n<h3><strong>De bien grands espoirs<\/strong><\/h3>\n<p>\nCette notori\u00e9t\u00e9 n\u2019est donc pas acquise. D\u2019autant que l\u2019\u00e9l\u00e9gante carrosserie faite d\u2019aluminium et de fibre de carbone rel\u00e8ve d\u2019une confection artisanale, qui trahit l\u2019ajustement in\u00e9gal du pare-brise et un habitacle inachev\u00e9.<\/p>\n<p>De plus, le moteur log\u00e9 au centre du ch\u00e2ssis tubulaire, que les concepteurs pr\u00e9tendent \u00e0 la mesure d\u2019un \u00ab\u00a0<em>supercar<\/em>\u00a0\u00bb, ne serait qu\u2019un humble 4-cylindres modifi\u00e9 emprunt\u00e9 \u00e0 une <a href=\"https:\/\/annuelauto.ca\/toyota-veut-offrir-une-mobilite-adaptee-pour-tous-aux-jo-de-paris\/\" target=\"_blank\" rel=\"noopener noreferrer\">Toyota<\/a> Corolla 2004.<\/p>\n<div id=\"attachment_692367\" style=\"width: 510px\" class=\"wp-caption alignleft\"><img loading=\"lazy\" decoding=\"async\" aria-describedby=\"caption-attachment-692367\" class=\"size-medium wp-image-692367\" src=\"https:\/\/news.canadamotorjobs.com\/wp-content\/uploads\/2024\/01\/Entop-Mohammad-Riza-Ahmadi-Bagram-2023_1-500x333-2.jpg\" alt=\"\" width=\"500\" height=\"333\" \/><p id=\"caption-attachment-692367\" class=\"wp-caption-text\"><em>Mohammad Riza Ahmadi (g.) \u00e0 Bagr\u00e2m, une localit\u00e9 d&#8217;Afghanistan situ\u00e9e \u00e0 60 kilom\u00e8tres au nord de Kaboul, en janvier 2023. Il est en compagnie d&#8217;un chef tribal.<\/em><\/p><\/div>\n<p>Il faut admettre, cependant, que dans le contexte actuel, o\u00f9 l\u2019Afghanistan est soumis \u00e0 des embargos et des sanctions \u00e9conomiques, le choix de cette motorisation n\u2019a rien de surprenant. Le march\u00e9 automobile afghan est aliment\u00e9 principalement de v\u00e9hicules d\u2019occasion provenant de Dubai (des produits Toyota surtout), selon <em>Ariana\u00a0News<\/em>, un m\u00e9dia local.<\/p>\n<p>Enthousiaste comme pas un, Ahmadi envisage m\u00eame d\u2019\u00e9quiper un jour la Simurgh d\u2019une motorisation \u00e9lectrique. Apr\u00e8s tout, il ambitionne de n\u2019en faire rien de moins que le fer de lance d\u2019une industrie de l\u2019automobile afghane.<\/p>\n<p><em>Photos : Entop, GIMS, Mohammad Riza Ahmadi et TVET-A<br \/>\n<\/em><\/p>\n<p>Le texte <a rel=\"nofollow\" href=\"https:\/\/annuelauto.ca\/entop-simurgh-un-bolide-au-royaume-des-talibans\/\">Entop Simurgh\u00a0: un bolide au royaume des talibans<\/a> provient de <a rel=\"nofollow\" href=\"https:\/\/annuelauto.ca\">L&#8217;annuel de l&#8217;automobile &#8211; Actualit\u00e9 automobile<\/a><\/p>\n<p><\/p>\n","protected":false},"excerpt":{"rendered":"<p>GT et talibans, \u00e7a ressemble \u00e0 un oxymore. Pourtant, un jeune concepteur afghan r\u00eave de changer cette image en lan\u00e7ant une biplace aux allures de Bugatti qu\u2019il a construit. Appel\u00e9e Simurgh, elle serait la premi\u00e8re voiture sport con\u00e7ue en Afghanistan. Mohammad Riza Ahmadi, un ing\u00e9nieur dans la trentaine d\u2019origine iranienne, est le pr\u00e9sident et directeur [&hellip;]<\/p>\n","protected":false},"author":8,"featured_media":156674,"comment_status":"close","ping_status":"closed","sticky":false,"template":"","format":"standard","meta":{"_monsterinsights_skip_tracking":false,"_monsterinsights_sitenote_active":false,"_monsterinsights_sitenote_note":"","_monsterinsights_sitenote_category":0,"footnotes":""},"categories":[101],"tags":[],"yoast_head":"<!-- This site is optimized with the Yoast SEO plugin v23.2 - https:\/\/yoast.com\/wordpress\/plugins\/seo\/ -->\n<title>Entop Simurgh\u00a0: un bolide au royaume des talibans - CanadaMotorJobs.com<\/title>\n<meta name=\"description\" content=\"Entop Simurgh\u00a0: un bolide au royaume des talibans - Benoit Charette - Annuel automobile - CanadaMotorJobs.com.\" \/>\n<meta name=\"robots\" content=\"index, follow, max-snippet:-1, max-image-preview:large, max-video-preview:-1\" \/>\n<meta property=\"og:locale\" content=\"fr_CA\" \/>\n<meta property=\"og:type\" content=\"article\" \/>\n<meta property=\"og:title\" content=\"Entop Simurgh\u00a0: un bolide au royaume des talibans - CanadaMotorJobs.com\" \/>\n<meta property=\"og:description\" content=\"Entop Simurgh\u00a0: un bolide au royaume des talibans - Benoit Charette - Annuel automobile - CanadaMotorJobs.com.\" \/>\n<meta property=\"og:url\" content=\"https:\/\/news.canadamotorjobs.com\/fr\/entop-simurgh-un-bolide-au-royaume-des-talibans\/\" \/>\n<meta property=\"og:site_name\" content=\"CanadaMotorJobs.com\" \/>\n<meta property=\"article:publisher\" content=\"https:\/\/www.facebook.com\/canadamotorjobs\/\" \/>\n<meta property=\"article:published_time\" content=\"2024-01-10T01:09:56+00:00\" \/>\n<meta property=\"article:modified_time\" content=\"2024-01-10T02:02:33+00:00\" \/>\n<meta property=\"og:image\" content=\"https:\/\/news.canadamotorjobs.com\/wp-content\/uploads\/2024\/01\/Entop-Mohammad-Riza-Ahmadi-GIMS-2023_2.jpg\" \/>\n\t<meta property=\"og:image:width\" content=\"1024\" \/>\n\t<meta property=\"og:image:height\" content=\"683\" \/>\n\t<meta property=\"og:image:type\" content=\"image\/jpeg\" \/>\n<meta name=\"author\" content=\"Benoit Charette\" \/>\n<meta name=\"twitter:card\" content=\"summary_large_image\" \/>\n<meta name=\"twitter:creator\" content=\"@canadamotorjobs\" \/>\n<meta name=\"twitter:site\" content=\"@canadamotorjobs\" \/>\n<meta name=\"twitter:label1\" content=\"\u00c9crit par\" \/>\n\t<meta name=\"twitter:data1\" content=\"Benoit Charette\" \/>\n\t<meta name=\"twitter:label2\" content=\"Estimation du temps de lecture\" \/>\n\t<meta name=\"twitter:data2\" content=\"4 minutes\" \/>\n<!-- \/ Yoast SEO plugin. -->","yoast_head_json":{"title":"Entop Simurgh\u00a0: un bolide au royaume des talibans - CanadaMotorJobs.com","description":"Entop Simurgh\u00a0: un bolide au royaume des talibans - Benoit Charette - Annuel automobile - CanadaMotorJobs.com.","robots":{"index":"index","follow":"follow","max-snippet":"max-snippet:-1","max-image-preview":"max-image-preview:large","max-video-preview":"max-video-preview:-1"},"og_locale":"fr_CA","og_type":"article","og_title":"Entop Simurgh\u00a0: un bolide au royaume des talibans - CanadaMotorJobs.com","og_description":"Entop Simurgh\u00a0: un bolide au royaume des talibans - Benoit Charette - Annuel automobile - CanadaMotorJobs.com.","og_url":"https:\/\/news.canadamotorjobs.com\/fr\/entop-simurgh-un-bolide-au-royaume-des-talibans\/","og_site_name":"CanadaMotorJobs.com","article_publisher":"https:\/\/www.facebook.com\/canadamotorjobs\/","article_published_time":"2024-01-10T01:09:56+00:00","article_modified_time":"2024-01-10T02:02:33+00:00","og_image":[{"width":1024,"height":683,"url":"https:\/\/news.canadamotorjobs.com\/wp-content\/uploads\/2024\/01\/Entop-Mohammad-Riza-Ahmadi-GIMS-2023_2.jpg","type":"image\/jpeg"}],"author":"Benoit Charette","twitter_card":"summary_large_image","twitter_creator":"@canadamotorjobs","twitter_site":"@canadamotorjobs","twitter_misc":{"\u00c9crit par":"Benoit Charette","Estimation du temps de lecture":"4 minutes"},"schema":{"@context":"https:\/\/schema.org","@graph":[{"@type":"Article","@id":"https:\/\/news.canadamotorjobs.com\/fr\/entop-simurgh-un-bolide-au-royaume-des-talibans\/#article","isPartOf":{"@id":"https:\/\/news.canadamotorjobs.com\/fr\/entop-simurgh-un-bolide-au-royaume-des-talibans\/"},"author":{"name":"Benoit Charette","@id":"https:\/\/news.canadamotorjobs.com\/#\/schema\/person\/51793d1f87d44011d7bcc2ed99269a90"},"headline":"Entop Simurgh\u00a0: un bolide au royaume des talibans","datePublished":"2024-01-10T01:09:56+00:00","dateModified":"2024-01-10T02:02:33+00:00","mainEntityOfPage":{"@id":"https:\/\/news.canadamotorjobs.com\/fr\/entop-simurgh-un-bolide-au-royaume-des-talibans\/"},"wordCount":805,"publisher":{"@id":"https:\/\/news.canadamotorjobs.com\/#organization"},"image":{"@id":"https:\/\/news.canadamotorjobs.com\/fr\/entop-simurgh-un-bolide-au-royaume-des-talibans\/#primaryimage"},"thumbnailUrl":"https:\/\/news.canadamotorjobs.com\/wp-content\/uploads\/2024\/01\/Entop-Mohammad-Riza-Ahmadi-GIMS-2023_2.jpg","articleSection":["Annuel automobile"],"inLanguage":"fr-CA"},{"@type":"WebPage","@id":"https:\/\/news.canadamotorjobs.com\/fr\/entop-simurgh-un-bolide-au-royaume-des-talibans\/","url":"https:\/\/news.canadamotorjobs.com\/fr\/entop-simurgh-un-bolide-au-royaume-des-talibans\/","name":"Entop Simurgh\u00a0: un bolide au royaume des talibans - CanadaMotorJobs.com","isPartOf":{"@id":"https:\/\/news.canadamotorjobs.com\/#website"},"primaryImageOfPage":{"@id":"https:\/\/news.canadamotorjobs.com\/fr\/entop-simurgh-un-bolide-au-royaume-des-talibans\/#primaryimage"},"image":{"@id":"https:\/\/news.canadamotorjobs.com\/fr\/entop-simurgh-un-bolide-au-royaume-des-talibans\/#primaryimage"},"thumbnailUrl":"https:\/\/news.canadamotorjobs.com\/wp-content\/uploads\/2024\/01\/Entop-Mohammad-Riza-Ahmadi-GIMS-2023_2.jpg","datePublished":"2024-01-10T01:09:56+00:00","dateModified":"2024-01-10T02:02:33+00:00","description":"Entop Simurgh\u00a0: un bolide au royaume des talibans - Benoit Charette - Annuel automobile - CanadaMotorJobs.com.","breadcrumb":{"@id":"https:\/\/news.canadamotorjobs.com\/fr\/entop-simurgh-un-bolide-au-royaume-des-talibans\/#breadcrumb"},"inLanguage":"fr-CA","potentialAction":[{"@type":"ReadAction","target":["https:\/\/news.canadamotorjobs.com\/fr\/entop-simurgh-un-bolide-au-royaume-des-talibans\/"]}]},{"@type":"ImageObject","inLanguage":"fr-CA","@id":"https:\/\/news.canadamotorjobs.com\/fr\/entop-simurgh-un-bolide-au-royaume-des-talibans\/#primaryimage","url":"https:\/\/news.canadamotorjobs.com\/wp-content\/uploads\/2024\/01\/Entop-Mohammad-Riza-Ahmadi-GIMS-2023_2.jpg","contentUrl":"https:\/\/news.canadamotorjobs.com\/wp-content\/uploads\/2024\/01\/Entop-Mohammad-Riza-Ahmadi-GIMS-2023_2.jpg","width":1024,"height":683},{"@type":"BreadcrumbList","@id":"https:\/\/news.canadamotorjobs.com\/fr\/entop-simurgh-un-bolide-au-royaume-des-talibans\/#breadcrumb","itemListElement":[{"@type":"ListItem","position":1,"name":"Home","item":"https:\/\/news.canadamotorjobs.com\/fr\/blog\/"},{"@type":"ListItem","position":2,"name":"Entop Simurgh\u00a0: un bolide au royaume des talibans"}]},{"@type":"WebSite","@id":"https:\/\/news.canadamotorjobs.com\/#website","url":"https:\/\/news.canadamotorjobs.com\/","name":"CanadaMotorJobs.com","description":"Automotive Jobs","publisher":{"@id":"https:\/\/news.canadamotorjobs.com\/#organization"},"potentialAction":[{"@type":"SearchAction","target":{"@type":"EntryPoint","urlTemplate":"https:\/\/news.canadamotorjobs.com\/?s={search_term_string}"},"query-input":"required name=search_term_string"}],"inLanguage":"fr-CA"},{"@type":"Organization","@id":"https:\/\/news.canadamotorjobs.com\/#organization","name":"Canada Motor Jobs","url":"https:\/\/news.canadamotorjobs.com\/","logo":{"@type":"ImageObject","inLanguage":"fr-CA","@id":"https:\/\/news.canadamotorjobs.com\/#\/schema\/logo\/image\/","url":"https:\/\/news.canadamotorjobs.com\/wp-content\/uploads\/2022\/10\/logo-canada-motor-jobs-1.png","contentUrl":"https:\/\/news.canadamotorjobs.com\/wp-content\/uploads\/2022\/10\/logo-canada-motor-jobs-1.png","width":800,"height":400,"caption":"Canada Motor Jobs"},"image":{"@id":"https:\/\/news.canadamotorjobs.com\/#\/schema\/logo\/image\/"},"sameAs":["https:\/\/www.facebook.com\/canadamotorjobs\/","https:\/\/x.com\/canadamotorjobs","https:\/\/www.instagram.com\/canadamotorjobs\/","https:\/\/www.linkedin.com\/company\/canadamotorjobs"]},{"@type":"Person","@id":"https:\/\/news.canadamotorjobs.com\/#\/schema\/person\/51793d1f87d44011d7bcc2ed99269a90","name":"Benoit Charette","image":{"@type":"ImageObject","inLanguage":"fr-CA","@id":"https:\/\/news.canadamotorjobs.com\/#\/schema\/person\/image\/","url":"https:\/\/secure.gravatar.com\/avatar\/45f3d2eebcccd909668d7ce7ea7267b6?s=96&d=mm&r=g","contentUrl":"https:\/\/secure.gravatar.com\/avatar\/45f3d2eebcccd909668d7ce7ea7267b6?s=96&d=mm&r=g","caption":"Benoit Charette"},"description":"Benoit Charette \/ Propri\u00e9taire et r\u00e9dacteur en chef Benoit Charette pratique le journalisme automobile depuis bient\u00f4t 30 ans. Il a fait ses classes au c\u00f4t\u00e9 de Daniel H\u00e9raud et au Carnet de route de 1992 \u00e0 2001. Il est fondateur, copropri\u00e9taire et r\u00e9dacteur en chef de L\u2019Annuel de l\u2019automobile, qu\u2019il publie depuis 2001. Il a anim\u00e9 les \u00e9missions RPM et RPM+ sur V et les L\u00e9gendes de la route sur Historia. \u00c0 la radio depuis 1986, il reprend l\u2019antenne cette ann\u00e9e sur les ondes de Cogeco et participe pour la deuxi\u00e8me ann\u00e9e \u00e0 l\u2019\u00e9mission Passion Auto sur RDS en plus de mettre en ligne le site Web officiel de L\u2019Annuel de l\u2019automobile sur annuelauto.ca.","sameAs":["https:\/\/annuelauto.ca\/"],"url":"https:\/\/news.canadamotorjobs.com\/fr\/author\/benoit-charette\/"}]}},"_links":{"self":[{"href":"https:\/\/news.canadamotorjobs.com\/fr\/wp-json\/wp\/v2\/posts\/156672"}],"collection":[{"href":"https:\/\/news.canadamotorjobs.com\/fr\/wp-json\/wp\/v2\/posts"}],"about":[{"href":"https:\/\/news.canadamotorjobs.com\/fr\/wp-json\/wp\/v2\/types\/post"}],"author":[{"embeddable":true,"href":"https:\/\/news.canadamotorjobs.com\/fr\/wp-json\/wp\/v2\/users\/8"}],"replies":[{"embeddable":true,"href":"https:\/\/news.canadamotorjobs.com\/fr\/wp-json\/wp\/v2\/comments?post=156672"}],"version-history":[{"count":3,"href":"https:\/\/news.canadamotorjobs.com\/fr\/wp-json\/wp\/v2\/posts\/156672\/revisions"}],"predecessor-version":[{"id":156699,"href":"https:\/\/news.canadamotorjobs.com\/fr\/wp-json\/wp\/v2\/posts\/156672\/revisions\/156699"}],"wp:featuredmedia":[{"embeddable":true,"href":"https:\/\/news.canadamotorjobs.com\/fr\/wp-json\/wp\/v2\/media\/156674"}],"wp:attachment":[{"href":"https:\/\/news.canadamotorjobs.com\/fr\/wp-json\/wp\/v2\/media?parent=156672"}],"wp:term":[{"taxonomy":"category","embeddable":true,"href":"https:\/\/news.canadamotorjobs.com\/fr\/wp-json\/wp\/v2\/categories?post=156672"},{"taxonomy":"post_tag","embeddable":true,"href":"https:\/\/news.canadamotorjobs.com\/fr\/wp-json\/wp\/v2\/tags?post=156672"}],"curies":[{"name":"wp","href":"https:\/\/api.w.org\/{rel}","templated":true}]}}