{"id":156618,"date":"2024-01-09T08:34:23","date_gmt":"2024-01-09T13:34:23","guid":{"rendered":"https:\/\/news.canadamotorjobs.com\/?p=156618"},"modified":"2024-01-09T08:46:00","modified_gmt":"2024-01-09T13:46:00","slug":"bosch-prepare-un-moteur-a-hydrogene-pour-2024","status":"publish","type":"post","link":"https:\/\/news.canadamotorjobs.com\/fr\/bosch-prepare-un-moteur-a-hydrogene-pour-2024\/","title":{"rendered":"Bosch pr\u00e9pare un moteur \u00e0 hydrog\u00e8ne pour 2024"},"content":{"rendered":"<\/p>\n<p>Les r\u00e8gles strictes concernant les \u00e9missions automobiles en Europe (et bient\u00f4t chez nous) ont boulevers\u00e9 la fabrication des v\u00e9hicules fonctionnant \u00e0 l&#8217;essence et au diesel. Des interdictions se profilent, favorisant ainsi des alternatives comme l&#8217;hydrog\u00e8ne.<\/p>\n<h3>L&#8217;hydrog\u00e8ne : une mont\u00e9e en puissance dans l&#8217;industrie automobile<\/h3>\n<p>\nLes piles \u00e0 combustible \u00e0 hydrog\u00e8ne deviennent de plus en plus pris\u00e9es, offrant une solution \u00e0 z\u00e9ro \u00e9mission de carbone pour alimenter les moteurs \u00e9lectriques. Cette avanc\u00e9e propulse l&#8217;industrie du transport commercial vers des solutions plus durables et respectueuses de l&#8217;environnement.<\/p>\n<h3>Bosch et sa propulsion novatrice \u00e0 l&#8217;hydrog\u00e8ne<\/h3>\n<p>\nBosch s&#8217;engage aux c\u00f4t\u00e9s d&#8217;autres g\u00e9ants tels qu&#8217;Alpine, Porsche et Toyota dans le d\u00e9veloppement de moteurs \u00e0 combustion interne fonctionnant \u00e0 l&#8217;hydrog\u00e8ne. L&#8217;annonce r\u00e9cente de Bosch au CES 2024 \u00e0 Las Vegas confirme son projet de lancer un moteur \u00e0 hydrog\u00e8ne cette ann\u00e9e m\u00eame.<\/p>\n<h3>L&#8217;hydrog\u00e8ne au c\u0153ur de la transition \u00e9nerg\u00e9tique<\/h3>\n<p>\nBosch, d\u00e9j\u00e0 impliqu\u00e9 dans la production de piles \u00e0 hydrog\u00e8ne pour les v\u00e9hicules lourds, souligne le r\u00f4le central de l&#8217;hydrog\u00e8ne dans la transition vers des sources d&#8217;\u00e9nergie durables, renfor\u00e7ant ainsi son engagement envers des solutions respectueuses de l&#8217;environnement.<\/p>\n<h3>D\u00e9fis et solutions pour l&#8217;hydrog\u00e8ne<\/h3>\n<p>\nMalgr\u00e9 ses avantages, les d\u00e9fis persistent, notamment en termes de stockage et d&#8217;\u00e9missions d&#8217;oxydes d&#8217;azote pour les moteurs \u00e0 hydrog\u00e8ne. Cependant, des solutions telles que la r\u00e9duction catalytique s\u00e9lective \u00e0 base d&#8217;ur\u00e9e ou la production d&#8217;hydrog\u00e8ne sans \u00e9missions gr\u00e2ce aux \u00e9nergies renouvelables peuvent att\u00e9nuer ces probl\u00e8mes.<\/p>\n<h3>Investissements mondiaux dans l&#8217;hydrog\u00e8ne<\/h3>\n<p>\nDe nombreux pays et secteurs investissent massivement dans la technologie de l&#8217;hydrog\u00e8ne. Les \u00c9tats-Unis, par exemple, allouent des fonds consid\u00e9rables \u00e0 la cr\u00e9ation de &#8220;hubs&#8221; d&#8217;hydrog\u00e8ne pour d\u00e9velopper une infrastructure plus vaste et interconnect\u00e9e.<\/p>\n<h3>Bosch et les avanc\u00e9es pour les v\u00e9hicules \u00e9lectriques<\/h3>\n<p>\nEn parall\u00e8le \u00e0 ses efforts sur l&#8217;hydrog\u00e8ne, Bosch se concentre sur de nouvelles technologies pour les v\u00e9hicules \u00e9lectriques. Lors du CES, la soci\u00e9t\u00e9 a d\u00e9voil\u00e9 un syst\u00e8me de contr\u00f4le de l&#8217;\u00e9tat de sant\u00e9 des batteries, susceptible de prolonger leur dur\u00e9e de vie de 20 %, soulignant ainsi son engagement constant envers l&#8217;innovation \u00e9cologique dans le domaine automobile.<\/p>\n<p>Avec des renseignements de Motor Authority<\/p>\n<p>Le texte <a rel=\"nofollow\" href=\"https:\/\/annuelauto.ca\/bosch-prepare-un-moteur-a-hydrogene-pour-2024\/\">Bosch pr\u00e9pare un moteur \u00e0 hydrog\u00e8ne pour 2024<\/a> provient de <a rel=\"nofollow\" href=\"https:\/\/annuelauto.ca\">L&#8217;annuel de l&#8217;automobile &#8211; Actualit\u00e9 automobile<\/a><\/p>\n<p><\/p>\n","protected":false},"excerpt":{"rendered":"<p>Les r\u00e8gles strictes concernant les \u00e9missions automobiles en Europe (et bient\u00f4t chez nous) ont boulevers\u00e9 la fabrication des v\u00e9hicules fonctionnant \u00e0 l&#8217;essence et au diesel. Des interdictions se profilent, favorisant ainsi des alternatives comme l&#8217;hydrog\u00e8ne. L&#8217;hydrog\u00e8ne : une mont\u00e9e en puissance dans l&#8217;industrie automobile Les piles \u00e0 combustible \u00e0 hydrog\u00e8ne deviennent de plus en plus [&hellip;]<\/p>\n","protected":false},"author":8,"featured_media":156620,"comment_status":"close","ping_status":"closed","sticky":false,"template":"","format":"standard","meta":{"_monsterinsights_skip_tracking":false,"_monsterinsights_sitenote_active":false,"_monsterinsights_sitenote_note":"","_monsterinsights_sitenote_category":0,"footnotes":""},"categories":[101],"tags":[],"yoast_head":"<!-- This site is optimized with the Yoast SEO plugin v23.2 - https:\/\/yoast.com\/wordpress\/plugins\/seo\/ -->\n<title>Bosch pr\u00e9pare un moteur \u00e0 hydrog\u00e8ne pour 2024 - CanadaMotorJobs.com<\/title>\n<meta name=\"description\" content=\"Bosch pr\u00e9pare un moteur \u00e0 hydrog\u00e8ne pour 2024 - Benoit Charette - Annuel automobile - CanadaMotorJobs.com.\" \/>\n<meta name=\"robots\" content=\"index, follow, max-snippet:-1, max-image-preview:large, max-video-preview:-1\" \/>\n<meta property=\"og:locale\" content=\"fr_CA\" \/>\n<meta property=\"og:type\" content=\"article\" \/>\n<meta property=\"og:title\" content=\"Bosch pr\u00e9pare un moteur \u00e0 hydrog\u00e8ne pour 2024 - CanadaMotorJobs.com\" \/>\n<meta property=\"og:description\" content=\"Bosch pr\u00e9pare un moteur \u00e0 hydrog\u00e8ne pour 2024 - Benoit Charette - Annuel automobile - CanadaMotorJobs.com.\" \/>\n<meta property=\"og:url\" content=\"https:\/\/news.canadamotorjobs.com\/fr\/bosch-prepare-un-moteur-a-hydrogene-pour-2024\/\" \/>\n<meta property=\"og:site_name\" content=\"CanadaMotorJobs.com\" \/>\n<meta property=\"article:publisher\" content=\"https:\/\/www.facebook.com\/canadamotorjobs\/\" \/>\n<meta property=\"article:published_time\" content=\"2024-01-09T13:34:23+00:00\" \/>\n<meta property=\"article:modified_time\" content=\"2024-01-09T13:46:00+00:00\" \/>\n<meta property=\"og:image\" content=\"https:\/\/news.canadamotorjobs.com\/wp-content\/uploads\/2024\/01\/01-automated_valet_charging_dsc02055.jpg\" \/>\n\t<meta property=\"og:image:width\" content=\"1200\" \/>\n\t<meta property=\"og:image:height\" content=\"800\" \/>\n\t<meta property=\"og:image:type\" content=\"image\/jpeg\" \/>\n<meta name=\"author\" content=\"Benoit Charette\" \/>\n<meta name=\"twitter:card\" content=\"summary_large_image\" \/>\n<meta name=\"twitter:creator\" content=\"@canadamotorjobs\" \/>\n<meta name=\"twitter:site\" content=\"@canadamotorjobs\" \/>\n<meta name=\"twitter:label1\" content=\"\u00c9crit par\" \/>\n\t<meta name=\"twitter:data1\" content=\"Benoit Charette\" \/>\n\t<meta name=\"twitter:label2\" content=\"Estimation du temps de lecture\" \/>\n\t<meta name=\"twitter:data2\" content=\"2 minutes\" \/>\n<!-- \/ Yoast SEO plugin. -->","yoast_head_json":{"title":"Bosch pr\u00e9pare un moteur \u00e0 hydrog\u00e8ne pour 2024 - CanadaMotorJobs.com","description":"Bosch pr\u00e9pare un moteur \u00e0 hydrog\u00e8ne pour 2024 - Benoit Charette - Annuel automobile - CanadaMotorJobs.com.","robots":{"index":"index","follow":"follow","max-snippet":"max-snippet:-1","max-image-preview":"max-image-preview:large","max-video-preview":"max-video-preview:-1"},"og_locale":"fr_CA","og_type":"article","og_title":"Bosch pr\u00e9pare un moteur \u00e0 hydrog\u00e8ne pour 2024 - CanadaMotorJobs.com","og_description":"Bosch pr\u00e9pare un moteur \u00e0 hydrog\u00e8ne pour 2024 - Benoit Charette - Annuel automobile - CanadaMotorJobs.com.","og_url":"https:\/\/news.canadamotorjobs.com\/fr\/bosch-prepare-un-moteur-a-hydrogene-pour-2024\/","og_site_name":"CanadaMotorJobs.com","article_publisher":"https:\/\/www.facebook.com\/canadamotorjobs\/","article_published_time":"2024-01-09T13:34:23+00:00","article_modified_time":"2024-01-09T13:46:00+00:00","og_image":[{"width":1200,"height":800,"url":"https:\/\/news.canadamotorjobs.com\/wp-content\/uploads\/2024\/01\/01-automated_valet_charging_dsc02055.jpg","type":"image\/jpeg"}],"author":"Benoit Charette","twitter_card":"summary_large_image","twitter_creator":"@canadamotorjobs","twitter_site":"@canadamotorjobs","twitter_misc":{"\u00c9crit par":"Benoit Charette","Estimation du temps de lecture":"2 minutes"},"schema":{"@context":"https:\/\/schema.org","@graph":[{"@type":"Article","@id":"https:\/\/news.canadamotorjobs.com\/fr\/bosch-prepare-un-moteur-a-hydrogene-pour-2024\/#article","isPartOf":{"@id":"https:\/\/news.canadamotorjobs.com\/fr\/bosch-prepare-un-moteur-a-hydrogene-pour-2024\/"},"author":{"name":"Benoit Charette","@id":"https:\/\/news.canadamotorjobs.com\/#\/schema\/person\/51793d1f87d44011d7bcc2ed99269a90"},"headline":"Bosch pr\u00e9pare un moteur \u00e0 hydrog\u00e8ne pour 2024","datePublished":"2024-01-09T13:34:23+00:00","dateModified":"2024-01-09T13:46:00+00:00","mainEntityOfPage":{"@id":"https:\/\/news.canadamotorjobs.com\/fr\/bosch-prepare-un-moteur-a-hydrogene-pour-2024\/"},"wordCount":435,"publisher":{"@id":"https:\/\/news.canadamotorjobs.com\/#organization"},"image":{"@id":"https:\/\/news.canadamotorjobs.com\/fr\/bosch-prepare-un-moteur-a-hydrogene-pour-2024\/#primaryimage"},"thumbnailUrl":"https:\/\/news.canadamotorjobs.com\/wp-content\/uploads\/2024\/01\/01-automated_valet_charging_dsc02055.jpg","articleSection":["Annuel automobile"],"inLanguage":"fr-CA"},{"@type":"WebPage","@id":"https:\/\/news.canadamotorjobs.com\/fr\/bosch-prepare-un-moteur-a-hydrogene-pour-2024\/","url":"https:\/\/news.canadamotorjobs.com\/fr\/bosch-prepare-un-moteur-a-hydrogene-pour-2024\/","name":"Bosch pr\u00e9pare un moteur \u00e0 hydrog\u00e8ne pour 2024 - CanadaMotorJobs.com","isPartOf":{"@id":"https:\/\/news.canadamotorjobs.com\/#website"},"primaryImageOfPage":{"@id":"https:\/\/news.canadamotorjobs.com\/fr\/bosch-prepare-un-moteur-a-hydrogene-pour-2024\/#primaryimage"},"image":{"@id":"https:\/\/news.canadamotorjobs.com\/fr\/bosch-prepare-un-moteur-a-hydrogene-pour-2024\/#primaryimage"},"thumbnailUrl":"https:\/\/news.canadamotorjobs.com\/wp-content\/uploads\/2024\/01\/01-automated_valet_charging_dsc02055.jpg","datePublished":"2024-01-09T13:34:23+00:00","dateModified":"2024-01-09T13:46:00+00:00","description":"Bosch pr\u00e9pare un moteur \u00e0 hydrog\u00e8ne pour 2024 - Benoit Charette - Annuel automobile - CanadaMotorJobs.com.","breadcrumb":{"@id":"https:\/\/news.canadamotorjobs.com\/fr\/bosch-prepare-un-moteur-a-hydrogene-pour-2024\/#breadcrumb"},"inLanguage":"fr-CA","potentialAction":[{"@type":"ReadAction","target":["https:\/\/news.canadamotorjobs.com\/fr\/bosch-prepare-un-moteur-a-hydrogene-pour-2024\/"]}]},{"@type":"ImageObject","inLanguage":"fr-CA","@id":"https:\/\/news.canadamotorjobs.com\/fr\/bosch-prepare-un-moteur-a-hydrogene-pour-2024\/#primaryimage","url":"https:\/\/news.canadamotorjobs.com\/wp-content\/uploads\/2024\/01\/01-automated_valet_charging_dsc02055.jpg","contentUrl":"https:\/\/news.canadamotorjobs.com\/wp-content\/uploads\/2024\/01\/01-automated_valet_charging_dsc02055.jpg","width":1200,"height":800},{"@type":"BreadcrumbList","@id":"https:\/\/news.canadamotorjobs.com\/fr\/bosch-prepare-un-moteur-a-hydrogene-pour-2024\/#breadcrumb","itemListElement":[{"@type":"ListItem","position":1,"name":"Home","item":"https:\/\/news.canadamotorjobs.com\/fr\/blog\/"},{"@type":"ListItem","position":2,"name":"Bosch pr\u00e9pare un moteur \u00e0 hydrog\u00e8ne pour 2024"}]},{"@type":"WebSite","@id":"https:\/\/news.canadamotorjobs.com\/#website","url":"https:\/\/news.canadamotorjobs.com\/","name":"CanadaMotorJobs.com","description":"Automotive Jobs","publisher":{"@id":"https:\/\/news.canadamotorjobs.com\/#organization"},"potentialAction":[{"@type":"SearchAction","target":{"@type":"EntryPoint","urlTemplate":"https:\/\/news.canadamotorjobs.com\/?s={search_term_string}"},"query-input":"required name=search_term_string"}],"inLanguage":"fr-CA"},{"@type":"Organization","@id":"https:\/\/news.canadamotorjobs.com\/#organization","name":"Canada Motor Jobs","url":"https:\/\/news.canadamotorjobs.com\/","logo":{"@type":"ImageObject","inLanguage":"fr-CA","@id":"https:\/\/news.canadamotorjobs.com\/#\/schema\/logo\/image\/","url":"https:\/\/news.canadamotorjobs.com\/wp-content\/uploads\/2022\/10\/logo-canada-motor-jobs-1.png","contentUrl":"https:\/\/news.canadamotorjobs.com\/wp-content\/uploads\/2022\/10\/logo-canada-motor-jobs-1.png","width":800,"height":400,"caption":"Canada Motor Jobs"},"image":{"@id":"https:\/\/news.canadamotorjobs.com\/#\/schema\/logo\/image\/"},"sameAs":["https:\/\/www.facebook.com\/canadamotorjobs\/","https:\/\/x.com\/canadamotorjobs","https:\/\/www.instagram.com\/canadamotorjobs\/","https:\/\/www.linkedin.com\/company\/canadamotorjobs"]},{"@type":"Person","@id":"https:\/\/news.canadamotorjobs.com\/#\/schema\/person\/51793d1f87d44011d7bcc2ed99269a90","name":"Benoit Charette","image":{"@type":"ImageObject","inLanguage":"fr-CA","@id":"https:\/\/news.canadamotorjobs.com\/#\/schema\/person\/image\/","url":"https:\/\/secure.gravatar.com\/avatar\/45f3d2eebcccd909668d7ce7ea7267b6?s=96&d=mm&r=g","contentUrl":"https:\/\/secure.gravatar.com\/avatar\/45f3d2eebcccd909668d7ce7ea7267b6?s=96&d=mm&r=g","caption":"Benoit Charette"},"description":"Benoit Charette \/ Propri\u00e9taire et r\u00e9dacteur en chef Benoit Charette pratique le journalisme automobile depuis bient\u00f4t 30 ans. Il a fait ses classes au c\u00f4t\u00e9 de Daniel H\u00e9raud et au Carnet de route de 1992 \u00e0 2001. Il est fondateur, copropri\u00e9taire et r\u00e9dacteur en chef de L\u2019Annuel de l\u2019automobile, qu\u2019il publie depuis 2001. Il a anim\u00e9 les \u00e9missions RPM et RPM+ sur V et les L\u00e9gendes de la route sur Historia. \u00c0 la radio depuis 1986, il reprend l\u2019antenne cette ann\u00e9e sur les ondes de Cogeco et participe pour la deuxi\u00e8me ann\u00e9e \u00e0 l\u2019\u00e9mission Passion Auto sur RDS en plus de mettre en ligne le site Web officiel de L\u2019Annuel de l\u2019automobile sur annuelauto.ca.","sameAs":["https:\/\/annuelauto.ca\/"],"url":"https:\/\/news.canadamotorjobs.com\/fr\/author\/benoit-charette\/"}]}},"_links":{"self":[{"href":"https:\/\/news.canadamotorjobs.com\/fr\/wp-json\/wp\/v2\/posts\/156618"}],"collection":[{"href":"https:\/\/news.canadamotorjobs.com\/fr\/wp-json\/wp\/v2\/posts"}],"about":[{"href":"https:\/\/news.canadamotorjobs.com\/fr\/wp-json\/wp\/v2\/types\/post"}],"author":[{"embeddable":true,"href":"https:\/\/news.canadamotorjobs.com\/fr\/wp-json\/wp\/v2\/users\/8"}],"replies":[{"embeddable":true,"href":"https:\/\/news.canadamotorjobs.com\/fr\/wp-json\/wp\/v2\/comments?post=156618"}],"version-history":[{"count":2,"href":"https:\/\/news.canadamotorjobs.com\/fr\/wp-json\/wp\/v2\/posts\/156618\/revisions"}],"predecessor-version":[{"id":156622,"href":"https:\/\/news.canadamotorjobs.com\/fr\/wp-json\/wp\/v2\/posts\/156618\/revisions\/156622"}],"wp:featuredmedia":[{"embeddable":true,"href":"https:\/\/news.canadamotorjobs.com\/fr\/wp-json\/wp\/v2\/media\/156620"}],"wp:attachment":[{"href":"https:\/\/news.canadamotorjobs.com\/fr\/wp-json\/wp\/v2\/media?parent=156618"}],"wp:term":[{"taxonomy":"category","embeddable":true,"href":"https:\/\/news.canadamotorjobs.com\/fr\/wp-json\/wp\/v2\/categories?post=156618"},{"taxonomy":"post_tag","embeddable":true,"href":"https:\/\/news.canadamotorjobs.com\/fr\/wp-json\/wp\/v2\/tags?post=156618"}],"curies":[{"name":"wp","href":"https:\/\/api.w.org\/{rel}","templated":true}]}}