{"id":156564,"date":"2024-01-09T07:28:59","date_gmt":"2024-01-09T12:28:59","guid":{"rendered":"https:\/\/news.canadamotorjobs.com\/?p=156564"},"modified":"2024-01-09T07:37:33","modified_gmt":"2024-01-09T12:37:33","slug":"mercedes-benz-lance-une-premiere-voiture-animee-par-ia-generative","status":"publish","type":"post","link":"https:\/\/news.canadamotorjobs.com\/fr\/mercedes-benz-lance-une-premiere-voiture-animee-par-ia-generative\/","title":{"rendered":"Mercedes-Benz lance une premi\u00e8re voiture anim\u00e9e par IA g\u00e9n\u00e9rative"},"content":{"rendered":"<\/p>\n<p>Mercedes-Benz profite du Consumer Electronics Show \u00e0 Las Vegas pour ajouter \u00e0 son interface MBUX un nouvel assistant virtuel int\u00e9gr\u00e9 anim\u00e9 par une IA g\u00e9n\u00e9rative. On dit souvent \u00e0 la blague que les autos modernes sont d\u2019\u00e9normes PC sur roues et il semble que Mercedes-Benz ne veut pas nous faire mentir. La marque de luxe allemande a profit\u00e9 de sa pr\u00e9sence au CES pour d\u00e9voiler des mises \u00e0 niveau de son interface embarqu\u00e9e MBUX.<\/p>\n<h3><strong>MB.OS<\/strong><\/h3>\n<p>\nIl y en a trois : la premi\u00e8re est le syst\u00e8me logiciel qui soutient la plateforme MBUX et qui s\u2019appelle MB.OS. Comme bien d\u2019autres constructeurs, Mercedes-Benz voit du potentiel dans les services connect\u00e9s de demain et pr\u00e9pare ses v\u00e9hicules pour pouvoir entrer plus directement dans ce nouveau monde. Le premier v\u00e9hicule \u00e0 profiter du MB.OS est un concept du coup\u00e9 CLA, qui a d\u2019ailleurs \u00e9t\u00e9 pr\u00e9sent\u00e9 en primeur nord-am\u00e9ricaine \u00e0 Las Vegas. Il s\u2019agit d\u2019un concept de v\u00e9hicule \u00e9lectrique capable de parcourir 750 km par charge, \u00e0 une consommation \u00e9nerg\u00e9tique tr\u00e8s faible de 12 kw\/h par 100 kilom\u00e8tres.<\/p>\n<h3><strong>MBUX<\/strong><\/h3>\n<p>\nEn plus du logiciel de base, Mercedes-Benz pr\u00e9pare un nouvel environnement sonore plus immersif int\u00e9gr\u00e9 \u00e0 MBUX. Une partie de cet environnement a \u00e9t\u00e9 con\u00e7u de pair avec l\u2019artiste am\u00e9ricain Will.i.am et s\u2019appelle MBUX SOUND DRIVE. Le syst\u00e8me adaptera la musique selon le comportement du v\u00e9hicule, et surtout, selon la fa\u00e7on dont le conducteur se comporte au volant dudit v\u00e9hicule. Mercedes \u00e9tend aussi un partenariat avec Amazon pour ajouter les livres audio Audible \u00e0 son syst\u00e8me MBUX. Ceux-ci seront compatibles avec la norme sonore Dolby Atmos, qui cr\u00e9e un son immersif en trois dimensions. On pourra donc entendre la narration d\u2019un livre avec, en prime, un positionnement des personnages un peu partout dans l\u2019habitacle.<\/p>\n<h3><strong>IA g\u00e9n\u00e9rative<\/strong><\/h3>\n<p>\nTout \u00e7a n\u2019est rien \u00e0 c\u00f4t\u00e9 de la plus ambitieuse des trois nouveaut\u00e9s pr\u00e9sent\u00e9es au CES par Mercedes-Benz. \u00c9videmment, l\u2019IA g\u00e9n\u00e9rative est sur toutes les l\u00e8vres dans cette conf\u00e9rence qui r\u00e9unit plus de 3500 exposants du monde technologique et \u00e9lectronique. Il fallait s\u2019attendre \u00e0 ce que le secteur automobile bondisse sur l\u2019occasion. L\u2019assistant virtuel MBUX est pr\u00e9sent\u00e9 comme \u00abl\u2019interface la plus humaine\u00bb jamais con\u00e7ue par le groupe allemand. L\u2019interface peut ainsi exprimer jusqu\u2019\u00e0 quatre \u00e9motions diff\u00e9rentes, selon l\u2019\u00e9tat d\u2019esprit du conducteur ou de ses passagers. Une IA g\u00e9n\u00e9rative peut produire elle-m\u00eame de l\u2019information, plut\u00f4t que simplement livrer une info tir\u00e9e d\u2019Internet ou d\u2019une banque de donn\u00e9es. C\u2019est donc dire que les voitures Mercedes anim\u00e9es par cet assistant virtuel pourront en quelque sorte dialoguer naturellement avec leurs occupants.<\/p>\n<p>Mercedes-Benz a aussi surf\u00e9 sur la vague des cryptos en pr\u00e9sentant une application d\u2019affichage de NFT, ces cr\u00e9ations num\u00e9riques \u00e0 collectionner, et quelques autres applications qui s\u2019ajouteront elles aussi au syst\u00e8me MBUX.<\/p>\n<p>\u00a0<\/p>\n<p>\u00a0<\/p>\n<p>\u00a0<\/p>\n<p>\u00a0<\/p>\n<p>\u00a0<\/p>\n<p>-30-<\/p>\n<p>Le texte <a rel=\"nofollow\" href=\"https:\/\/annuelauto.ca\/mercedes-benz-lance-une-premiere-voiture-animee-par-ia-generative\/\">Mercedes-Benz lance une premi\u00e8re voiture anim\u00e9e par IA g\u00e9n\u00e9rative<\/a> provient de <a rel=\"nofollow\" href=\"https:\/\/annuelauto.ca\">L&#8217;annuel de l&#8217;automobile &#8211; Actualit\u00e9 automobile<\/a><\/p>\n<p><\/p>\n","protected":false},"excerpt":{"rendered":"<p>Mercedes-Benz profite du Consumer Electronics Show \u00e0 Las Vegas pour ajouter \u00e0 son interface MBUX un nouvel assistant virtuel int\u00e9gr\u00e9 anim\u00e9 par une IA g\u00e9n\u00e9rative. On dit souvent \u00e0 la blague que les autos modernes sont d\u2019\u00e9normes PC sur roues et il semble que Mercedes-Benz ne veut pas nous faire mentir. La marque de luxe [&hellip;]<\/p>\n","protected":false},"author":8,"featured_media":156566,"comment_status":"close","ping_status":"closed","sticky":false,"template":"","format":"standard","meta":{"_monsterinsights_skip_tracking":false,"_monsterinsights_sitenote_active":false,"_monsterinsights_sitenote_note":"","_monsterinsights_sitenote_category":0,"footnotes":""},"categories":[101],"tags":[],"yoast_head":"<!-- This site is optimized with the Yoast SEO plugin v23.2 - https:\/\/yoast.com\/wordpress\/plugins\/seo\/ -->\n<title>Mercedes-Benz lance une premi\u00e8re voiture anim\u00e9e par IA g\u00e9n\u00e9rative - CanadaMotorJobs.com<\/title>\n<meta name=\"description\" content=\"Mercedes-Benz lance une premi\u00e8re voiture anim\u00e9e par IA g\u00e9n\u00e9rative - Benoit Charette - Annuel automobile - CanadaMotorJobs.com.\" \/>\n<meta name=\"robots\" content=\"index, follow, max-snippet:-1, max-image-preview:large, max-video-preview:-1\" \/>\n<meta property=\"og:locale\" content=\"fr_CA\" \/>\n<meta property=\"og:type\" content=\"article\" \/>\n<meta property=\"og:title\" content=\"Mercedes-Benz lance une premi\u00e8re voiture anim\u00e9e par IA g\u00e9n\u00e9rative - CanadaMotorJobs.com\" \/>\n<meta property=\"og:description\" content=\"Mercedes-Benz lance une premi\u00e8re voiture anim\u00e9e par IA g\u00e9n\u00e9rative - Benoit Charette - Annuel automobile - CanadaMotorJobs.com.\" \/>\n<meta property=\"og:url\" content=\"https:\/\/news.canadamotorjobs.com\/fr\/mercedes-benz-lance-une-premiere-voiture-animee-par-ia-generative\/\" \/>\n<meta property=\"og:site_name\" content=\"CanadaMotorJobs.com\" \/>\n<meta property=\"article:publisher\" content=\"https:\/\/www.facebook.com\/canadamotorjobs\/\" \/>\n<meta property=\"article:published_time\" content=\"2024-01-09T12:28:59+00:00\" \/>\n<meta property=\"article:modified_time\" content=\"2024-01-09T12:37:33+00:00\" \/>\n<meta property=\"og:image\" content=\"https:\/\/news.canadamotorjobs.com\/wp-content\/uploads\/2024\/01\/Bild_4-2.jpg\" \/>\n\t<meta property=\"og:image:width\" content=\"2112\" \/>\n\t<meta property=\"og:image:height\" content=\"1232\" \/>\n\t<meta property=\"og:image:type\" content=\"image\/jpeg\" \/>\n<meta name=\"author\" content=\"Benoit Charette\" \/>\n<meta name=\"twitter:card\" content=\"summary_large_image\" \/>\n<meta name=\"twitter:creator\" content=\"@canadamotorjobs\" \/>\n<meta name=\"twitter:site\" content=\"@canadamotorjobs\" \/>\n<meta name=\"twitter:label1\" content=\"\u00c9crit par\" \/>\n\t<meta name=\"twitter:data1\" content=\"Benoit Charette\" \/>\n\t<meta name=\"twitter:label2\" content=\"Estimation du temps de lecture\" \/>\n\t<meta name=\"twitter:data2\" content=\"3 minutes\" \/>\n<!-- \/ Yoast SEO plugin. -->","yoast_head_json":{"title":"Mercedes-Benz lance une premi\u00e8re voiture anim\u00e9e par IA g\u00e9n\u00e9rative - CanadaMotorJobs.com","description":"Mercedes-Benz lance une premi\u00e8re voiture anim\u00e9e par IA g\u00e9n\u00e9rative - Benoit Charette - Annuel automobile - CanadaMotorJobs.com.","robots":{"index":"index","follow":"follow","max-snippet":"max-snippet:-1","max-image-preview":"max-image-preview:large","max-video-preview":"max-video-preview:-1"},"og_locale":"fr_CA","og_type":"article","og_title":"Mercedes-Benz lance une premi\u00e8re voiture anim\u00e9e par IA g\u00e9n\u00e9rative - CanadaMotorJobs.com","og_description":"Mercedes-Benz lance une premi\u00e8re voiture anim\u00e9e par IA g\u00e9n\u00e9rative - Benoit Charette - Annuel automobile - CanadaMotorJobs.com.","og_url":"https:\/\/news.canadamotorjobs.com\/fr\/mercedes-benz-lance-une-premiere-voiture-animee-par-ia-generative\/","og_site_name":"CanadaMotorJobs.com","article_publisher":"https:\/\/www.facebook.com\/canadamotorjobs\/","article_published_time":"2024-01-09T12:28:59+00:00","article_modified_time":"2024-01-09T12:37:33+00:00","og_image":[{"width":2112,"height":1232,"url":"https:\/\/news.canadamotorjobs.com\/wp-content\/uploads\/2024\/01\/Bild_4-2.jpg","type":"image\/jpeg"}],"author":"Benoit Charette","twitter_card":"summary_large_image","twitter_creator":"@canadamotorjobs","twitter_site":"@canadamotorjobs","twitter_misc":{"\u00c9crit par":"Benoit Charette","Estimation du temps de lecture":"3 minutes"},"schema":{"@context":"https:\/\/schema.org","@graph":[{"@type":"Article","@id":"https:\/\/news.canadamotorjobs.com\/fr\/mercedes-benz-lance-une-premiere-voiture-animee-par-ia-generative\/#article","isPartOf":{"@id":"https:\/\/news.canadamotorjobs.com\/fr\/mercedes-benz-lance-une-premiere-voiture-animee-par-ia-generative\/"},"author":{"name":"Benoit Charette","@id":"https:\/\/news.canadamotorjobs.com\/#\/schema\/person\/51793d1f87d44011d7bcc2ed99269a90"},"headline":"Mercedes-Benz lance une premi\u00e8re voiture anim\u00e9e par IA g\u00e9n\u00e9rative","datePublished":"2024-01-09T12:28:59+00:00","dateModified":"2024-01-09T12:37:33+00:00","mainEntityOfPage":{"@id":"https:\/\/news.canadamotorjobs.com\/fr\/mercedes-benz-lance-une-premiere-voiture-animee-par-ia-generative\/"},"wordCount":555,"publisher":{"@id":"https:\/\/news.canadamotorjobs.com\/#organization"},"image":{"@id":"https:\/\/news.canadamotorjobs.com\/fr\/mercedes-benz-lance-une-premiere-voiture-animee-par-ia-generative\/#primaryimage"},"thumbnailUrl":"https:\/\/news.canadamotorjobs.com\/wp-content\/uploads\/2024\/01\/Bild_4-2.jpg","articleSection":["Annuel automobile"],"inLanguage":"fr-CA"},{"@type":"WebPage","@id":"https:\/\/news.canadamotorjobs.com\/fr\/mercedes-benz-lance-une-premiere-voiture-animee-par-ia-generative\/","url":"https:\/\/news.canadamotorjobs.com\/fr\/mercedes-benz-lance-une-premiere-voiture-animee-par-ia-generative\/","name":"Mercedes-Benz lance une premi\u00e8re voiture anim\u00e9e par IA g\u00e9n\u00e9rative - CanadaMotorJobs.com","isPartOf":{"@id":"https:\/\/news.canadamotorjobs.com\/#website"},"primaryImageOfPage":{"@id":"https:\/\/news.canadamotorjobs.com\/fr\/mercedes-benz-lance-une-premiere-voiture-animee-par-ia-generative\/#primaryimage"},"image":{"@id":"https:\/\/news.canadamotorjobs.com\/fr\/mercedes-benz-lance-une-premiere-voiture-animee-par-ia-generative\/#primaryimage"},"thumbnailUrl":"https:\/\/news.canadamotorjobs.com\/wp-content\/uploads\/2024\/01\/Bild_4-2.jpg","datePublished":"2024-01-09T12:28:59+00:00","dateModified":"2024-01-09T12:37:33+00:00","description":"Mercedes-Benz lance une premi\u00e8re voiture anim\u00e9e par IA g\u00e9n\u00e9rative - Benoit Charette - Annuel automobile - CanadaMotorJobs.com.","breadcrumb":{"@id":"https:\/\/news.canadamotorjobs.com\/fr\/mercedes-benz-lance-une-premiere-voiture-animee-par-ia-generative\/#breadcrumb"},"inLanguage":"fr-CA","potentialAction":[{"@type":"ReadAction","target":["https:\/\/news.canadamotorjobs.com\/fr\/mercedes-benz-lance-une-premiere-voiture-animee-par-ia-generative\/"]}]},{"@type":"ImageObject","inLanguage":"fr-CA","@id":"https:\/\/news.canadamotorjobs.com\/fr\/mercedes-benz-lance-une-premiere-voiture-animee-par-ia-generative\/#primaryimage","url":"https:\/\/news.canadamotorjobs.com\/wp-content\/uploads\/2024\/01\/Bild_4-2.jpg","contentUrl":"https:\/\/news.canadamotorjobs.com\/wp-content\/uploads\/2024\/01\/Bild_4-2.jpg","width":2112,"height":1232},{"@type":"BreadcrumbList","@id":"https:\/\/news.canadamotorjobs.com\/fr\/mercedes-benz-lance-une-premiere-voiture-animee-par-ia-generative\/#breadcrumb","itemListElement":[{"@type":"ListItem","position":1,"name":"Home","item":"https:\/\/news.canadamotorjobs.com\/fr\/blog\/"},{"@type":"ListItem","position":2,"name":"Mercedes-Benz lance une premi\u00e8re voiture anim\u00e9e par IA g\u00e9n\u00e9rative"}]},{"@type":"WebSite","@id":"https:\/\/news.canadamotorjobs.com\/#website","url":"https:\/\/news.canadamotorjobs.com\/","name":"CanadaMotorJobs.com","description":"Automotive Jobs","publisher":{"@id":"https:\/\/news.canadamotorjobs.com\/#organization"},"potentialAction":[{"@type":"SearchAction","target":{"@type":"EntryPoint","urlTemplate":"https:\/\/news.canadamotorjobs.com\/?s={search_term_string}"},"query-input":"required name=search_term_string"}],"inLanguage":"fr-CA"},{"@type":"Organization","@id":"https:\/\/news.canadamotorjobs.com\/#organization","name":"Canada Motor Jobs","url":"https:\/\/news.canadamotorjobs.com\/","logo":{"@type":"ImageObject","inLanguage":"fr-CA","@id":"https:\/\/news.canadamotorjobs.com\/#\/schema\/logo\/image\/","url":"https:\/\/news.canadamotorjobs.com\/wp-content\/uploads\/2022\/10\/logo-canada-motor-jobs-1.png","contentUrl":"https:\/\/news.canadamotorjobs.com\/wp-content\/uploads\/2022\/10\/logo-canada-motor-jobs-1.png","width":800,"height":400,"caption":"Canada Motor Jobs"},"image":{"@id":"https:\/\/news.canadamotorjobs.com\/#\/schema\/logo\/image\/"},"sameAs":["https:\/\/www.facebook.com\/canadamotorjobs\/","https:\/\/x.com\/canadamotorjobs","https:\/\/www.instagram.com\/canadamotorjobs\/","https:\/\/www.linkedin.com\/company\/canadamotorjobs"]},{"@type":"Person","@id":"https:\/\/news.canadamotorjobs.com\/#\/schema\/person\/51793d1f87d44011d7bcc2ed99269a90","name":"Benoit Charette","image":{"@type":"ImageObject","inLanguage":"fr-CA","@id":"https:\/\/news.canadamotorjobs.com\/#\/schema\/person\/image\/","url":"https:\/\/secure.gravatar.com\/avatar\/45f3d2eebcccd909668d7ce7ea7267b6?s=96&d=mm&r=g","contentUrl":"https:\/\/secure.gravatar.com\/avatar\/45f3d2eebcccd909668d7ce7ea7267b6?s=96&d=mm&r=g","caption":"Benoit Charette"},"description":"Benoit Charette \/ Propri\u00e9taire et r\u00e9dacteur en chef Benoit Charette pratique le journalisme automobile depuis bient\u00f4t 30 ans. Il a fait ses classes au c\u00f4t\u00e9 de Daniel H\u00e9raud et au Carnet de route de 1992 \u00e0 2001. Il est fondateur, copropri\u00e9taire et r\u00e9dacteur en chef de L\u2019Annuel de l\u2019automobile, qu\u2019il publie depuis 2001. Il a anim\u00e9 les \u00e9missions RPM et RPM+ sur V et les L\u00e9gendes de la route sur Historia. \u00c0 la radio depuis 1986, il reprend l\u2019antenne cette ann\u00e9e sur les ondes de Cogeco et participe pour la deuxi\u00e8me ann\u00e9e \u00e0 l\u2019\u00e9mission Passion Auto sur RDS en plus de mettre en ligne le site Web officiel de L\u2019Annuel de l\u2019automobile sur annuelauto.ca.","sameAs":["https:\/\/annuelauto.ca\/"],"url":"https:\/\/news.canadamotorjobs.com\/fr\/author\/benoit-charette\/"}]}},"_links":{"self":[{"href":"https:\/\/news.canadamotorjobs.com\/fr\/wp-json\/wp\/v2\/posts\/156564"}],"collection":[{"href":"https:\/\/news.canadamotorjobs.com\/fr\/wp-json\/wp\/v2\/posts"}],"about":[{"href":"https:\/\/news.canadamotorjobs.com\/fr\/wp-json\/wp\/v2\/types\/post"}],"author":[{"embeddable":true,"href":"https:\/\/news.canadamotorjobs.com\/fr\/wp-json\/wp\/v2\/users\/8"}],"replies":[{"embeddable":true,"href":"https:\/\/news.canadamotorjobs.com\/fr\/wp-json\/wp\/v2\/comments?post=156564"}],"version-history":[{"count":2,"href":"https:\/\/news.canadamotorjobs.com\/fr\/wp-json\/wp\/v2\/posts\/156564\/revisions"}],"predecessor-version":[{"id":156568,"href":"https:\/\/news.canadamotorjobs.com\/fr\/wp-json\/wp\/v2\/posts\/156564\/revisions\/156568"}],"wp:featuredmedia":[{"embeddable":true,"href":"https:\/\/news.canadamotorjobs.com\/fr\/wp-json\/wp\/v2\/media\/156566"}],"wp:attachment":[{"href":"https:\/\/news.canadamotorjobs.com\/fr\/wp-json\/wp\/v2\/media?parent=156564"}],"wp:term":[{"taxonomy":"category","embeddable":true,"href":"https:\/\/news.canadamotorjobs.com\/fr\/wp-json\/wp\/v2\/categories?post=156564"},{"taxonomy":"post_tag","embeddable":true,"href":"https:\/\/news.canadamotorjobs.com\/fr\/wp-json\/wp\/v2\/tags?post=156564"}],"curies":[{"name":"wp","href":"https:\/\/api.w.org\/{rel}","templated":true}]}}