{"id":156453,"date":"2024-01-07T10:34:14","date_gmt":"2024-01-07T15:34:14","guid":{"rendered":"https:\/\/news.canadamotorjobs.com\/?p=156453"},"modified":"2024-01-07T10:43:48","modified_gmt":"2024-01-07T15:43:48","slug":"pourquoi-les-proprietaires-de-vehicules-electriques-sont-ils-moins-satisfaits","status":"publish","type":"post","link":"https:\/\/news.canadamotorjobs.com\/fr\/pourquoi-les-proprietaires-de-vehicules-electriques-sont-ils-moins-satisfaits\/","title":{"rendered":"Pourquoi les propri\u00e9taires de v\u00e9hicules \u00e9lectriques sont-ils moins satisfaits ?"},"content":{"rendered":"<\/p>\n<p>Une r\u00e9cente \u00e9tude am\u00e9ricaine d\u00e9montre que les acheteurs de v\u00e9hicules \u00e9lectriques expriment plus de m\u00e9contentement vis-\u00e0-vis des concessionnaires que les clients traditionnels, avec des taux d&#8217;avis d&#8217;une \u00e9toile en hausse, selon une \u00e9tude.<\/p>\n<h3>Bas\u00e9 sur des avis Google<\/h3>\n<p>\nUne \u00e9tude r\u00e9cente de Widewail, sp\u00e9cialiste des solutions de gestion des avis clients, r\u00e9v\u00e8le que les propri\u00e9taires de v\u00e9hicules \u00e9lectriques laissent un nombre disproportionn\u00e9 d&#8217;avis \u00e0 une \u00e9toile par rapport aux acheteurs de voitures \u00e0 moteur \u00e0 combustion interne. L&#8217;examen de plus de 800 000 avis Google sur les concessionnaires et points de vente indique que les acheteurs de VE sont deux fois plus enclins \u00e0 donner une seule \u00e9toile (14%) que l&#8217;ensemble des clients automobiles (7%). Ce chiffre atteint m\u00eame 25% pour les revendeurs directs tels que Tesla ou Rivian.<\/p>\n<h3>Avec et sans concessionnaire<\/h3>\n<p>\nMatt Murray, PDG de Widewail, s&#8217;est montr\u00e9 surpris par ce constat, soulignant que malgr\u00e9 la r\u00e9putation et la popularit\u00e9 de marques comme Tesla, les avis Google refl\u00e8tent un niveau notable d&#8217;insatisfaction chez les acheteurs de VE, m\u00eame chez ceux traitant avec des concessionnaires traditionnels.<\/p>\n<p>Cependant, il existe des facteurs att\u00e9nuants pour Tesla, Rivian et leurs homologues. Les propri\u00e9taires de V\u00c9S laissent g\u00e9n\u00e9ralement moins d&#8217;avis, bien que ceux-ci tendent \u00e0 \u00eatre plus n\u00e9gatifs. Les exp\u00e9riences moins fr\u00e9quemment partag\u00e9es sont souvent li\u00e9es \u00e0 des d\u00e9ceptions plus marqu\u00e9es, amplifiant ainsi le nombre d&#8217;avis critiques.<\/p>\n<p>La nature des services pour les V\u00c9S, n\u00e9cessitant moins de soins courants mais des r\u00e9parations potentiellement co\u00fbteuses, peut contribuer \u00e0 des exp\u00e9riences plus frustrantes pour les propri\u00e9taires. De plus, les commentaires positifs soulignent souvent les interactions humaines satisfaisantes, tandis que les avis n\u00e9gatifs mettent l&#8217;accent sur une communication m\u00e9diocre du service apr\u00e8s-vente, des r\u00e9parations d\u00e9cevantes et des d\u00e9lais prolong\u00e9s.<\/p>\n<p>Ces constats soulignent la n\u00e9cessit\u00e9 pour l&#8217;industrie automobile de repenser l&#8217;exp\u00e9rience de vente des v\u00e9hicules \u00e9lectriques, en mettant l&#8217;accent sur une communication transparente, des r\u00e9parations satisfaisantes et des d\u00e9lais r\u00e9duits pour r\u00e9pondre aux attentes des propri\u00e9taires de V\u00c9S et am\u00e9liorer leur satisfaction globale.<\/p>\n<p>Avec des renseignements ce Carscoops<\/p>\n<p>Le texte <a rel=\"nofollow\" href=\"https:\/\/annuelauto.ca\/pourquoi-les-proprietaires-de-vehicules-electriques-sont-ils-moins-satisfaits\/\">Pourquoi les propri\u00e9taires de v\u00e9hicules \u00e9lectriques sont-ils moins satisfaits ?<\/a> provient de <a rel=\"nofollow\" href=\"https:\/\/annuelauto.ca\">L&#8217;annuel de l&#8217;automobile &#8211; Actualit\u00e9 automobile<\/a><\/p>\n<p><\/p>\n","protected":false},"excerpt":{"rendered":"<p>Une r\u00e9cente \u00e9tude am\u00e9ricaine d\u00e9montre que les acheteurs de v\u00e9hicules \u00e9lectriques expriment plus de m\u00e9contentement vis-\u00e0-vis des concessionnaires que les clients traditionnels, avec des taux d&#8217;avis d&#8217;une \u00e9toile en hausse, selon une \u00e9tude. Bas\u00e9 sur des avis Google Une \u00e9tude r\u00e9cente de Widewail, sp\u00e9cialiste des solutions de gestion des avis clients, r\u00e9v\u00e8le que les propri\u00e9taires [&hellip;]<\/p>\n","protected":false},"author":8,"featured_media":156455,"comment_status":"close","ping_status":"closed","sticky":false,"template":"","format":"standard","meta":{"_monsterinsights_skip_tracking":false,"_monsterinsights_sitenote_active":false,"_monsterinsights_sitenote_note":"","_monsterinsights_sitenote_category":0,"footnotes":""},"categories":[101],"tags":[],"yoast_head":"<!-- This site is optimized with the Yoast SEO plugin v23.2 - https:\/\/yoast.com\/wordpress\/plugins\/seo\/ -->\n<title>Pourquoi les propri\u00e9taires de v\u00e9hicules \u00e9lectriques sont-ils moins satisfaits ? - CanadaMotorJobs.com<\/title>\n<meta name=\"description\" content=\"Pourquoi les propri\u00e9taires de v\u00e9hicules \u00e9lectriques sont-ils moins satisfaits ? - Benoit Charette - Annuel automobile - CanadaMotorJobs.com.\" \/>\n<meta name=\"robots\" content=\"index, follow, max-snippet:-1, max-image-preview:large, max-video-preview:-1\" \/>\n<meta property=\"og:locale\" content=\"fr_CA\" \/>\n<meta property=\"og:type\" content=\"article\" \/>\n<meta property=\"og:title\" content=\"Pourquoi les propri\u00e9taires de v\u00e9hicules \u00e9lectriques sont-ils moins satisfaits ? - CanadaMotorJobs.com\" \/>\n<meta property=\"og:description\" content=\"Pourquoi les propri\u00e9taires de v\u00e9hicules \u00e9lectriques sont-ils moins satisfaits ? - Benoit Charette - Annuel automobile - CanadaMotorJobs.com.\" \/>\n<meta property=\"og:url\" content=\"https:\/\/news.canadamotorjobs.com\/fr\/pourquoi-les-proprietaires-de-vehicules-electriques-sont-ils-moins-satisfaits\/\" \/>\n<meta property=\"og:site_name\" content=\"CanadaMotorJobs.com\" \/>\n<meta property=\"article:publisher\" content=\"https:\/\/www.facebook.com\/canadamotorjobs\/\" \/>\n<meta property=\"article:published_time\" content=\"2024-01-07T15:34:14+00:00\" \/>\n<meta property=\"article:modified_time\" content=\"2024-01-07T15:43:48+00:00\" \/>\n<meta property=\"og:image\" content=\"https:\/\/news.canadamotorjobs.com\/wp-content\/uploads\/2024\/01\/tesla-langford-joe-carr.jpg\" \/>\n\t<meta property=\"og:image:width\" content=\"799\" \/>\n\t<meta property=\"og:image:height\" content=\"472\" \/>\n\t<meta property=\"og:image:type\" content=\"image\/jpeg\" \/>\n<meta name=\"author\" content=\"Benoit Charette\" \/>\n<meta name=\"twitter:card\" content=\"summary_large_image\" \/>\n<meta name=\"twitter:creator\" content=\"@canadamotorjobs\" \/>\n<meta name=\"twitter:site\" content=\"@canadamotorjobs\" \/>\n<meta name=\"twitter:label1\" content=\"\u00c9crit par\" \/>\n\t<meta name=\"twitter:data1\" content=\"Benoit Charette\" \/>\n\t<meta name=\"twitter:label2\" content=\"Estimation du temps de lecture\" \/>\n\t<meta name=\"twitter:data2\" content=\"2 minutes\" \/>\n<!-- \/ Yoast SEO plugin. -->","yoast_head_json":{"title":"Pourquoi les propri\u00e9taires de v\u00e9hicules \u00e9lectriques sont-ils moins satisfaits ? - CanadaMotorJobs.com","description":"Pourquoi les propri\u00e9taires de v\u00e9hicules \u00e9lectriques sont-ils moins satisfaits ? - Benoit Charette - Annuel automobile - CanadaMotorJobs.com.","robots":{"index":"index","follow":"follow","max-snippet":"max-snippet:-1","max-image-preview":"max-image-preview:large","max-video-preview":"max-video-preview:-1"},"og_locale":"fr_CA","og_type":"article","og_title":"Pourquoi les propri\u00e9taires de v\u00e9hicules \u00e9lectriques sont-ils moins satisfaits ? - CanadaMotorJobs.com","og_description":"Pourquoi les propri\u00e9taires de v\u00e9hicules \u00e9lectriques sont-ils moins satisfaits ? - Benoit Charette - Annuel automobile - CanadaMotorJobs.com.","og_url":"https:\/\/news.canadamotorjobs.com\/fr\/pourquoi-les-proprietaires-de-vehicules-electriques-sont-ils-moins-satisfaits\/","og_site_name":"CanadaMotorJobs.com","article_publisher":"https:\/\/www.facebook.com\/canadamotorjobs\/","article_published_time":"2024-01-07T15:34:14+00:00","article_modified_time":"2024-01-07T15:43:48+00:00","og_image":[{"width":799,"height":472,"url":"https:\/\/news.canadamotorjobs.com\/wp-content\/uploads\/2024\/01\/tesla-langford-joe-carr.jpg","type":"image\/jpeg"}],"author":"Benoit Charette","twitter_card":"summary_large_image","twitter_creator":"@canadamotorjobs","twitter_site":"@canadamotorjobs","twitter_misc":{"\u00c9crit par":"Benoit Charette","Estimation du temps de lecture":"2 minutes"},"schema":{"@context":"https:\/\/schema.org","@graph":[{"@type":"Article","@id":"https:\/\/news.canadamotorjobs.com\/fr\/pourquoi-les-proprietaires-de-vehicules-electriques-sont-ils-moins-satisfaits\/#article","isPartOf":{"@id":"https:\/\/news.canadamotorjobs.com\/fr\/pourquoi-les-proprietaires-de-vehicules-electriques-sont-ils-moins-satisfaits\/"},"author":{"name":"Benoit Charette","@id":"https:\/\/news.canadamotorjobs.com\/#\/schema\/person\/51793d1f87d44011d7bcc2ed99269a90"},"headline":"Pourquoi les propri\u00e9taires de v\u00e9hicules \u00e9lectriques sont-ils moins satisfaits ?","datePublished":"2024-01-07T15:34:14+00:00","dateModified":"2024-01-07T15:43:48+00:00","mainEntityOfPage":{"@id":"https:\/\/news.canadamotorjobs.com\/fr\/pourquoi-les-proprietaires-de-vehicules-electriques-sont-ils-moins-satisfaits\/"},"wordCount":416,"publisher":{"@id":"https:\/\/news.canadamotorjobs.com\/#organization"},"image":{"@id":"https:\/\/news.canadamotorjobs.com\/fr\/pourquoi-les-proprietaires-de-vehicules-electriques-sont-ils-moins-satisfaits\/#primaryimage"},"thumbnailUrl":"https:\/\/news.canadamotorjobs.com\/wp-content\/uploads\/2024\/01\/tesla-langford-joe-carr.jpg","articleSection":["Annuel automobile"],"inLanguage":"fr-CA"},{"@type":"WebPage","@id":"https:\/\/news.canadamotorjobs.com\/fr\/pourquoi-les-proprietaires-de-vehicules-electriques-sont-ils-moins-satisfaits\/","url":"https:\/\/news.canadamotorjobs.com\/fr\/pourquoi-les-proprietaires-de-vehicules-electriques-sont-ils-moins-satisfaits\/","name":"Pourquoi les propri\u00e9taires de v\u00e9hicules \u00e9lectriques sont-ils moins satisfaits ? - CanadaMotorJobs.com","isPartOf":{"@id":"https:\/\/news.canadamotorjobs.com\/#website"},"primaryImageOfPage":{"@id":"https:\/\/news.canadamotorjobs.com\/fr\/pourquoi-les-proprietaires-de-vehicules-electriques-sont-ils-moins-satisfaits\/#primaryimage"},"image":{"@id":"https:\/\/news.canadamotorjobs.com\/fr\/pourquoi-les-proprietaires-de-vehicules-electriques-sont-ils-moins-satisfaits\/#primaryimage"},"thumbnailUrl":"https:\/\/news.canadamotorjobs.com\/wp-content\/uploads\/2024\/01\/tesla-langford-joe-carr.jpg","datePublished":"2024-01-07T15:34:14+00:00","dateModified":"2024-01-07T15:43:48+00:00","description":"Pourquoi les propri\u00e9taires de v\u00e9hicules \u00e9lectriques sont-ils moins satisfaits ? - Benoit Charette - Annuel automobile - CanadaMotorJobs.com.","breadcrumb":{"@id":"https:\/\/news.canadamotorjobs.com\/fr\/pourquoi-les-proprietaires-de-vehicules-electriques-sont-ils-moins-satisfaits\/#breadcrumb"},"inLanguage":"fr-CA","potentialAction":[{"@type":"ReadAction","target":["https:\/\/news.canadamotorjobs.com\/fr\/pourquoi-les-proprietaires-de-vehicules-electriques-sont-ils-moins-satisfaits\/"]}]},{"@type":"ImageObject","inLanguage":"fr-CA","@id":"https:\/\/news.canadamotorjobs.com\/fr\/pourquoi-les-proprietaires-de-vehicules-electriques-sont-ils-moins-satisfaits\/#primaryimage","url":"https:\/\/news.canadamotorjobs.com\/wp-content\/uploads\/2024\/01\/tesla-langford-joe-carr.jpg","contentUrl":"https:\/\/news.canadamotorjobs.com\/wp-content\/uploads\/2024\/01\/tesla-langford-joe-carr.jpg","width":799,"height":472},{"@type":"BreadcrumbList","@id":"https:\/\/news.canadamotorjobs.com\/fr\/pourquoi-les-proprietaires-de-vehicules-electriques-sont-ils-moins-satisfaits\/#breadcrumb","itemListElement":[{"@type":"ListItem","position":1,"name":"Home","item":"https:\/\/news.canadamotorjobs.com\/fr\/blog\/"},{"@type":"ListItem","position":2,"name":"Pourquoi les propri\u00e9taires de v\u00e9hicules \u00e9lectriques sont-ils moins satisfaits ?"}]},{"@type":"WebSite","@id":"https:\/\/news.canadamotorjobs.com\/#website","url":"https:\/\/news.canadamotorjobs.com\/","name":"CanadaMotorJobs.com","description":"Automotive Jobs","publisher":{"@id":"https:\/\/news.canadamotorjobs.com\/#organization"},"potentialAction":[{"@type":"SearchAction","target":{"@type":"EntryPoint","urlTemplate":"https:\/\/news.canadamotorjobs.com\/?s={search_term_string}"},"query-input":"required name=search_term_string"}],"inLanguage":"fr-CA"},{"@type":"Organization","@id":"https:\/\/news.canadamotorjobs.com\/#organization","name":"Canada Motor Jobs","url":"https:\/\/news.canadamotorjobs.com\/","logo":{"@type":"ImageObject","inLanguage":"fr-CA","@id":"https:\/\/news.canadamotorjobs.com\/#\/schema\/logo\/image\/","url":"https:\/\/news.canadamotorjobs.com\/wp-content\/uploads\/2022\/10\/logo-canada-motor-jobs-1.png","contentUrl":"https:\/\/news.canadamotorjobs.com\/wp-content\/uploads\/2022\/10\/logo-canada-motor-jobs-1.png","width":800,"height":400,"caption":"Canada Motor Jobs"},"image":{"@id":"https:\/\/news.canadamotorjobs.com\/#\/schema\/logo\/image\/"},"sameAs":["https:\/\/www.facebook.com\/canadamotorjobs\/","https:\/\/x.com\/canadamotorjobs","https:\/\/www.instagram.com\/canadamotorjobs\/","https:\/\/www.linkedin.com\/company\/canadamotorjobs"]},{"@type":"Person","@id":"https:\/\/news.canadamotorjobs.com\/#\/schema\/person\/51793d1f87d44011d7bcc2ed99269a90","name":"Benoit Charette","image":{"@type":"ImageObject","inLanguage":"fr-CA","@id":"https:\/\/news.canadamotorjobs.com\/#\/schema\/person\/image\/","url":"https:\/\/secure.gravatar.com\/avatar\/45f3d2eebcccd909668d7ce7ea7267b6?s=96&d=mm&r=g","contentUrl":"https:\/\/secure.gravatar.com\/avatar\/45f3d2eebcccd909668d7ce7ea7267b6?s=96&d=mm&r=g","caption":"Benoit Charette"},"description":"Benoit Charette \/ Propri\u00e9taire et r\u00e9dacteur en chef Benoit Charette pratique le journalisme automobile depuis bient\u00f4t 30 ans. Il a fait ses classes au c\u00f4t\u00e9 de Daniel H\u00e9raud et au Carnet de route de 1992 \u00e0 2001. Il est fondateur, copropri\u00e9taire et r\u00e9dacteur en chef de L\u2019Annuel de l\u2019automobile, qu\u2019il publie depuis 2001. Il a anim\u00e9 les \u00e9missions RPM et RPM+ sur V et les L\u00e9gendes de la route sur Historia. \u00c0 la radio depuis 1986, il reprend l\u2019antenne cette ann\u00e9e sur les ondes de Cogeco et participe pour la deuxi\u00e8me ann\u00e9e \u00e0 l\u2019\u00e9mission Passion Auto sur RDS en plus de mettre en ligne le site Web officiel de L\u2019Annuel de l\u2019automobile sur annuelauto.ca.","sameAs":["https:\/\/annuelauto.ca\/"],"url":"https:\/\/news.canadamotorjobs.com\/fr\/author\/benoit-charette\/"}]}},"_links":{"self":[{"href":"https:\/\/news.canadamotorjobs.com\/fr\/wp-json\/wp\/v2\/posts\/156453"}],"collection":[{"href":"https:\/\/news.canadamotorjobs.com\/fr\/wp-json\/wp\/v2\/posts"}],"about":[{"href":"https:\/\/news.canadamotorjobs.com\/fr\/wp-json\/wp\/v2\/types\/post"}],"author":[{"embeddable":true,"href":"https:\/\/news.canadamotorjobs.com\/fr\/wp-json\/wp\/v2\/users\/8"}],"replies":[{"embeddable":true,"href":"https:\/\/news.canadamotorjobs.com\/fr\/wp-json\/wp\/v2\/comments?post=156453"}],"version-history":[{"count":2,"href":"https:\/\/news.canadamotorjobs.com\/fr\/wp-json\/wp\/v2\/posts\/156453\/revisions"}],"predecessor-version":[{"id":156457,"href":"https:\/\/news.canadamotorjobs.com\/fr\/wp-json\/wp\/v2\/posts\/156453\/revisions\/156457"}],"wp:featuredmedia":[{"embeddable":true,"href":"https:\/\/news.canadamotorjobs.com\/fr\/wp-json\/wp\/v2\/media\/156455"}],"wp:attachment":[{"href":"https:\/\/news.canadamotorjobs.com\/fr\/wp-json\/wp\/v2\/media?parent=156453"}],"wp:term":[{"taxonomy":"category","embeddable":true,"href":"https:\/\/news.canadamotorjobs.com\/fr\/wp-json\/wp\/v2\/categories?post=156453"},{"taxonomy":"post_tag","embeddable":true,"href":"https:\/\/news.canadamotorjobs.com\/fr\/wp-json\/wp\/v2\/tags?post=156453"}],"curies":[{"name":"wp","href":"https:\/\/api.w.org\/{rel}","templated":true}]}}