{"id":156377,"date":"2024-01-06T08:51:46","date_gmt":"2024-01-06T13:51:46","guid":{"rendered":"https:\/\/news.canadamotorjobs.com\/?p=156377"},"modified":"2024-01-06T09:01:27","modified_gmt":"2024-01-06T14:01:27","slug":"volvo-prepare-une-remplacante-electrique-pour-la-s90","status":"publish","type":"post","link":"https:\/\/news.canadamotorjobs.com\/fr\/volvo-prepare-une-remplacante-electrique-pour-la-s90\/","title":{"rendered":"Volvo pr\u00e9pare une rempla\u00e7ante \u00e9lectrique pour la S90"},"content":{"rendered":"<\/p>\n<p>Volvo travaille activement sur sa toute nouvelle berline \u00e9lectrique, la rempla\u00e7ante de la S90, qui pourrait \u00eatre nomm\u00e9e ES90. Ce mod\u00e8le prometteur est en cours de d\u00e9veloppement et devrait \u00eatre lanc\u00e9 d\u00e8s 2025, offrant une concurrence directe aux Audi A6, BMW i5 et Mercedes-Benz EQE.<\/p>\n<h3><strong>Caract\u00e9ristiques cl\u00e9s :<\/strong><\/h3>\n<p><\/p>\n<ul><\/p>\n<li><strong>Puissance de la batterie :<\/strong> 111 kWh pour une autonomie estim\u00e9e \u00e0 600 km en une seule charge.<\/li>\n<p><\/p>\n<li><strong>Plateforme :<\/strong> Bas\u00e9e sur la plateforme SPA2 de Volvo, d\u00e9j\u00e0 utilis\u00e9e pour d&#8217;autres mod\u00e8les tels que le SUV Volvo EX90 et la future Polestar 4.<\/li>\n<p><\/p>\n<li><strong>Options de moteur :<\/strong> Disponible en configuration traction arri\u00e8re \u00e0 un seul moteur ou en configuration traction int\u00e9grale \u00e0 deux moteurs.<\/li>\n<p><\/p>\n<li><strong>Dimensions :<\/strong> La Volvo ES90 mesurera 4 990 mm de long, 1 547 mm de haut et 1 945 mm de large, avec un empattement massif de 3 102 mm, la rendant plus courte que la BMW i5, mais plus haute et plus large. Elle offrira ainsi une grande habitabilit\u00e9, surpassant m\u00eame les Hyundai Ioniq 5 et Kia EV6.<\/li>\n<p>\n<\/ul>\n<p><\/p>\n<h3><strong>D\u00e9veloppement et Production :<\/strong><\/h3>\n<p><\/p>\n<ul><\/p>\n<li>Volvo a partag\u00e9 une photo du prototype sur son portail intranet, indiquant un stade avanc\u00e9 de d\u00e9veloppement.<\/li>\n<p><\/p>\n<li>Des travaux de d\u00e9veloppement ont \u00e9t\u00e9 simultan\u00e9ment men\u00e9s avec la berline Galaxy E8 et la berline Zeekr 007.<\/li>\n<p><\/p>\n<li>La production en s\u00e9rie pourrait d\u00e9buter d\u00e8s mai.<\/li>\n<p>\n<\/ul>\n<p><\/p>\n<h3><strong>Design et Perspectives :<\/strong><\/h3>\n<p>\nLe design exact reste un myst\u00e8re, mais il pourrait s&#8217;inspirer du VUS \u00e9lectrique EX30, incluant des phares DEL distinctifs et probablement sans la calandre traditionnelle.<\/p>\n<p>Cette nouvelle berline \u00e9lectrique, la Volvo ES90, promet d&#8217;\u00eatre non seulement comp\u00e9titive sur le march\u00e9 \u00e9lectrique en plein essor, mais aussi spacieuse et dot\u00e9e d&#8217;une autonomie impressionnante, offrant ainsi une alternative attrayante aux autres mod\u00e8les de sa cat\u00e9gorie.<\/p>\n<p>\u00a0<\/p>\n<p>Avec des renseignements de Carscoops<\/p>\n<p>\u00a0<\/p>\n<p>\u00a0<\/p>\n<p>Le texte <a rel=\"nofollow\" href=\"https:\/\/annuelauto.ca\/volvo-prepare-une-remplacante-electrique-pour-la-s90\/\">Volvo pr\u00e9pare une rempla\u00e7ante \u00e9lectrique pour la S90<\/a> provient de <a rel=\"nofollow\" href=\"https:\/\/annuelauto.ca\">L&#8217;annuel de l&#8217;automobile &#8211; Actualit\u00e9 automobile<\/a><\/p>\n<p><\/p>\n","protected":false},"excerpt":{"rendered":"<p>Volvo travaille activement sur sa toute nouvelle berline \u00e9lectrique, la rempla\u00e7ante de la S90, qui pourrait \u00eatre nomm\u00e9e ES90. Ce mod\u00e8le prometteur est en cours de d\u00e9veloppement et devrait \u00eatre lanc\u00e9 d\u00e8s 2025, offrant une concurrence directe aux Audi A6, BMW i5 et Mercedes-Benz EQE. Caract\u00e9ristiques cl\u00e9s : Puissance de la batterie : 111 kWh [&hellip;]<\/p>\n","protected":false},"author":8,"featured_media":156379,"comment_status":"close","ping_status":"closed","sticky":false,"template":"","format":"standard","meta":{"_monsterinsights_skip_tracking":false,"_monsterinsights_sitenote_active":false,"_monsterinsights_sitenote_note":"","_monsterinsights_sitenote_category":0,"footnotes":""},"categories":[101],"tags":[],"yoast_head":"<!-- This site is optimized with the Yoast SEO plugin v23.2 - https:\/\/yoast.com\/wordpress\/plugins\/seo\/ -->\n<title>Volvo pr\u00e9pare une rempla\u00e7ante \u00e9lectrique pour la S90 - CanadaMotorJobs.com<\/title>\n<meta name=\"description\" content=\"Volvo pr\u00e9pare une rempla\u00e7ante \u00e9lectrique pour la S90 - Benoit Charette - Annuel automobile - CanadaMotorJobs.com.\" \/>\n<meta name=\"robots\" content=\"index, follow, max-snippet:-1, max-image-preview:large, max-video-preview:-1\" \/>\n<meta property=\"og:locale\" content=\"fr_CA\" \/>\n<meta property=\"og:type\" content=\"article\" \/>\n<meta property=\"og:title\" content=\"Volvo pr\u00e9pare une rempla\u00e7ante \u00e9lectrique pour la S90 - CanadaMotorJobs.com\" \/>\n<meta property=\"og:description\" content=\"Volvo pr\u00e9pare une rempla\u00e7ante \u00e9lectrique pour la S90 - Benoit Charette - Annuel automobile - CanadaMotorJobs.com.\" \/>\n<meta property=\"og:url\" content=\"https:\/\/news.canadamotorjobs.com\/fr\/volvo-prepare-une-remplacante-electrique-pour-la-s90\/\" \/>\n<meta property=\"og:site_name\" content=\"CanadaMotorJobs.com\" \/>\n<meta property=\"article:publisher\" content=\"https:\/\/www.facebook.com\/canadamotorjobs\/\" \/>\n<meta property=\"article:published_time\" content=\"2024-01-06T13:51:46+00:00\" \/>\n<meta property=\"article:modified_time\" content=\"2024-01-06T14:01:27+00:00\" \/>\n<meta property=\"og:image\" content=\"https:\/\/news.canadamotorjobs.com\/wp-content\/uploads\/2024\/01\/sec.jpg\" \/>\n\t<meta property=\"og:image:width\" content=\"1200\" \/>\n\t<meta property=\"og:image:height\" content=\"899\" \/>\n\t<meta property=\"og:image:type\" content=\"image\/jpeg\" \/>\n<meta name=\"author\" content=\"Benoit Charette\" \/>\n<meta name=\"twitter:card\" content=\"summary_large_image\" \/>\n<meta name=\"twitter:creator\" content=\"@canadamotorjobs\" \/>\n<meta name=\"twitter:site\" content=\"@canadamotorjobs\" \/>\n<meta name=\"twitter:label1\" content=\"\u00c9crit par\" \/>\n\t<meta name=\"twitter:data1\" content=\"Benoit Charette\" \/>\n\t<meta name=\"twitter:label2\" content=\"Estimation du temps de lecture\" \/>\n\t<meta name=\"twitter:data2\" content=\"2 minutes\" \/>\n<!-- \/ Yoast SEO plugin. -->","yoast_head_json":{"title":"Volvo pr\u00e9pare une rempla\u00e7ante \u00e9lectrique pour la S90 - CanadaMotorJobs.com","description":"Volvo pr\u00e9pare une rempla\u00e7ante \u00e9lectrique pour la S90 - Benoit Charette - Annuel automobile - CanadaMotorJobs.com.","robots":{"index":"index","follow":"follow","max-snippet":"max-snippet:-1","max-image-preview":"max-image-preview:large","max-video-preview":"max-video-preview:-1"},"og_locale":"fr_CA","og_type":"article","og_title":"Volvo pr\u00e9pare une rempla\u00e7ante \u00e9lectrique pour la S90 - CanadaMotorJobs.com","og_description":"Volvo pr\u00e9pare une rempla\u00e7ante \u00e9lectrique pour la S90 - Benoit Charette - Annuel automobile - CanadaMotorJobs.com.","og_url":"https:\/\/news.canadamotorjobs.com\/fr\/volvo-prepare-une-remplacante-electrique-pour-la-s90\/","og_site_name":"CanadaMotorJobs.com","article_publisher":"https:\/\/www.facebook.com\/canadamotorjobs\/","article_published_time":"2024-01-06T13:51:46+00:00","article_modified_time":"2024-01-06T14:01:27+00:00","og_image":[{"width":1200,"height":899,"url":"https:\/\/news.canadamotorjobs.com\/wp-content\/uploads\/2024\/01\/sec.jpg","type":"image\/jpeg"}],"author":"Benoit Charette","twitter_card":"summary_large_image","twitter_creator":"@canadamotorjobs","twitter_site":"@canadamotorjobs","twitter_misc":{"\u00c9crit par":"Benoit Charette","Estimation du temps de lecture":"2 minutes"},"schema":{"@context":"https:\/\/schema.org","@graph":[{"@type":"Article","@id":"https:\/\/news.canadamotorjobs.com\/fr\/volvo-prepare-une-remplacante-electrique-pour-la-s90\/#article","isPartOf":{"@id":"https:\/\/news.canadamotorjobs.com\/fr\/volvo-prepare-une-remplacante-electrique-pour-la-s90\/"},"author":{"name":"Benoit Charette","@id":"https:\/\/news.canadamotorjobs.com\/#\/schema\/person\/51793d1f87d44011d7bcc2ed99269a90"},"headline":"Volvo pr\u00e9pare une rempla\u00e7ante \u00e9lectrique pour la S90","datePublished":"2024-01-06T13:51:46+00:00","dateModified":"2024-01-06T14:01:27+00:00","mainEntityOfPage":{"@id":"https:\/\/news.canadamotorjobs.com\/fr\/volvo-prepare-une-remplacante-electrique-pour-la-s90\/"},"wordCount":330,"publisher":{"@id":"https:\/\/news.canadamotorjobs.com\/#organization"},"image":{"@id":"https:\/\/news.canadamotorjobs.com\/fr\/volvo-prepare-une-remplacante-electrique-pour-la-s90\/#primaryimage"},"thumbnailUrl":"https:\/\/news.canadamotorjobs.com\/wp-content\/uploads\/2024\/01\/sec.jpg","articleSection":["Annuel automobile"],"inLanguage":"fr-CA"},{"@type":"WebPage","@id":"https:\/\/news.canadamotorjobs.com\/fr\/volvo-prepare-une-remplacante-electrique-pour-la-s90\/","url":"https:\/\/news.canadamotorjobs.com\/fr\/volvo-prepare-une-remplacante-electrique-pour-la-s90\/","name":"Volvo pr\u00e9pare une rempla\u00e7ante \u00e9lectrique pour la S90 - CanadaMotorJobs.com","isPartOf":{"@id":"https:\/\/news.canadamotorjobs.com\/#website"},"primaryImageOfPage":{"@id":"https:\/\/news.canadamotorjobs.com\/fr\/volvo-prepare-une-remplacante-electrique-pour-la-s90\/#primaryimage"},"image":{"@id":"https:\/\/news.canadamotorjobs.com\/fr\/volvo-prepare-une-remplacante-electrique-pour-la-s90\/#primaryimage"},"thumbnailUrl":"https:\/\/news.canadamotorjobs.com\/wp-content\/uploads\/2024\/01\/sec.jpg","datePublished":"2024-01-06T13:51:46+00:00","dateModified":"2024-01-06T14:01:27+00:00","description":"Volvo pr\u00e9pare une rempla\u00e7ante \u00e9lectrique pour la S90 - Benoit Charette - Annuel automobile - CanadaMotorJobs.com.","breadcrumb":{"@id":"https:\/\/news.canadamotorjobs.com\/fr\/volvo-prepare-une-remplacante-electrique-pour-la-s90\/#breadcrumb"},"inLanguage":"fr-CA","potentialAction":[{"@type":"ReadAction","target":["https:\/\/news.canadamotorjobs.com\/fr\/volvo-prepare-une-remplacante-electrique-pour-la-s90\/"]}]},{"@type":"ImageObject","inLanguage":"fr-CA","@id":"https:\/\/news.canadamotorjobs.com\/fr\/volvo-prepare-une-remplacante-electrique-pour-la-s90\/#primaryimage","url":"https:\/\/news.canadamotorjobs.com\/wp-content\/uploads\/2024\/01\/sec.jpg","contentUrl":"https:\/\/news.canadamotorjobs.com\/wp-content\/uploads\/2024\/01\/sec.jpg","width":1200,"height":899},{"@type":"BreadcrumbList","@id":"https:\/\/news.canadamotorjobs.com\/fr\/volvo-prepare-une-remplacante-electrique-pour-la-s90\/#breadcrumb","itemListElement":[{"@type":"ListItem","position":1,"name":"Home","item":"https:\/\/news.canadamotorjobs.com\/fr\/blog\/"},{"@type":"ListItem","position":2,"name":"Volvo pr\u00e9pare une rempla\u00e7ante \u00e9lectrique pour la S90"}]},{"@type":"WebSite","@id":"https:\/\/news.canadamotorjobs.com\/#website","url":"https:\/\/news.canadamotorjobs.com\/","name":"CanadaMotorJobs.com","description":"Automotive Jobs","publisher":{"@id":"https:\/\/news.canadamotorjobs.com\/#organization"},"potentialAction":[{"@type":"SearchAction","target":{"@type":"EntryPoint","urlTemplate":"https:\/\/news.canadamotorjobs.com\/?s={search_term_string}"},"query-input":"required name=search_term_string"}],"inLanguage":"fr-CA"},{"@type":"Organization","@id":"https:\/\/news.canadamotorjobs.com\/#organization","name":"Canada Motor Jobs","url":"https:\/\/news.canadamotorjobs.com\/","logo":{"@type":"ImageObject","inLanguage":"fr-CA","@id":"https:\/\/news.canadamotorjobs.com\/#\/schema\/logo\/image\/","url":"https:\/\/news.canadamotorjobs.com\/wp-content\/uploads\/2022\/10\/logo-canada-motor-jobs-1.png","contentUrl":"https:\/\/news.canadamotorjobs.com\/wp-content\/uploads\/2022\/10\/logo-canada-motor-jobs-1.png","width":800,"height":400,"caption":"Canada Motor Jobs"},"image":{"@id":"https:\/\/news.canadamotorjobs.com\/#\/schema\/logo\/image\/"},"sameAs":["https:\/\/www.facebook.com\/canadamotorjobs\/","https:\/\/x.com\/canadamotorjobs","https:\/\/www.instagram.com\/canadamotorjobs\/","https:\/\/www.linkedin.com\/company\/canadamotorjobs"]},{"@type":"Person","@id":"https:\/\/news.canadamotorjobs.com\/#\/schema\/person\/51793d1f87d44011d7bcc2ed99269a90","name":"Benoit Charette","image":{"@type":"ImageObject","inLanguage":"fr-CA","@id":"https:\/\/news.canadamotorjobs.com\/#\/schema\/person\/image\/","url":"https:\/\/secure.gravatar.com\/avatar\/45f3d2eebcccd909668d7ce7ea7267b6?s=96&d=mm&r=g","contentUrl":"https:\/\/secure.gravatar.com\/avatar\/45f3d2eebcccd909668d7ce7ea7267b6?s=96&d=mm&r=g","caption":"Benoit Charette"},"description":"Benoit Charette \/ Propri\u00e9taire et r\u00e9dacteur en chef Benoit Charette pratique le journalisme automobile depuis bient\u00f4t 30 ans. Il a fait ses classes au c\u00f4t\u00e9 de Daniel H\u00e9raud et au Carnet de route de 1992 \u00e0 2001. Il est fondateur, copropri\u00e9taire et r\u00e9dacteur en chef de L\u2019Annuel de l\u2019automobile, qu\u2019il publie depuis 2001. Il a anim\u00e9 les \u00e9missions RPM et RPM+ sur V et les L\u00e9gendes de la route sur Historia. \u00c0 la radio depuis 1986, il reprend l\u2019antenne cette ann\u00e9e sur les ondes de Cogeco et participe pour la deuxi\u00e8me ann\u00e9e \u00e0 l\u2019\u00e9mission Passion Auto sur RDS en plus de mettre en ligne le site Web officiel de L\u2019Annuel de l\u2019automobile sur annuelauto.ca.","sameAs":["https:\/\/annuelauto.ca\/"],"url":"https:\/\/news.canadamotorjobs.com\/fr\/author\/benoit-charette\/"}]}},"_links":{"self":[{"href":"https:\/\/news.canadamotorjobs.com\/fr\/wp-json\/wp\/v2\/posts\/156377"}],"collection":[{"href":"https:\/\/news.canadamotorjobs.com\/fr\/wp-json\/wp\/v2\/posts"}],"about":[{"href":"https:\/\/news.canadamotorjobs.com\/fr\/wp-json\/wp\/v2\/types\/post"}],"author":[{"embeddable":true,"href":"https:\/\/news.canadamotorjobs.com\/fr\/wp-json\/wp\/v2\/users\/8"}],"replies":[{"embeddable":true,"href":"https:\/\/news.canadamotorjobs.com\/fr\/wp-json\/wp\/v2\/comments?post=156377"}],"version-history":[{"count":2,"href":"https:\/\/news.canadamotorjobs.com\/fr\/wp-json\/wp\/v2\/posts\/156377\/revisions"}],"predecessor-version":[{"id":156381,"href":"https:\/\/news.canadamotorjobs.com\/fr\/wp-json\/wp\/v2\/posts\/156377\/revisions\/156381"}],"wp:featuredmedia":[{"embeddable":true,"href":"https:\/\/news.canadamotorjobs.com\/fr\/wp-json\/wp\/v2\/media\/156379"}],"wp:attachment":[{"href":"https:\/\/news.canadamotorjobs.com\/fr\/wp-json\/wp\/v2\/media?parent=156377"}],"wp:term":[{"taxonomy":"category","embeddable":true,"href":"https:\/\/news.canadamotorjobs.com\/fr\/wp-json\/wp\/v2\/categories?post=156377"},{"taxonomy":"post_tag","embeddable":true,"href":"https:\/\/news.canadamotorjobs.com\/fr\/wp-json\/wp\/v2\/tags?post=156377"}],"curies":[{"name":"wp","href":"https:\/\/api.w.org\/{rel}","templated":true}]}}