{"id":156341,"date":"2024-01-04T09:44:41","date_gmt":"2024-01-04T14:44:41","guid":{"rendered":"https:\/\/news.canadamotorjobs.com\/?p=156341"},"modified":"2024-01-04T09:45:46","modified_gmt":"2024-01-04T14:45:46","slug":"hyundai-et-kia-sassocient-a-samsung-electronics","status":"publish","type":"post","link":"https:\/\/news.canadamotorjobs.com\/fr\/hyundai-et-kia-sassocient-a-samsung-electronics\/","title":{"rendered":"Hyundai et Kia s\u2019associent \u00e0 Samsung Electronics"},"content":{"rendered":"<p>Hyundai et Kia se sont associ\u00e9s \u00e0 Samsung Electronics pour renforcer la connectivit\u00e9 entre les espaces r\u00e9sidentiels et la mobilit\u00e9 via la plateforme IoT \u00ab\u00a0SmartThings\u00a0\u00bb de Samsung. Cette alliance vise \u00e0 int\u00e9grer de mani\u00e8re fluide les services de voitures connect\u00e9es des constructeurs automobiles \u00e0 l\u2019\u00e9cosyst\u00e8me de l\u2019internet des objets de Samsung.<\/p>\n<p><\/p>\n<h3><strong>Contr\u00f4le \u00e0 distance et interactivit\u00e9 entre voiture et domicile<\/strong><\/h3>\n<p><\/p>\n<p>Les conducteurs de Hyundai et de Kia pourront d\u00e9sormais g\u00e9rer \u00e0 distance divers appareils domestiques via les commandes tactiles et vocales du syst\u00e8me d\u2019infodivertissement de leur voiture. Par exemple, en activant le \u00ab\u00a0Mode Maison\u00a0\u00bb pendant un trajet, ils pourront allumer la climatisation de leur maison, d\u00e9marrer un aspirateur robot et contr\u00f4ler les lumi\u00e8res. Ce syst\u00e8me offre \u00e9galement la possibilit\u00e9 de pr\u00e9activer la climatisation du v\u00e9hicule depuis chez soi.<\/p>\n<p><\/p>\n<h3><strong>Optimisation de l\u2019\u00e9nergie et de la charge<\/strong><\/h3>\n<p><\/p>\n<p>Les utilisateurs de v\u00e9hicules \u00e9lectriques pourront b\u00e9n\u00e9ficier de l\u2019int\u00e9gration SmartThings pour surveiller et ajuster la consommation d\u2019\u00e9nergie de leur domicile et de leur voiture, en ajustant les temps de charge selon leurs besoins.<\/p>\n<p><\/p>\n<h3><strong>Perspectives d\u2019avenir et d\u00e9veloppement technologique<\/strong><\/h3>\n<p><\/p>\n<p>Haeyoung Kwon, vice-pr\u00e9sident du centre de d\u00e9veloppement de l\u2019infodivertissement de Hyundai et de Kia, a soulign\u00e9 l\u2019importance de rendre les services de la voiture connect\u00e9e plus pratiques pour les clients. Cette collaboration vise \u00e0 am\u00e9liorer l\u2019exp\u00e9rience de conduite pour les utilisateurs des marques Hyundai et Kia.<\/p>\n<p><\/p>\n<h3><strong>D\u00e9ploiement et \u00e9volution \u00e0 venir<\/strong><\/h3>\n<p><\/p>\n<p>Les mises \u00e0 jour over-the-air (OTA) et USB des syst\u00e8mes d\u2019infodivertissement des v\u00e9hicules existants des deux constructeurs sud-cor\u00e9ens activeront cette technologie novatrice. Cependant, aucune information pr\u00e9cise sur le d\u00e9ploiement et les march\u00e9s initiaux n\u2019a \u00e9t\u00e9 communiqu\u00e9e pour le moment.<\/p>\n<p><\/p>\n<h3><strong>Vers une exp\u00e9rience client am\u00e9lior\u00e9e<\/strong><\/h3>\n<p><\/p>\n<p>Chanwoo Park, vice-pr\u00e9sident de Samsung Electronics, a exprim\u00e9 la perspective de cr\u00e9er une communication efficace entre la maison et la voiture, offrant ainsi des services int\u00e9gr\u00e9s de gestion de l\u2019\u00e9nergie adapt\u00e9s aux modes de vie futurs. Cette collaboration vise \u00e0 transformer l\u2019exp\u00e9rience des clients \u00e0 la fois \u00e0 domicile et en d\u00e9placement.<\/p>\n<p><\/p>\n<p>L\u2019annonce de ce nouveau syst\u00e8me r\u00e9volutionnaire marque une avanc\u00e9e significative dans le domaine de la connectivit\u00e9 intelligente entre les voitures et les domiciles. Les d\u00e9tails concernant le d\u00e9ploiement seront probablement communiqu\u00e9s ult\u00e9rieurement.<\/p>\n<p><\/p>\n<p>\u00a0<\/p>\n<p><\/p>\n<p>Avec des renseignements de Carscoops<\/p>\n<p><\/p>\n<p>\u00a0<\/p>\n<p><\/p>\n<p>Le texte <a rel=\"nofollow\" href=\"https:\/\/annuelauto.ca\/hyundai-et-kia-sassocient-a-samsung-electronics\/\">Hyundai et Kia s\u2019associent \u00e0 Samsung Electronics<\/a> provient de <a rel=\"nofollow\" href=\"https:\/\/annuelauto.ca\">L&#8217;annuel de l&#8217;automobile &#8211; Actualit\u00e9 automobile<\/a><\/p>\n<p><\/p>\n","protected":false},"excerpt":{"rendered":"<p>Hyundai et Kia se sont associ\u00e9s \u00e0 Samsung Electronics pour renforcer la connectivit\u00e9 entre les espaces r\u00e9sidentiels et la mobilit\u00e9 via la plateforme IoT \u00ab\u00a0SmartThings\u00a0\u00bb de Samsung. Cette alliance vise \u00e0 int\u00e9grer de mani\u00e8re fluide les services de voitures connect\u00e9es des constructeurs automobiles \u00e0 l\u2019\u00e9cosyst\u00e8me de l\u2019internet des objets de Samsung. Contr\u00f4le \u00e0 distance et [&hellip;]<\/p>\n","protected":false},"author":8,"featured_media":0,"comment_status":"close","ping_status":"closed","sticky":false,"template":"","format":"standard","meta":{"_monsterinsights_skip_tracking":false,"_monsterinsights_sitenote_active":false,"_monsterinsights_sitenote_note":"","_monsterinsights_sitenote_category":0,"footnotes":""},"categories":[101],"tags":[],"yoast_head":"<!-- This site is optimized with the Yoast SEO plugin v23.2 - https:\/\/yoast.com\/wordpress\/plugins\/seo\/ -->\n<title>Hyundai et Kia s\u2019associent \u00e0 Samsung Electronics - CanadaMotorJobs.com<\/title>\n<meta name=\"description\" content=\"Hyundai et Kia s\u2019associent \u00e0 Samsung Electronics - Benoit Charette - Annuel automobile - CanadaMotorJobs.com.\" \/>\n<meta name=\"robots\" content=\"index, follow, max-snippet:-1, max-image-preview:large, max-video-preview:-1\" \/>\n<meta property=\"og:locale\" content=\"fr_CA\" \/>\n<meta property=\"og:type\" content=\"article\" \/>\n<meta property=\"og:title\" content=\"Hyundai et Kia s\u2019associent \u00e0 Samsung Electronics - CanadaMotorJobs.com\" \/>\n<meta property=\"og:description\" content=\"Hyundai et Kia s\u2019associent \u00e0 Samsung Electronics - Benoit Charette - Annuel automobile - CanadaMotorJobs.com.\" \/>\n<meta property=\"og:url\" content=\"https:\/\/news.canadamotorjobs.com\/fr\/hyundai-et-kia-sassocient-a-samsung-electronics\/\" \/>\n<meta property=\"og:site_name\" content=\"CanadaMotorJobs.com\" \/>\n<meta property=\"article:publisher\" content=\"https:\/\/www.facebook.com\/canadamotorjobs\/\" \/>\n<meta property=\"article:published_time\" content=\"2024-01-04T14:44:41+00:00\" \/>\n<meta property=\"article:modified_time\" content=\"2024-01-04T14:45:46+00:00\" \/>\n<meta name=\"author\" content=\"Benoit Charette\" \/>\n<meta name=\"twitter:card\" content=\"summary_large_image\" \/>\n<meta name=\"twitter:creator\" content=\"@canadamotorjobs\" \/>\n<meta name=\"twitter:site\" content=\"@canadamotorjobs\" \/>\n<meta name=\"twitter:label1\" content=\"\u00c9crit par\" \/>\n\t<meta name=\"twitter:data1\" content=\"Benoit Charette\" \/>\n\t<meta name=\"twitter:label2\" content=\"Estimation du temps de lecture\" \/>\n\t<meta name=\"twitter:data2\" content=\"2 minutes\" \/>\n<!-- \/ Yoast SEO plugin. -->","yoast_head_json":{"title":"Hyundai et Kia s\u2019associent \u00e0 Samsung Electronics - CanadaMotorJobs.com","description":"Hyundai et Kia s\u2019associent \u00e0 Samsung Electronics - Benoit Charette - Annuel automobile - CanadaMotorJobs.com.","robots":{"index":"index","follow":"follow","max-snippet":"max-snippet:-1","max-image-preview":"max-image-preview:large","max-video-preview":"max-video-preview:-1"},"og_locale":"fr_CA","og_type":"article","og_title":"Hyundai et Kia s\u2019associent \u00e0 Samsung Electronics - CanadaMotorJobs.com","og_description":"Hyundai et Kia s\u2019associent \u00e0 Samsung Electronics - Benoit Charette - Annuel automobile - CanadaMotorJobs.com.","og_url":"https:\/\/news.canadamotorjobs.com\/fr\/hyundai-et-kia-sassocient-a-samsung-electronics\/","og_site_name":"CanadaMotorJobs.com","article_publisher":"https:\/\/www.facebook.com\/canadamotorjobs\/","article_published_time":"2024-01-04T14:44:41+00:00","article_modified_time":"2024-01-04T14:45:46+00:00","author":"Benoit Charette","twitter_card":"summary_large_image","twitter_creator":"@canadamotorjobs","twitter_site":"@canadamotorjobs","twitter_misc":{"\u00c9crit par":"Benoit Charette","Estimation du temps de lecture":"2 minutes"},"schema":{"@context":"https:\/\/schema.org","@graph":[{"@type":"Article","@id":"https:\/\/news.canadamotorjobs.com\/fr\/hyundai-et-kia-sassocient-a-samsung-electronics\/#article","isPartOf":{"@id":"https:\/\/news.canadamotorjobs.com\/fr\/hyundai-et-kia-sassocient-a-samsung-electronics\/"},"author":{"name":"Benoit Charette","@id":"https:\/\/news.canadamotorjobs.com\/#\/schema\/person\/51793d1f87d44011d7bcc2ed99269a90"},"headline":"Hyundai et Kia s\u2019associent \u00e0 Samsung Electronics","datePublished":"2024-01-04T14:44:41+00:00","dateModified":"2024-01-04T14:45:46+00:00","mainEntityOfPage":{"@id":"https:\/\/news.canadamotorjobs.com\/fr\/hyundai-et-kia-sassocient-a-samsung-electronics\/"},"wordCount":438,"publisher":{"@id":"https:\/\/news.canadamotorjobs.com\/#organization"},"articleSection":["Annuel automobile"],"inLanguage":"fr-CA"},{"@type":"WebPage","@id":"https:\/\/news.canadamotorjobs.com\/fr\/hyundai-et-kia-sassocient-a-samsung-electronics\/","url":"https:\/\/news.canadamotorjobs.com\/fr\/hyundai-et-kia-sassocient-a-samsung-electronics\/","name":"Hyundai et Kia s\u2019associent \u00e0 Samsung Electronics - CanadaMotorJobs.com","isPartOf":{"@id":"https:\/\/news.canadamotorjobs.com\/#website"},"datePublished":"2024-01-04T14:44:41+00:00","dateModified":"2024-01-04T14:45:46+00:00","description":"Hyundai et Kia s\u2019associent \u00e0 Samsung Electronics - Benoit Charette - Annuel automobile - CanadaMotorJobs.com.","breadcrumb":{"@id":"https:\/\/news.canadamotorjobs.com\/fr\/hyundai-et-kia-sassocient-a-samsung-electronics\/#breadcrumb"},"inLanguage":"fr-CA","potentialAction":[{"@type":"ReadAction","target":["https:\/\/news.canadamotorjobs.com\/fr\/hyundai-et-kia-sassocient-a-samsung-electronics\/"]}]},{"@type":"BreadcrumbList","@id":"https:\/\/news.canadamotorjobs.com\/fr\/hyundai-et-kia-sassocient-a-samsung-electronics\/#breadcrumb","itemListElement":[{"@type":"ListItem","position":1,"name":"Home","item":"https:\/\/news.canadamotorjobs.com\/fr\/blog\/"},{"@type":"ListItem","position":2,"name":"Hyundai et Kia s\u2019associent \u00e0 Samsung Electronics"}]},{"@type":"WebSite","@id":"https:\/\/news.canadamotorjobs.com\/#website","url":"https:\/\/news.canadamotorjobs.com\/","name":"CanadaMotorJobs.com","description":"Automotive Jobs","publisher":{"@id":"https:\/\/news.canadamotorjobs.com\/#organization"},"potentialAction":[{"@type":"SearchAction","target":{"@type":"EntryPoint","urlTemplate":"https:\/\/news.canadamotorjobs.com\/?s={search_term_string}"},"query-input":"required name=search_term_string"}],"inLanguage":"fr-CA"},{"@type":"Organization","@id":"https:\/\/news.canadamotorjobs.com\/#organization","name":"Canada Motor Jobs","url":"https:\/\/news.canadamotorjobs.com\/","logo":{"@type":"ImageObject","inLanguage":"fr-CA","@id":"https:\/\/news.canadamotorjobs.com\/#\/schema\/logo\/image\/","url":"https:\/\/news.canadamotorjobs.com\/wp-content\/uploads\/2022\/10\/logo-canada-motor-jobs-1.png","contentUrl":"https:\/\/news.canadamotorjobs.com\/wp-content\/uploads\/2022\/10\/logo-canada-motor-jobs-1.png","width":800,"height":400,"caption":"Canada Motor Jobs"},"image":{"@id":"https:\/\/news.canadamotorjobs.com\/#\/schema\/logo\/image\/"},"sameAs":["https:\/\/www.facebook.com\/canadamotorjobs\/","https:\/\/x.com\/canadamotorjobs","https:\/\/www.instagram.com\/canadamotorjobs\/","https:\/\/www.linkedin.com\/company\/canadamotorjobs"]},{"@type":"Person","@id":"https:\/\/news.canadamotorjobs.com\/#\/schema\/person\/51793d1f87d44011d7bcc2ed99269a90","name":"Benoit Charette","image":{"@type":"ImageObject","inLanguage":"fr-CA","@id":"https:\/\/news.canadamotorjobs.com\/#\/schema\/person\/image\/","url":"https:\/\/secure.gravatar.com\/avatar\/45f3d2eebcccd909668d7ce7ea7267b6?s=96&d=mm&r=g","contentUrl":"https:\/\/secure.gravatar.com\/avatar\/45f3d2eebcccd909668d7ce7ea7267b6?s=96&d=mm&r=g","caption":"Benoit Charette"},"description":"Benoit Charette \/ Propri\u00e9taire et r\u00e9dacteur en chef Benoit Charette pratique le journalisme automobile depuis bient\u00f4t 30 ans. Il a fait ses classes au c\u00f4t\u00e9 de Daniel H\u00e9raud et au Carnet de route de 1992 \u00e0 2001. Il est fondateur, copropri\u00e9taire et r\u00e9dacteur en chef de L\u2019Annuel de l\u2019automobile, qu\u2019il publie depuis 2001. Il a anim\u00e9 les \u00e9missions RPM et RPM+ sur V et les L\u00e9gendes de la route sur Historia. \u00c0 la radio depuis 1986, il reprend l\u2019antenne cette ann\u00e9e sur les ondes de Cogeco et participe pour la deuxi\u00e8me ann\u00e9e \u00e0 l\u2019\u00e9mission Passion Auto sur RDS en plus de mettre en ligne le site Web officiel de L\u2019Annuel de l\u2019automobile sur annuelauto.ca.","sameAs":["https:\/\/annuelauto.ca\/"],"url":"https:\/\/news.canadamotorjobs.com\/fr\/author\/benoit-charette\/"}]}},"_links":{"self":[{"href":"https:\/\/news.canadamotorjobs.com\/fr\/wp-json\/wp\/v2\/posts\/156341"}],"collection":[{"href":"https:\/\/news.canadamotorjobs.com\/fr\/wp-json\/wp\/v2\/posts"}],"about":[{"href":"https:\/\/news.canadamotorjobs.com\/fr\/wp-json\/wp\/v2\/types\/post"}],"author":[{"embeddable":true,"href":"https:\/\/news.canadamotorjobs.com\/fr\/wp-json\/wp\/v2\/users\/8"}],"replies":[{"embeddable":true,"href":"https:\/\/news.canadamotorjobs.com\/fr\/wp-json\/wp\/v2\/comments?post=156341"}],"version-history":[{"count":1,"href":"https:\/\/news.canadamotorjobs.com\/fr\/wp-json\/wp\/v2\/posts\/156341\/revisions"}],"predecessor-version":[{"id":156342,"href":"https:\/\/news.canadamotorjobs.com\/fr\/wp-json\/wp\/v2\/posts\/156341\/revisions\/156342"}],"wp:attachment":[{"href":"https:\/\/news.canadamotorjobs.com\/fr\/wp-json\/wp\/v2\/media?parent=156341"}],"wp:term":[{"taxonomy":"category","embeddable":true,"href":"https:\/\/news.canadamotorjobs.com\/fr\/wp-json\/wp\/v2\/categories?post=156341"},{"taxonomy":"post_tag","embeddable":true,"href":"https:\/\/news.canadamotorjobs.com\/fr\/wp-json\/wp\/v2\/tags?post=156341"}],"curies":[{"name":"wp","href":"https:\/\/api.w.org\/{rel}","templated":true}]}}