{"id":156314,"date":"2024-01-04T09:22:45","date_gmt":"2024-01-04T14:22:45","guid":{"rendered":"https:\/\/news.canadamotorjobs.com\/?p=156314"},"modified":"2024-01-04T09:30:19","modified_gmt":"2024-01-04T14:30:19","slug":"le-groupe-volkswagen-annonce-des-avancees-prometteuses-dans-les-batteries-a-letat-solide","status":"publish","type":"post","link":"https:\/\/news.canadamotorjobs.com\/fr\/le-groupe-volkswagen-annonce-des-avancees-prometteuses-dans-les-batteries-a-letat-solide\/","title":{"rendered":"Le groupe Volkswagen annonce des avanc\u00e9es prometteuses dans les batteries \u00e0 l\u2019\u00e9tat solide"},"content":{"rendered":"<\/p>\n<h3>Le partenariat avec QuantumScape : Des r\u00e9sultats de tests positifs<\/h3>\n<p>\nLe groupe Volkswagen a r\u00e9v\u00e9l\u00e9 que les nouvelles cellules de batteries \u00e0 l&#8217;\u00e9tat solide, d\u00e9velopp\u00e9es en collaboration avec QuantumScape, ont offert des performances remarquables lors de r\u00e9cents essais. Ces avanc\u00e9es promettent une autonomie accrue et une d\u00e9gradation nettement r\u00e9duite par rapport aux batteries lithium-ion existantes et aux cellules \u00e0 l&#8217;\u00e9tat solide concurrentes.<\/p>\n<h3><strong>Performances sup\u00e9rieures lors des tests<\/strong><\/h3>\n<p>\nSelon les tests men\u00e9s par PowerCo, la division batteries du groupe Volkswagen en Allemagne, les cellules ont montr\u00e9 une perte minimale de seulement 5 % de leur capacit\u00e9 de stockage apr\u00e8s plus de 1 000 cycles de charge. Cela \u00e9quivaut \u00e0 environ 500\u00a0000 km sur la route pour une voiture \u00e9lectrique avec une autonomie variant entre 500 et 600 km, selon le constructeur allemand. En comparaison, les normes actuelles de l&#8217;industrie automobile pr\u00e9voient 700 cycles de charge avec une perte maximale de 20 % de la capacit\u00e9 de stockage.<\/p>\n<h3><strong>R\u00e9actions positives et perspectives<\/strong><\/h3>\n<p>\nPowerCo a soulign\u00e9 que ces nouvelles cellules ont \u00e9galement r\u00e9pondu \u00e0 d&#8217;autres crit\u00e8res essentiels tels que la capacit\u00e9 de charge rapide, la s\u00e9curit\u00e9 et l&#8217;autod\u00e9charge. Frank Blome, PDG de PowerCo, s&#8217;est exprim\u00e9 de mani\u00e8re positive : &#8220;Ces r\u00e9sultats sont tr\u00e8s encourageants. Le r\u00e9sultat final de ce d\u00e9veloppement pourrait \u00eatre une cellule de batterie permettant de grandes port\u00e9es, une charge rapide et un vieillissement pratiquement n\u00e9gligeable&#8221;.<\/p>\n<h3><strong>Les caract\u00e9ristiques des batteries \u00e0 l&#8217;\u00e9tat solide<\/strong><\/h3>\n<p>\nLes batteries \u00e0 l&#8217;\u00e9tat solide remplacent l&#8217;\u00e9lectrolyte liquide et le s\u00e9parateur des batteries lithium-ion par un s\u00e9parateur solide g\u00e9n\u00e9ralement constitu\u00e9 de c\u00e9ramique, de polym\u00e8re ou de verre. Le s\u00e9parateur en c\u00e9ramique d\u00e9velopp\u00e9 par QuantumScape est crucial pour ces nouvelles cellules.<\/p>\n<h3><strong>Perspectives futures et concurrence sur le march\u00e9<\/strong><\/h3>\n<p>\nQuantumScape vise \u00e0 mettre en production ses nouvelles cellules \u00e0 grande \u00e9chelle dans les meilleurs d\u00e9lais, tandis que d&#8217;autres acteurs tels que Nio et Toyota travaillent \u00e9galement sur des solutions similaires. Nio pr\u00e9voit de mettre \u00e0 disposition une batterie semi-solide en 2024, tandis que Toyota vise \u00e0 commercialiser des batteries \u00e0 l&#8217;\u00e9tat solide d&#8217;ici 2027.<\/p>\n<h3><strong>Le partenariat durable du groupe Volkswagen avec QuantumScape<\/strong><\/h3>\n<p>\nLe groupe Volkswagen collabore avec QuantumScape depuis 2010 et a investi massivement dans le d\u00e9veloppement de cette technologie. Devenant le principal actionnaire de QuantumScape en 2012, le constructeur allemand a depuis augment\u00e9 ses investissements pour rendre les voitures \u00e9lectriques plus efficaces et abordables, avec un total d&#8217;investissements atteignant des centaines de millions de dollars.<\/p>\n<p>Cette avanc\u00e9e technologique promet un avenir plus durable pour les v\u00e9hicules \u00e9lectriques et pourrait jouer un r\u00f4le cl\u00e9 dans la transition vers des moyens de transport plus propres et performants.<\/p>\n<p>Avec ces renseignements d\u2019Autocar<\/p>\n<p>Le texte <a rel=\"nofollow\" href=\"https:\/\/annuelauto.ca\/le-groupe-volkswagen-annonce-des-avancees-prometteuses-dans-les-batteries-a-letat-solide\/\">Le groupe Volkswagen annonce des avanc\u00e9es prometteuses dans les batteries \u00e0 l\u2019\u00e9tat solide<\/a> provient de <a rel=\"nofollow\" href=\"https:\/\/annuelauto.ca\">L&#8217;annuel de l&#8217;automobile &#8211; Actualit\u00e9 automobile<\/a><\/p>\n<p><\/p>\n","protected":false},"excerpt":{"rendered":"<p>Le partenariat avec QuantumScape : Des r\u00e9sultats de tests positifs Le groupe Volkswagen a r\u00e9v\u00e9l\u00e9 que les nouvelles cellules de batteries \u00e0 l&#8217;\u00e9tat solide, d\u00e9velopp\u00e9es en collaboration avec QuantumScape, ont offert des performances remarquables lors de r\u00e9cents essais. Ces avanc\u00e9es promettent une autonomie accrue et une d\u00e9gradation nettement r\u00e9duite par rapport aux batteries lithium-ion existantes [&hellip;]<\/p>\n","protected":false},"author":8,"featured_media":156316,"comment_status":"close","ping_status":"closed","sticky":false,"template":"","format":"standard","meta":{"_monsterinsights_skip_tracking":false,"_monsterinsights_sitenote_active":false,"_monsterinsights_sitenote_note":"","_monsterinsights_sitenote_category":0,"footnotes":""},"categories":[101],"tags":[],"yoast_head":"<!-- This site is optimized with the Yoast SEO plugin v23.2 - https:\/\/yoast.com\/wordpress\/plugins\/seo\/ -->\n<title>Le groupe Volkswagen annonce des avanc\u00e9es prometteuses dans les batteries \u00e0 l\u2019\u00e9tat solide - CanadaMotorJobs.com<\/title>\n<meta name=\"description\" content=\"Le groupe Volkswagen annonce des avanc\u00e9es prometteuses dans les batteries \u00e0 l\u2019\u00e9tat solide - Benoit Charette - Annuel automobile - CanadaMotorJobs.com.\" \/>\n<meta name=\"robots\" content=\"index, follow, max-snippet:-1, max-image-preview:large, max-video-preview:-1\" \/>\n<meta property=\"og:locale\" content=\"fr_CA\" \/>\n<meta property=\"og:type\" content=\"article\" \/>\n<meta property=\"og:title\" content=\"Le groupe Volkswagen annonce des avanc\u00e9es prometteuses dans les batteries \u00e0 l\u2019\u00e9tat solide - CanadaMotorJobs.com\" \/>\n<meta property=\"og:description\" content=\"Le groupe Volkswagen annonce des avanc\u00e9es prometteuses dans les batteries \u00e0 l\u2019\u00e9tat solide - Benoit Charette - Annuel automobile - CanadaMotorJobs.com.\" \/>\n<meta property=\"og:url\" content=\"https:\/\/news.canadamotorjobs.com\/fr\/le-groupe-volkswagen-annonce-des-avancees-prometteuses-dans-les-batteries-a-letat-solide\/\" \/>\n<meta property=\"og:site_name\" content=\"CanadaMotorJobs.com\" \/>\n<meta property=\"article:publisher\" content=\"https:\/\/www.facebook.com\/canadamotorjobs\/\" \/>\n<meta property=\"article:published_time\" content=\"2024-01-04T14:22:45+00:00\" \/>\n<meta property=\"article:modified_time\" content=\"2024-01-04T14:30:19+00:00\" \/>\n<meta property=\"og:image\" content=\"https:\/\/news.canadamotorjobs.com\/wp-content\/uploads\/2024\/01\/vw_id_battery.jpg\" \/>\n\t<meta property=\"og:image:width\" content=\"2035\" \/>\n\t<meta property=\"og:image:height\" content=\"1302\" \/>\n\t<meta property=\"og:image:type\" content=\"image\/jpeg\" \/>\n<meta name=\"author\" content=\"Benoit Charette\" \/>\n<meta name=\"twitter:card\" content=\"summary_large_image\" \/>\n<meta name=\"twitter:creator\" content=\"@canadamotorjobs\" \/>\n<meta name=\"twitter:site\" content=\"@canadamotorjobs\" \/>\n<meta name=\"twitter:label1\" content=\"\u00c9crit par\" \/>\n\t<meta name=\"twitter:data1\" content=\"Benoit Charette\" \/>\n\t<meta name=\"twitter:label2\" content=\"Estimation du temps de lecture\" \/>\n\t<meta name=\"twitter:data2\" content=\"2 minutes\" \/>\n<!-- \/ Yoast SEO plugin. -->","yoast_head_json":{"title":"Le groupe Volkswagen annonce des avanc\u00e9es prometteuses dans les batteries \u00e0 l\u2019\u00e9tat solide - CanadaMotorJobs.com","description":"Le groupe Volkswagen annonce des avanc\u00e9es prometteuses dans les batteries \u00e0 l\u2019\u00e9tat solide - Benoit Charette - Annuel automobile - CanadaMotorJobs.com.","robots":{"index":"index","follow":"follow","max-snippet":"max-snippet:-1","max-image-preview":"max-image-preview:large","max-video-preview":"max-video-preview:-1"},"og_locale":"fr_CA","og_type":"article","og_title":"Le groupe Volkswagen annonce des avanc\u00e9es prometteuses dans les batteries \u00e0 l\u2019\u00e9tat solide - CanadaMotorJobs.com","og_description":"Le groupe Volkswagen annonce des avanc\u00e9es prometteuses dans les batteries \u00e0 l\u2019\u00e9tat solide - Benoit Charette - Annuel automobile - CanadaMotorJobs.com.","og_url":"https:\/\/news.canadamotorjobs.com\/fr\/le-groupe-volkswagen-annonce-des-avancees-prometteuses-dans-les-batteries-a-letat-solide\/","og_site_name":"CanadaMotorJobs.com","article_publisher":"https:\/\/www.facebook.com\/canadamotorjobs\/","article_published_time":"2024-01-04T14:22:45+00:00","article_modified_time":"2024-01-04T14:30:19+00:00","og_image":[{"width":2035,"height":1302,"url":"https:\/\/news.canadamotorjobs.com\/wp-content\/uploads\/2024\/01\/vw_id_battery.jpg","type":"image\/jpeg"}],"author":"Benoit Charette","twitter_card":"summary_large_image","twitter_creator":"@canadamotorjobs","twitter_site":"@canadamotorjobs","twitter_misc":{"\u00c9crit par":"Benoit Charette","Estimation du temps de lecture":"2 minutes"},"schema":{"@context":"https:\/\/schema.org","@graph":[{"@type":"Article","@id":"https:\/\/news.canadamotorjobs.com\/fr\/le-groupe-volkswagen-annonce-des-avancees-prometteuses-dans-les-batteries-a-letat-solide\/#article","isPartOf":{"@id":"https:\/\/news.canadamotorjobs.com\/fr\/le-groupe-volkswagen-annonce-des-avancees-prometteuses-dans-les-batteries-a-letat-solide\/"},"author":{"name":"Benoit Charette","@id":"https:\/\/news.canadamotorjobs.com\/#\/schema\/person\/51793d1f87d44011d7bcc2ed99269a90"},"headline":"Le groupe Volkswagen annonce des avanc\u00e9es prometteuses dans les batteries \u00e0 l\u2019\u00e9tat solide","datePublished":"2024-01-04T14:22:45+00:00","dateModified":"2024-01-04T14:30:19+00:00","mainEntityOfPage":{"@id":"https:\/\/news.canadamotorjobs.com\/fr\/le-groupe-volkswagen-annonce-des-avancees-prometteuses-dans-les-batteries-a-letat-solide\/"},"wordCount":497,"publisher":{"@id":"https:\/\/news.canadamotorjobs.com\/#organization"},"image":{"@id":"https:\/\/news.canadamotorjobs.com\/fr\/le-groupe-volkswagen-annonce-des-avancees-prometteuses-dans-les-batteries-a-letat-solide\/#primaryimage"},"thumbnailUrl":"https:\/\/news.canadamotorjobs.com\/wp-content\/uploads\/2024\/01\/vw_id_battery.jpg","articleSection":["Annuel automobile"],"inLanguage":"fr-CA"},{"@type":"WebPage","@id":"https:\/\/news.canadamotorjobs.com\/fr\/le-groupe-volkswagen-annonce-des-avancees-prometteuses-dans-les-batteries-a-letat-solide\/","url":"https:\/\/news.canadamotorjobs.com\/fr\/le-groupe-volkswagen-annonce-des-avancees-prometteuses-dans-les-batteries-a-letat-solide\/","name":"Le groupe Volkswagen annonce des avanc\u00e9es prometteuses dans les batteries \u00e0 l\u2019\u00e9tat solide - CanadaMotorJobs.com","isPartOf":{"@id":"https:\/\/news.canadamotorjobs.com\/#website"},"primaryImageOfPage":{"@id":"https:\/\/news.canadamotorjobs.com\/fr\/le-groupe-volkswagen-annonce-des-avancees-prometteuses-dans-les-batteries-a-letat-solide\/#primaryimage"},"image":{"@id":"https:\/\/news.canadamotorjobs.com\/fr\/le-groupe-volkswagen-annonce-des-avancees-prometteuses-dans-les-batteries-a-letat-solide\/#primaryimage"},"thumbnailUrl":"https:\/\/news.canadamotorjobs.com\/wp-content\/uploads\/2024\/01\/vw_id_battery.jpg","datePublished":"2024-01-04T14:22:45+00:00","dateModified":"2024-01-04T14:30:19+00:00","description":"Le groupe Volkswagen annonce des avanc\u00e9es prometteuses dans les batteries \u00e0 l\u2019\u00e9tat solide - Benoit Charette - Annuel automobile - CanadaMotorJobs.com.","breadcrumb":{"@id":"https:\/\/news.canadamotorjobs.com\/fr\/le-groupe-volkswagen-annonce-des-avancees-prometteuses-dans-les-batteries-a-letat-solide\/#breadcrumb"},"inLanguage":"fr-CA","potentialAction":[{"@type":"ReadAction","target":["https:\/\/news.canadamotorjobs.com\/fr\/le-groupe-volkswagen-annonce-des-avancees-prometteuses-dans-les-batteries-a-letat-solide\/"]}]},{"@type":"ImageObject","inLanguage":"fr-CA","@id":"https:\/\/news.canadamotorjobs.com\/fr\/le-groupe-volkswagen-annonce-des-avancees-prometteuses-dans-les-batteries-a-letat-solide\/#primaryimage","url":"https:\/\/news.canadamotorjobs.com\/wp-content\/uploads\/2024\/01\/vw_id_battery.jpg","contentUrl":"https:\/\/news.canadamotorjobs.com\/wp-content\/uploads\/2024\/01\/vw_id_battery.jpg","width":2035,"height":1302},{"@type":"BreadcrumbList","@id":"https:\/\/news.canadamotorjobs.com\/fr\/le-groupe-volkswagen-annonce-des-avancees-prometteuses-dans-les-batteries-a-letat-solide\/#breadcrumb","itemListElement":[{"@type":"ListItem","position":1,"name":"Home","item":"https:\/\/news.canadamotorjobs.com\/fr\/blog\/"},{"@type":"ListItem","position":2,"name":"Le groupe Volkswagen annonce des avanc\u00e9es prometteuses dans les batteries \u00e0 l\u2019\u00e9tat solide"}]},{"@type":"WebSite","@id":"https:\/\/news.canadamotorjobs.com\/#website","url":"https:\/\/news.canadamotorjobs.com\/","name":"CanadaMotorJobs.com","description":"Automotive Jobs","publisher":{"@id":"https:\/\/news.canadamotorjobs.com\/#organization"},"potentialAction":[{"@type":"SearchAction","target":{"@type":"EntryPoint","urlTemplate":"https:\/\/news.canadamotorjobs.com\/?s={search_term_string}"},"query-input":"required name=search_term_string"}],"inLanguage":"fr-CA"},{"@type":"Organization","@id":"https:\/\/news.canadamotorjobs.com\/#organization","name":"Canada Motor Jobs","url":"https:\/\/news.canadamotorjobs.com\/","logo":{"@type":"ImageObject","inLanguage":"fr-CA","@id":"https:\/\/news.canadamotorjobs.com\/#\/schema\/logo\/image\/","url":"https:\/\/news.canadamotorjobs.com\/wp-content\/uploads\/2022\/10\/logo-canada-motor-jobs-1.png","contentUrl":"https:\/\/news.canadamotorjobs.com\/wp-content\/uploads\/2022\/10\/logo-canada-motor-jobs-1.png","width":800,"height":400,"caption":"Canada Motor Jobs"},"image":{"@id":"https:\/\/news.canadamotorjobs.com\/#\/schema\/logo\/image\/"},"sameAs":["https:\/\/www.facebook.com\/canadamotorjobs\/","https:\/\/x.com\/canadamotorjobs","https:\/\/www.instagram.com\/canadamotorjobs\/","https:\/\/www.linkedin.com\/company\/canadamotorjobs"]},{"@type":"Person","@id":"https:\/\/news.canadamotorjobs.com\/#\/schema\/person\/51793d1f87d44011d7bcc2ed99269a90","name":"Benoit Charette","image":{"@type":"ImageObject","inLanguage":"fr-CA","@id":"https:\/\/news.canadamotorjobs.com\/#\/schema\/person\/image\/","url":"https:\/\/secure.gravatar.com\/avatar\/45f3d2eebcccd909668d7ce7ea7267b6?s=96&d=mm&r=g","contentUrl":"https:\/\/secure.gravatar.com\/avatar\/45f3d2eebcccd909668d7ce7ea7267b6?s=96&d=mm&r=g","caption":"Benoit Charette"},"description":"Benoit Charette \/ Propri\u00e9taire et r\u00e9dacteur en chef Benoit Charette pratique le journalisme automobile depuis bient\u00f4t 30 ans. Il a fait ses classes au c\u00f4t\u00e9 de Daniel H\u00e9raud et au Carnet de route de 1992 \u00e0 2001. Il est fondateur, copropri\u00e9taire et r\u00e9dacteur en chef de L\u2019Annuel de l\u2019automobile, qu\u2019il publie depuis 2001. Il a anim\u00e9 les \u00e9missions RPM et RPM+ sur V et les L\u00e9gendes de la route sur Historia. \u00c0 la radio depuis 1986, il reprend l\u2019antenne cette ann\u00e9e sur les ondes de Cogeco et participe pour la deuxi\u00e8me ann\u00e9e \u00e0 l\u2019\u00e9mission Passion Auto sur RDS en plus de mettre en ligne le site Web officiel de L\u2019Annuel de l\u2019automobile sur annuelauto.ca.","sameAs":["https:\/\/annuelauto.ca\/"],"url":"https:\/\/news.canadamotorjobs.com\/fr\/author\/benoit-charette\/"}]}},"_links":{"self":[{"href":"https:\/\/news.canadamotorjobs.com\/fr\/wp-json\/wp\/v2\/posts\/156314"}],"collection":[{"href":"https:\/\/news.canadamotorjobs.com\/fr\/wp-json\/wp\/v2\/posts"}],"about":[{"href":"https:\/\/news.canadamotorjobs.com\/fr\/wp-json\/wp\/v2\/types\/post"}],"author":[{"embeddable":true,"href":"https:\/\/news.canadamotorjobs.com\/fr\/wp-json\/wp\/v2\/users\/8"}],"replies":[{"embeddable":true,"href":"https:\/\/news.canadamotorjobs.com\/fr\/wp-json\/wp\/v2\/comments?post=156314"}],"version-history":[{"count":2,"href":"https:\/\/news.canadamotorjobs.com\/fr\/wp-json\/wp\/v2\/posts\/156314\/revisions"}],"predecessor-version":[{"id":156318,"href":"https:\/\/news.canadamotorjobs.com\/fr\/wp-json\/wp\/v2\/posts\/156314\/revisions\/156318"}],"wp:featuredmedia":[{"embeddable":true,"href":"https:\/\/news.canadamotorjobs.com\/fr\/wp-json\/wp\/v2\/media\/156316"}],"wp:attachment":[{"href":"https:\/\/news.canadamotorjobs.com\/fr\/wp-json\/wp\/v2\/media?parent=156314"}],"wp:term":[{"taxonomy":"category","embeddable":true,"href":"https:\/\/news.canadamotorjobs.com\/fr\/wp-json\/wp\/v2\/categories?post=156314"},{"taxonomy":"post_tag","embeddable":true,"href":"https:\/\/news.canadamotorjobs.com\/fr\/wp-json\/wp\/v2\/tags?post=156314"}],"curies":[{"name":"wp","href":"https:\/\/api.w.org\/{rel}","templated":true}]}}