{"id":156256,"date":"2024-01-03T17:03:25","date_gmt":"2024-01-03T22:03:25","guid":{"rendered":"https:\/\/news.canadamotorjobs.com\/?p=156256"},"modified":"2024-01-03T17:15:31","modified_gmt":"2024-01-03T22:15:31","slug":"ford-rappelle-pres-de-113-000-f-150","status":"publish","type":"post","link":"https:\/\/news.canadamotorjobs.com\/fr\/ford-rappelle-pres-de-113-000-f-150\/","title":{"rendered":"Ford rappelle pr\u00e8s de 113 000 F-150"},"content":{"rendered":"<\/p>\n<p>Ford a annonc\u00e9 le rappel de 112 965 camions F-150 des ann\u00e9es mod\u00e8les 2019 \u00e0 2021 en raison de probl\u00e8mes potentiels avec leurs essieux arri\u00e8re, pouvant entra\u00eener des risques d&#8217;accident.<\/p>\n<h3>Risque d&#8217;Accident<\/h3>\n<p>\nLes essieux arri\u00e8re d\u00e9fectueux peuvent pr\u00e9senter des cannelures endommag\u00e9es au niveau des moyeux d&#8217;essieu, ce qui peut provoquer le d\u00e9placement inattendu du v\u00e9hicule ou r\u00e9duire sa puissance. Cette situation peut augmenter consid\u00e9rablement le risque d&#8217;accidents.<\/p>\n<h3>D\u00e9tails Techniques du Probl\u00e8me<\/h3>\n<p>\nLes mod\u00e8les F-150 concern\u00e9s par ce rappel sont ceux \u00e9quip\u00e9s de l&#8217;ensemble Trailer Tow Max Duty et dot\u00e9s d&#8217;un essieu arri\u00e8re \u00e0 usage intensif. Le probl\u00e8me r\u00e9side dans la possibilit\u00e9 de rupture du boulon de moyeu, endommageant ainsi les cannelures du moyeu de l&#8217;essieu.<\/p>\n<h3>Actions Recommand\u00e9es pour les Propri\u00e9taires<\/h3>\n<p>\nFord incite vivement les propri\u00e9taires de F-150 concern\u00e9s \u00e0 agir imm\u00e9diatement s&#8217;ils remarquent des signes de d\u00e9faillance, tels que des bruits inhabituels (comme des cliquetis ou des grincements). Les propri\u00e9taires sont conseill\u00e9s de contacter un concessionnaire Ford d\u00e8s que possible pour effectuer les r\u00e9parations n\u00e9cessaires.<\/p>\n<h3>Prochaine \u00c9tape pour les Propri\u00e9taires<\/h3>\n<p>\nLa soci\u00e9t\u00e9 pr\u00e9voit d&#8217;envoyer des lettres de notification aux propri\u00e9taires concern\u00e9s d&#8217;ici le 29 janvier. Ford travaille activement pour r\u00e9soudre ce probl\u00e8me de s\u00e9curit\u00e9, mais il est essentiel que les propri\u00e9taires agissent d\u00e8s qu&#8217;ils remarquent des signes de dysfonctionnement pour pr\u00e9venir tout risque potentiel d&#8217;accident.<\/p>\n<p>Avec des renseignements de Car and Driver<\/p>\n<p>\u00a0<\/p>\n<p>Le texte <a rel=\"nofollow\" href=\"https:\/\/annuelauto.ca\/ford-rappelle-pres-de-113-000-f-150\/\">Ford rappelle pr\u00e8s de 113 000 F-150<\/a> provient de <a rel=\"nofollow\" href=\"https:\/\/annuelauto.ca\">L&#8217;annuel de l&#8217;automobile &#8211; Actualit\u00e9 automobile<\/a><\/p>\n<p><\/p>\n","protected":false},"excerpt":{"rendered":"<p>Ford a annonc\u00e9 le rappel de 112 965 camions F-150 des ann\u00e9es mod\u00e8les 2019 \u00e0 2021 en raison de probl\u00e8mes potentiels avec leurs essieux arri\u00e8re, pouvant entra\u00eener des risques d&#8217;accident. Risque d&#8217;Accident Les essieux arri\u00e8re d\u00e9fectueux peuvent pr\u00e9senter des cannelures endommag\u00e9es au niveau des moyeux d&#8217;essieu, ce qui peut provoquer le d\u00e9placement inattendu du v\u00e9hicule [&hellip;]<\/p>\n","protected":false},"author":8,"featured_media":156258,"comment_status":"close","ping_status":"closed","sticky":false,"template":"","format":"standard","meta":{"_monsterinsights_skip_tracking":false,"_monsterinsights_sitenote_active":false,"_monsterinsights_sitenote_note":"","_monsterinsights_sitenote_category":0,"footnotes":""},"categories":[101],"tags":[],"yoast_head":"<!-- This site is optimized with the Yoast SEO plugin v23.2 - https:\/\/yoast.com\/wordpress\/plugins\/seo\/ -->\n<title>Ford rappelle pr\u00e8s de 113 000 F-150 - CanadaMotorJobs.com<\/title>\n<meta name=\"description\" content=\"Ford rappelle pr\u00e8s de 113 000 F-150 - Benoit Charette - Annuel automobile - CanadaMotorJobs.com.\" \/>\n<meta name=\"robots\" content=\"index, follow, max-snippet:-1, max-image-preview:large, max-video-preview:-1\" \/>\n<meta property=\"og:locale\" content=\"fr_CA\" \/>\n<meta property=\"og:type\" content=\"article\" \/>\n<meta property=\"og:title\" content=\"Ford rappelle pr\u00e8s de 113 000 F-150 - CanadaMotorJobs.com\" \/>\n<meta property=\"og:description\" content=\"Ford rappelle pr\u00e8s de 113 000 F-150 - Benoit Charette - Annuel automobile - CanadaMotorJobs.com.\" \/>\n<meta property=\"og:url\" content=\"https:\/\/news.canadamotorjobs.com\/fr\/ford-rappelle-pres-de-113-000-f-150\/\" \/>\n<meta property=\"og:site_name\" content=\"CanadaMotorJobs.com\" \/>\n<meta property=\"article:publisher\" content=\"https:\/\/www.facebook.com\/canadamotorjobs\/\" \/>\n<meta property=\"article:published_time\" content=\"2024-01-03T22:03:25+00:00\" \/>\n<meta property=\"article:modified_time\" content=\"2024-01-03T22:15:31+00:00\" \/>\n<meta property=\"og:image\" content=\"https:\/\/news.canadamotorjobs.com\/wp-content\/uploads\/2024\/01\/605943.jpg\" \/>\n\t<meta property=\"og:image:width\" content=\"1600\" \/>\n\t<meta property=\"og:image:height\" content=\"1067\" \/>\n\t<meta property=\"og:image:type\" content=\"image\/jpeg\" \/>\n<meta name=\"author\" content=\"Benoit Charette\" \/>\n<meta name=\"twitter:card\" content=\"summary_large_image\" \/>\n<meta name=\"twitter:creator\" content=\"@canadamotorjobs\" \/>\n<meta name=\"twitter:site\" content=\"@canadamotorjobs\" \/>\n<meta name=\"twitter:label1\" content=\"\u00c9crit par\" \/>\n\t<meta name=\"twitter:data1\" content=\"Benoit Charette\" \/>\n\t<meta name=\"twitter:label2\" content=\"Estimation du temps de lecture\" \/>\n\t<meta name=\"twitter:data2\" content=\"1 minute\" \/>\n<!-- \/ Yoast SEO plugin. -->","yoast_head_json":{"title":"Ford rappelle pr\u00e8s de 113 000 F-150 - CanadaMotorJobs.com","description":"Ford rappelle pr\u00e8s de 113 000 F-150 - Benoit Charette - Annuel automobile - CanadaMotorJobs.com.","robots":{"index":"index","follow":"follow","max-snippet":"max-snippet:-1","max-image-preview":"max-image-preview:large","max-video-preview":"max-video-preview:-1"},"og_locale":"fr_CA","og_type":"article","og_title":"Ford rappelle pr\u00e8s de 113 000 F-150 - CanadaMotorJobs.com","og_description":"Ford rappelle pr\u00e8s de 113 000 F-150 - Benoit Charette - Annuel automobile - CanadaMotorJobs.com.","og_url":"https:\/\/news.canadamotorjobs.com\/fr\/ford-rappelle-pres-de-113-000-f-150\/","og_site_name":"CanadaMotorJobs.com","article_publisher":"https:\/\/www.facebook.com\/canadamotorjobs\/","article_published_time":"2024-01-03T22:03:25+00:00","article_modified_time":"2024-01-03T22:15:31+00:00","og_image":[{"width":1600,"height":1067,"url":"https:\/\/news.canadamotorjobs.com\/wp-content\/uploads\/2024\/01\/605943.jpg","type":"image\/jpeg"}],"author":"Benoit Charette","twitter_card":"summary_large_image","twitter_creator":"@canadamotorjobs","twitter_site":"@canadamotorjobs","twitter_misc":{"\u00c9crit par":"Benoit Charette","Estimation du temps de lecture":"1 minute"},"schema":{"@context":"https:\/\/schema.org","@graph":[{"@type":"Article","@id":"https:\/\/news.canadamotorjobs.com\/fr\/ford-rappelle-pres-de-113-000-f-150\/#article","isPartOf":{"@id":"https:\/\/news.canadamotorjobs.com\/fr\/ford-rappelle-pres-de-113-000-f-150\/"},"author":{"name":"Benoit Charette","@id":"https:\/\/news.canadamotorjobs.com\/#\/schema\/person\/51793d1f87d44011d7bcc2ed99269a90"},"headline":"Ford rappelle pr\u00e8s de 113 000 F-150","datePublished":"2024-01-03T22:03:25+00:00","dateModified":"2024-01-03T22:15:31+00:00","mainEntityOfPage":{"@id":"https:\/\/news.canadamotorjobs.com\/fr\/ford-rappelle-pres-de-113-000-f-150\/"},"wordCount":294,"publisher":{"@id":"https:\/\/news.canadamotorjobs.com\/#organization"},"image":{"@id":"https:\/\/news.canadamotorjobs.com\/fr\/ford-rappelle-pres-de-113-000-f-150\/#primaryimage"},"thumbnailUrl":"https:\/\/news.canadamotorjobs.com\/wp-content\/uploads\/2024\/01\/605943.jpg","articleSection":["Annuel automobile"],"inLanguage":"fr-CA"},{"@type":"WebPage","@id":"https:\/\/news.canadamotorjobs.com\/fr\/ford-rappelle-pres-de-113-000-f-150\/","url":"https:\/\/news.canadamotorjobs.com\/fr\/ford-rappelle-pres-de-113-000-f-150\/","name":"Ford rappelle pr\u00e8s de 113 000 F-150 - CanadaMotorJobs.com","isPartOf":{"@id":"https:\/\/news.canadamotorjobs.com\/#website"},"primaryImageOfPage":{"@id":"https:\/\/news.canadamotorjobs.com\/fr\/ford-rappelle-pres-de-113-000-f-150\/#primaryimage"},"image":{"@id":"https:\/\/news.canadamotorjobs.com\/fr\/ford-rappelle-pres-de-113-000-f-150\/#primaryimage"},"thumbnailUrl":"https:\/\/news.canadamotorjobs.com\/wp-content\/uploads\/2024\/01\/605943.jpg","datePublished":"2024-01-03T22:03:25+00:00","dateModified":"2024-01-03T22:15:31+00:00","description":"Ford rappelle pr\u00e8s de 113 000 F-150 - Benoit Charette - Annuel automobile - CanadaMotorJobs.com.","breadcrumb":{"@id":"https:\/\/news.canadamotorjobs.com\/fr\/ford-rappelle-pres-de-113-000-f-150\/#breadcrumb"},"inLanguage":"fr-CA","potentialAction":[{"@type":"ReadAction","target":["https:\/\/news.canadamotorjobs.com\/fr\/ford-rappelle-pres-de-113-000-f-150\/"]}]},{"@type":"ImageObject","inLanguage":"fr-CA","@id":"https:\/\/news.canadamotorjobs.com\/fr\/ford-rappelle-pres-de-113-000-f-150\/#primaryimage","url":"https:\/\/news.canadamotorjobs.com\/wp-content\/uploads\/2024\/01\/605943.jpg","contentUrl":"https:\/\/news.canadamotorjobs.com\/wp-content\/uploads\/2024\/01\/605943.jpg","width":1600,"height":1067},{"@type":"BreadcrumbList","@id":"https:\/\/news.canadamotorjobs.com\/fr\/ford-rappelle-pres-de-113-000-f-150\/#breadcrumb","itemListElement":[{"@type":"ListItem","position":1,"name":"Home","item":"https:\/\/news.canadamotorjobs.com\/fr\/blog\/"},{"@type":"ListItem","position":2,"name":"Ford rappelle pr\u00e8s de 113 000 F-150"}]},{"@type":"WebSite","@id":"https:\/\/news.canadamotorjobs.com\/#website","url":"https:\/\/news.canadamotorjobs.com\/","name":"CanadaMotorJobs.com","description":"Automotive Jobs","publisher":{"@id":"https:\/\/news.canadamotorjobs.com\/#organization"},"potentialAction":[{"@type":"SearchAction","target":{"@type":"EntryPoint","urlTemplate":"https:\/\/news.canadamotorjobs.com\/?s={search_term_string}"},"query-input":"required name=search_term_string"}],"inLanguage":"fr-CA"},{"@type":"Organization","@id":"https:\/\/news.canadamotorjobs.com\/#organization","name":"Canada Motor Jobs","url":"https:\/\/news.canadamotorjobs.com\/","logo":{"@type":"ImageObject","inLanguage":"fr-CA","@id":"https:\/\/news.canadamotorjobs.com\/#\/schema\/logo\/image\/","url":"https:\/\/news.canadamotorjobs.com\/wp-content\/uploads\/2022\/10\/logo-canada-motor-jobs-1.png","contentUrl":"https:\/\/news.canadamotorjobs.com\/wp-content\/uploads\/2022\/10\/logo-canada-motor-jobs-1.png","width":800,"height":400,"caption":"Canada Motor Jobs"},"image":{"@id":"https:\/\/news.canadamotorjobs.com\/#\/schema\/logo\/image\/"},"sameAs":["https:\/\/www.facebook.com\/canadamotorjobs\/","https:\/\/x.com\/canadamotorjobs","https:\/\/www.instagram.com\/canadamotorjobs\/","https:\/\/www.linkedin.com\/company\/canadamotorjobs"]},{"@type":"Person","@id":"https:\/\/news.canadamotorjobs.com\/#\/schema\/person\/51793d1f87d44011d7bcc2ed99269a90","name":"Benoit Charette","image":{"@type":"ImageObject","inLanguage":"fr-CA","@id":"https:\/\/news.canadamotorjobs.com\/#\/schema\/person\/image\/","url":"https:\/\/secure.gravatar.com\/avatar\/45f3d2eebcccd909668d7ce7ea7267b6?s=96&d=mm&r=g","contentUrl":"https:\/\/secure.gravatar.com\/avatar\/45f3d2eebcccd909668d7ce7ea7267b6?s=96&d=mm&r=g","caption":"Benoit Charette"},"description":"Benoit Charette \/ Propri\u00e9taire et r\u00e9dacteur en chef Benoit Charette pratique le journalisme automobile depuis bient\u00f4t 30 ans. Il a fait ses classes au c\u00f4t\u00e9 de Daniel H\u00e9raud et au Carnet de route de 1992 \u00e0 2001. Il est fondateur, copropri\u00e9taire et r\u00e9dacteur en chef de L\u2019Annuel de l\u2019automobile, qu\u2019il publie depuis 2001. Il a anim\u00e9 les \u00e9missions RPM et RPM+ sur V et les L\u00e9gendes de la route sur Historia. \u00c0 la radio depuis 1986, il reprend l\u2019antenne cette ann\u00e9e sur les ondes de Cogeco et participe pour la deuxi\u00e8me ann\u00e9e \u00e0 l\u2019\u00e9mission Passion Auto sur RDS en plus de mettre en ligne le site Web officiel de L\u2019Annuel de l\u2019automobile sur annuelauto.ca.","sameAs":["https:\/\/annuelauto.ca\/"],"url":"https:\/\/news.canadamotorjobs.com\/fr\/author\/benoit-charette\/"}]}},"_links":{"self":[{"href":"https:\/\/news.canadamotorjobs.com\/fr\/wp-json\/wp\/v2\/posts\/156256"}],"collection":[{"href":"https:\/\/news.canadamotorjobs.com\/fr\/wp-json\/wp\/v2\/posts"}],"about":[{"href":"https:\/\/news.canadamotorjobs.com\/fr\/wp-json\/wp\/v2\/types\/post"}],"author":[{"embeddable":true,"href":"https:\/\/news.canadamotorjobs.com\/fr\/wp-json\/wp\/v2\/users\/8"}],"replies":[{"embeddable":true,"href":"https:\/\/news.canadamotorjobs.com\/fr\/wp-json\/wp\/v2\/comments?post=156256"}],"version-history":[{"count":2,"href":"https:\/\/news.canadamotorjobs.com\/fr\/wp-json\/wp\/v2\/posts\/156256\/revisions"}],"predecessor-version":[{"id":156260,"href":"https:\/\/news.canadamotorjobs.com\/fr\/wp-json\/wp\/v2\/posts\/156256\/revisions\/156260"}],"wp:featuredmedia":[{"embeddable":true,"href":"https:\/\/news.canadamotorjobs.com\/fr\/wp-json\/wp\/v2\/media\/156258"}],"wp:attachment":[{"href":"https:\/\/news.canadamotorjobs.com\/fr\/wp-json\/wp\/v2\/media?parent=156256"}],"wp:term":[{"taxonomy":"category","embeddable":true,"href":"https:\/\/news.canadamotorjobs.com\/fr\/wp-json\/wp\/v2\/categories?post=156256"},{"taxonomy":"post_tag","embeddable":true,"href":"https:\/\/news.canadamotorjobs.com\/fr\/wp-json\/wp\/v2\/tags?post=156256"}],"curies":[{"name":"wp","href":"https:\/\/api.w.org\/{rel}","templated":true}]}}