{"id":156223,"date":"2024-01-03T10:46:26","date_gmt":"2024-01-03T15:46:26","guid":{"rendered":"https:\/\/news.canadamotorjobs.com\/?p=156223"},"modified":"2024-01-03T10:58:58","modified_gmt":"2024-01-03T15:58:58","slug":"cale-yarborough-la-legende-de-la-nascar-meurt-a-84-ans","status":"publish","type":"post","link":"https:\/\/news.canadamotorjobs.com\/fr\/cale-yarborough-la-legende-de-la-nascar-meurt-a-84-ans\/","title":{"rendered":"Cale Yarborough : La L\u00e9gende de la NASCAR meurt \u00e0 84 ans"},"content":{"rendered":"<\/p>\n<h3><strong>La Perte d&#8217;une Ic\u00f4ne de la Course Automobile<\/strong><\/h3>\n<p>\nLa NASCAR a annonc\u00e9 le d\u00e9c\u00e8s de Cale Yarborough, l\u00e9gendaire pilote, \u00e0 l&#8217;\u00e2ge de 84 ans. Sa disparition laisse un vide dans le monde de la course automobile.<\/p>\n<h3><strong>Un H\u00e9ritage In\u00e9gal\u00e9 dans la NASCAR<\/strong><\/h3>\n<p>\nYarborough \u00e9tait connu pour sa d\u00e9termination et son talent. Avec quatre victoires \u00e0 la Daytona 500 et cinq \u00e0 la Southern 500, il a marqu\u00e9 l&#8217;histoire du Darlington Raceway. Ses 83 victoires en Cup Series le classent parmi les grands noms de la NASCAR.<\/p>\n<h3><strong>Moments Embl\u00e9matiques et Controverses<\/strong><\/h3>\n<p>\nSa bagarre m\u00e9morable lors de la Daytona 500 de 1979, diffus\u00e9e en direct \u00e0 travers le pays, est rest\u00e9e dans les m\u00e9moires. Un \u00e9v\u00e9nement d\u00e9terminant pour la NASCAR, il a attir\u00e9 le plus grand nombre de t\u00e9l\u00e9spectateurs de l&#8217;\u00e9poque.<\/p>\n<h3><strong>Une Retraite Tardive pour Prioriser la Famille<\/strong><\/h3>\n<p>\nApr\u00e8s des ann\u00e9es de succ\u00e8s, Yarborough a pris sa retraite \u00e0 plein temps en 1980 pour passer plus de temps avec ses filles, mettant fin \u00e0 une carri\u00e8re exceptionnelle marqu\u00e9e par trois titres cons\u00e9cutifs de 1976 \u00e0 1978.<\/p>\n<h3><strong>L&#8217;Apr\u00e8s-Course : Un Engagement Communautaire<\/strong><\/h3>\n<p>\nApr\u00e8s sa retraite, il a continu\u00e9 \u00e0 contribuer \u00e0 sa communaut\u00e9, ouvrant une concession de voitures d&#8217;occasion et s&#8217;impliquant dans le conseil du comt\u00e9 de Florence.<\/p>\n<h3><strong>Un H\u00e9ritage Inoubliable<\/strong><\/h3>\n<p>\nSa perte est ressentie non seulement dans l&#8217;industrie de la NASCAR mais aussi par des millions de fans. Son h\u00e9ritage en tant que superstar et son impact sur la NASCAR demeurent grav\u00e9s dans les m\u00e9moires.<\/p>\n<h3><strong>Un Hommage \u00e0 sa Famille<\/strong><\/h3>\n<p>\nCale Yarborough laisse derri\u00e8re lui sa femme, Betty Jo, et ses filles Julie, Kelley, et B.J., ainsi qu&#8217;un h\u00e9ritage inestimable dans le monde de la course automobile.<\/p>\n<p>Avec des renseignements d&#8217;Autoblog<\/p>\n<p>\u00a0<\/p>\n<p>Le texte <a rel=\"nofollow\" href=\"https:\/\/annuelauto.ca\/cale-yarborough-la-legende-de-la-nascar-meurt-a-84-ans\/\">Cale Yarborough : La L\u00e9gende de la NASCAR meurt \u00e0 84 ans<\/a> provient de <a rel=\"nofollow\" href=\"https:\/\/annuelauto.ca\">L&#8217;annuel de l&#8217;automobile &#8211; Actualit\u00e9 automobile<\/a><\/p>\n<p><\/p>\n","protected":false},"excerpt":{"rendered":"<p>La Perte d&#8217;une Ic\u00f4ne de la Course Automobile La NASCAR a annonc\u00e9 le d\u00e9c\u00e8s de Cale Yarborough, l\u00e9gendaire pilote, \u00e0 l&#8217;\u00e2ge de 84 ans. Sa disparition laisse un vide dans le monde de la course automobile. Un H\u00e9ritage In\u00e9gal\u00e9 dans la NASCAR Yarborough \u00e9tait connu pour sa d\u00e9termination et son talent. Avec quatre victoires \u00e0 [&hellip;]<\/p>\n","protected":false},"author":8,"featured_media":156225,"comment_status":"close","ping_status":"closed","sticky":false,"template":"","format":"standard","meta":{"_monsterinsights_skip_tracking":false,"_monsterinsights_sitenote_active":false,"_monsterinsights_sitenote_note":"","_monsterinsights_sitenote_category":0,"footnotes":""},"categories":[101],"tags":[],"yoast_head":"<!-- This site is optimized with the Yoast SEO plugin v23.2 - https:\/\/yoast.com\/wordpress\/plugins\/seo\/ -->\n<title>Cale Yarborough : La L\u00e9gende de la NASCAR meurt \u00e0 84 ans - CanadaMotorJobs.com<\/title>\n<meta name=\"description\" content=\"Cale Yarborough : La L\u00e9gende de la NASCAR meurt \u00e0 84 ans - Benoit Charette - Annuel automobile - CanadaMotorJobs.com.\" \/>\n<meta name=\"robots\" content=\"index, follow, max-snippet:-1, max-image-preview:large, max-video-preview:-1\" \/>\n<meta property=\"og:locale\" content=\"fr_CA\" \/>\n<meta property=\"og:type\" content=\"article\" \/>\n<meta property=\"og:title\" content=\"Cale Yarborough : La L\u00e9gende de la NASCAR meurt \u00e0 84 ans - CanadaMotorJobs.com\" \/>\n<meta property=\"og:description\" content=\"Cale Yarborough : La L\u00e9gende de la NASCAR meurt \u00e0 84 ans - Benoit Charette - Annuel automobile - CanadaMotorJobs.com.\" \/>\n<meta property=\"og:url\" content=\"https:\/\/news.canadamotorjobs.com\/fr\/cale-yarborough-la-legende-de-la-nascar-meurt-a-84-ans\/\" \/>\n<meta property=\"og:site_name\" content=\"CanadaMotorJobs.com\" \/>\n<meta property=\"article:publisher\" content=\"https:\/\/www.facebook.com\/canadamotorjobs\/\" \/>\n<meta property=\"article:published_time\" content=\"2024-01-03T15:46:26+00:00\" \/>\n<meta property=\"article:modified_time\" content=\"2024-01-03T15:58:58+00:00\" \/>\n<meta property=\"og:image\" content=\"https:\/\/news.canadamotorjobs.com\/wp-content\/uploads\/2024\/01\/GCrxeN8XoAAI1vv.jpg\" \/>\n\t<meta property=\"og:image:width\" content=\"1070\" \/>\n\t<meta property=\"og:image:height\" content=\"799\" \/>\n\t<meta property=\"og:image:type\" content=\"image\/jpeg\" \/>\n<meta name=\"author\" content=\"Benoit Charette\" \/>\n<meta name=\"twitter:card\" content=\"summary_large_image\" \/>\n<meta name=\"twitter:creator\" content=\"@canadamotorjobs\" \/>\n<meta name=\"twitter:site\" content=\"@canadamotorjobs\" \/>\n<meta name=\"twitter:label1\" content=\"\u00c9crit par\" \/>\n\t<meta name=\"twitter:data1\" content=\"Benoit Charette\" \/>\n\t<meta name=\"twitter:label2\" content=\"Estimation du temps de lecture\" \/>\n\t<meta name=\"twitter:data2\" content=\"2 minutes\" \/>\n<!-- \/ Yoast SEO plugin. -->","yoast_head_json":{"title":"Cale Yarborough : La L\u00e9gende de la NASCAR meurt \u00e0 84 ans - CanadaMotorJobs.com","description":"Cale Yarborough : La L\u00e9gende de la NASCAR meurt \u00e0 84 ans - Benoit Charette - Annuel automobile - CanadaMotorJobs.com.","robots":{"index":"index","follow":"follow","max-snippet":"max-snippet:-1","max-image-preview":"max-image-preview:large","max-video-preview":"max-video-preview:-1"},"og_locale":"fr_CA","og_type":"article","og_title":"Cale Yarborough : La L\u00e9gende de la NASCAR meurt \u00e0 84 ans - CanadaMotorJobs.com","og_description":"Cale Yarborough : La L\u00e9gende de la NASCAR meurt \u00e0 84 ans - Benoit Charette - Annuel automobile - CanadaMotorJobs.com.","og_url":"https:\/\/news.canadamotorjobs.com\/fr\/cale-yarborough-la-legende-de-la-nascar-meurt-a-84-ans\/","og_site_name":"CanadaMotorJobs.com","article_publisher":"https:\/\/www.facebook.com\/canadamotorjobs\/","article_published_time":"2024-01-03T15:46:26+00:00","article_modified_time":"2024-01-03T15:58:58+00:00","og_image":[{"width":1070,"height":799,"url":"https:\/\/news.canadamotorjobs.com\/wp-content\/uploads\/2024\/01\/GCrxeN8XoAAI1vv.jpg","type":"image\/jpeg"}],"author":"Benoit Charette","twitter_card":"summary_large_image","twitter_creator":"@canadamotorjobs","twitter_site":"@canadamotorjobs","twitter_misc":{"\u00c9crit par":"Benoit Charette","Estimation du temps de lecture":"2 minutes"},"schema":{"@context":"https:\/\/schema.org","@graph":[{"@type":"Article","@id":"https:\/\/news.canadamotorjobs.com\/fr\/cale-yarborough-la-legende-de-la-nascar-meurt-a-84-ans\/#article","isPartOf":{"@id":"https:\/\/news.canadamotorjobs.com\/fr\/cale-yarborough-la-legende-de-la-nascar-meurt-a-84-ans\/"},"author":{"name":"Benoit Charette","@id":"https:\/\/news.canadamotorjobs.com\/#\/schema\/person\/51793d1f87d44011d7bcc2ed99269a90"},"headline":"Cale Yarborough : La L\u00e9gende de la NASCAR meurt \u00e0 84 ans","datePublished":"2024-01-03T15:46:26+00:00","dateModified":"2024-01-03T15:58:58+00:00","mainEntityOfPage":{"@id":"https:\/\/news.canadamotorjobs.com\/fr\/cale-yarborough-la-legende-de-la-nascar-meurt-a-84-ans\/"},"wordCount":332,"publisher":{"@id":"https:\/\/news.canadamotorjobs.com\/#organization"},"image":{"@id":"https:\/\/news.canadamotorjobs.com\/fr\/cale-yarborough-la-legende-de-la-nascar-meurt-a-84-ans\/#primaryimage"},"thumbnailUrl":"https:\/\/news.canadamotorjobs.com\/wp-content\/uploads\/2024\/01\/GCrxeN8XoAAI1vv.jpg","articleSection":["Annuel automobile"],"inLanguage":"fr-CA"},{"@type":"WebPage","@id":"https:\/\/news.canadamotorjobs.com\/fr\/cale-yarborough-la-legende-de-la-nascar-meurt-a-84-ans\/","url":"https:\/\/news.canadamotorjobs.com\/fr\/cale-yarborough-la-legende-de-la-nascar-meurt-a-84-ans\/","name":"Cale Yarborough : La L\u00e9gende de la NASCAR meurt \u00e0 84 ans - CanadaMotorJobs.com","isPartOf":{"@id":"https:\/\/news.canadamotorjobs.com\/#website"},"primaryImageOfPage":{"@id":"https:\/\/news.canadamotorjobs.com\/fr\/cale-yarborough-la-legende-de-la-nascar-meurt-a-84-ans\/#primaryimage"},"image":{"@id":"https:\/\/news.canadamotorjobs.com\/fr\/cale-yarborough-la-legende-de-la-nascar-meurt-a-84-ans\/#primaryimage"},"thumbnailUrl":"https:\/\/news.canadamotorjobs.com\/wp-content\/uploads\/2024\/01\/GCrxeN8XoAAI1vv.jpg","datePublished":"2024-01-03T15:46:26+00:00","dateModified":"2024-01-03T15:58:58+00:00","description":"Cale Yarborough : La L\u00e9gende de la NASCAR meurt \u00e0 84 ans - Benoit Charette - Annuel automobile - CanadaMotorJobs.com.","breadcrumb":{"@id":"https:\/\/news.canadamotorjobs.com\/fr\/cale-yarborough-la-legende-de-la-nascar-meurt-a-84-ans\/#breadcrumb"},"inLanguage":"fr-CA","potentialAction":[{"@type":"ReadAction","target":["https:\/\/news.canadamotorjobs.com\/fr\/cale-yarborough-la-legende-de-la-nascar-meurt-a-84-ans\/"]}]},{"@type":"ImageObject","inLanguage":"fr-CA","@id":"https:\/\/news.canadamotorjobs.com\/fr\/cale-yarborough-la-legende-de-la-nascar-meurt-a-84-ans\/#primaryimage","url":"https:\/\/news.canadamotorjobs.com\/wp-content\/uploads\/2024\/01\/GCrxeN8XoAAI1vv.jpg","contentUrl":"https:\/\/news.canadamotorjobs.com\/wp-content\/uploads\/2024\/01\/GCrxeN8XoAAI1vv.jpg","width":1070,"height":799},{"@type":"BreadcrumbList","@id":"https:\/\/news.canadamotorjobs.com\/fr\/cale-yarborough-la-legende-de-la-nascar-meurt-a-84-ans\/#breadcrumb","itemListElement":[{"@type":"ListItem","position":1,"name":"Home","item":"https:\/\/news.canadamotorjobs.com\/fr\/blog\/"},{"@type":"ListItem","position":2,"name":"Cale Yarborough : La L\u00e9gende de la NASCAR meurt \u00e0 84 ans"}]},{"@type":"WebSite","@id":"https:\/\/news.canadamotorjobs.com\/#website","url":"https:\/\/news.canadamotorjobs.com\/","name":"CanadaMotorJobs.com","description":"Automotive Jobs","publisher":{"@id":"https:\/\/news.canadamotorjobs.com\/#organization"},"potentialAction":[{"@type":"SearchAction","target":{"@type":"EntryPoint","urlTemplate":"https:\/\/news.canadamotorjobs.com\/?s={search_term_string}"},"query-input":"required name=search_term_string"}],"inLanguage":"fr-CA"},{"@type":"Organization","@id":"https:\/\/news.canadamotorjobs.com\/#organization","name":"Canada Motor Jobs","url":"https:\/\/news.canadamotorjobs.com\/","logo":{"@type":"ImageObject","inLanguage":"fr-CA","@id":"https:\/\/news.canadamotorjobs.com\/#\/schema\/logo\/image\/","url":"https:\/\/news.canadamotorjobs.com\/wp-content\/uploads\/2022\/10\/logo-canada-motor-jobs-1.png","contentUrl":"https:\/\/news.canadamotorjobs.com\/wp-content\/uploads\/2022\/10\/logo-canada-motor-jobs-1.png","width":800,"height":400,"caption":"Canada Motor Jobs"},"image":{"@id":"https:\/\/news.canadamotorjobs.com\/#\/schema\/logo\/image\/"},"sameAs":["https:\/\/www.facebook.com\/canadamotorjobs\/","https:\/\/x.com\/canadamotorjobs","https:\/\/www.instagram.com\/canadamotorjobs\/","https:\/\/www.linkedin.com\/company\/canadamotorjobs"]},{"@type":"Person","@id":"https:\/\/news.canadamotorjobs.com\/#\/schema\/person\/51793d1f87d44011d7bcc2ed99269a90","name":"Benoit Charette","image":{"@type":"ImageObject","inLanguage":"fr-CA","@id":"https:\/\/news.canadamotorjobs.com\/#\/schema\/person\/image\/","url":"https:\/\/secure.gravatar.com\/avatar\/45f3d2eebcccd909668d7ce7ea7267b6?s=96&d=mm&r=g","contentUrl":"https:\/\/secure.gravatar.com\/avatar\/45f3d2eebcccd909668d7ce7ea7267b6?s=96&d=mm&r=g","caption":"Benoit Charette"},"description":"Benoit Charette \/ Propri\u00e9taire et r\u00e9dacteur en chef Benoit Charette pratique le journalisme automobile depuis bient\u00f4t 30 ans. Il a fait ses classes au c\u00f4t\u00e9 de Daniel H\u00e9raud et au Carnet de route de 1992 \u00e0 2001. Il est fondateur, copropri\u00e9taire et r\u00e9dacteur en chef de L\u2019Annuel de l\u2019automobile, qu\u2019il publie depuis 2001. Il a anim\u00e9 les \u00e9missions RPM et RPM+ sur V et les L\u00e9gendes de la route sur Historia. \u00c0 la radio depuis 1986, il reprend l\u2019antenne cette ann\u00e9e sur les ondes de Cogeco et participe pour la deuxi\u00e8me ann\u00e9e \u00e0 l\u2019\u00e9mission Passion Auto sur RDS en plus de mettre en ligne le site Web officiel de L\u2019Annuel de l\u2019automobile sur annuelauto.ca.","sameAs":["https:\/\/annuelauto.ca\/"],"url":"https:\/\/news.canadamotorjobs.com\/fr\/author\/benoit-charette\/"}]}},"_links":{"self":[{"href":"https:\/\/news.canadamotorjobs.com\/fr\/wp-json\/wp\/v2\/posts\/156223"}],"collection":[{"href":"https:\/\/news.canadamotorjobs.com\/fr\/wp-json\/wp\/v2\/posts"}],"about":[{"href":"https:\/\/news.canadamotorjobs.com\/fr\/wp-json\/wp\/v2\/types\/post"}],"author":[{"embeddable":true,"href":"https:\/\/news.canadamotorjobs.com\/fr\/wp-json\/wp\/v2\/users\/8"}],"replies":[{"embeddable":true,"href":"https:\/\/news.canadamotorjobs.com\/fr\/wp-json\/wp\/v2\/comments?post=156223"}],"version-history":[{"count":2,"href":"https:\/\/news.canadamotorjobs.com\/fr\/wp-json\/wp\/v2\/posts\/156223\/revisions"}],"predecessor-version":[{"id":156227,"href":"https:\/\/news.canadamotorjobs.com\/fr\/wp-json\/wp\/v2\/posts\/156223\/revisions\/156227"}],"wp:featuredmedia":[{"embeddable":true,"href":"https:\/\/news.canadamotorjobs.com\/fr\/wp-json\/wp\/v2\/media\/156225"}],"wp:attachment":[{"href":"https:\/\/news.canadamotorjobs.com\/fr\/wp-json\/wp\/v2\/media?parent=156223"}],"wp:term":[{"taxonomy":"category","embeddable":true,"href":"https:\/\/news.canadamotorjobs.com\/fr\/wp-json\/wp\/v2\/categories?post=156223"},{"taxonomy":"post_tag","embeddable":true,"href":"https:\/\/news.canadamotorjobs.com\/fr\/wp-json\/wp\/v2\/tags?post=156223"}],"curies":[{"name":"wp","href":"https:\/\/api.w.org\/{rel}","templated":true}]}}