{"id":156200,"date":"2024-01-02T12:55:14","date_gmt":"2024-01-02T17:55:14","guid":{"rendered":"https:\/\/news.canadamotorjobs.com\/?p=156200"},"modified":"2024-01-02T13:14:59","modified_gmt":"2024-01-02T18:14:59","slug":"byd-est-de-nouveau-champion-le-mondial-des-ventes-de-vehicules-electrifies","status":"publish","type":"post","link":"https:\/\/news.canadamotorjobs.com\/fr\/byd-est-de-nouveau-champion-le-mondial-des-ventes-de-vehicules-electrifies\/","title":{"rendered":"BYD est de nouveau champion le mondial des ventes de v\u00e9hicules \u00e9lectrifi\u00e9s"},"content":{"rendered":"<\/p>\n<p><a href=\"https:\/\/annuelauto.ca\/une-voiture-avec-batteries-au-sodium-a-15-000-au-salon-de-lauto-de-shanghai\/\" target=\"_blank\" rel=\"noopener noreferrer\">BYD<\/a> a termin\u00e9 l&#8217;ann\u00e9e 2023 avec un nombre record de ventes de v\u00e9hicules \u00e9lectrifi\u00e9s (\u00e9lectriques et hybrides branchables) et devient le champion mondial en la mati\u00e8re. En d\u00e9passant l\u2019objectif de 3\u00a0millions de ventes annuelles qu\u2019il s\u2019\u00e9tait fix\u00e9, ce constructeur chinois a devanc\u00e9 le constructeur \u00e9tatsunien <a href=\"https:\/\/annuelauto.ca\/tesla-rappelle-plus-de-2-millions-rde-vehicules\/\" target=\"_blank\" rel=\"noopener noreferrer\">Tesla<\/a> pour une deuxi\u00e8me ann\u00e9e cons\u00e9cutive.<\/p>\n<p>Dans un communiqu\u00e9 publi\u00e9 aujourd\u2019hui pour en faire l\u2019annonce, <a href=\"https:\/\/annuelauto.ca\/le-robot-de-livraison-nuro-protege-les-pietons-et-les-cyclistes-avec-un-coussin-gonflable\/\" target=\"_blank\" rel=\"noopener noreferrer\">BYD<\/a> nous apprend \u00e9galement qu\u2019il figure pour la premi\u00e8re fois au palmar\u00e8s des 10 marques ayant vendu le plus grand nombre de v\u00e9hicules de promenade \u00e0 l\u2019\u00e9chelle mondiale. De plus, sur le march\u00e9 chinois, il conserve la premi\u00e8re place du palmar\u00e8s des ventes de v\u00e9hicules de promenade.<\/p>\n<p>En d\u00e9cembre, ses ventes ont atteint 341\u00a0043 unit\u00e9s, soit une augmentation de 45\u00a0% par rapport \u00e0 2022. Ses ventes annuelles ont pu culminer \u00e0 3\u00a0024\u00a0417\u00a0v\u00e9hicules, ce qui repr\u00e9sente une augmentation de 61,9\u00a0% par rapport \u00e0 l&#8217;ann\u00e9e pr\u00e9c\u00e9dente.<\/p>\n<p>De son c\u00f4t\u00e9, ce matin, Tesla a annonc\u00e9 que ses livraisons de v\u00e9hicules ont totalis\u00e9 1\u00a0808\u00a0581\u00a0unit\u00e9s en 2023, comparativement \u00e0 1\u00a0313\u00a0851 en 2022.<\/p>\n<h3><strong>Un constructeur pr\u00e9sent dans plusieurs pays<\/strong><\/h3>\n<p>\nLe succ\u00e8s de BYD, acronyme signifiant <em>Build Your Dreams<\/em>, est le reflet d\u2019une strat\u00e9gie commerciale visant \u00e0 int\u00e9grer de plus en plus de nouveaux march\u00e9s. En 2023, par exemple, cette marque a \u00e9t\u00e9 implant\u00e9e au Mexique, en Finlande, en Islande, en Espagne, en Colombie, au Br\u00e9sil, au Panama et en Hongrie. Fond\u00e9e en 2003, BYD est d\u00e9sormais pr\u00e9sente dans plus de 70 pays sur six continents. Cela explique pourquoi ses exportations ont bondi de 334,2 % pour se chiffrer \u00e0 242 765 unit\u00e9s l\u2019an dernier.<\/p>\n<p>Visiblement, ce constructeur n\u2019entend pas en rester l\u00e0. En d\u00e9cembre, il a annonc\u00e9 la construction d\u2019une nouvelle usine \u00e0 Szeged, en Hongrie. Elle sera sa deuxi\u00e8me usine d\u2019assemblage dans ce pays et sa troisi\u00e8me en Europe. Les deux autres, en Hongrie et en France, produisent des bus \u00e9lectriques depuis 2018. Celle-l\u00e0, toutefois, sera la premi\u00e8re \u00e0 \u00eatre consacr\u00e9e \u00e0 l\u2019assemblage de v\u00e9hicules de promenade.<\/p>\n<h3><strong>Un constructeur qui diversifie sa gamme<\/strong><\/h3>\n<p>\nPar ailleurs, BYD continue de diversifier sa gamme de produits. Au Salon de Shanghai, en avril dernier, trois nouveaux mod\u00e8les de grande diffusion ont \u00e9t\u00e9 d\u00e9voil\u00e9s\u00a0: les BYD Seagull et Chaser, de m\u00eame que le concept Song\u00a0L. Le constructeur a \u00e9galement pr\u00e9sent\u00e9 des nouveaut\u00e9s destin\u00e9es aux marques Fangchengbao et YangWang, toutes deux lanc\u00e9es en 2023 pour cibler les cr\u00e9neaux haut de gamme, de m\u00eame qu\u2019\u00e0 la marque Denza, qui, elle, a \u00e9t\u00e9 cr\u00e9\u00e9e en 2012 en partenariat avec Mercedes-Benz.<\/p>\n<p>Plusieurs analystes de l\u2019industrie estiment que l\u2019entr\u00e9e de BYD sur les march\u00e9s canadiens et \u00e9tatsuniens n\u2019est qu\u2019une question de temps. Le Mexique, o\u00f9 la marque a \u00e9t\u00e9 lanc\u00e9e en novembre 2022, pourrait d\u2019ailleurs lui servir de tremplin.<\/p>\n<p>Fait \u00e0 noter, la marque BYD est d\u00e9j\u00e0 pr\u00e9sente au Canada. Outre la poign\u00e9e de taxis e6 qui ont \u00e9t\u00e9 import\u00e9s au pays en 2018 pour le projet \u00ab\u00a0E-Taxi\u00a0\u00bb, qui n\u2019a pas fait long feu, le constructeur a ouvert une usine d\u2019assemblage de bus \u00e9lectriques \u00e0 Newmarket, en Ontario, en 2019.<\/p>\n<p><em>Photos : BYD<\/em><\/p>\n<p>Le texte <a rel=\"nofollow\" href=\"https:\/\/annuelauto.ca\/byd-est-de-nouveau-champion-le-mondial-des-ventes-de-vehicules-electrifies\/\">BYD est de nouveau champion le mondial des ventes de v\u00e9hicules \u00e9lectrifi\u00e9s<\/a> provient de <a rel=\"nofollow\" href=\"https:\/\/annuelauto.ca\">L&#8217;annuel de l&#8217;automobile &#8211; Actualit\u00e9 automobile<\/a><\/p>\n<p><\/p>\n","protected":false},"excerpt":{"rendered":"<p>BYD a termin\u00e9 l&#8217;ann\u00e9e 2023 avec un nombre record de ventes de v\u00e9hicules \u00e9lectrifi\u00e9s (\u00e9lectriques et hybrides branchables) et devient le champion mondial en la mati\u00e8re. En d\u00e9passant l\u2019objectif de 3\u00a0millions de ventes annuelles qu\u2019il s\u2019\u00e9tait fix\u00e9, ce constructeur chinois a devanc\u00e9 le constructeur \u00e9tatsunien Tesla pour une deuxi\u00e8me ann\u00e9e cons\u00e9cutive. Dans un communiqu\u00e9 publi\u00e9 [&hellip;]<\/p>\n","protected":false},"author":8,"featured_media":156202,"comment_status":"close","ping_status":"closed","sticky":false,"template":"","format":"standard","meta":{"_monsterinsights_skip_tracking":false,"_monsterinsights_sitenote_active":false,"_monsterinsights_sitenote_note":"","_monsterinsights_sitenote_category":0,"footnotes":""},"categories":[101],"tags":[],"yoast_head":"<!-- This site is optimized with the Yoast SEO plugin v23.2 - https:\/\/yoast.com\/wordpress\/plugins\/seo\/ -->\n<title>BYD est de nouveau champion le mondial des ventes de v\u00e9hicules \u00e9lectrifi\u00e9s - CanadaMotorJobs.com<\/title>\n<meta name=\"description\" content=\"BYD est de nouveau champion le mondial des ventes de v\u00e9hicules \u00e9lectrifi\u00e9s - Benoit Charette - Annuel automobile - CanadaMotorJobs.com.\" \/>\n<meta name=\"robots\" content=\"index, follow, max-snippet:-1, max-image-preview:large, max-video-preview:-1\" \/>\n<meta property=\"og:locale\" content=\"fr_CA\" \/>\n<meta property=\"og:type\" content=\"article\" \/>\n<meta property=\"og:title\" content=\"BYD est de nouveau champion le mondial des ventes de v\u00e9hicules \u00e9lectrifi\u00e9s - CanadaMotorJobs.com\" \/>\n<meta property=\"og:description\" content=\"BYD est de nouveau champion le mondial des ventes de v\u00e9hicules \u00e9lectrifi\u00e9s - Benoit Charette - Annuel automobile - CanadaMotorJobs.com.\" \/>\n<meta property=\"og:url\" content=\"https:\/\/news.canadamotorjobs.com\/fr\/byd-est-de-nouveau-champion-le-mondial-des-ventes-de-vehicules-electrifies\/\" \/>\n<meta property=\"og:site_name\" content=\"CanadaMotorJobs.com\" \/>\n<meta property=\"article:publisher\" content=\"https:\/\/www.facebook.com\/canadamotorjobs\/\" \/>\n<meta property=\"article:published_time\" content=\"2024-01-02T17:55:14+00:00\" \/>\n<meta property=\"article:modified_time\" content=\"2024-01-02T18:14:59+00:00\" \/>\n<meta property=\"og:image\" content=\"https:\/\/news.canadamotorjobs.com\/wp-content\/uploads\/2024\/01\/BYD-Dolphin.jpg\" \/>\n\t<meta property=\"og:image:width\" content=\"1024\" \/>\n\t<meta property=\"og:image:height\" content=\"683\" \/>\n\t<meta property=\"og:image:type\" content=\"image\/jpeg\" \/>\n<meta name=\"author\" content=\"Benoit Charette\" \/>\n<meta name=\"twitter:card\" content=\"summary_large_image\" \/>\n<meta name=\"twitter:creator\" content=\"@canadamotorjobs\" \/>\n<meta name=\"twitter:site\" content=\"@canadamotorjobs\" \/>\n<meta name=\"twitter:label1\" content=\"\u00c9crit par\" \/>\n\t<meta name=\"twitter:data1\" content=\"Benoit Charette\" \/>\n\t<meta name=\"twitter:label2\" content=\"Estimation du temps de lecture\" \/>\n\t<meta name=\"twitter:data2\" content=\"3 minutes\" \/>\n<!-- \/ Yoast SEO plugin. -->","yoast_head_json":{"title":"BYD est de nouveau champion le mondial des ventes de v\u00e9hicules \u00e9lectrifi\u00e9s - CanadaMotorJobs.com","description":"BYD est de nouveau champion le mondial des ventes de v\u00e9hicules \u00e9lectrifi\u00e9s - Benoit Charette - Annuel automobile - CanadaMotorJobs.com.","robots":{"index":"index","follow":"follow","max-snippet":"max-snippet:-1","max-image-preview":"max-image-preview:large","max-video-preview":"max-video-preview:-1"},"og_locale":"fr_CA","og_type":"article","og_title":"BYD est de nouveau champion le mondial des ventes de v\u00e9hicules \u00e9lectrifi\u00e9s - CanadaMotorJobs.com","og_description":"BYD est de nouveau champion le mondial des ventes de v\u00e9hicules \u00e9lectrifi\u00e9s - Benoit Charette - Annuel automobile - CanadaMotorJobs.com.","og_url":"https:\/\/news.canadamotorjobs.com\/fr\/byd-est-de-nouveau-champion-le-mondial-des-ventes-de-vehicules-electrifies\/","og_site_name":"CanadaMotorJobs.com","article_publisher":"https:\/\/www.facebook.com\/canadamotorjobs\/","article_published_time":"2024-01-02T17:55:14+00:00","article_modified_time":"2024-01-02T18:14:59+00:00","og_image":[{"width":1024,"height":683,"url":"https:\/\/news.canadamotorjobs.com\/wp-content\/uploads\/2024\/01\/BYD-Dolphin.jpg","type":"image\/jpeg"}],"author":"Benoit Charette","twitter_card":"summary_large_image","twitter_creator":"@canadamotorjobs","twitter_site":"@canadamotorjobs","twitter_misc":{"\u00c9crit par":"Benoit Charette","Estimation du temps de lecture":"3 minutes"},"schema":{"@context":"https:\/\/schema.org","@graph":[{"@type":"Article","@id":"https:\/\/news.canadamotorjobs.com\/fr\/byd-est-de-nouveau-champion-le-mondial-des-ventes-de-vehicules-electrifies\/#article","isPartOf":{"@id":"https:\/\/news.canadamotorjobs.com\/fr\/byd-est-de-nouveau-champion-le-mondial-des-ventes-de-vehicules-electrifies\/"},"author":{"name":"Benoit Charette","@id":"https:\/\/news.canadamotorjobs.com\/#\/schema\/person\/51793d1f87d44011d7bcc2ed99269a90"},"headline":"BYD est de nouveau champion le mondial des ventes de v\u00e9hicules \u00e9lectrifi\u00e9s","datePublished":"2024-01-02T17:55:14+00:00","dateModified":"2024-01-02T18:14:59+00:00","mainEntityOfPage":{"@id":"https:\/\/news.canadamotorjobs.com\/fr\/byd-est-de-nouveau-champion-le-mondial-des-ventes-de-vehicules-electrifies\/"},"wordCount":585,"publisher":{"@id":"https:\/\/news.canadamotorjobs.com\/#organization"},"image":{"@id":"https:\/\/news.canadamotorjobs.com\/fr\/byd-est-de-nouveau-champion-le-mondial-des-ventes-de-vehicules-electrifies\/#primaryimage"},"thumbnailUrl":"https:\/\/news.canadamotorjobs.com\/wp-content\/uploads\/2024\/01\/BYD-Dolphin.jpg","articleSection":["Annuel automobile"],"inLanguage":"fr-CA"},{"@type":"WebPage","@id":"https:\/\/news.canadamotorjobs.com\/fr\/byd-est-de-nouveau-champion-le-mondial-des-ventes-de-vehicules-electrifies\/","url":"https:\/\/news.canadamotorjobs.com\/fr\/byd-est-de-nouveau-champion-le-mondial-des-ventes-de-vehicules-electrifies\/","name":"BYD est de nouveau champion le mondial des ventes de v\u00e9hicules \u00e9lectrifi\u00e9s - CanadaMotorJobs.com","isPartOf":{"@id":"https:\/\/news.canadamotorjobs.com\/#website"},"primaryImageOfPage":{"@id":"https:\/\/news.canadamotorjobs.com\/fr\/byd-est-de-nouveau-champion-le-mondial-des-ventes-de-vehicules-electrifies\/#primaryimage"},"image":{"@id":"https:\/\/news.canadamotorjobs.com\/fr\/byd-est-de-nouveau-champion-le-mondial-des-ventes-de-vehicules-electrifies\/#primaryimage"},"thumbnailUrl":"https:\/\/news.canadamotorjobs.com\/wp-content\/uploads\/2024\/01\/BYD-Dolphin.jpg","datePublished":"2024-01-02T17:55:14+00:00","dateModified":"2024-01-02T18:14:59+00:00","description":"BYD est de nouveau champion le mondial des ventes de v\u00e9hicules \u00e9lectrifi\u00e9s - Benoit Charette - Annuel automobile - CanadaMotorJobs.com.","breadcrumb":{"@id":"https:\/\/news.canadamotorjobs.com\/fr\/byd-est-de-nouveau-champion-le-mondial-des-ventes-de-vehicules-electrifies\/#breadcrumb"},"inLanguage":"fr-CA","potentialAction":[{"@type":"ReadAction","target":["https:\/\/news.canadamotorjobs.com\/fr\/byd-est-de-nouveau-champion-le-mondial-des-ventes-de-vehicules-electrifies\/"]}]},{"@type":"ImageObject","inLanguage":"fr-CA","@id":"https:\/\/news.canadamotorjobs.com\/fr\/byd-est-de-nouveau-champion-le-mondial-des-ventes-de-vehicules-electrifies\/#primaryimage","url":"https:\/\/news.canadamotorjobs.com\/wp-content\/uploads\/2024\/01\/BYD-Dolphin.jpg","contentUrl":"https:\/\/news.canadamotorjobs.com\/wp-content\/uploads\/2024\/01\/BYD-Dolphin.jpg","width":1024,"height":683},{"@type":"BreadcrumbList","@id":"https:\/\/news.canadamotorjobs.com\/fr\/byd-est-de-nouveau-champion-le-mondial-des-ventes-de-vehicules-electrifies\/#breadcrumb","itemListElement":[{"@type":"ListItem","position":1,"name":"Home","item":"https:\/\/news.canadamotorjobs.com\/fr\/blog\/"},{"@type":"ListItem","position":2,"name":"BYD est de nouveau champion le mondial des ventes de v\u00e9hicules \u00e9lectrifi\u00e9s"}]},{"@type":"WebSite","@id":"https:\/\/news.canadamotorjobs.com\/#website","url":"https:\/\/news.canadamotorjobs.com\/","name":"CanadaMotorJobs.com","description":"Automotive Jobs","publisher":{"@id":"https:\/\/news.canadamotorjobs.com\/#organization"},"potentialAction":[{"@type":"SearchAction","target":{"@type":"EntryPoint","urlTemplate":"https:\/\/news.canadamotorjobs.com\/?s={search_term_string}"},"query-input":"required name=search_term_string"}],"inLanguage":"fr-CA"},{"@type":"Organization","@id":"https:\/\/news.canadamotorjobs.com\/#organization","name":"Canada Motor Jobs","url":"https:\/\/news.canadamotorjobs.com\/","logo":{"@type":"ImageObject","inLanguage":"fr-CA","@id":"https:\/\/news.canadamotorjobs.com\/#\/schema\/logo\/image\/","url":"https:\/\/news.canadamotorjobs.com\/wp-content\/uploads\/2022\/10\/logo-canada-motor-jobs-1.png","contentUrl":"https:\/\/news.canadamotorjobs.com\/wp-content\/uploads\/2022\/10\/logo-canada-motor-jobs-1.png","width":800,"height":400,"caption":"Canada Motor Jobs"},"image":{"@id":"https:\/\/news.canadamotorjobs.com\/#\/schema\/logo\/image\/"},"sameAs":["https:\/\/www.facebook.com\/canadamotorjobs\/","https:\/\/x.com\/canadamotorjobs","https:\/\/www.instagram.com\/canadamotorjobs\/","https:\/\/www.linkedin.com\/company\/canadamotorjobs"]},{"@type":"Person","@id":"https:\/\/news.canadamotorjobs.com\/#\/schema\/person\/51793d1f87d44011d7bcc2ed99269a90","name":"Benoit Charette","image":{"@type":"ImageObject","inLanguage":"fr-CA","@id":"https:\/\/news.canadamotorjobs.com\/#\/schema\/person\/image\/","url":"https:\/\/secure.gravatar.com\/avatar\/45f3d2eebcccd909668d7ce7ea7267b6?s=96&d=mm&r=g","contentUrl":"https:\/\/secure.gravatar.com\/avatar\/45f3d2eebcccd909668d7ce7ea7267b6?s=96&d=mm&r=g","caption":"Benoit Charette"},"description":"Benoit Charette \/ Propri\u00e9taire et r\u00e9dacteur en chef Benoit Charette pratique le journalisme automobile depuis bient\u00f4t 30 ans. Il a fait ses classes au c\u00f4t\u00e9 de Daniel H\u00e9raud et au Carnet de route de 1992 \u00e0 2001. Il est fondateur, copropri\u00e9taire et r\u00e9dacteur en chef de L\u2019Annuel de l\u2019automobile, qu\u2019il publie depuis 2001. Il a anim\u00e9 les \u00e9missions RPM et RPM+ sur V et les L\u00e9gendes de la route sur Historia. \u00c0 la radio depuis 1986, il reprend l\u2019antenne cette ann\u00e9e sur les ondes de Cogeco et participe pour la deuxi\u00e8me ann\u00e9e \u00e0 l\u2019\u00e9mission Passion Auto sur RDS en plus de mettre en ligne le site Web officiel de L\u2019Annuel de l\u2019automobile sur annuelauto.ca.","sameAs":["https:\/\/annuelauto.ca\/"],"url":"https:\/\/news.canadamotorjobs.com\/fr\/author\/benoit-charette\/"}]}},"_links":{"self":[{"href":"https:\/\/news.canadamotorjobs.com\/fr\/wp-json\/wp\/v2\/posts\/156200"}],"collection":[{"href":"https:\/\/news.canadamotorjobs.com\/fr\/wp-json\/wp\/v2\/posts"}],"about":[{"href":"https:\/\/news.canadamotorjobs.com\/fr\/wp-json\/wp\/v2\/types\/post"}],"author":[{"embeddable":true,"href":"https:\/\/news.canadamotorjobs.com\/fr\/wp-json\/wp\/v2\/users\/8"}],"replies":[{"embeddable":true,"href":"https:\/\/news.canadamotorjobs.com\/fr\/wp-json\/wp\/v2\/comments?post=156200"}],"version-history":[{"count":2,"href":"https:\/\/news.canadamotorjobs.com\/fr\/wp-json\/wp\/v2\/posts\/156200\/revisions"}],"predecessor-version":[{"id":156204,"href":"https:\/\/news.canadamotorjobs.com\/fr\/wp-json\/wp\/v2\/posts\/156200\/revisions\/156204"}],"wp:featuredmedia":[{"embeddable":true,"href":"https:\/\/news.canadamotorjobs.com\/fr\/wp-json\/wp\/v2\/media\/156202"}],"wp:attachment":[{"href":"https:\/\/news.canadamotorjobs.com\/fr\/wp-json\/wp\/v2\/media?parent=156200"}],"wp:term":[{"taxonomy":"category","embeddable":true,"href":"https:\/\/news.canadamotorjobs.com\/fr\/wp-json\/wp\/v2\/categories?post=156200"},{"taxonomy":"post_tag","embeddable":true,"href":"https:\/\/news.canadamotorjobs.com\/fr\/wp-json\/wp\/v2\/tags?post=156200"}],"curies":[{"name":"wp","href":"https:\/\/api.w.org\/{rel}","templated":true}]}}