{"id":156177,"date":"2024-01-02T10:26:06","date_gmt":"2024-01-02T15:26:06","guid":{"rendered":"https:\/\/news.canadamotorjobs.com\/?p=156177"},"modified":"2024-01-02T10:30:36","modified_gmt":"2024-01-02T15:30:36","slug":"une-nouvelle-couleur-didentification-pour-les-vehicules-mercedes-benz-autonomes","status":"publish","type":"post","link":"https:\/\/news.canadamotorjobs.com\/fr\/une-nouvelle-couleur-didentification-pour-les-vehicules-mercedes-benz-autonomes\/","title":{"rendered":"Une nouvelle couleur d\u2019identification pour les v\u00e9hicules Mercedes-Benz autonomes"},"content":{"rendered":"<\/p>\n<p>L&#8217;une des premi\u00e8res choses que nous apprenons en tant que nouveaux conducteurs est la palette de couleurs de la route. Le vert signifie &#8220;allez-y&#8221;, le jaune sert d\u2019vertissement ou de ralentir, tandis que le rouge signifie &#8220;arr\u00eatez-vous&#8221;. Aujourd&#8217;hui, pour la premi\u00e8re fois depuis plusieurs d\u00e9cennies, une nouvelle couleur vient s&#8217;ajouter \u00e0 la liste. Il s&#8217;agit du turquoise, qui appartiendra aux voitures fonctionnant sans l&#8217;intervention de leur conducteur.<\/p>\n<h3>Une d\u00e9signation pour les voitures Mercedes au d\u00e9part<\/h3>\n<p>\nCette couleur a \u00e9t\u00e9 r\u00e9serv\u00e9e dans le cadre des autorisations d\u00e9livr\u00e9es par les \u00c9tats de Californie et du Nevada \u00e0 Mercedes-Benz pour son syst\u00e8me r\u00e9volutionnaire de conduite automatis\u00e9e de niveau 3 de la SAE, Drive Pilot. Mercedes a d\u00e9clar\u00e9 qu&#8217;il n&#8217;existait pas de normes nationales ou internationales pour signaler les voitures pilot\u00e9es par ordinateur, ce qui oblige les autorit\u00e9s de r\u00e9glementation \u00e0 trouver une couleur distincte pour signaler les v\u00e9hicules autoris\u00e9s. Cela permettra d&#8217;\u00e9viter les incidents o\u00f9 le public ou la police perdent la t\u00eate en voyant un conducteur de Classe S regarder une vid\u00e9o sans toucher au volant.<\/p>\n<h3>Pourquoi le turquoise<\/h3>\n<p>\nLa couleur turquoise a \u00e9t\u00e9 choisie pour de multiples raisons : Il est visible et distinct, ce qui n&#8217;est pas le cas du violet, et il n&#8217;est pas d\u00e9j\u00e0 associ\u00e9 \u00e0 un autre signal. Les couleurs primaires rouge, jaune et bleu sont d\u00e9j\u00e0 utilis\u00e9es, de m\u00eame que les couleurs compos\u00e9es vert et orange. Le fait que le turquoise ait d\u00e9j\u00e0 \u00e9t\u00e9 recommand\u00e9 par la SAE n&#8217;est pas n\u00e9gligeable, pas plus que le fait que cette couleur soit d\u00e9j\u00e0 associ\u00e9e \u00e0 l&#8217;\u00e9quipe de Formule 1 du constructeur autoris\u00e9 \u00e0 l&#8217;utiliser.<\/p>\n<h3>Est-ce que cela deviendra la norme ?<\/h3>\n<p>\nEn vertu du permis d&#8217;exploitation, le Drive Pilot de Mercedes peut activer des lumi\u00e8res turquoises int\u00e9gr\u00e9es dans ses phares, ses feux arri\u00e8re et ses r\u00e9troviseurs lat\u00e9raux. L&#8217;utilisation de cette technologie est toutefois limit\u00e9e aux autoroutes et n&#8217;est autoris\u00e9e en Californie que pour deux ans. Au Nevada, en revanche, l&#8217;autorisation est illimit\u00e9e et commence avec les berlines EQS et Classe S 2026.<\/p>\n<h3>D\u00e9j\u00e0 sur la route<\/h3>\n<p>\nBien s\u00fbr, la technologie est d\u00e9j\u00e0 sur la route, elle n&#8217;a juste pas besoin d&#8217;annoncer ce qu&#8217;elle fait. Ce cadre ne semble pas avoir pour but d&#8217;obliger les constructeurs automobiles \u00e0 \u00e9quiper leurs v\u00e9hicules de feux turquoise, mais plut\u00f4t de leur donner la possibilit\u00e9 de le faire. Compte tenu des avantages qu&#8217;il pr\u00e9sente, il est difficile d&#8217;imaginer que d&#8217;autres entreprises ne l&#8217;adopteront pas comme norme, c&#8217;est-\u00e0-dire lorsqu&#8217;elles pourront d\u00e9ployer une technologie \u00e9quivalente.<\/p>\n<p>\u00a0<\/p>\n<p>Avec des renseignements de The Drive<\/p>\n<p>Le texte <a rel=\"nofollow\" href=\"https:\/\/annuelauto.ca\/une-nouvelle-couleur-didentification-pour-les-vehicules-mercedes-benz-autonomes\/\">Une nouvelle couleur d\u2019identification pour les v\u00e9hicules Mercedes-Benz autonomes<\/a> provient de <a rel=\"nofollow\" href=\"https:\/\/annuelauto.ca\">L&#8217;annuel de l&#8217;automobile &#8211; Actualit\u00e9 automobile<\/a><\/p>\n<p><\/p>\n","protected":false},"excerpt":{"rendered":"<p>L&#8217;une des premi\u00e8res choses que nous apprenons en tant que nouveaux conducteurs est la palette de couleurs de la route. Le vert signifie &#8220;allez-y&#8221;, le jaune sert d\u2019vertissement ou de ralentir, tandis que le rouge signifie &#8220;arr\u00eatez-vous&#8221;. Aujourd&#8217;hui, pour la premi\u00e8re fois depuis plusieurs d\u00e9cennies, une nouvelle couleur vient s&#8217;ajouter \u00e0 la liste. Il s&#8217;agit [&hellip;]<\/p>\n","protected":false},"author":8,"featured_media":156179,"comment_status":"close","ping_status":"closed","sticky":false,"template":"","format":"standard","meta":{"_monsterinsights_skip_tracking":false,"_monsterinsights_sitenote_active":false,"_monsterinsights_sitenote_note":"","_monsterinsights_sitenote_category":0,"footnotes":""},"categories":[101],"tags":[],"yoast_head":"<!-- This site is optimized with the Yoast SEO plugin v23.2 - https:\/\/yoast.com\/wordpress\/plugins\/seo\/ -->\n<title>Une nouvelle couleur d\u2019identification pour les v\u00e9hicules Mercedes-Benz autonomes - CanadaMotorJobs.com<\/title>\n<meta name=\"description\" content=\"Une nouvelle couleur d\u2019identification pour les v\u00e9hicules Mercedes-Benz autonomes - Benoit Charette - Annuel automobile - CanadaMotorJobs.com.\" \/>\n<meta name=\"robots\" content=\"index, follow, max-snippet:-1, max-image-preview:large, max-video-preview:-1\" \/>\n<meta property=\"og:locale\" content=\"fr_CA\" \/>\n<meta property=\"og:type\" content=\"article\" \/>\n<meta property=\"og:title\" content=\"Une nouvelle couleur d\u2019identification pour les v\u00e9hicules Mercedes-Benz autonomes - CanadaMotorJobs.com\" \/>\n<meta property=\"og:description\" content=\"Une nouvelle couleur d\u2019identification pour les v\u00e9hicules Mercedes-Benz autonomes - Benoit Charette - Annuel automobile - CanadaMotorJobs.com.\" \/>\n<meta property=\"og:url\" content=\"https:\/\/news.canadamotorjobs.com\/fr\/une-nouvelle-couleur-didentification-pour-les-vehicules-mercedes-benz-autonomes\/\" \/>\n<meta property=\"og:site_name\" content=\"CanadaMotorJobs.com\" \/>\n<meta property=\"article:publisher\" content=\"https:\/\/www.facebook.com\/canadamotorjobs\/\" \/>\n<meta property=\"article:published_time\" content=\"2024-01-02T15:26:06+00:00\" \/>\n<meta property=\"article:modified_time\" content=\"2024-01-02T15:30:36+00:00\" \/>\n<meta property=\"og:image\" content=\"https:\/\/news.canadamotorjobs.com\/wp-content\/uploads\/2024\/01\/arenaev_001.jpg\" \/>\n\t<meta property=\"og:image:width\" content=\"1242\" \/>\n\t<meta property=\"og:image:height\" content=\"621\" \/>\n\t<meta property=\"og:image:type\" content=\"image\/jpeg\" \/>\n<meta name=\"author\" content=\"Benoit Charette\" \/>\n<meta name=\"twitter:card\" content=\"summary_large_image\" \/>\n<meta name=\"twitter:creator\" content=\"@canadamotorjobs\" \/>\n<meta name=\"twitter:site\" content=\"@canadamotorjobs\" \/>\n<meta name=\"twitter:label1\" content=\"\u00c9crit par\" \/>\n\t<meta name=\"twitter:data1\" content=\"Benoit Charette\" \/>\n\t<meta name=\"twitter:label2\" content=\"Estimation du temps de lecture\" \/>\n\t<meta name=\"twitter:data2\" content=\"2 minutes\" \/>\n<!-- \/ Yoast SEO plugin. -->","yoast_head_json":{"title":"Une nouvelle couleur d\u2019identification pour les v\u00e9hicules Mercedes-Benz autonomes - CanadaMotorJobs.com","description":"Une nouvelle couleur d\u2019identification pour les v\u00e9hicules Mercedes-Benz autonomes - Benoit Charette - Annuel automobile - CanadaMotorJobs.com.","robots":{"index":"index","follow":"follow","max-snippet":"max-snippet:-1","max-image-preview":"max-image-preview:large","max-video-preview":"max-video-preview:-1"},"og_locale":"fr_CA","og_type":"article","og_title":"Une nouvelle couleur d\u2019identification pour les v\u00e9hicules Mercedes-Benz autonomes - CanadaMotorJobs.com","og_description":"Une nouvelle couleur d\u2019identification pour les v\u00e9hicules Mercedes-Benz autonomes - Benoit Charette - Annuel automobile - CanadaMotorJobs.com.","og_url":"https:\/\/news.canadamotorjobs.com\/fr\/une-nouvelle-couleur-didentification-pour-les-vehicules-mercedes-benz-autonomes\/","og_site_name":"CanadaMotorJobs.com","article_publisher":"https:\/\/www.facebook.com\/canadamotorjobs\/","article_published_time":"2024-01-02T15:26:06+00:00","article_modified_time":"2024-01-02T15:30:36+00:00","og_image":[{"width":1242,"height":621,"url":"https:\/\/news.canadamotorjobs.com\/wp-content\/uploads\/2024\/01\/arenaev_001.jpg","type":"image\/jpeg"}],"author":"Benoit Charette","twitter_card":"summary_large_image","twitter_creator":"@canadamotorjobs","twitter_site":"@canadamotorjobs","twitter_misc":{"\u00c9crit par":"Benoit Charette","Estimation du temps de lecture":"2 minutes"},"schema":{"@context":"https:\/\/schema.org","@graph":[{"@type":"Article","@id":"https:\/\/news.canadamotorjobs.com\/fr\/une-nouvelle-couleur-didentification-pour-les-vehicules-mercedes-benz-autonomes\/#article","isPartOf":{"@id":"https:\/\/news.canadamotorjobs.com\/fr\/une-nouvelle-couleur-didentification-pour-les-vehicules-mercedes-benz-autonomes\/"},"author":{"name":"Benoit Charette","@id":"https:\/\/news.canadamotorjobs.com\/#\/schema\/person\/51793d1f87d44011d7bcc2ed99269a90"},"headline":"Une nouvelle couleur d\u2019identification pour les v\u00e9hicules Mercedes-Benz autonomes","datePublished":"2024-01-02T15:26:06+00:00","dateModified":"2024-01-02T15:30:36+00:00","mainEntityOfPage":{"@id":"https:\/\/news.canadamotorjobs.com\/fr\/une-nouvelle-couleur-didentification-pour-les-vehicules-mercedes-benz-autonomes\/"},"wordCount":512,"publisher":{"@id":"https:\/\/news.canadamotorjobs.com\/#organization"},"image":{"@id":"https:\/\/news.canadamotorjobs.com\/fr\/une-nouvelle-couleur-didentification-pour-les-vehicules-mercedes-benz-autonomes\/#primaryimage"},"thumbnailUrl":"https:\/\/news.canadamotorjobs.com\/wp-content\/uploads\/2024\/01\/arenaev_001.jpg","articleSection":["Annuel automobile"],"inLanguage":"fr-CA"},{"@type":"WebPage","@id":"https:\/\/news.canadamotorjobs.com\/fr\/une-nouvelle-couleur-didentification-pour-les-vehicules-mercedes-benz-autonomes\/","url":"https:\/\/news.canadamotorjobs.com\/fr\/une-nouvelle-couleur-didentification-pour-les-vehicules-mercedes-benz-autonomes\/","name":"Une nouvelle couleur d\u2019identification pour les v\u00e9hicules Mercedes-Benz autonomes - CanadaMotorJobs.com","isPartOf":{"@id":"https:\/\/news.canadamotorjobs.com\/#website"},"primaryImageOfPage":{"@id":"https:\/\/news.canadamotorjobs.com\/fr\/une-nouvelle-couleur-didentification-pour-les-vehicules-mercedes-benz-autonomes\/#primaryimage"},"image":{"@id":"https:\/\/news.canadamotorjobs.com\/fr\/une-nouvelle-couleur-didentification-pour-les-vehicules-mercedes-benz-autonomes\/#primaryimage"},"thumbnailUrl":"https:\/\/news.canadamotorjobs.com\/wp-content\/uploads\/2024\/01\/arenaev_001.jpg","datePublished":"2024-01-02T15:26:06+00:00","dateModified":"2024-01-02T15:30:36+00:00","description":"Une nouvelle couleur d\u2019identification pour les v\u00e9hicules Mercedes-Benz autonomes - Benoit Charette - Annuel automobile - CanadaMotorJobs.com.","breadcrumb":{"@id":"https:\/\/news.canadamotorjobs.com\/fr\/une-nouvelle-couleur-didentification-pour-les-vehicules-mercedes-benz-autonomes\/#breadcrumb"},"inLanguage":"fr-CA","potentialAction":[{"@type":"ReadAction","target":["https:\/\/news.canadamotorjobs.com\/fr\/une-nouvelle-couleur-didentification-pour-les-vehicules-mercedes-benz-autonomes\/"]}]},{"@type":"ImageObject","inLanguage":"fr-CA","@id":"https:\/\/news.canadamotorjobs.com\/fr\/une-nouvelle-couleur-didentification-pour-les-vehicules-mercedes-benz-autonomes\/#primaryimage","url":"https:\/\/news.canadamotorjobs.com\/wp-content\/uploads\/2024\/01\/arenaev_001.jpg","contentUrl":"https:\/\/news.canadamotorjobs.com\/wp-content\/uploads\/2024\/01\/arenaev_001.jpg","width":1242,"height":621},{"@type":"BreadcrumbList","@id":"https:\/\/news.canadamotorjobs.com\/fr\/une-nouvelle-couleur-didentification-pour-les-vehicules-mercedes-benz-autonomes\/#breadcrumb","itemListElement":[{"@type":"ListItem","position":1,"name":"Home","item":"https:\/\/news.canadamotorjobs.com\/fr\/blog\/"},{"@type":"ListItem","position":2,"name":"Une nouvelle couleur d\u2019identification pour les v\u00e9hicules Mercedes-Benz autonomes"}]},{"@type":"WebSite","@id":"https:\/\/news.canadamotorjobs.com\/#website","url":"https:\/\/news.canadamotorjobs.com\/","name":"CanadaMotorJobs.com","description":"Automotive Jobs","publisher":{"@id":"https:\/\/news.canadamotorjobs.com\/#organization"},"potentialAction":[{"@type":"SearchAction","target":{"@type":"EntryPoint","urlTemplate":"https:\/\/news.canadamotorjobs.com\/?s={search_term_string}"},"query-input":"required name=search_term_string"}],"inLanguage":"fr-CA"},{"@type":"Organization","@id":"https:\/\/news.canadamotorjobs.com\/#organization","name":"Canada Motor Jobs","url":"https:\/\/news.canadamotorjobs.com\/","logo":{"@type":"ImageObject","inLanguage":"fr-CA","@id":"https:\/\/news.canadamotorjobs.com\/#\/schema\/logo\/image\/","url":"https:\/\/news.canadamotorjobs.com\/wp-content\/uploads\/2022\/10\/logo-canada-motor-jobs-1.png","contentUrl":"https:\/\/news.canadamotorjobs.com\/wp-content\/uploads\/2022\/10\/logo-canada-motor-jobs-1.png","width":800,"height":400,"caption":"Canada Motor Jobs"},"image":{"@id":"https:\/\/news.canadamotorjobs.com\/#\/schema\/logo\/image\/"},"sameAs":["https:\/\/www.facebook.com\/canadamotorjobs\/","https:\/\/x.com\/canadamotorjobs","https:\/\/www.instagram.com\/canadamotorjobs\/","https:\/\/www.linkedin.com\/company\/canadamotorjobs"]},{"@type":"Person","@id":"https:\/\/news.canadamotorjobs.com\/#\/schema\/person\/51793d1f87d44011d7bcc2ed99269a90","name":"Benoit Charette","image":{"@type":"ImageObject","inLanguage":"fr-CA","@id":"https:\/\/news.canadamotorjobs.com\/#\/schema\/person\/image\/","url":"https:\/\/secure.gravatar.com\/avatar\/45f3d2eebcccd909668d7ce7ea7267b6?s=96&d=mm&r=g","contentUrl":"https:\/\/secure.gravatar.com\/avatar\/45f3d2eebcccd909668d7ce7ea7267b6?s=96&d=mm&r=g","caption":"Benoit Charette"},"description":"Benoit Charette \/ Propri\u00e9taire et r\u00e9dacteur en chef Benoit Charette pratique le journalisme automobile depuis bient\u00f4t 30 ans. Il a fait ses classes au c\u00f4t\u00e9 de Daniel H\u00e9raud et au Carnet de route de 1992 \u00e0 2001. Il est fondateur, copropri\u00e9taire et r\u00e9dacteur en chef de L\u2019Annuel de l\u2019automobile, qu\u2019il publie depuis 2001. Il a anim\u00e9 les \u00e9missions RPM et RPM+ sur V et les L\u00e9gendes de la route sur Historia. \u00c0 la radio depuis 1986, il reprend l\u2019antenne cette ann\u00e9e sur les ondes de Cogeco et participe pour la deuxi\u00e8me ann\u00e9e \u00e0 l\u2019\u00e9mission Passion Auto sur RDS en plus de mettre en ligne le site Web officiel de L\u2019Annuel de l\u2019automobile sur annuelauto.ca.","sameAs":["https:\/\/annuelauto.ca\/"],"url":"https:\/\/news.canadamotorjobs.com\/fr\/author\/benoit-charette\/"}]}},"_links":{"self":[{"href":"https:\/\/news.canadamotorjobs.com\/fr\/wp-json\/wp\/v2\/posts\/156177"}],"collection":[{"href":"https:\/\/news.canadamotorjobs.com\/fr\/wp-json\/wp\/v2\/posts"}],"about":[{"href":"https:\/\/news.canadamotorjobs.com\/fr\/wp-json\/wp\/v2\/types\/post"}],"author":[{"embeddable":true,"href":"https:\/\/news.canadamotorjobs.com\/fr\/wp-json\/wp\/v2\/users\/8"}],"replies":[{"embeddable":true,"href":"https:\/\/news.canadamotorjobs.com\/fr\/wp-json\/wp\/v2\/comments?post=156177"}],"version-history":[{"count":2,"href":"https:\/\/news.canadamotorjobs.com\/fr\/wp-json\/wp\/v2\/posts\/156177\/revisions"}],"predecessor-version":[{"id":156181,"href":"https:\/\/news.canadamotorjobs.com\/fr\/wp-json\/wp\/v2\/posts\/156177\/revisions\/156181"}],"wp:featuredmedia":[{"embeddable":true,"href":"https:\/\/news.canadamotorjobs.com\/fr\/wp-json\/wp\/v2\/media\/156179"}],"wp:attachment":[{"href":"https:\/\/news.canadamotorjobs.com\/fr\/wp-json\/wp\/v2\/media?parent=156177"}],"wp:term":[{"taxonomy":"category","embeddable":true,"href":"https:\/\/news.canadamotorjobs.com\/fr\/wp-json\/wp\/v2\/categories?post=156177"},{"taxonomy":"post_tag","embeddable":true,"href":"https:\/\/news.canadamotorjobs.com\/fr\/wp-json\/wp\/v2\/tags?post=156177"}],"curies":[{"name":"wp","href":"https:\/\/api.w.org\/{rel}","templated":true}]}}