{"id":156128,"date":"2023-12-29T09:47:14","date_gmt":"2023-12-29T14:47:14","guid":{"rendered":"https:\/\/news.canadamotorjobs.com\/?p=156128"},"modified":"2023-12-29T09:59:26","modified_gmt":"2023-12-29T14:59:26","slug":"la-porsche-911-hybride-est-presque-prete","status":"publish","type":"post","link":"https:\/\/news.canadamotorjobs.com\/fr\/la-porsche-911-hybride-est-presque-prete\/","title":{"rendered":"La Porsche 911 hybride est presque pr\u00eate"},"content":{"rendered":"<\/p>\n<p>Porsche a exclu l&#8217;id\u00e9e d&#8217;une 911 \u00e9lectrique, du moins pour l&#8217;instant, mais la technologie hybride est bel et bien \u00e0 l&#8217;\u00e9tude. Lorsque la 911 992 subira son lifting de milieu de cycle au cours des six \u00e0 douze prochains mois, certaines variantes recevront des groupes motopropulseurs \u00e9lectrifi\u00e9s.<\/p>\n<h3>Une version Turbo S encore plus puissante<\/h3>\n<p>\nL&#8217;une d&#8217;entre elles devrait \u00eatre la 911 Turbo S, pr\u00e9sentement en text en Europe. Oliver Blume, PDG de Porsche, a d\u00e9clar\u00e9 l&#8217;ann\u00e9e derni\u00e8re qu&#8217;une 911 \u00e9lectrifi\u00e9e allait voir le jour. Il a pr\u00e9cis\u00e9 qu&#8217;il s&#8217;agirait d&#8217;une voiture hybride sur le mod\u00e8le de l&#8217;ancienne 919 Hybrid LMP1, et non d&#8217;une voiture hybride rechargeable comme la 918 Spyder. Cela signifie qu&#8217;il n&#8217;y aura pas de prise, et que le(s) moteur(s) \u00e9lectrique(s) ne servira(ont) qu&#8217;\u00e0 soutenir le moteur \u00e0 combustion interne et \u00e0 r\u00e9cup\u00e9rer de l&#8217;\u00e9nergie au freinage. La puissance devrait augmenter, mais Porsche n\u2019a pas donn\u00e9 de chifrres.<\/p>\n<h3>Quelques informations<\/h3>\n<p>\nSelon le site Motor Authority, la 911 Turbo S hybride utilisera un syst\u00e8me \u00e9lectrique de 400 volts au lieu d&#8217;un syst\u00e8me de 800 volts comme la voiture \u00e9lectrique Taycan. Le syst\u00e8me \u00e0 tension plus \u00e9lev\u00e9e est mieux adapt\u00e9 \u00e0 la charge rapide, ce qui n&#8217;est pas n\u00e9cessaire pour une voiture hybride dont la batterie est beaucoup plus petite que celle d&#8217;un v\u00e9hicule \u00e9lectrique. Le moteur \u00e9lectrique devrait \u00eatre int\u00e9gr\u00e9 \u00e0 la transmission. L&#8217;ancien chef de la 911, August Achleitner, a d\u00e9clar\u00e9 \u00e0 Motor Authority lors d&#8217;une interview en 2019 que la transmission automatique \u00e0 double embrayage \u00e0 8 vitesses de la 911 de la g\u00e9n\u00e9ration 992 est la m\u00eame que celle utilis\u00e9e dans les versions hybrides de la Panamera, qui int\u00e8grent \u00e9galement le moteur \u00e9lectrique \u00e0 la transmission.<\/p>\n<h3>Quelques changements dans le style<\/h3>\n<p>\nLa mise \u00e0 jour de la 911 pr\u00e9sentera \u00e9galement quelques modifications stylistiques. Les prototypes r\u00e9v\u00e8lent de nouveaux designs pour les feux arri\u00e8re et les embouts d&#8217;\u00e9chappement. Le bouclier avant devrait \u00e9galement \u00eatre modernis\u00e9, et les phares devraient \u00eatre dot\u00e9s de nouveaux \u00e9l\u00e9ments internes, avec des faisceaux plus lumineux et plus pr\u00e9cis. Les clignotants pourraient \u00e9galement \u00eatre int\u00e9gr\u00e9s aux phares, au lieu d&#8217;\u00eatre plac\u00e9s sur le bouclier avant comme c&#8217;est le cas actuellement. La 911 Turbo S actualis\u00e9e devrait \u00eatre pr\u00e9sent\u00e9e \u00e0 la fin de l&#8217;ann\u00e9e ou au d\u00e9but de l&#8217;ann\u00e9e prochaine. Elle devrait arriver aux c\u00f4t\u00e9s d&#8217;une 911 Carerra lift\u00e9e, qui devrait \u00e9galement proposer une option hybride. Les deux mod\u00e8les devraient \u00eatre commercialis\u00e9s en 2025 en Am\u00e9rique du Nord.<\/p>\n<p>Avec des renseignements de Motor Authority<\/p>\n<p>Le texte <a rel=\"nofollow\" href=\"https:\/\/annuelauto.ca\/la-porsche-911-hybride-est-presque-prete\/\">La Porsche 911 hybride est presque pr\u00eate<\/a> provient de <a rel=\"nofollow\" href=\"https:\/\/annuelauto.ca\">L&#8217;annuel de l&#8217;automobile &#8211; Actualit\u00e9 automobile<\/a><\/p>\n<p><\/p>\n","protected":false},"excerpt":{"rendered":"<p>Porsche a exclu l&#8217;id\u00e9e d&#8217;une 911 \u00e9lectrique, du moins pour l&#8217;instant, mais la technologie hybride est bel et bien \u00e0 l&#8217;\u00e9tude. Lorsque la 911 992 subira son lifting de milieu de cycle au cours des six \u00e0 douze prochains mois, certaines variantes recevront des groupes motopropulseurs \u00e9lectrifi\u00e9s. Une version Turbo S encore plus puissante L&#8217;une [&hellip;]<\/p>\n","protected":false},"author":8,"featured_media":156130,"comment_status":"close","ping_status":"closed","sticky":false,"template":"","format":"standard","meta":{"_monsterinsights_skip_tracking":false,"_monsterinsights_sitenote_active":false,"_monsterinsights_sitenote_note":"","_monsterinsights_sitenote_category":0,"footnotes":""},"categories":[101],"tags":[],"yoast_head":"<!-- This site is optimized with the Yoast SEO plugin v23.2 - https:\/\/yoast.com\/wordpress\/plugins\/seo\/ -->\n<title>La Porsche 911 hybride est presque pr\u00eate - CanadaMotorJobs.com<\/title>\n<meta name=\"description\" content=\"La Porsche 911 hybride est presque pr\u00eate - Benoit Charette - Annuel automobile - CanadaMotorJobs.com.\" \/>\n<meta name=\"robots\" content=\"index, follow, max-snippet:-1, max-image-preview:large, max-video-preview:-1\" \/>\n<meta property=\"og:locale\" content=\"fr_CA\" \/>\n<meta property=\"og:type\" content=\"article\" \/>\n<meta property=\"og:title\" content=\"La Porsche 911 hybride est presque pr\u00eate - CanadaMotorJobs.com\" \/>\n<meta property=\"og:description\" content=\"La Porsche 911 hybride est presque pr\u00eate - Benoit Charette - Annuel automobile - CanadaMotorJobs.com.\" \/>\n<meta property=\"og:url\" content=\"https:\/\/news.canadamotorjobs.com\/fr\/la-porsche-911-hybride-est-presque-prete\/\" \/>\n<meta property=\"og:site_name\" content=\"CanadaMotorJobs.com\" \/>\n<meta property=\"article:publisher\" content=\"https:\/\/www.facebook.com\/canadamotorjobs\/\" \/>\n<meta property=\"article:published_time\" content=\"2023-12-29T14:47:14+00:00\" \/>\n<meta property=\"article:modified_time\" content=\"2023-12-29T14:59:26+00:00\" \/>\n<meta property=\"og:image\" content=\"https:\/\/news.canadamotorjobs.com\/wp-content\/uploads\/2023\/12\/HEADD.jpg\" \/>\n\t<meta property=\"og:image:width\" content=\"1890\" \/>\n\t<meta property=\"og:image:height\" content=\"1063\" \/>\n\t<meta property=\"og:image:type\" content=\"image\/jpeg\" \/>\n<meta name=\"author\" content=\"Benoit Charette\" \/>\n<meta name=\"twitter:card\" content=\"summary_large_image\" \/>\n<meta name=\"twitter:creator\" content=\"@canadamotorjobs\" \/>\n<meta name=\"twitter:site\" content=\"@canadamotorjobs\" \/>\n<meta name=\"twitter:label1\" content=\"\u00c9crit par\" \/>\n\t<meta name=\"twitter:data1\" content=\"Benoit Charette\" \/>\n\t<meta name=\"twitter:label2\" content=\"Estimation du temps de lecture\" \/>\n\t<meta name=\"twitter:data2\" content=\"2 minutes\" \/>\n<!-- \/ Yoast SEO plugin. -->","yoast_head_json":{"title":"La Porsche 911 hybride est presque pr\u00eate - CanadaMotorJobs.com","description":"La Porsche 911 hybride est presque pr\u00eate - Benoit Charette - Annuel automobile - CanadaMotorJobs.com.","robots":{"index":"index","follow":"follow","max-snippet":"max-snippet:-1","max-image-preview":"max-image-preview:large","max-video-preview":"max-video-preview:-1"},"og_locale":"fr_CA","og_type":"article","og_title":"La Porsche 911 hybride est presque pr\u00eate - CanadaMotorJobs.com","og_description":"La Porsche 911 hybride est presque pr\u00eate - Benoit Charette - Annuel automobile - CanadaMotorJobs.com.","og_url":"https:\/\/news.canadamotorjobs.com\/fr\/la-porsche-911-hybride-est-presque-prete\/","og_site_name":"CanadaMotorJobs.com","article_publisher":"https:\/\/www.facebook.com\/canadamotorjobs\/","article_published_time":"2023-12-29T14:47:14+00:00","article_modified_time":"2023-12-29T14:59:26+00:00","og_image":[{"width":1890,"height":1063,"url":"https:\/\/news.canadamotorjobs.com\/wp-content\/uploads\/2023\/12\/HEADD.jpg","type":"image\/jpeg"}],"author":"Benoit Charette","twitter_card":"summary_large_image","twitter_creator":"@canadamotorjobs","twitter_site":"@canadamotorjobs","twitter_misc":{"\u00c9crit par":"Benoit Charette","Estimation du temps de lecture":"2 minutes"},"schema":{"@context":"https:\/\/schema.org","@graph":[{"@type":"Article","@id":"https:\/\/news.canadamotorjobs.com\/fr\/la-porsche-911-hybride-est-presque-prete\/#article","isPartOf":{"@id":"https:\/\/news.canadamotorjobs.com\/fr\/la-porsche-911-hybride-est-presque-prete\/"},"author":{"name":"Benoit Charette","@id":"https:\/\/news.canadamotorjobs.com\/#\/schema\/person\/51793d1f87d44011d7bcc2ed99269a90"},"headline":"La Porsche 911 hybride est presque pr\u00eate","datePublished":"2023-12-29T14:47:14+00:00","dateModified":"2023-12-29T14:59:26+00:00","mainEntityOfPage":{"@id":"https:\/\/news.canadamotorjobs.com\/fr\/la-porsche-911-hybride-est-presque-prete\/"},"wordCount":481,"publisher":{"@id":"https:\/\/news.canadamotorjobs.com\/#organization"},"image":{"@id":"https:\/\/news.canadamotorjobs.com\/fr\/la-porsche-911-hybride-est-presque-prete\/#primaryimage"},"thumbnailUrl":"https:\/\/news.canadamotorjobs.com\/wp-content\/uploads\/2023\/12\/HEADD.jpg","articleSection":["Annuel automobile"],"inLanguage":"fr-CA"},{"@type":"WebPage","@id":"https:\/\/news.canadamotorjobs.com\/fr\/la-porsche-911-hybride-est-presque-prete\/","url":"https:\/\/news.canadamotorjobs.com\/fr\/la-porsche-911-hybride-est-presque-prete\/","name":"La Porsche 911 hybride est presque pr\u00eate - CanadaMotorJobs.com","isPartOf":{"@id":"https:\/\/news.canadamotorjobs.com\/#website"},"primaryImageOfPage":{"@id":"https:\/\/news.canadamotorjobs.com\/fr\/la-porsche-911-hybride-est-presque-prete\/#primaryimage"},"image":{"@id":"https:\/\/news.canadamotorjobs.com\/fr\/la-porsche-911-hybride-est-presque-prete\/#primaryimage"},"thumbnailUrl":"https:\/\/news.canadamotorjobs.com\/wp-content\/uploads\/2023\/12\/HEADD.jpg","datePublished":"2023-12-29T14:47:14+00:00","dateModified":"2023-12-29T14:59:26+00:00","description":"La Porsche 911 hybride est presque pr\u00eate - Benoit Charette - Annuel automobile - CanadaMotorJobs.com.","breadcrumb":{"@id":"https:\/\/news.canadamotorjobs.com\/fr\/la-porsche-911-hybride-est-presque-prete\/#breadcrumb"},"inLanguage":"fr-CA","potentialAction":[{"@type":"ReadAction","target":["https:\/\/news.canadamotorjobs.com\/fr\/la-porsche-911-hybride-est-presque-prete\/"]}]},{"@type":"ImageObject","inLanguage":"fr-CA","@id":"https:\/\/news.canadamotorjobs.com\/fr\/la-porsche-911-hybride-est-presque-prete\/#primaryimage","url":"https:\/\/news.canadamotorjobs.com\/wp-content\/uploads\/2023\/12\/HEADD.jpg","contentUrl":"https:\/\/news.canadamotorjobs.com\/wp-content\/uploads\/2023\/12\/HEADD.jpg","width":1890,"height":1063},{"@type":"BreadcrumbList","@id":"https:\/\/news.canadamotorjobs.com\/fr\/la-porsche-911-hybride-est-presque-prete\/#breadcrumb","itemListElement":[{"@type":"ListItem","position":1,"name":"Home","item":"https:\/\/news.canadamotorjobs.com\/fr\/blog\/"},{"@type":"ListItem","position":2,"name":"La Porsche 911 hybride est presque pr\u00eate"}]},{"@type":"WebSite","@id":"https:\/\/news.canadamotorjobs.com\/#website","url":"https:\/\/news.canadamotorjobs.com\/","name":"CanadaMotorJobs.com","description":"Automotive Jobs","publisher":{"@id":"https:\/\/news.canadamotorjobs.com\/#organization"},"potentialAction":[{"@type":"SearchAction","target":{"@type":"EntryPoint","urlTemplate":"https:\/\/news.canadamotorjobs.com\/?s={search_term_string}"},"query-input":"required name=search_term_string"}],"inLanguage":"fr-CA"},{"@type":"Organization","@id":"https:\/\/news.canadamotorjobs.com\/#organization","name":"Canada Motor Jobs","url":"https:\/\/news.canadamotorjobs.com\/","logo":{"@type":"ImageObject","inLanguage":"fr-CA","@id":"https:\/\/news.canadamotorjobs.com\/#\/schema\/logo\/image\/","url":"https:\/\/news.canadamotorjobs.com\/wp-content\/uploads\/2022\/10\/logo-canada-motor-jobs-1.png","contentUrl":"https:\/\/news.canadamotorjobs.com\/wp-content\/uploads\/2022\/10\/logo-canada-motor-jobs-1.png","width":800,"height":400,"caption":"Canada Motor Jobs"},"image":{"@id":"https:\/\/news.canadamotorjobs.com\/#\/schema\/logo\/image\/"},"sameAs":["https:\/\/www.facebook.com\/canadamotorjobs\/","https:\/\/x.com\/canadamotorjobs","https:\/\/www.instagram.com\/canadamotorjobs\/","https:\/\/www.linkedin.com\/company\/canadamotorjobs"]},{"@type":"Person","@id":"https:\/\/news.canadamotorjobs.com\/#\/schema\/person\/51793d1f87d44011d7bcc2ed99269a90","name":"Benoit Charette","image":{"@type":"ImageObject","inLanguage":"fr-CA","@id":"https:\/\/news.canadamotorjobs.com\/#\/schema\/person\/image\/","url":"https:\/\/secure.gravatar.com\/avatar\/45f3d2eebcccd909668d7ce7ea7267b6?s=96&d=mm&r=g","contentUrl":"https:\/\/secure.gravatar.com\/avatar\/45f3d2eebcccd909668d7ce7ea7267b6?s=96&d=mm&r=g","caption":"Benoit Charette"},"description":"Benoit Charette \/ Propri\u00e9taire et r\u00e9dacteur en chef Benoit Charette pratique le journalisme automobile depuis bient\u00f4t 30 ans. Il a fait ses classes au c\u00f4t\u00e9 de Daniel H\u00e9raud et au Carnet de route de 1992 \u00e0 2001. Il est fondateur, copropri\u00e9taire et r\u00e9dacteur en chef de L\u2019Annuel de l\u2019automobile, qu\u2019il publie depuis 2001. Il a anim\u00e9 les \u00e9missions RPM et RPM+ sur V et les L\u00e9gendes de la route sur Historia. \u00c0 la radio depuis 1986, il reprend l\u2019antenne cette ann\u00e9e sur les ondes de Cogeco et participe pour la deuxi\u00e8me ann\u00e9e \u00e0 l\u2019\u00e9mission Passion Auto sur RDS en plus de mettre en ligne le site Web officiel de L\u2019Annuel de l\u2019automobile sur annuelauto.ca.","sameAs":["https:\/\/annuelauto.ca\/"],"url":"https:\/\/news.canadamotorjobs.com\/fr\/author\/benoit-charette\/"}]}},"_links":{"self":[{"href":"https:\/\/news.canadamotorjobs.com\/fr\/wp-json\/wp\/v2\/posts\/156128"}],"collection":[{"href":"https:\/\/news.canadamotorjobs.com\/fr\/wp-json\/wp\/v2\/posts"}],"about":[{"href":"https:\/\/news.canadamotorjobs.com\/fr\/wp-json\/wp\/v2\/types\/post"}],"author":[{"embeddable":true,"href":"https:\/\/news.canadamotorjobs.com\/fr\/wp-json\/wp\/v2\/users\/8"}],"replies":[{"embeddable":true,"href":"https:\/\/news.canadamotorjobs.com\/fr\/wp-json\/wp\/v2\/comments?post=156128"}],"version-history":[{"count":2,"href":"https:\/\/news.canadamotorjobs.com\/fr\/wp-json\/wp\/v2\/posts\/156128\/revisions"}],"predecessor-version":[{"id":156132,"href":"https:\/\/news.canadamotorjobs.com\/fr\/wp-json\/wp\/v2\/posts\/156128\/revisions\/156132"}],"wp:featuredmedia":[{"embeddable":true,"href":"https:\/\/news.canadamotorjobs.com\/fr\/wp-json\/wp\/v2\/media\/156130"}],"wp:attachment":[{"href":"https:\/\/news.canadamotorjobs.com\/fr\/wp-json\/wp\/v2\/media?parent=156128"}],"wp:term":[{"taxonomy":"category","embeddable":true,"href":"https:\/\/news.canadamotorjobs.com\/fr\/wp-json\/wp\/v2\/categories?post=156128"},{"taxonomy":"post_tag","embeddable":true,"href":"https:\/\/news.canadamotorjobs.com\/fr\/wp-json\/wp\/v2\/tags?post=156128"}],"curies":[{"name":"wp","href":"https:\/\/api.w.org\/{rel}","templated":true}]}}