{"id":156088,"date":"2023-12-28T09:37:27","date_gmt":"2023-12-28T14:37:27","guid":{"rendered":"https:\/\/news.canadamotorjobs.com\/?p=156088"},"modified":"2023-12-28T09:44:31","modified_gmt":"2023-12-28T14:44:31","slug":"28-decembre-1908-buick-et-olds-motor-works-fusionnent","status":"publish","type":"post","link":"https:\/\/news.canadamotorjobs.com\/fr\/28-decembre-1908-buick-et-olds-motor-works-fusionnent\/","title":{"rendered":"28 d\u00e9cembre 1908\u00a0: Buick et Olds Motor Works fusionnent"},"content":{"rendered":"<\/p>\n<p>Cette nouvelle \u00e0 l\u2019\u00e9poque a suscit\u00e9 un vif int\u00e9r\u00eat. D\u00e9j\u00e0, trois quarts des actionnaires de l&#8217;Olds Motor Works \u00e0 Lansing et une partie de la Buick Motor Company de Flint, dans le Michigan, ont accept\u00e9 un plan de fusion. Ce plan implique que la nouvelle soci\u00e9t\u00e9 acqui\u00e8re leurs actions et \u00e9mette en retour, sur une base \u00e9quitable, ses actions privil\u00e9gi\u00e9es et ordinaires.<\/p>\n<h3><strong>D\u00e9tails Financiers Importants<\/strong><\/h3>\n<p>\nLa General Motors Company, incorpor\u00e9e dans le New Jersey, disposait d&#8217;une capitalisation de 12 500 000 $, r\u00e9partie en actions de 1 $ de valeur nominale. Les actions privil\u00e9gi\u00e9es repr\u00e9sentaient 7 000 000 $ tandis que les actions ordinaires s&#8217;\u00e9l\u00e8vaient \u00e0 5 500 000 $. Les actions privil\u00e9gi\u00e9es versent un dividende cumulatif de 7 %. Bien que Curtis R. Hathaway, associ\u00e9 chez Ward, Hayden &amp; Satterlee \u00e0 New York, montre de l&#8217;int\u00e9r\u00eat pour cette nouvelle soci\u00e9t\u00e9, lui et ses associ\u00e9s en droit gardent le silence et refusent d&#8217;en discuter avant &#8220;le moment appropri\u00e9&#8221;.<\/p>\n<h3><strong>R\u00e9actions des Fabricants Majeurs<\/strong><\/h3>\n<p>\nLe nom de presque tous les fabricants de voitures abordables a \u00e9t\u00e9 associ\u00e9 \u00e0 des rumeurs de fusions similaires. Cependant, des acteurs comme Cadillac, Reo et Ford ont ni\u00e9 toute implication dans de telles consolidations. Henry Ford, malgr\u00e9 une production estim\u00e9e \u00e0 20 000 voitures, a explicitement rejet\u00e9 toute intention de fusionner \u00e0 l\u2019\u00e9poque.<\/p>\n<h3><strong>Objectifs Strat\u00e9giques des Fusions<\/strong><\/h3>\n<p>\nL&#8217;id\u00e9e principale derri\u00e8re ces propositions de fusion est d&#8217;acheter des mat\u00e9riaux en grandes quantit\u00e9s, permettant ainsi des \u00e9conomies substantielles de co\u00fbts de production. Cette strat\u00e9gie vise \u00e9galement \u00e0 \u00e9viter la concurrence directe en r\u00e9partissant la production de voitures selon les gammes de prix et en limitant chaque entreprise \u00e0 un type sp\u00e9cifique.<\/p>\n<p>Avec des renseignements du New York Times<\/p>\n<p>Le texte <a rel=\"nofollow\" href=\"https:\/\/annuelauto.ca\/28-decembre-1908-buick-et-olds-motor-works-fusionnent\/\">28 d\u00e9cembre 1908\u00a0: Buick et Olds Motor Works fusionnent<\/a> provient de <a rel=\"nofollow\" href=\"https:\/\/annuelauto.ca\">L&#8217;annuel de l&#8217;automobile &#8211; Actualit\u00e9 automobile<\/a><\/p>\n<p><\/p>\n","protected":false},"excerpt":{"rendered":"<p>Cette nouvelle \u00e0 l\u2019\u00e9poque a suscit\u00e9 un vif int\u00e9r\u00eat. D\u00e9j\u00e0, trois quarts des actionnaires de l&#8217;Olds Motor Works \u00e0 Lansing et une partie de la Buick Motor Company de Flint, dans le Michigan, ont accept\u00e9 un plan de fusion. Ce plan implique que la nouvelle soci\u00e9t\u00e9 acqui\u00e8re leurs actions et \u00e9mette en retour, sur une [&hellip;]<\/p>\n","protected":false},"author":8,"featured_media":156090,"comment_status":"close","ping_status":"closed","sticky":false,"template":"","format":"standard","meta":{"_monsterinsights_skip_tracking":false,"_monsterinsights_sitenote_active":false,"_monsterinsights_sitenote_note":"","_monsterinsights_sitenote_category":0,"footnotes":""},"categories":[101],"tags":[],"yoast_head":"<!-- This site is optimized with the Yoast SEO plugin v23.2 - https:\/\/yoast.com\/wordpress\/plugins\/seo\/ -->\n<title>28 d\u00e9cembre 1908\u00a0: Buick et Olds Motor Works fusionnent - CanadaMotorJobs.com<\/title>\n<meta name=\"description\" content=\"28 d\u00e9cembre 1908\u00a0: Buick et Olds Motor Works fusionnent - Benoit Charette - Annuel automobile - CanadaMotorJobs.com.\" \/>\n<meta name=\"robots\" content=\"index, follow, max-snippet:-1, max-image-preview:large, max-video-preview:-1\" \/>\n<meta property=\"og:locale\" content=\"fr_CA\" \/>\n<meta property=\"og:type\" content=\"article\" \/>\n<meta property=\"og:title\" content=\"28 d\u00e9cembre 1908\u00a0: Buick et Olds Motor Works fusionnent - CanadaMotorJobs.com\" \/>\n<meta property=\"og:description\" content=\"28 d\u00e9cembre 1908\u00a0: Buick et Olds Motor Works fusionnent - Benoit Charette - Annuel automobile - CanadaMotorJobs.com.\" \/>\n<meta property=\"og:url\" content=\"https:\/\/news.canadamotorjobs.com\/fr\/28-decembre-1908-buick-et-olds-motor-works-fusionnent\/\" \/>\n<meta property=\"og:site_name\" content=\"CanadaMotorJobs.com\" \/>\n<meta property=\"article:publisher\" content=\"https:\/\/www.facebook.com\/canadamotorjobs\/\" \/>\n<meta property=\"article:published_time\" content=\"2023-12-28T14:37:27+00:00\" \/>\n<meta property=\"article:modified_time\" content=\"2023-12-28T14:44:31+00:00\" \/>\n<meta property=\"og:image\" content=\"https:\/\/news.canadamotorjobs.com\/wp-content\/uploads\/2023\/12\/The_Buick_emblem_circa_1908_as_displayed_on_a_car_RESIZED_1.jpg\" \/>\n\t<meta property=\"og:image:width\" content=\"900\" \/>\n\t<meta property=\"og:image:height\" content=\"566\" \/>\n\t<meta property=\"og:image:type\" content=\"image\/jpeg\" \/>\n<meta name=\"author\" content=\"Benoit Charette\" \/>\n<meta name=\"twitter:card\" content=\"summary_large_image\" \/>\n<meta name=\"twitter:creator\" content=\"@canadamotorjobs\" \/>\n<meta name=\"twitter:site\" content=\"@canadamotorjobs\" \/>\n<meta name=\"twitter:label1\" content=\"\u00c9crit par\" \/>\n\t<meta name=\"twitter:data1\" content=\"Benoit Charette\" \/>\n\t<meta name=\"twitter:label2\" content=\"Estimation du temps de lecture\" \/>\n\t<meta name=\"twitter:data2\" content=\"2 minutes\" \/>\n<!-- \/ Yoast SEO plugin. -->","yoast_head_json":{"title":"28 d\u00e9cembre 1908\u00a0: Buick et Olds Motor Works fusionnent - CanadaMotorJobs.com","description":"28 d\u00e9cembre 1908\u00a0: Buick et Olds Motor Works fusionnent - Benoit Charette - Annuel automobile - CanadaMotorJobs.com.","robots":{"index":"index","follow":"follow","max-snippet":"max-snippet:-1","max-image-preview":"max-image-preview:large","max-video-preview":"max-video-preview:-1"},"og_locale":"fr_CA","og_type":"article","og_title":"28 d\u00e9cembre 1908\u00a0: Buick et Olds Motor Works fusionnent - CanadaMotorJobs.com","og_description":"28 d\u00e9cembre 1908\u00a0: Buick et Olds Motor Works fusionnent - Benoit Charette - Annuel automobile - CanadaMotorJobs.com.","og_url":"https:\/\/news.canadamotorjobs.com\/fr\/28-decembre-1908-buick-et-olds-motor-works-fusionnent\/","og_site_name":"CanadaMotorJobs.com","article_publisher":"https:\/\/www.facebook.com\/canadamotorjobs\/","article_published_time":"2023-12-28T14:37:27+00:00","article_modified_time":"2023-12-28T14:44:31+00:00","og_image":[{"width":900,"height":566,"url":"https:\/\/news.canadamotorjobs.com\/wp-content\/uploads\/2023\/12\/The_Buick_emblem_circa_1908_as_displayed_on_a_car_RESIZED_1.jpg","type":"image\/jpeg"}],"author":"Benoit Charette","twitter_card":"summary_large_image","twitter_creator":"@canadamotorjobs","twitter_site":"@canadamotorjobs","twitter_misc":{"\u00c9crit par":"Benoit Charette","Estimation du temps de lecture":"2 minutes"},"schema":{"@context":"https:\/\/schema.org","@graph":[{"@type":"Article","@id":"https:\/\/news.canadamotorjobs.com\/fr\/28-decembre-1908-buick-et-olds-motor-works-fusionnent\/#article","isPartOf":{"@id":"https:\/\/news.canadamotorjobs.com\/fr\/28-decembre-1908-buick-et-olds-motor-works-fusionnent\/"},"author":{"name":"Benoit Charette","@id":"https:\/\/news.canadamotorjobs.com\/#\/schema\/person\/51793d1f87d44011d7bcc2ed99269a90"},"headline":"28 d\u00e9cembre 1908\u00a0: Buick et Olds Motor Works fusionnent","datePublished":"2023-12-28T14:37:27+00:00","dateModified":"2023-12-28T14:44:31+00:00","mainEntityOfPage":{"@id":"https:\/\/news.canadamotorjobs.com\/fr\/28-decembre-1908-buick-et-olds-motor-works-fusionnent\/"},"wordCount":319,"publisher":{"@id":"https:\/\/news.canadamotorjobs.com\/#organization"},"image":{"@id":"https:\/\/news.canadamotorjobs.com\/fr\/28-decembre-1908-buick-et-olds-motor-works-fusionnent\/#primaryimage"},"thumbnailUrl":"https:\/\/news.canadamotorjobs.com\/wp-content\/uploads\/2023\/12\/The_Buick_emblem_circa_1908_as_displayed_on_a_car_RESIZED_1.jpg","articleSection":["Annuel automobile"],"inLanguage":"fr-CA"},{"@type":"WebPage","@id":"https:\/\/news.canadamotorjobs.com\/fr\/28-decembre-1908-buick-et-olds-motor-works-fusionnent\/","url":"https:\/\/news.canadamotorjobs.com\/fr\/28-decembre-1908-buick-et-olds-motor-works-fusionnent\/","name":"28 d\u00e9cembre 1908\u00a0: Buick et Olds Motor Works fusionnent - CanadaMotorJobs.com","isPartOf":{"@id":"https:\/\/news.canadamotorjobs.com\/#website"},"primaryImageOfPage":{"@id":"https:\/\/news.canadamotorjobs.com\/fr\/28-decembre-1908-buick-et-olds-motor-works-fusionnent\/#primaryimage"},"image":{"@id":"https:\/\/news.canadamotorjobs.com\/fr\/28-decembre-1908-buick-et-olds-motor-works-fusionnent\/#primaryimage"},"thumbnailUrl":"https:\/\/news.canadamotorjobs.com\/wp-content\/uploads\/2023\/12\/The_Buick_emblem_circa_1908_as_displayed_on_a_car_RESIZED_1.jpg","datePublished":"2023-12-28T14:37:27+00:00","dateModified":"2023-12-28T14:44:31+00:00","description":"28 d\u00e9cembre 1908\u00a0: Buick et Olds Motor Works fusionnent - Benoit Charette - Annuel automobile - CanadaMotorJobs.com.","breadcrumb":{"@id":"https:\/\/news.canadamotorjobs.com\/fr\/28-decembre-1908-buick-et-olds-motor-works-fusionnent\/#breadcrumb"},"inLanguage":"fr-CA","potentialAction":[{"@type":"ReadAction","target":["https:\/\/news.canadamotorjobs.com\/fr\/28-decembre-1908-buick-et-olds-motor-works-fusionnent\/"]}]},{"@type":"ImageObject","inLanguage":"fr-CA","@id":"https:\/\/news.canadamotorjobs.com\/fr\/28-decembre-1908-buick-et-olds-motor-works-fusionnent\/#primaryimage","url":"https:\/\/news.canadamotorjobs.com\/wp-content\/uploads\/2023\/12\/The_Buick_emblem_circa_1908_as_displayed_on_a_car_RESIZED_1.jpg","contentUrl":"https:\/\/news.canadamotorjobs.com\/wp-content\/uploads\/2023\/12\/The_Buick_emblem_circa_1908_as_displayed_on_a_car_RESIZED_1.jpg","width":900,"height":566},{"@type":"BreadcrumbList","@id":"https:\/\/news.canadamotorjobs.com\/fr\/28-decembre-1908-buick-et-olds-motor-works-fusionnent\/#breadcrumb","itemListElement":[{"@type":"ListItem","position":1,"name":"Home","item":"https:\/\/news.canadamotorjobs.com\/fr\/blog\/"},{"@type":"ListItem","position":2,"name":"28 d\u00e9cembre 1908\u00a0: Buick et Olds Motor Works fusionnent"}]},{"@type":"WebSite","@id":"https:\/\/news.canadamotorjobs.com\/#website","url":"https:\/\/news.canadamotorjobs.com\/","name":"CanadaMotorJobs.com","description":"Automotive Jobs","publisher":{"@id":"https:\/\/news.canadamotorjobs.com\/#organization"},"potentialAction":[{"@type":"SearchAction","target":{"@type":"EntryPoint","urlTemplate":"https:\/\/news.canadamotorjobs.com\/?s={search_term_string}"},"query-input":"required name=search_term_string"}],"inLanguage":"fr-CA"},{"@type":"Organization","@id":"https:\/\/news.canadamotorjobs.com\/#organization","name":"Canada Motor Jobs","url":"https:\/\/news.canadamotorjobs.com\/","logo":{"@type":"ImageObject","inLanguage":"fr-CA","@id":"https:\/\/news.canadamotorjobs.com\/#\/schema\/logo\/image\/","url":"https:\/\/news.canadamotorjobs.com\/wp-content\/uploads\/2022\/10\/logo-canada-motor-jobs-1.png","contentUrl":"https:\/\/news.canadamotorjobs.com\/wp-content\/uploads\/2022\/10\/logo-canada-motor-jobs-1.png","width":800,"height":400,"caption":"Canada Motor Jobs"},"image":{"@id":"https:\/\/news.canadamotorjobs.com\/#\/schema\/logo\/image\/"},"sameAs":["https:\/\/www.facebook.com\/canadamotorjobs\/","https:\/\/x.com\/canadamotorjobs","https:\/\/www.instagram.com\/canadamotorjobs\/","https:\/\/www.linkedin.com\/company\/canadamotorjobs"]},{"@type":"Person","@id":"https:\/\/news.canadamotorjobs.com\/#\/schema\/person\/51793d1f87d44011d7bcc2ed99269a90","name":"Benoit Charette","image":{"@type":"ImageObject","inLanguage":"fr-CA","@id":"https:\/\/news.canadamotorjobs.com\/#\/schema\/person\/image\/","url":"https:\/\/secure.gravatar.com\/avatar\/45f3d2eebcccd909668d7ce7ea7267b6?s=96&d=mm&r=g","contentUrl":"https:\/\/secure.gravatar.com\/avatar\/45f3d2eebcccd909668d7ce7ea7267b6?s=96&d=mm&r=g","caption":"Benoit Charette"},"description":"Benoit Charette \/ Propri\u00e9taire et r\u00e9dacteur en chef Benoit Charette pratique le journalisme automobile depuis bient\u00f4t 30 ans. Il a fait ses classes au c\u00f4t\u00e9 de Daniel H\u00e9raud et au Carnet de route de 1992 \u00e0 2001. Il est fondateur, copropri\u00e9taire et r\u00e9dacteur en chef de L\u2019Annuel de l\u2019automobile, qu\u2019il publie depuis 2001. Il a anim\u00e9 les \u00e9missions RPM et RPM+ sur V et les L\u00e9gendes de la route sur Historia. \u00c0 la radio depuis 1986, il reprend l\u2019antenne cette ann\u00e9e sur les ondes de Cogeco et participe pour la deuxi\u00e8me ann\u00e9e \u00e0 l\u2019\u00e9mission Passion Auto sur RDS en plus de mettre en ligne le site Web officiel de L\u2019Annuel de l\u2019automobile sur annuelauto.ca.","sameAs":["https:\/\/annuelauto.ca\/"],"url":"https:\/\/news.canadamotorjobs.com\/fr\/author\/benoit-charette\/"}]}},"_links":{"self":[{"href":"https:\/\/news.canadamotorjobs.com\/fr\/wp-json\/wp\/v2\/posts\/156088"}],"collection":[{"href":"https:\/\/news.canadamotorjobs.com\/fr\/wp-json\/wp\/v2\/posts"}],"about":[{"href":"https:\/\/news.canadamotorjobs.com\/fr\/wp-json\/wp\/v2\/types\/post"}],"author":[{"embeddable":true,"href":"https:\/\/news.canadamotorjobs.com\/fr\/wp-json\/wp\/v2\/users\/8"}],"replies":[{"embeddable":true,"href":"https:\/\/news.canadamotorjobs.com\/fr\/wp-json\/wp\/v2\/comments?post=156088"}],"version-history":[{"count":2,"href":"https:\/\/news.canadamotorjobs.com\/fr\/wp-json\/wp\/v2\/posts\/156088\/revisions"}],"predecessor-version":[{"id":156092,"href":"https:\/\/news.canadamotorjobs.com\/fr\/wp-json\/wp\/v2\/posts\/156088\/revisions\/156092"}],"wp:featuredmedia":[{"embeddable":true,"href":"https:\/\/news.canadamotorjobs.com\/fr\/wp-json\/wp\/v2\/media\/156090"}],"wp:attachment":[{"href":"https:\/\/news.canadamotorjobs.com\/fr\/wp-json\/wp\/v2\/media?parent=156088"}],"wp:term":[{"taxonomy":"category","embeddable":true,"href":"https:\/\/news.canadamotorjobs.com\/fr\/wp-json\/wp\/v2\/categories?post=156088"},{"taxonomy":"post_tag","embeddable":true,"href":"https:\/\/news.canadamotorjobs.com\/fr\/wp-json\/wp\/v2\/tags?post=156088"}],"curies":[{"name":"wp","href":"https:\/\/api.w.org\/{rel}","templated":true}]}}