{"id":156059,"date":"2023-12-27T09:28:02","date_gmt":"2023-12-27T14:28:02","guid":{"rendered":"https:\/\/news.canadamotorjobs.com\/?p=156059"},"modified":"2023-12-27T09:30:03","modified_gmt":"2023-12-27T14:30:03","slug":"vinfast-veut-amener-le-vf3-au-canada-et-aux-etats-unis","status":"publish","type":"post","link":"https:\/\/news.canadamotorjobs.com\/fr\/vinfast-veut-amener-le-vf3-au-canada-et-aux-etats-unis\/","title":{"rendered":"Vinfast veut amener le VF3 au Canada et aux \u00c9tats-Unis"},"content":{"rendered":"<\/p>\n<p>VinFast d\u00e9voilera le VUS d&#8217;entr\u00e9e de gamme VF 3 lors de l&#8217;\u00e9v\u00e9nement CES (Consumer Electronic Show) 2024 de janvier \u00e0 Las Vegas, ainsi qu&#8217;un nouveau concept.<\/p>\n<h3>Autour de 30\u00a0000$<\/h3>\n<p>\nJusqu&#8217;\u00e0 pr\u00e9sent, le constructeur vietnamien n&#8217;a pas r\u00e9ussi \u00e0 percer sur le march\u00e9 am\u00e9ricain, en raison de la lenteur des ventes et d&#8217;une multitude de probl\u00e8mes, mais il reste convaincu que le VF 3 a le potentiel pour devenir un bon vendeur. VinFast a r\u00e9cemment r\u00e9v\u00e9l\u00e9 que les concessionnaires nord-am\u00e9ricain ont manifest\u00e9 beaucoup d&#8217;int\u00e9r\u00eat pour la VF 3, notamment parce qu&#8217;elle pourrait \u00eatre commercialis\u00e9e pour moins de 20 000 dollars US ou environ 30\u00a0000 $ canadien, et ce avant le cr\u00e9dit qui s\u2019\u00e9l\u00e8verait \u00e0 12\u00a0000$ au Qu\u00e9bec.<\/p>\n<h3>Format de poche<\/h3>\n<p>\nLe CES sera la premi\u00e8re occasion de voir la VF 3 en chair et en os. Il ne mesure que 3 114 mm de long et, bien qu&#8217;elle n&#8217;ait que deux portes, il pr\u00e9tend avoir suffisamment d&#8217;espace int\u00e9rieur pour accueillir cinq personnes. Les sp\u00e9cifications techniques restent inconnues, mais l&#8217;empreinte compacte et le prix tr\u00e8s abordable signifient probablement que le v\u00e9hicule sera \u00e9quip\u00e9 d&#8217;une petite batterie et d&#8217;un seul moteur \u00e9lectrique.<\/p>\n<h3>Pas de d\u00e9tail sur le concept<\/h3>\n<p>\nVinFast n&#8217;a fourni aucune information sur &#8220;son dernier concept de v\u00e9hicule \u00e9lectrique&#8221; qui sera \u00e9galement pr\u00e9sent \u00e0 l&#8217;\u00e9v\u00e9nement.\u00a0 En revanche, le concept et le VF 3 seront accompagn\u00e9s du VF 9 et d&#8217;une gamme de v\u00e9los \u00e9lectriques que l&#8217;entreprise appelle ses mod\u00e8les &#8220;DrgnFly&#8221;.<\/p>\n<p>\u00a0<\/p>\n<p>Avec des renseignements de Carbuzz<\/p>\n<p>Le texte <a rel=\"nofollow\" href=\"https:\/\/annuelauto.ca\/vinfast-veut-amener-le-vf3-au-canada-et-aux-etats-unis\/\">Vinfast veut amener le VF3 au Canada et aux \u00c9tats-Unis<\/a> provient de <a rel=\"nofollow\" href=\"https:\/\/annuelauto.ca\">L&#8217;annuel de l&#8217;automobile &#8211; Actualit\u00e9 automobile<\/a><\/p>\n<p><\/p>\n","protected":false},"excerpt":{"rendered":"<p>VinFast d\u00e9voilera le VUS d&#8217;entr\u00e9e de gamme VF 3 lors de l&#8217;\u00e9v\u00e9nement CES (Consumer Electronic Show) 2024 de janvier \u00e0 Las Vegas, ainsi qu&#8217;un nouveau concept. Autour de 30\u00a0000$ Jusqu&#8217;\u00e0 pr\u00e9sent, le constructeur vietnamien n&#8217;a pas r\u00e9ussi \u00e0 percer sur le march\u00e9 am\u00e9ricain, en raison de la lenteur des ventes et d&#8217;une multitude de probl\u00e8mes, [&hellip;]<\/p>\n","protected":false},"author":8,"featured_media":156061,"comment_status":"close","ping_status":"closed","sticky":false,"template":"","format":"standard","meta":{"_monsterinsights_skip_tracking":false,"_monsterinsights_sitenote_active":false,"_monsterinsights_sitenote_note":"","_monsterinsights_sitenote_category":0,"footnotes":""},"categories":[101],"tags":[],"yoast_head":"<!-- This site is optimized with the Yoast SEO plugin v23.2 - https:\/\/yoast.com\/wordpress\/plugins\/seo\/ -->\n<title>Vinfast veut amener le VF3 au Canada et aux \u00c9tats-Unis - CanadaMotorJobs.com<\/title>\n<meta name=\"description\" content=\"Vinfast veut amener le VF3 au Canada et aux \u00c9tats-Unis - Benoit Charette - Annuel automobile - CanadaMotorJobs.com.\" \/>\n<meta name=\"robots\" content=\"index, follow, max-snippet:-1, max-image-preview:large, max-video-preview:-1\" \/>\n<meta property=\"og:locale\" content=\"fr_CA\" \/>\n<meta property=\"og:type\" content=\"article\" \/>\n<meta property=\"og:title\" content=\"Vinfast veut amener le VF3 au Canada et aux \u00c9tats-Unis - CanadaMotorJobs.com\" \/>\n<meta property=\"og:description\" content=\"Vinfast veut amener le VF3 au Canada et aux \u00c9tats-Unis - Benoit Charette - Annuel automobile - CanadaMotorJobs.com.\" \/>\n<meta property=\"og:url\" content=\"https:\/\/news.canadamotorjobs.com\/fr\/vinfast-veut-amener-le-vf3-au-canada-et-aux-etats-unis\/\" \/>\n<meta property=\"og:site_name\" content=\"CanadaMotorJobs.com\" \/>\n<meta property=\"article:publisher\" content=\"https:\/\/www.facebook.com\/canadamotorjobs\/\" \/>\n<meta property=\"article:published_time\" content=\"2023-12-27T14:28:02+00:00\" \/>\n<meta property=\"article:modified_time\" content=\"2023-12-27T14:30:03+00:00\" \/>\n<meta property=\"og:image\" content=\"https:\/\/news.canadamotorjobs.com\/wp-content\/uploads\/2023\/12\/Photo_1_VF-3_Exterior_1.jpg\" \/>\n\t<meta property=\"og:image:width\" content=\"1800\" \/>\n\t<meta property=\"og:image:height\" content=\"1043\" \/>\n\t<meta property=\"og:image:type\" content=\"image\/jpeg\" \/>\n<meta name=\"author\" content=\"Benoit Charette\" \/>\n<meta name=\"twitter:card\" content=\"summary_large_image\" \/>\n<meta name=\"twitter:creator\" content=\"@canadamotorjobs\" \/>\n<meta name=\"twitter:site\" content=\"@canadamotorjobs\" \/>\n<meta name=\"twitter:label1\" content=\"\u00c9crit par\" \/>\n\t<meta name=\"twitter:data1\" content=\"Benoit Charette\" \/>\n\t<meta name=\"twitter:label2\" content=\"Estimation du temps de lecture\" \/>\n\t<meta name=\"twitter:data2\" content=\"1 minute\" \/>\n<!-- \/ Yoast SEO plugin. -->","yoast_head_json":{"title":"Vinfast veut amener le VF3 au Canada et aux \u00c9tats-Unis - CanadaMotorJobs.com","description":"Vinfast veut amener le VF3 au Canada et aux \u00c9tats-Unis - Benoit Charette - Annuel automobile - CanadaMotorJobs.com.","robots":{"index":"index","follow":"follow","max-snippet":"max-snippet:-1","max-image-preview":"max-image-preview:large","max-video-preview":"max-video-preview:-1"},"og_locale":"fr_CA","og_type":"article","og_title":"Vinfast veut amener le VF3 au Canada et aux \u00c9tats-Unis - CanadaMotorJobs.com","og_description":"Vinfast veut amener le VF3 au Canada et aux \u00c9tats-Unis - Benoit Charette - Annuel automobile - CanadaMotorJobs.com.","og_url":"https:\/\/news.canadamotorjobs.com\/fr\/vinfast-veut-amener-le-vf3-au-canada-et-aux-etats-unis\/","og_site_name":"CanadaMotorJobs.com","article_publisher":"https:\/\/www.facebook.com\/canadamotorjobs\/","article_published_time":"2023-12-27T14:28:02+00:00","article_modified_time":"2023-12-27T14:30:03+00:00","og_image":[{"width":1800,"height":1043,"url":"https:\/\/news.canadamotorjobs.com\/wp-content\/uploads\/2023\/12\/Photo_1_VF-3_Exterior_1.jpg","type":"image\/jpeg"}],"author":"Benoit Charette","twitter_card":"summary_large_image","twitter_creator":"@canadamotorjobs","twitter_site":"@canadamotorjobs","twitter_misc":{"\u00c9crit par":"Benoit Charette","Estimation du temps de lecture":"1 minute"},"schema":{"@context":"https:\/\/schema.org","@graph":[{"@type":"Article","@id":"https:\/\/news.canadamotorjobs.com\/fr\/vinfast-veut-amener-le-vf3-au-canada-et-aux-etats-unis\/#article","isPartOf":{"@id":"https:\/\/news.canadamotorjobs.com\/fr\/vinfast-veut-amener-le-vf3-au-canada-et-aux-etats-unis\/"},"author":{"name":"Benoit Charette","@id":"https:\/\/news.canadamotorjobs.com\/#\/schema\/person\/51793d1f87d44011d7bcc2ed99269a90"},"headline":"Vinfast veut amener le VF3 au Canada et aux \u00c9tats-Unis","datePublished":"2023-12-27T14:28:02+00:00","dateModified":"2023-12-27T14:30:03+00:00","mainEntityOfPage":{"@id":"https:\/\/news.canadamotorjobs.com\/fr\/vinfast-veut-amener-le-vf3-au-canada-et-aux-etats-unis\/"},"wordCount":303,"publisher":{"@id":"https:\/\/news.canadamotorjobs.com\/#organization"},"image":{"@id":"https:\/\/news.canadamotorjobs.com\/fr\/vinfast-veut-amener-le-vf3-au-canada-et-aux-etats-unis\/#primaryimage"},"thumbnailUrl":"https:\/\/news.canadamotorjobs.com\/wp-content\/uploads\/2023\/12\/Photo_1_VF-3_Exterior_1.jpg","articleSection":["Annuel automobile"],"inLanguage":"fr-CA"},{"@type":"WebPage","@id":"https:\/\/news.canadamotorjobs.com\/fr\/vinfast-veut-amener-le-vf3-au-canada-et-aux-etats-unis\/","url":"https:\/\/news.canadamotorjobs.com\/fr\/vinfast-veut-amener-le-vf3-au-canada-et-aux-etats-unis\/","name":"Vinfast veut amener le VF3 au Canada et aux \u00c9tats-Unis - CanadaMotorJobs.com","isPartOf":{"@id":"https:\/\/news.canadamotorjobs.com\/#website"},"primaryImageOfPage":{"@id":"https:\/\/news.canadamotorjobs.com\/fr\/vinfast-veut-amener-le-vf3-au-canada-et-aux-etats-unis\/#primaryimage"},"image":{"@id":"https:\/\/news.canadamotorjobs.com\/fr\/vinfast-veut-amener-le-vf3-au-canada-et-aux-etats-unis\/#primaryimage"},"thumbnailUrl":"https:\/\/news.canadamotorjobs.com\/wp-content\/uploads\/2023\/12\/Photo_1_VF-3_Exterior_1.jpg","datePublished":"2023-12-27T14:28:02+00:00","dateModified":"2023-12-27T14:30:03+00:00","description":"Vinfast veut amener le VF3 au Canada et aux \u00c9tats-Unis - Benoit Charette - Annuel automobile - CanadaMotorJobs.com.","breadcrumb":{"@id":"https:\/\/news.canadamotorjobs.com\/fr\/vinfast-veut-amener-le-vf3-au-canada-et-aux-etats-unis\/#breadcrumb"},"inLanguage":"fr-CA","potentialAction":[{"@type":"ReadAction","target":["https:\/\/news.canadamotorjobs.com\/fr\/vinfast-veut-amener-le-vf3-au-canada-et-aux-etats-unis\/"]}]},{"@type":"ImageObject","inLanguage":"fr-CA","@id":"https:\/\/news.canadamotorjobs.com\/fr\/vinfast-veut-amener-le-vf3-au-canada-et-aux-etats-unis\/#primaryimage","url":"https:\/\/news.canadamotorjobs.com\/wp-content\/uploads\/2023\/12\/Photo_1_VF-3_Exterior_1.jpg","contentUrl":"https:\/\/news.canadamotorjobs.com\/wp-content\/uploads\/2023\/12\/Photo_1_VF-3_Exterior_1.jpg","width":1800,"height":1043},{"@type":"BreadcrumbList","@id":"https:\/\/news.canadamotorjobs.com\/fr\/vinfast-veut-amener-le-vf3-au-canada-et-aux-etats-unis\/#breadcrumb","itemListElement":[{"@type":"ListItem","position":1,"name":"Home","item":"https:\/\/news.canadamotorjobs.com\/fr\/blog\/"},{"@type":"ListItem","position":2,"name":"Vinfast veut amener le VF3 au Canada et aux \u00c9tats-Unis"}]},{"@type":"WebSite","@id":"https:\/\/news.canadamotorjobs.com\/#website","url":"https:\/\/news.canadamotorjobs.com\/","name":"CanadaMotorJobs.com","description":"Automotive Jobs","publisher":{"@id":"https:\/\/news.canadamotorjobs.com\/#organization"},"potentialAction":[{"@type":"SearchAction","target":{"@type":"EntryPoint","urlTemplate":"https:\/\/news.canadamotorjobs.com\/?s={search_term_string}"},"query-input":"required name=search_term_string"}],"inLanguage":"fr-CA"},{"@type":"Organization","@id":"https:\/\/news.canadamotorjobs.com\/#organization","name":"Canada Motor Jobs","url":"https:\/\/news.canadamotorjobs.com\/","logo":{"@type":"ImageObject","inLanguage":"fr-CA","@id":"https:\/\/news.canadamotorjobs.com\/#\/schema\/logo\/image\/","url":"https:\/\/news.canadamotorjobs.com\/wp-content\/uploads\/2022\/10\/logo-canada-motor-jobs-1.png","contentUrl":"https:\/\/news.canadamotorjobs.com\/wp-content\/uploads\/2022\/10\/logo-canada-motor-jobs-1.png","width":800,"height":400,"caption":"Canada Motor Jobs"},"image":{"@id":"https:\/\/news.canadamotorjobs.com\/#\/schema\/logo\/image\/"},"sameAs":["https:\/\/www.facebook.com\/canadamotorjobs\/","https:\/\/x.com\/canadamotorjobs","https:\/\/www.instagram.com\/canadamotorjobs\/","https:\/\/www.linkedin.com\/company\/canadamotorjobs"]},{"@type":"Person","@id":"https:\/\/news.canadamotorjobs.com\/#\/schema\/person\/51793d1f87d44011d7bcc2ed99269a90","name":"Benoit Charette","image":{"@type":"ImageObject","inLanguage":"fr-CA","@id":"https:\/\/news.canadamotorjobs.com\/#\/schema\/person\/image\/","url":"https:\/\/secure.gravatar.com\/avatar\/45f3d2eebcccd909668d7ce7ea7267b6?s=96&d=mm&r=g","contentUrl":"https:\/\/secure.gravatar.com\/avatar\/45f3d2eebcccd909668d7ce7ea7267b6?s=96&d=mm&r=g","caption":"Benoit Charette"},"description":"Benoit Charette \/ Propri\u00e9taire et r\u00e9dacteur en chef Benoit Charette pratique le journalisme automobile depuis bient\u00f4t 30 ans. Il a fait ses classes au c\u00f4t\u00e9 de Daniel H\u00e9raud et au Carnet de route de 1992 \u00e0 2001. Il est fondateur, copropri\u00e9taire et r\u00e9dacteur en chef de L\u2019Annuel de l\u2019automobile, qu\u2019il publie depuis 2001. Il a anim\u00e9 les \u00e9missions RPM et RPM+ sur V et les L\u00e9gendes de la route sur Historia. \u00c0 la radio depuis 1986, il reprend l\u2019antenne cette ann\u00e9e sur les ondes de Cogeco et participe pour la deuxi\u00e8me ann\u00e9e \u00e0 l\u2019\u00e9mission Passion Auto sur RDS en plus de mettre en ligne le site Web officiel de L\u2019Annuel de l\u2019automobile sur annuelauto.ca.","sameAs":["https:\/\/annuelauto.ca\/"],"url":"https:\/\/news.canadamotorjobs.com\/fr\/author\/benoit-charette\/"}]}},"_links":{"self":[{"href":"https:\/\/news.canadamotorjobs.com\/fr\/wp-json\/wp\/v2\/posts\/156059"}],"collection":[{"href":"https:\/\/news.canadamotorjobs.com\/fr\/wp-json\/wp\/v2\/posts"}],"about":[{"href":"https:\/\/news.canadamotorjobs.com\/fr\/wp-json\/wp\/v2\/types\/post"}],"author":[{"embeddable":true,"href":"https:\/\/news.canadamotorjobs.com\/fr\/wp-json\/wp\/v2\/users\/8"}],"replies":[{"embeddable":true,"href":"https:\/\/news.canadamotorjobs.com\/fr\/wp-json\/wp\/v2\/comments?post=156059"}],"version-history":[{"count":2,"href":"https:\/\/news.canadamotorjobs.com\/fr\/wp-json\/wp\/v2\/posts\/156059\/revisions"}],"predecessor-version":[{"id":156063,"href":"https:\/\/news.canadamotorjobs.com\/fr\/wp-json\/wp\/v2\/posts\/156059\/revisions\/156063"}],"wp:featuredmedia":[{"embeddable":true,"href":"https:\/\/news.canadamotorjobs.com\/fr\/wp-json\/wp\/v2\/media\/156061"}],"wp:attachment":[{"href":"https:\/\/news.canadamotorjobs.com\/fr\/wp-json\/wp\/v2\/media?parent=156059"}],"wp:term":[{"taxonomy":"category","embeddable":true,"href":"https:\/\/news.canadamotorjobs.com\/fr\/wp-json\/wp\/v2\/categories?post=156059"},{"taxonomy":"post_tag","embeddable":true,"href":"https:\/\/news.canadamotorjobs.com\/fr\/wp-json\/wp\/v2\/tags?post=156059"}],"curies":[{"name":"wp","href":"https:\/\/api.w.org\/{rel}","templated":true}]}}