{"id":156025,"date":"2023-12-26T09:01:26","date_gmt":"2023-12-26T14:01:26","guid":{"rendered":"https:\/\/news.canadamotorjobs.com\/?p=156025"},"modified":"2023-12-26T09:16:09","modified_gmt":"2023-12-26T14:16:09","slug":"des-tracteurs-a-lautomobile-lhistoire-de-ferruccio-lamborghini","status":"publish","type":"post","link":"https:\/\/news.canadamotorjobs.com\/fr\/des-tracteurs-a-lautomobile-lhistoire-de-ferruccio-lamborghini\/","title":{"rendered":"Des tracteurs \u00e0 l\u2019automobile: l\u2019histoire de Ferruccio Lamborghini"},"content":{"rendered":"<\/p>\n<p>Dans la ville de Renazzo, le 28 avril 1916, na\u00eet Ferruccio Lamborghini, a\u00een\u00e9 de cinq fr\u00e8res, s&#8217;\u00e9veillant aux labeurs des terres paternelles. Le sol s&#8217;animait sous ses pas, laissant son p\u00e8re lui conter l&#8217;amour ancestral pour le labeur des champs, mais l&#8217;\u00e2me de Ferruccio, elle, vibrait au rythme des moteurs et des voitures.<\/p>\n<h3>Il apprend le m\u00e9tier de forgeron<\/h3>\n<p>\n\u00c9clos d\u00e8s l&#8217;enfance, son talent, une \u00e9vidence rayonnante, se d\u00e9voile pour les m\u00e9caniques ronflantes. \u00c9cole primaire achev\u00e9e, l&#8217;institut &#8220;Fr\u00e8res Taddia&#8221; devient le creuset o\u00f9 il forge son destin d&#8217;entrepreneur, malgr\u00e9 les d\u00e9sirs contraires de son p\u00e8re qui esp\u00e9rait voir son fils perp\u00e9tuer le travail des champs. T\u00eatu, r\u00e9solu, il s&#8217;att\u00e8le \u00e0 l&#8217;apprentissage dans l&#8217;antre d&#8217;un forgeron local, en qu\u00eate des secrets de la ferronnerie et des nuances de la soudure. Puis, bravant l&#8217;opposition paternelle, il int\u00e8gre l&#8217;atelier prestigieux du cavalier Righi \u00e0 Bologne, o\u00f9 l&#8217;entretien des v\u00e9hicules de l&#8217;arm\u00e9e forge son exp\u00e9rience.<\/p>\n<h3>Il part pour la guerre<\/h3>\n<p>\nSon amiti\u00e9 fid\u00e8le avec Marino Filippini, compagnon d&#8217;\u00e9tabli chez Righi, l&#8217;am\u00e8ne, \u00e0 18 ans, \u00e0 ouvrir un atelier \u00e0 Renazzo. Ann\u00e9es insouciantes, intenses, o\u00f9 chaque vieille voiture ou moto d&#8217;occasion devient l&#8217;\u00e9cho de sa passion, sillonnant des sentiers campagnards, gravant en lui l&#8217;empreinte ind\u00e9l\u00e9bile de la libert\u00e9. Mais l&#8217;\u00e9clat de cette \u00e9poque se trouble abruptement sous les fracas de la guerre. Envoy\u00e9 \u00e0 Rhodes, sur l&#8217;\u00eele \u00c9g\u00e9enne, il devient m\u00e9canicien caporal, saisissement d&#8217;une opportunit\u00e9 unique : c\u00f4toyer les outils les plus raffin\u00e9s de l&#8217;industrie m\u00e9canique. Sa bravoure et son g\u00e9nie m\u00e9canique lui valent la confiance du commandant, jusqu&#8217;\u00e0 r\u00e9parer la voiture personnelle de celui-ci. La guerre, am\u00e8re trag\u00e9die, interrompt cette qui\u00e9tude insulaire jusqu&#8217;au tumulte du 8 septembre 1943, poussant tout le contingent de l&#8217;\u00ab Autocentro \u00bb \u00e0 fuir la cit\u00e9. Ferruccio, \u00e9pris des moteurs, revient \u00e0 Rhodes en civil, ouvrant un petit atelier sous l&#8217;\u00e9gide des Allemands, reconnaissant son savoir m\u00e9canique plut\u00f4t que le prisonner.<\/p>\n<h3>Retour en Italie<\/h3>\n<p>\nL&#8217;apr\u00e8s-guerre le ram\u00e8ne en Italie, avec Clelia, l&#8217;amour rencontr\u00e9 \u00e0 Rhodes. De retour, il d\u00e9couvre une Italie empreinte d&#8217;un nouveau souffle, pr\u00eate \u00e0 embrasser les opportunit\u00e9s. Dans cette contr\u00e9e \u00e9pargn\u00e9e par le conflit, la crise agricole ouvre des horizons in\u00e9dits, r\u00e9veillant son esprit visionnaire pour l&#8217;automatisation agricole \u00e0 grande \u00e9chelle.<\/p>\n<h3>Le commerce de tracteur<\/h3>\n<p>\nEn 1947, na\u00eet le tracteur &#8220;Carioca&#8221;, fruit d&#8217;une ing\u00e9niosit\u00e9 redoubl\u00e9e, s\u00e9duisant les agriculteurs et impulsant la croissance. L&#8217;ann\u00e9e suivante, il forge l&#8217;essor de la production, appuy\u00e9 par la ferme familiale mise en gage pour obtenir un pr\u00eat. Les moteurs Morris deviennent le c\u0153ur battant du tracteur L33, symbole d&#8217;une r\u00e9ussite croissante. Son \u00e9lan le conduit en 1951 \u00e0 une nouvelle demeure, une structure plus vaste pour les &#8220;Trattori Lamborghini&#8221;, les pr\u00e9mices d&#8217;une ascension fulgurante. Les ann\u00e9es 50 marquent sa transition d&#8217;artisan \u00e0 industriel, propulsant son nom aux confins du globe, tandis que ses tracteurs conqui\u00e8rent les terres agricoles. Entrepreneuriat prolifique, \u00e9largissement du r\u00e9seau de vente, expansion continue des installations : Ferruccio, pr\u00e9curseur, pressent les d\u00e9sirs du march\u00e9 avant m\u00eame que la concurrence n&#8217;y songe. Les tracteurs diesel naissent de son g\u00e9nie, signant une nouvelle \u00e8re pour l&#8217;entreprise.<\/p>\n<h3>Le d\u00e9but de l&#8217;aventure automobile<\/h3>\n<p>\nEn 1963, l&#8217;aventure automobile d\u00e9bute, la 350 GT embrasant les salons internationaux. Le Taureau, embl\u00e8me de t\u00e9nacit\u00e9, s&#8217;\u00e9rige comme l&#8217;\u00e9tendard de &#8220;Lamborghini Automobili&#8221;, s\u00e9duisant le monde de l&#8217;automobile par sa finesse m\u00e9canique et son style inimitable. La Miura, fastueux gran turismo, s&#8217;\u00e9lance sur les routes, \u00e9clipsant les concurrents de plusieurs ann\u00e9es. Les stars du cin\u00e9ma et de la musique se l&#8217;arrachent, glorifiant son luxe et son \u00e9l\u00e9gance, la propulsant m\u00eame au MoMA de New York comme une \u0153uvre d&#8217;art automobile.<\/p>\n<h3>Le d\u00e9clin<\/h3>\n<p>\nMais le cr\u00e9puscule des ann\u00e9es 60 amorce un changement. La crise atteint &#8220;Lamborghini Trattori&#8221;, lourd tribut \u00e0 une commande annul\u00e9e et aux tensions syndicales. Ferruccio, d\u00e9sorient\u00e9, vend progressivement ses entreprises, s&#8217;\u00e9loignant du tumulte industriel pour retrouver un havre paisible au bord du lac Trasim\u00e8ne.<\/p>\n<p>\u00c0 La Fiorita, son domaine s&#8217;\u00e9l\u00e8ve, transformant le terreau en une exploitation moderne, m\u00ealant chasse, d\u00e9tente, et viticulture de prestige. Ferruccio, \u00e9ternel entrepreneur, sculpte son refuge en un lieu pris\u00e9, o\u00f9 l&#8217;amiti\u00e9 et les souvenirs forgent les derniers instants d&#8217;une vie marqu\u00e9e par une vision novatrice, concluant en 1993, entour\u00e9 des amis de toujours.<\/p>\n<p>\u00a0<\/p>\n<p>Le texte <a rel=\"nofollow\" href=\"https:\/\/annuelauto.ca\/692233\/\">Des tracteurs \u00e0 l\u2019automobile: l\u2019histoire de Ferruccio Lamborghini<\/a> provient de <a rel=\"nofollow\" href=\"https:\/\/annuelauto.ca\">L&#8217;annuel de l&#8217;automobile &#8211; Actualit\u00e9 automobile<\/a><\/p>\n<p><\/p>\n","protected":false},"excerpt":{"rendered":"<p>Dans la ville de Renazzo, le 28 avril 1916, na\u00eet Ferruccio Lamborghini, a\u00een\u00e9 de cinq fr\u00e8res, s&#8217;\u00e9veillant aux labeurs des terres paternelles. Le sol s&#8217;animait sous ses pas, laissant son p\u00e8re lui conter l&#8217;amour ancestral pour le labeur des champs, mais l&#8217;\u00e2me de Ferruccio, elle, vibrait au rythme des moteurs et des voitures. Il apprend [&hellip;]<\/p>\n","protected":false},"author":8,"featured_media":156027,"comment_status":"close","ping_status":"closed","sticky":false,"template":"","format":"standard","meta":{"_monsterinsights_skip_tracking":false,"_monsterinsights_sitenote_active":false,"_monsterinsights_sitenote_note":"","_monsterinsights_sitenote_category":0,"footnotes":""},"categories":[101],"tags":[],"yoast_head":"<!-- This site is optimized with the Yoast SEO plugin v23.2 - https:\/\/yoast.com\/wordpress\/plugins\/seo\/ -->\n<title>Des tracteurs \u00e0 l\u2019automobile: l\u2019histoire de Ferruccio Lamborghini - CanadaMotorJobs.com<\/title>\n<meta name=\"description\" content=\"Des tracteurs \u00e0 l\u2019automobile: l\u2019histoire de Ferruccio Lamborghini - Benoit Charette - Annuel automobile - CanadaMotorJobs.com.\" \/>\n<meta name=\"robots\" content=\"index, follow, max-snippet:-1, max-image-preview:large, max-video-preview:-1\" \/>\n<meta property=\"og:locale\" content=\"fr_CA\" \/>\n<meta property=\"og:type\" content=\"article\" \/>\n<meta property=\"og:title\" content=\"Des tracteurs \u00e0 l\u2019automobile: l\u2019histoire de Ferruccio Lamborghini - CanadaMotorJobs.com\" \/>\n<meta property=\"og:description\" content=\"Des tracteurs \u00e0 l\u2019automobile: l\u2019histoire de Ferruccio Lamborghini - Benoit Charette - Annuel automobile - CanadaMotorJobs.com.\" \/>\n<meta property=\"og:url\" content=\"https:\/\/news.canadamotorjobs.com\/fr\/des-tracteurs-a-lautomobile-lhistoire-de-ferruccio-lamborghini\/\" \/>\n<meta property=\"og:site_name\" content=\"CanadaMotorJobs.com\" \/>\n<meta property=\"article:publisher\" content=\"https:\/\/www.facebook.com\/canadamotorjobs\/\" \/>\n<meta property=\"article:published_time\" content=\"2023-12-26T14:01:26+00:00\" \/>\n<meta property=\"article:modified_time\" content=\"2023-12-26T14:16:09+00:00\" \/>\n<meta property=\"og:image\" content=\"https:\/\/news.canadamotorjobs.com\/wp-content\/uploads\/2023\/12\/Ferruccio_Lamborghini-scaled-1.jpg\" \/>\n\t<meta property=\"og:image:width\" content=\"1791\" \/>\n\t<meta property=\"og:image:height\" content=\"2560\" \/>\n\t<meta property=\"og:image:type\" content=\"image\/jpeg\" \/>\n<meta name=\"author\" content=\"Benoit Charette\" \/>\n<meta name=\"twitter:card\" content=\"summary_large_image\" \/>\n<meta name=\"twitter:creator\" content=\"@canadamotorjobs\" \/>\n<meta name=\"twitter:site\" content=\"@canadamotorjobs\" \/>\n<meta name=\"twitter:label1\" content=\"\u00c9crit par\" \/>\n\t<meta name=\"twitter:data1\" content=\"Benoit Charette\" \/>\n\t<meta name=\"twitter:label2\" content=\"Estimation du temps de lecture\" \/>\n\t<meta name=\"twitter:data2\" content=\"4 minutes\" \/>\n<!-- \/ Yoast SEO plugin. -->","yoast_head_json":{"title":"Des tracteurs \u00e0 l\u2019automobile: l\u2019histoire de Ferruccio Lamborghini - CanadaMotorJobs.com","description":"Des tracteurs \u00e0 l\u2019automobile: l\u2019histoire de Ferruccio Lamborghini - Benoit Charette - Annuel automobile - CanadaMotorJobs.com.","robots":{"index":"index","follow":"follow","max-snippet":"max-snippet:-1","max-image-preview":"max-image-preview:large","max-video-preview":"max-video-preview:-1"},"og_locale":"fr_CA","og_type":"article","og_title":"Des tracteurs \u00e0 l\u2019automobile: l\u2019histoire de Ferruccio Lamborghini - CanadaMotorJobs.com","og_description":"Des tracteurs \u00e0 l\u2019automobile: l\u2019histoire de Ferruccio Lamborghini - Benoit Charette - Annuel automobile - CanadaMotorJobs.com.","og_url":"https:\/\/news.canadamotorjobs.com\/fr\/des-tracteurs-a-lautomobile-lhistoire-de-ferruccio-lamborghini\/","og_site_name":"CanadaMotorJobs.com","article_publisher":"https:\/\/www.facebook.com\/canadamotorjobs\/","article_published_time":"2023-12-26T14:01:26+00:00","article_modified_time":"2023-12-26T14:16:09+00:00","og_image":[{"width":1791,"height":2560,"url":"https:\/\/news.canadamotorjobs.com\/wp-content\/uploads\/2023\/12\/Ferruccio_Lamborghini-scaled-1.jpg","type":"image\/jpeg"}],"author":"Benoit Charette","twitter_card":"summary_large_image","twitter_creator":"@canadamotorjobs","twitter_site":"@canadamotorjobs","twitter_misc":{"\u00c9crit par":"Benoit Charette","Estimation du temps de lecture":"4 minutes"},"schema":{"@context":"https:\/\/schema.org","@graph":[{"@type":"Article","@id":"https:\/\/news.canadamotorjobs.com\/fr\/des-tracteurs-a-lautomobile-lhistoire-de-ferruccio-lamborghini\/#article","isPartOf":{"@id":"https:\/\/news.canadamotorjobs.com\/fr\/des-tracteurs-a-lautomobile-lhistoire-de-ferruccio-lamborghini\/"},"author":{"name":"Benoit Charette","@id":"https:\/\/news.canadamotorjobs.com\/#\/schema\/person\/51793d1f87d44011d7bcc2ed99269a90"},"headline":"Des tracteurs \u00e0 l\u2019automobile: l\u2019histoire de Ferruccio Lamborghini","datePublished":"2023-12-26T14:01:26+00:00","dateModified":"2023-12-26T14:16:09+00:00","mainEntityOfPage":{"@id":"https:\/\/news.canadamotorjobs.com\/fr\/des-tracteurs-a-lautomobile-lhistoire-de-ferruccio-lamborghini\/"},"wordCount":825,"publisher":{"@id":"https:\/\/news.canadamotorjobs.com\/#organization"},"image":{"@id":"https:\/\/news.canadamotorjobs.com\/fr\/des-tracteurs-a-lautomobile-lhistoire-de-ferruccio-lamborghini\/#primaryimage"},"thumbnailUrl":"https:\/\/news.canadamotorjobs.com\/wp-content\/uploads\/2023\/12\/Ferruccio_Lamborghini-scaled-1.jpg","articleSection":["Annuel automobile"],"inLanguage":"fr-CA"},{"@type":"WebPage","@id":"https:\/\/news.canadamotorjobs.com\/fr\/des-tracteurs-a-lautomobile-lhistoire-de-ferruccio-lamborghini\/","url":"https:\/\/news.canadamotorjobs.com\/fr\/des-tracteurs-a-lautomobile-lhistoire-de-ferruccio-lamborghini\/","name":"Des tracteurs \u00e0 l\u2019automobile: l\u2019histoire de Ferruccio Lamborghini - CanadaMotorJobs.com","isPartOf":{"@id":"https:\/\/news.canadamotorjobs.com\/#website"},"primaryImageOfPage":{"@id":"https:\/\/news.canadamotorjobs.com\/fr\/des-tracteurs-a-lautomobile-lhistoire-de-ferruccio-lamborghini\/#primaryimage"},"image":{"@id":"https:\/\/news.canadamotorjobs.com\/fr\/des-tracteurs-a-lautomobile-lhistoire-de-ferruccio-lamborghini\/#primaryimage"},"thumbnailUrl":"https:\/\/news.canadamotorjobs.com\/wp-content\/uploads\/2023\/12\/Ferruccio_Lamborghini-scaled-1.jpg","datePublished":"2023-12-26T14:01:26+00:00","dateModified":"2023-12-26T14:16:09+00:00","description":"Des tracteurs \u00e0 l\u2019automobile: l\u2019histoire de Ferruccio Lamborghini - Benoit Charette - Annuel automobile - CanadaMotorJobs.com.","breadcrumb":{"@id":"https:\/\/news.canadamotorjobs.com\/fr\/des-tracteurs-a-lautomobile-lhistoire-de-ferruccio-lamborghini\/#breadcrumb"},"inLanguage":"fr-CA","potentialAction":[{"@type":"ReadAction","target":["https:\/\/news.canadamotorjobs.com\/fr\/des-tracteurs-a-lautomobile-lhistoire-de-ferruccio-lamborghini\/"]}]},{"@type":"ImageObject","inLanguage":"fr-CA","@id":"https:\/\/news.canadamotorjobs.com\/fr\/des-tracteurs-a-lautomobile-lhistoire-de-ferruccio-lamborghini\/#primaryimage","url":"https:\/\/news.canadamotorjobs.com\/wp-content\/uploads\/2023\/12\/Ferruccio_Lamborghini-scaled-1.jpg","contentUrl":"https:\/\/news.canadamotorjobs.com\/wp-content\/uploads\/2023\/12\/Ferruccio_Lamborghini-scaled-1.jpg","width":1791,"height":2560},{"@type":"BreadcrumbList","@id":"https:\/\/news.canadamotorjobs.com\/fr\/des-tracteurs-a-lautomobile-lhistoire-de-ferruccio-lamborghini\/#breadcrumb","itemListElement":[{"@type":"ListItem","position":1,"name":"Home","item":"https:\/\/news.canadamotorjobs.com\/fr\/blog\/"},{"@type":"ListItem","position":2,"name":"Des tracteurs \u00e0 l\u2019automobile: l\u2019histoire de Ferruccio Lamborghini"}]},{"@type":"WebSite","@id":"https:\/\/news.canadamotorjobs.com\/#website","url":"https:\/\/news.canadamotorjobs.com\/","name":"CanadaMotorJobs.com","description":"Automotive Jobs","publisher":{"@id":"https:\/\/news.canadamotorjobs.com\/#organization"},"potentialAction":[{"@type":"SearchAction","target":{"@type":"EntryPoint","urlTemplate":"https:\/\/news.canadamotorjobs.com\/?s={search_term_string}"},"query-input":"required name=search_term_string"}],"inLanguage":"fr-CA"},{"@type":"Organization","@id":"https:\/\/news.canadamotorjobs.com\/#organization","name":"Canada Motor Jobs","url":"https:\/\/news.canadamotorjobs.com\/","logo":{"@type":"ImageObject","inLanguage":"fr-CA","@id":"https:\/\/news.canadamotorjobs.com\/#\/schema\/logo\/image\/","url":"https:\/\/news.canadamotorjobs.com\/wp-content\/uploads\/2022\/10\/logo-canada-motor-jobs-1.png","contentUrl":"https:\/\/news.canadamotorjobs.com\/wp-content\/uploads\/2022\/10\/logo-canada-motor-jobs-1.png","width":800,"height":400,"caption":"Canada Motor Jobs"},"image":{"@id":"https:\/\/news.canadamotorjobs.com\/#\/schema\/logo\/image\/"},"sameAs":["https:\/\/www.facebook.com\/canadamotorjobs\/","https:\/\/x.com\/canadamotorjobs","https:\/\/www.instagram.com\/canadamotorjobs\/","https:\/\/www.linkedin.com\/company\/canadamotorjobs"]},{"@type":"Person","@id":"https:\/\/news.canadamotorjobs.com\/#\/schema\/person\/51793d1f87d44011d7bcc2ed99269a90","name":"Benoit Charette","image":{"@type":"ImageObject","inLanguage":"fr-CA","@id":"https:\/\/news.canadamotorjobs.com\/#\/schema\/person\/image\/","url":"https:\/\/secure.gravatar.com\/avatar\/45f3d2eebcccd909668d7ce7ea7267b6?s=96&d=mm&r=g","contentUrl":"https:\/\/secure.gravatar.com\/avatar\/45f3d2eebcccd909668d7ce7ea7267b6?s=96&d=mm&r=g","caption":"Benoit Charette"},"description":"Benoit Charette \/ Propri\u00e9taire et r\u00e9dacteur en chef Benoit Charette pratique le journalisme automobile depuis bient\u00f4t 30 ans. Il a fait ses classes au c\u00f4t\u00e9 de Daniel H\u00e9raud et au Carnet de route de 1992 \u00e0 2001. Il est fondateur, copropri\u00e9taire et r\u00e9dacteur en chef de L\u2019Annuel de l\u2019automobile, qu\u2019il publie depuis 2001. Il a anim\u00e9 les \u00e9missions RPM et RPM+ sur V et les L\u00e9gendes de la route sur Historia. \u00c0 la radio depuis 1986, il reprend l\u2019antenne cette ann\u00e9e sur les ondes de Cogeco et participe pour la deuxi\u00e8me ann\u00e9e \u00e0 l\u2019\u00e9mission Passion Auto sur RDS en plus de mettre en ligne le site Web officiel de L\u2019Annuel de l\u2019automobile sur annuelauto.ca.","sameAs":["https:\/\/annuelauto.ca\/"],"url":"https:\/\/news.canadamotorjobs.com\/fr\/author\/benoit-charette\/"}]}},"_links":{"self":[{"href":"https:\/\/news.canadamotorjobs.com\/fr\/wp-json\/wp\/v2\/posts\/156025"}],"collection":[{"href":"https:\/\/news.canadamotorjobs.com\/fr\/wp-json\/wp\/v2\/posts"}],"about":[{"href":"https:\/\/news.canadamotorjobs.com\/fr\/wp-json\/wp\/v2\/types\/post"}],"author":[{"embeddable":true,"href":"https:\/\/news.canadamotorjobs.com\/fr\/wp-json\/wp\/v2\/users\/8"}],"replies":[{"embeddable":true,"href":"https:\/\/news.canadamotorjobs.com\/fr\/wp-json\/wp\/v2\/comments?post=156025"}],"version-history":[{"count":2,"href":"https:\/\/news.canadamotorjobs.com\/fr\/wp-json\/wp\/v2\/posts\/156025\/revisions"}],"predecessor-version":[{"id":156029,"href":"https:\/\/news.canadamotorjobs.com\/fr\/wp-json\/wp\/v2\/posts\/156025\/revisions\/156029"}],"wp:featuredmedia":[{"embeddable":true,"href":"https:\/\/news.canadamotorjobs.com\/fr\/wp-json\/wp\/v2\/media\/156027"}],"wp:attachment":[{"href":"https:\/\/news.canadamotorjobs.com\/fr\/wp-json\/wp\/v2\/media?parent=156025"}],"wp:term":[{"taxonomy":"category","embeddable":true,"href":"https:\/\/news.canadamotorjobs.com\/fr\/wp-json\/wp\/v2\/categories?post=156025"},{"taxonomy":"post_tag","embeddable":true,"href":"https:\/\/news.canadamotorjobs.com\/fr\/wp-json\/wp\/v2\/tags?post=156025"}],"curies":[{"name":"wp","href":"https:\/\/api.w.org\/{rel}","templated":true}]}}