{"id":155999,"date":"2023-12-23T07:46:15","date_gmt":"2023-12-23T12:46:15","guid":{"rendered":"https:\/\/news.canadamotorjobs.com\/?p=155999"},"modified":"2023-12-23T07:50:39","modified_gmt":"2023-12-23T12:50:39","slug":"le-president-russe-vladimir-poutine-place-le-plus-grand-groupe-automobile-du-pays-rolf-sous-gestion-etatique","status":"publish","type":"post","link":"https:\/\/news.canadamotorjobs.com\/fr\/le-president-russe-vladimir-poutine-place-le-plus-grand-groupe-automobile-du-pays-rolf-sous-gestion-etatique\/","title":{"rendered":"Le pr\u00e9sident russe Vladimir Poutine place le plus grand groupe automobile du pays, Rolf, sous gestion \u00e9tatique."},"content":{"rendered":"<\/p>\n<p>Aujourd&#8217;hui, le pr\u00e9sident russe Vladimir Poutine a mis sous gestion \u00e9tatique temporaire le plus grand groupe automobile du pays, Rolf. Rolf est d\u00e9tenu par une soci\u00e9t\u00e9 bas\u00e9e \u00e0 Chypre et a \u00e9t\u00e9 fond\u00e9 par l&#8217;homme d&#8217;affaires russe Sergei Petrov. La d\u00e9cision a \u00e9t\u00e9 justifi\u00e9e au nom de &#8220;l&#8217;exp\u00e9dience \u00e9conomique&#8221;, mais le fondateur de l&#8217;entreprise affirme que cette action sera permanente et ternira l&#8217;image de la Russie en tant que destination s\u00fbre pour les investisseurs.<\/p>\n<h3><strong>Un pr\u00e9c\u00e9dent inqui\u00e9tant de confiscation d&#8217;actifs priv\u00e9s par le gouvernement russe<\/strong><\/h3>\n<p>\nCet incident est le dernier exemple en date de la confiscation d&#8217;actifs priv\u00e9s par le gouvernement russe. Il se distingue en tant que premi\u00e8re fois o\u00f9 une entreprise russe de haut niveau voit son contr\u00f4le arrach\u00e9 par le Kremlin. Jusqu&#8217;\u00e0 pr\u00e9sent, les saisies visaient principalement des entreprises \u00e9trang\u00e8res, dont beaucoup \u00e9taient impliqu\u00e9es dans un embargo dirig\u00e9 par les \u00c9tats-Unis en r\u00e9ponse \u00e0 l&#8217;invasion de l&#8217;Ukraine.<\/p>\n<h3><strong>Rolf, un des premiers concessionnaires automobiles post-Union sovi\u00e9tique, sous les feux de la gestion \u00e9tatique<\/strong><\/h3>\n<p>\nRolf, l&#8217;un des premiers concessionnaires automobiles \u00e0 \u00e9merger apr\u00e8s l&#8217;effondrement de l&#8217;Union sovi\u00e9tique, poss\u00e8de un portefeuille englobant plus de 30 marques de voitures r\u00e9parties dans 59 salles d&#8217;exposition. Selon Interfax, ces points de vente ont collectivement vendu environ 100 000 voitures en 2022.<\/p>\n<h3><strong>Les r\u00e9ponses officielles et les inqui\u00e9tudes du fondateur<\/strong><\/h3>\n<p>\nUn porte-parole du Kremlin a d\u00e9clar\u00e9 \u00e0 Reuters : &#8220;Cela est uniquement li\u00e9 \u00e0 l&#8217;exp\u00e9dience \u00e9conomique et au respect de la l\u00e9gislation actuelle de la F\u00e9d\u00e9ration de Russie, compte tenu de la situation \u00e9conomique internationale connue qui nous entoure actuellement.&#8221; Le gouvernement a ajout\u00e9 que ce changement de gestion temporaire n&#8217;aurait aucun impact sur les op\u00e9rations de Rolf. Cependant, Petrov a qualifi\u00e9 cette action de coup port\u00e9 \u00e0 l&#8217;attractivit\u00e9 de la Russie pour les investissements \u00e9trangers. Il a remis en question la volont\u00e9 des entreprises d&#8217;Asie \u00e0 risquer l&#8217;achat de participations dans les actifs du pays si de telles actions se poursuivaient.<\/p>\n<h3><strong>Les accusations et les ant\u00e9c\u00e9dents de Petrov avec le gouvernement russe<\/strong><\/h3>\n<p>\nPetrov a accus\u00e9 le gouvernement russe de redistribution d&#8217;actifs \u00e0 l&#8217;int\u00e9rieur du pays. Il n&#8217;a pas \u00e9t\u00e9 en faveur des autorit\u00e9s russes. Actuellement r\u00e9sident en Autriche, il faisait partie d&#8217;un petit groupe de chefs d&#8217;entreprise ayant sign\u00e9 une lettre condamnant Poutine en 2014, en r\u00e9ponse \u00e0 l&#8217;annexion de la p\u00e9ninsule de Crim\u00e9e.<\/p>\n<p>En 2019, Rolf a \u00e9t\u00e9 accus\u00e9 d&#8217;achat d&#8217;actions \u00e0 un prix gonfl\u00e9 et de d\u00e9placement d&#8217;actifs hors du pays, accusations que Petrov nie. Un mandat d&#8217;arr\u00eat a \u00e9t\u00e9 \u00e9mis \u00e0 son encontre, et l&#8217;un des cadres sup\u00e9rieurs du groupe automobile a \u00e9t\u00e9 condamn\u00e9 \u00e0 huit ans et demi de prison pour sa participation pr\u00e9sum\u00e9e \u00e0 l&#8217;affaire.<\/p>\n<p>Avec des renseignements de Carscoops<\/p>\n<p>\u00a0<\/p>\n<p>Le texte <a rel=\"nofollow\" href=\"https:\/\/annuelauto.ca\/le-president-russe-vladimir-poutine-place-le-plus-grand-groupe-automobile-du-pays-rolf-sous-gestion-etatique\/\">Le pr\u00e9sident russe Vladimir Poutine place le plus grand groupe automobile du pays, Rolf, sous gestion \u00e9tatique.<\/a> provient de <a rel=\"nofollow\" href=\"https:\/\/annuelauto.ca\">L&#8217;annuel de l&#8217;automobile &#8211; Actualit\u00e9 automobile<\/a><\/p>\n<p><\/p>\n","protected":false},"excerpt":{"rendered":"<p>Aujourd&#8217;hui, le pr\u00e9sident russe Vladimir Poutine a mis sous gestion \u00e9tatique temporaire le plus grand groupe automobile du pays, Rolf. Rolf est d\u00e9tenu par une soci\u00e9t\u00e9 bas\u00e9e \u00e0 Chypre et a \u00e9t\u00e9 fond\u00e9 par l&#8217;homme d&#8217;affaires russe Sergei Petrov. La d\u00e9cision a \u00e9t\u00e9 justifi\u00e9e au nom de &#8220;l&#8217;exp\u00e9dience \u00e9conomique&#8221;, mais le fondateur de l&#8217;entreprise affirme [&hellip;]<\/p>\n","protected":false},"author":8,"featured_media":156001,"comment_status":"close","ping_status":"closed","sticky":false,"template":"","format":"standard","meta":{"_monsterinsights_skip_tracking":false,"_monsterinsights_sitenote_active":false,"_monsterinsights_sitenote_note":"","_monsterinsights_sitenote_category":0,"footnotes":""},"categories":[101],"tags":[],"yoast_head":"<!-- This site is optimized with the Yoast SEO plugin v23.2 - https:\/\/yoast.com\/wordpress\/plugins\/seo\/ -->\n<title>Le pr\u00e9sident russe Vladimir Poutine place le plus grand groupe automobile du pays, Rolf, sous gestion \u00e9tatique. - CanadaMotorJobs.com<\/title>\n<meta name=\"description\" content=\"Le pr\u00e9sident russe Vladimir Poutine place le plus grand groupe automobile du pays, Rolf, sous gestion \u00e9tatique. - Benoit Charette - Annuel automobile - CanadaMotorJobs.com.\" \/>\n<meta name=\"robots\" content=\"index, follow, max-snippet:-1, max-image-preview:large, max-video-preview:-1\" \/>\n<meta property=\"og:locale\" content=\"fr_CA\" \/>\n<meta property=\"og:type\" content=\"article\" \/>\n<meta property=\"og:title\" content=\"Le pr\u00e9sident russe Vladimir Poutine place le plus grand groupe automobile du pays, Rolf, sous gestion \u00e9tatique. - CanadaMotorJobs.com\" \/>\n<meta property=\"og:description\" content=\"Le pr\u00e9sident russe Vladimir Poutine place le plus grand groupe automobile du pays, Rolf, sous gestion \u00e9tatique. - Benoit Charette - Annuel automobile - CanadaMotorJobs.com.\" \/>\n<meta property=\"og:url\" content=\"https:\/\/news.canadamotorjobs.com\/fr\/le-president-russe-vladimir-poutine-place-le-plus-grand-groupe-automobile-du-pays-rolf-sous-gestion-etatique\/\" \/>\n<meta property=\"og:site_name\" content=\"CanadaMotorJobs.com\" \/>\n<meta property=\"article:publisher\" content=\"https:\/\/www.facebook.com\/canadamotorjobs\/\" \/>\n<meta property=\"article:published_time\" content=\"2023-12-23T12:46:15+00:00\" \/>\n<meta property=\"article:modified_time\" content=\"2023-12-23T12:50:39+00:00\" \/>\n<meta property=\"og:image\" content=\"https:\/\/news.canadamotorjobs.com\/wp-content\/uploads\/2023\/12\/ANE_170119909_AR_-1_CZFQRTGJCZQA.jpg\" \/>\n\t<meta property=\"og:image:width\" content=\"900\" \/>\n\t<meta property=\"og:image:height\" content=\"540\" \/>\n\t<meta property=\"og:image:type\" content=\"image\/jpeg\" \/>\n<meta name=\"author\" content=\"Benoit Charette\" \/>\n<meta name=\"twitter:card\" content=\"summary_large_image\" \/>\n<meta name=\"twitter:creator\" content=\"@canadamotorjobs\" \/>\n<meta name=\"twitter:site\" content=\"@canadamotorjobs\" \/>\n<meta name=\"twitter:label1\" content=\"\u00c9crit par\" \/>\n\t<meta name=\"twitter:data1\" content=\"Benoit Charette\" \/>\n\t<meta name=\"twitter:label2\" content=\"Estimation du temps de lecture\" \/>\n\t<meta name=\"twitter:data2\" content=\"2 minutes\" \/>\n<!-- \/ Yoast SEO plugin. -->","yoast_head_json":{"title":"Le pr\u00e9sident russe Vladimir Poutine place le plus grand groupe automobile du pays, Rolf, sous gestion \u00e9tatique. - CanadaMotorJobs.com","description":"Le pr\u00e9sident russe Vladimir Poutine place le plus grand groupe automobile du pays, Rolf, sous gestion \u00e9tatique. - Benoit Charette - Annuel automobile - CanadaMotorJobs.com.","robots":{"index":"index","follow":"follow","max-snippet":"max-snippet:-1","max-image-preview":"max-image-preview:large","max-video-preview":"max-video-preview:-1"},"og_locale":"fr_CA","og_type":"article","og_title":"Le pr\u00e9sident russe Vladimir Poutine place le plus grand groupe automobile du pays, Rolf, sous gestion \u00e9tatique. - CanadaMotorJobs.com","og_description":"Le pr\u00e9sident russe Vladimir Poutine place le plus grand groupe automobile du pays, Rolf, sous gestion \u00e9tatique. - Benoit Charette - Annuel automobile - CanadaMotorJobs.com.","og_url":"https:\/\/news.canadamotorjobs.com\/fr\/le-president-russe-vladimir-poutine-place-le-plus-grand-groupe-automobile-du-pays-rolf-sous-gestion-etatique\/","og_site_name":"CanadaMotorJobs.com","article_publisher":"https:\/\/www.facebook.com\/canadamotorjobs\/","article_published_time":"2023-12-23T12:46:15+00:00","article_modified_time":"2023-12-23T12:50:39+00:00","og_image":[{"width":900,"height":540,"url":"https:\/\/news.canadamotorjobs.com\/wp-content\/uploads\/2023\/12\/ANE_170119909_AR_-1_CZFQRTGJCZQA.jpg","type":"image\/jpeg"}],"author":"Benoit Charette","twitter_card":"summary_large_image","twitter_creator":"@canadamotorjobs","twitter_site":"@canadamotorjobs","twitter_misc":{"\u00c9crit par":"Benoit Charette","Estimation du temps de lecture":"2 minutes"},"schema":{"@context":"https:\/\/schema.org","@graph":[{"@type":"Article","@id":"https:\/\/news.canadamotorjobs.com\/fr\/le-president-russe-vladimir-poutine-place-le-plus-grand-groupe-automobile-du-pays-rolf-sous-gestion-etatique\/#article","isPartOf":{"@id":"https:\/\/news.canadamotorjobs.com\/fr\/le-president-russe-vladimir-poutine-place-le-plus-grand-groupe-automobile-du-pays-rolf-sous-gestion-etatique\/"},"author":{"name":"Benoit Charette","@id":"https:\/\/news.canadamotorjobs.com\/#\/schema\/person\/51793d1f87d44011d7bcc2ed99269a90"},"headline":"Le pr\u00e9sident russe Vladimir Poutine place le plus grand groupe automobile du pays, Rolf, sous gestion \u00e9tatique.","datePublished":"2023-12-23T12:46:15+00:00","dateModified":"2023-12-23T12:50:39+00:00","mainEntityOfPage":{"@id":"https:\/\/news.canadamotorjobs.com\/fr\/le-president-russe-vladimir-poutine-place-le-plus-grand-groupe-automobile-du-pays-rolf-sous-gestion-etatique\/"},"wordCount":545,"publisher":{"@id":"https:\/\/news.canadamotorjobs.com\/#organization"},"image":{"@id":"https:\/\/news.canadamotorjobs.com\/fr\/le-president-russe-vladimir-poutine-place-le-plus-grand-groupe-automobile-du-pays-rolf-sous-gestion-etatique\/#primaryimage"},"thumbnailUrl":"https:\/\/news.canadamotorjobs.com\/wp-content\/uploads\/2023\/12\/ANE_170119909_AR_-1_CZFQRTGJCZQA.jpg","articleSection":["Annuel automobile"],"inLanguage":"fr-CA"},{"@type":"WebPage","@id":"https:\/\/news.canadamotorjobs.com\/fr\/le-president-russe-vladimir-poutine-place-le-plus-grand-groupe-automobile-du-pays-rolf-sous-gestion-etatique\/","url":"https:\/\/news.canadamotorjobs.com\/fr\/le-president-russe-vladimir-poutine-place-le-plus-grand-groupe-automobile-du-pays-rolf-sous-gestion-etatique\/","name":"Le pr\u00e9sident russe Vladimir Poutine place le plus grand groupe automobile du pays, Rolf, sous gestion \u00e9tatique. - CanadaMotorJobs.com","isPartOf":{"@id":"https:\/\/news.canadamotorjobs.com\/#website"},"primaryImageOfPage":{"@id":"https:\/\/news.canadamotorjobs.com\/fr\/le-president-russe-vladimir-poutine-place-le-plus-grand-groupe-automobile-du-pays-rolf-sous-gestion-etatique\/#primaryimage"},"image":{"@id":"https:\/\/news.canadamotorjobs.com\/fr\/le-president-russe-vladimir-poutine-place-le-plus-grand-groupe-automobile-du-pays-rolf-sous-gestion-etatique\/#primaryimage"},"thumbnailUrl":"https:\/\/news.canadamotorjobs.com\/wp-content\/uploads\/2023\/12\/ANE_170119909_AR_-1_CZFQRTGJCZQA.jpg","datePublished":"2023-12-23T12:46:15+00:00","dateModified":"2023-12-23T12:50:39+00:00","description":"Le pr\u00e9sident russe Vladimir Poutine place le plus grand groupe automobile du pays, Rolf, sous gestion \u00e9tatique. - Benoit Charette - Annuel automobile - CanadaMotorJobs.com.","breadcrumb":{"@id":"https:\/\/news.canadamotorjobs.com\/fr\/le-president-russe-vladimir-poutine-place-le-plus-grand-groupe-automobile-du-pays-rolf-sous-gestion-etatique\/#breadcrumb"},"inLanguage":"fr-CA","potentialAction":[{"@type":"ReadAction","target":["https:\/\/news.canadamotorjobs.com\/fr\/le-president-russe-vladimir-poutine-place-le-plus-grand-groupe-automobile-du-pays-rolf-sous-gestion-etatique\/"]}]},{"@type":"ImageObject","inLanguage":"fr-CA","@id":"https:\/\/news.canadamotorjobs.com\/fr\/le-president-russe-vladimir-poutine-place-le-plus-grand-groupe-automobile-du-pays-rolf-sous-gestion-etatique\/#primaryimage","url":"https:\/\/news.canadamotorjobs.com\/wp-content\/uploads\/2023\/12\/ANE_170119909_AR_-1_CZFQRTGJCZQA.jpg","contentUrl":"https:\/\/news.canadamotorjobs.com\/wp-content\/uploads\/2023\/12\/ANE_170119909_AR_-1_CZFQRTGJCZQA.jpg","width":900,"height":540},{"@type":"BreadcrumbList","@id":"https:\/\/news.canadamotorjobs.com\/fr\/le-president-russe-vladimir-poutine-place-le-plus-grand-groupe-automobile-du-pays-rolf-sous-gestion-etatique\/#breadcrumb","itemListElement":[{"@type":"ListItem","position":1,"name":"Home","item":"https:\/\/news.canadamotorjobs.com\/fr\/blog\/"},{"@type":"ListItem","position":2,"name":"Le pr\u00e9sident russe Vladimir Poutine place le plus grand groupe automobile du pays, Rolf, sous gestion \u00e9tatique."}]},{"@type":"WebSite","@id":"https:\/\/news.canadamotorjobs.com\/#website","url":"https:\/\/news.canadamotorjobs.com\/","name":"CanadaMotorJobs.com","description":"Automotive Jobs","publisher":{"@id":"https:\/\/news.canadamotorjobs.com\/#organization"},"potentialAction":[{"@type":"SearchAction","target":{"@type":"EntryPoint","urlTemplate":"https:\/\/news.canadamotorjobs.com\/?s={search_term_string}"},"query-input":"required name=search_term_string"}],"inLanguage":"fr-CA"},{"@type":"Organization","@id":"https:\/\/news.canadamotorjobs.com\/#organization","name":"Canada Motor Jobs","url":"https:\/\/news.canadamotorjobs.com\/","logo":{"@type":"ImageObject","inLanguage":"fr-CA","@id":"https:\/\/news.canadamotorjobs.com\/#\/schema\/logo\/image\/","url":"https:\/\/news.canadamotorjobs.com\/wp-content\/uploads\/2022\/10\/logo-canada-motor-jobs-1.png","contentUrl":"https:\/\/news.canadamotorjobs.com\/wp-content\/uploads\/2022\/10\/logo-canada-motor-jobs-1.png","width":800,"height":400,"caption":"Canada Motor Jobs"},"image":{"@id":"https:\/\/news.canadamotorjobs.com\/#\/schema\/logo\/image\/"},"sameAs":["https:\/\/www.facebook.com\/canadamotorjobs\/","https:\/\/x.com\/canadamotorjobs","https:\/\/www.instagram.com\/canadamotorjobs\/","https:\/\/www.linkedin.com\/company\/canadamotorjobs"]},{"@type":"Person","@id":"https:\/\/news.canadamotorjobs.com\/#\/schema\/person\/51793d1f87d44011d7bcc2ed99269a90","name":"Benoit Charette","image":{"@type":"ImageObject","inLanguage":"fr-CA","@id":"https:\/\/news.canadamotorjobs.com\/#\/schema\/person\/image\/","url":"https:\/\/secure.gravatar.com\/avatar\/45f3d2eebcccd909668d7ce7ea7267b6?s=96&d=mm&r=g","contentUrl":"https:\/\/secure.gravatar.com\/avatar\/45f3d2eebcccd909668d7ce7ea7267b6?s=96&d=mm&r=g","caption":"Benoit Charette"},"description":"Benoit Charette \/ Propri\u00e9taire et r\u00e9dacteur en chef Benoit Charette pratique le journalisme automobile depuis bient\u00f4t 30 ans. Il a fait ses classes au c\u00f4t\u00e9 de Daniel H\u00e9raud et au Carnet de route de 1992 \u00e0 2001. Il est fondateur, copropri\u00e9taire et r\u00e9dacteur en chef de L\u2019Annuel de l\u2019automobile, qu\u2019il publie depuis 2001. Il a anim\u00e9 les \u00e9missions RPM et RPM+ sur V et les L\u00e9gendes de la route sur Historia. \u00c0 la radio depuis 1986, il reprend l\u2019antenne cette ann\u00e9e sur les ondes de Cogeco et participe pour la deuxi\u00e8me ann\u00e9e \u00e0 l\u2019\u00e9mission Passion Auto sur RDS en plus de mettre en ligne le site Web officiel de L\u2019Annuel de l\u2019automobile sur annuelauto.ca.","sameAs":["https:\/\/annuelauto.ca\/"],"url":"https:\/\/news.canadamotorjobs.com\/fr\/author\/benoit-charette\/"}]}},"_links":{"self":[{"href":"https:\/\/news.canadamotorjobs.com\/fr\/wp-json\/wp\/v2\/posts\/155999"}],"collection":[{"href":"https:\/\/news.canadamotorjobs.com\/fr\/wp-json\/wp\/v2\/posts"}],"about":[{"href":"https:\/\/news.canadamotorjobs.com\/fr\/wp-json\/wp\/v2\/types\/post"}],"author":[{"embeddable":true,"href":"https:\/\/news.canadamotorjobs.com\/fr\/wp-json\/wp\/v2\/users\/8"}],"replies":[{"embeddable":true,"href":"https:\/\/news.canadamotorjobs.com\/fr\/wp-json\/wp\/v2\/comments?post=155999"}],"version-history":[{"count":2,"href":"https:\/\/news.canadamotorjobs.com\/fr\/wp-json\/wp\/v2\/posts\/155999\/revisions"}],"predecessor-version":[{"id":156003,"href":"https:\/\/news.canadamotorjobs.com\/fr\/wp-json\/wp\/v2\/posts\/155999\/revisions\/156003"}],"wp:featuredmedia":[{"embeddable":true,"href":"https:\/\/news.canadamotorjobs.com\/fr\/wp-json\/wp\/v2\/media\/156001"}],"wp:attachment":[{"href":"https:\/\/news.canadamotorjobs.com\/fr\/wp-json\/wp\/v2\/media?parent=155999"}],"wp:term":[{"taxonomy":"category","embeddable":true,"href":"https:\/\/news.canadamotorjobs.com\/fr\/wp-json\/wp\/v2\/categories?post=155999"},{"taxonomy":"post_tag","embeddable":true,"href":"https:\/\/news.canadamotorjobs.com\/fr\/wp-json\/wp\/v2\/tags?post=155999"}],"curies":[{"name":"wp","href":"https:\/\/api.w.org\/{rel}","templated":true}]}}