{"id":155976,"date":"2023-12-23T07:26:40","date_gmt":"2023-12-23T12:26:40","guid":{"rendered":"https:\/\/news.canadamotorjobs.com\/?p=155976"},"modified":"2023-12-23T07:31:25","modified_gmt":"2023-12-23T12:31:25","slug":"un-probleme-de-logiciel-force-larret-des-ventes-du-chevrolet-blazer-ev","status":"publish","type":"post","link":"https:\/\/news.canadamotorjobs.com\/fr\/un-probleme-de-logiciel-force-larret-des-ventes-du-chevrolet-blazer-ev\/","title":{"rendered":"Un probl\u00e8me de logiciel force l\u2019arr\u00eat des ventes du Chevrolet Blazer EV"},"content":{"rendered":"<\/p>\n<p>Chevrolet a annonc\u00e9 un arr\u00eat de vente pour le Blazer EV 2024 en raison d&#8217;un probl\u00e8me de qualit\u00e9 logicielle. Cette situation ne pr\u00e9sente pas de risque pour la s\u00e9curit\u00e9, a d\u00e9clar\u00e9 Chevrolet, sans pr\u00e9ciser la quantit\u00e9 exacte touch\u00e9e. L&#8217;arr\u00eat de vente concerne les v\u00e9hicules en transit et ceux en stock chez les concessionnaires.<\/p>\n<p>Selon Chevrolet, des ing\u00e9nieurs travaillent actuellement sur une solution pour ces probl\u00e8mes logiciels, notamment des soucis sporadiques avec les \u00e9crans \u00e0 l&#8217;int\u00e9rieur du v\u00e9hicule et, plus rarement, lors des tentatives de recharge sur certains chargeurs rapides CC publics.<\/p>\n<p>Chevrolet a affirm\u00e9 que les clients poss\u00e9dant un Blazer EV seront contact\u00e9s et pourront faire mettre \u00e0 jour leur logiciel dans une concession.<\/p>\n<p>Le Blazer EV a \u00e9t\u00e9 lanc\u00e9 cet \u00e9t\u00e9 avec une version RS \u00e0 traction int\u00e9grale, une version 2LT \u00e0 traction int\u00e9grale suivra avant l&#8217;arriv\u00e9e du mod\u00e8le de base, une 2LT \u00e0 traction, en 2024.<\/p>\n<p>Avec des renseignements d\u2019Automotive News<\/p>\n<p>Le texte <a rel=\"nofollow\" href=\"https:\/\/annuelauto.ca\/un-probleme-de-logiciel-force-larret-des-ventes-du-chevrolet-blazer-ev\/\">Un probl\u00e8me de logiciel force l\u2019arr\u00eat des ventes du Chevrolet Blazer EV<\/a> provient de <a rel=\"nofollow\" href=\"https:\/\/annuelauto.ca\">L&#8217;annuel de l&#8217;automobile &#8211; Actualit\u00e9 automobile<\/a><\/p>\n<p><\/p>\n","protected":false},"excerpt":{"rendered":"<p>Chevrolet a annonc\u00e9 un arr\u00eat de vente pour le Blazer EV 2024 en raison d&#8217;un probl\u00e8me de qualit\u00e9 logicielle. Cette situation ne pr\u00e9sente pas de risque pour la s\u00e9curit\u00e9, a d\u00e9clar\u00e9 Chevrolet, sans pr\u00e9ciser la quantit\u00e9 exacte touch\u00e9e. L&#8217;arr\u00eat de vente concerne les v\u00e9hicules en transit et ceux en stock chez les concessionnaires. Selon Chevrolet, [&hellip;]<\/p>\n","protected":false},"author":8,"featured_media":155978,"comment_status":"close","ping_status":"closed","sticky":false,"template":"","format":"standard","meta":{"_monsterinsights_skip_tracking":false,"_monsterinsights_sitenote_active":false,"_monsterinsights_sitenote_note":"","_monsterinsights_sitenote_category":0,"footnotes":""},"categories":[101],"tags":[],"yoast_head":"<!-- This site is optimized with the Yoast SEO plugin v23.2 - https:\/\/yoast.com\/wordpress\/plugins\/seo\/ -->\n<title>Un probl\u00e8me de logiciel force l\u2019arr\u00eat des ventes du Chevrolet Blazer EV - CanadaMotorJobs.com<\/title>\n<meta name=\"description\" content=\"Un probl\u00e8me de logiciel force l\u2019arr\u00eat des ventes du Chevrolet Blazer EV - Benoit Charette - Annuel automobile - CanadaMotorJobs.com.\" \/>\n<meta name=\"robots\" content=\"index, follow, max-snippet:-1, max-image-preview:large, max-video-preview:-1\" \/>\n<meta property=\"og:locale\" content=\"fr_CA\" \/>\n<meta property=\"og:type\" content=\"article\" \/>\n<meta property=\"og:title\" content=\"Un probl\u00e8me de logiciel force l\u2019arr\u00eat des ventes du Chevrolet Blazer EV - CanadaMotorJobs.com\" \/>\n<meta property=\"og:description\" content=\"Un probl\u00e8me de logiciel force l\u2019arr\u00eat des ventes du Chevrolet Blazer EV - Benoit Charette - Annuel automobile - CanadaMotorJobs.com.\" \/>\n<meta property=\"og:url\" content=\"https:\/\/news.canadamotorjobs.com\/fr\/un-probleme-de-logiciel-force-larret-des-ventes-du-chevrolet-blazer-ev\/\" \/>\n<meta property=\"og:site_name\" content=\"CanadaMotorJobs.com\" \/>\n<meta property=\"article:publisher\" content=\"https:\/\/www.facebook.com\/canadamotorjobs\/\" \/>\n<meta property=\"article:published_time\" content=\"2023-12-23T12:26:40+00:00\" \/>\n<meta property=\"article:modified_time\" content=\"2023-12-23T12:31:25+00:00\" \/>\n<meta property=\"og:image\" content=\"https:\/\/news.canadamotorjobs.com\/wp-content\/uploads\/2023\/12\/32257046_web1_230327-TodaysDrive-2024ChevyBlazer_1.jpg\" \/>\n\t<meta property=\"og:image:width\" content=\"1200\" \/>\n\t<meta property=\"og:image:height\" content=\"800\" \/>\n\t<meta property=\"og:image:type\" content=\"image\/jpeg\" \/>\n<meta name=\"author\" content=\"Benoit Charette\" \/>\n<meta name=\"twitter:card\" content=\"summary_large_image\" \/>\n<meta name=\"twitter:creator\" content=\"@canadamotorjobs\" \/>\n<meta name=\"twitter:site\" content=\"@canadamotorjobs\" \/>\n<meta name=\"twitter:label1\" content=\"\u00c9crit par\" \/>\n\t<meta name=\"twitter:data1\" content=\"Benoit Charette\" \/>\n\t<meta name=\"twitter:label2\" content=\"Estimation du temps de lecture\" \/>\n\t<meta name=\"twitter:data2\" content=\"1 minute\" \/>\n<!-- \/ Yoast SEO plugin. -->","yoast_head_json":{"title":"Un probl\u00e8me de logiciel force l\u2019arr\u00eat des ventes du Chevrolet Blazer EV - CanadaMotorJobs.com","description":"Un probl\u00e8me de logiciel force l\u2019arr\u00eat des ventes du Chevrolet Blazer EV - Benoit Charette - Annuel automobile - CanadaMotorJobs.com.","robots":{"index":"index","follow":"follow","max-snippet":"max-snippet:-1","max-image-preview":"max-image-preview:large","max-video-preview":"max-video-preview:-1"},"og_locale":"fr_CA","og_type":"article","og_title":"Un probl\u00e8me de logiciel force l\u2019arr\u00eat des ventes du Chevrolet Blazer EV - CanadaMotorJobs.com","og_description":"Un probl\u00e8me de logiciel force l\u2019arr\u00eat des ventes du Chevrolet Blazer EV - Benoit Charette - Annuel automobile - CanadaMotorJobs.com.","og_url":"https:\/\/news.canadamotorjobs.com\/fr\/un-probleme-de-logiciel-force-larret-des-ventes-du-chevrolet-blazer-ev\/","og_site_name":"CanadaMotorJobs.com","article_publisher":"https:\/\/www.facebook.com\/canadamotorjobs\/","article_published_time":"2023-12-23T12:26:40+00:00","article_modified_time":"2023-12-23T12:31:25+00:00","og_image":[{"width":1200,"height":800,"url":"https:\/\/news.canadamotorjobs.com\/wp-content\/uploads\/2023\/12\/32257046_web1_230327-TodaysDrive-2024ChevyBlazer_1.jpg","type":"image\/jpeg"}],"author":"Benoit Charette","twitter_card":"summary_large_image","twitter_creator":"@canadamotorjobs","twitter_site":"@canadamotorjobs","twitter_misc":{"\u00c9crit par":"Benoit Charette","Estimation du temps de lecture":"1 minute"},"schema":{"@context":"https:\/\/schema.org","@graph":[{"@type":"Article","@id":"https:\/\/news.canadamotorjobs.com\/fr\/un-probleme-de-logiciel-force-larret-des-ventes-du-chevrolet-blazer-ev\/#article","isPartOf":{"@id":"https:\/\/news.canadamotorjobs.com\/fr\/un-probleme-de-logiciel-force-larret-des-ventes-du-chevrolet-blazer-ev\/"},"author":{"name":"Benoit Charette","@id":"https:\/\/news.canadamotorjobs.com\/#\/schema\/person\/51793d1f87d44011d7bcc2ed99269a90"},"headline":"Un probl\u00e8me de logiciel force l\u2019arr\u00eat des ventes du Chevrolet Blazer EV","datePublished":"2023-12-23T12:26:40+00:00","dateModified":"2023-12-23T12:31:25+00:00","mainEntityOfPage":{"@id":"https:\/\/news.canadamotorjobs.com\/fr\/un-probleme-de-logiciel-force-larret-des-ventes-du-chevrolet-blazer-ev\/"},"wordCount":211,"publisher":{"@id":"https:\/\/news.canadamotorjobs.com\/#organization"},"image":{"@id":"https:\/\/news.canadamotorjobs.com\/fr\/un-probleme-de-logiciel-force-larret-des-ventes-du-chevrolet-blazer-ev\/#primaryimage"},"thumbnailUrl":"https:\/\/news.canadamotorjobs.com\/wp-content\/uploads\/2023\/12\/32257046_web1_230327-TodaysDrive-2024ChevyBlazer_1.jpg","articleSection":["Annuel automobile"],"inLanguage":"fr-CA"},{"@type":"WebPage","@id":"https:\/\/news.canadamotorjobs.com\/fr\/un-probleme-de-logiciel-force-larret-des-ventes-du-chevrolet-blazer-ev\/","url":"https:\/\/news.canadamotorjobs.com\/fr\/un-probleme-de-logiciel-force-larret-des-ventes-du-chevrolet-blazer-ev\/","name":"Un probl\u00e8me de logiciel force l\u2019arr\u00eat des ventes du Chevrolet Blazer EV - CanadaMotorJobs.com","isPartOf":{"@id":"https:\/\/news.canadamotorjobs.com\/#website"},"primaryImageOfPage":{"@id":"https:\/\/news.canadamotorjobs.com\/fr\/un-probleme-de-logiciel-force-larret-des-ventes-du-chevrolet-blazer-ev\/#primaryimage"},"image":{"@id":"https:\/\/news.canadamotorjobs.com\/fr\/un-probleme-de-logiciel-force-larret-des-ventes-du-chevrolet-blazer-ev\/#primaryimage"},"thumbnailUrl":"https:\/\/news.canadamotorjobs.com\/wp-content\/uploads\/2023\/12\/32257046_web1_230327-TodaysDrive-2024ChevyBlazer_1.jpg","datePublished":"2023-12-23T12:26:40+00:00","dateModified":"2023-12-23T12:31:25+00:00","description":"Un probl\u00e8me de logiciel force l\u2019arr\u00eat des ventes du Chevrolet Blazer EV - Benoit Charette - Annuel automobile - CanadaMotorJobs.com.","breadcrumb":{"@id":"https:\/\/news.canadamotorjobs.com\/fr\/un-probleme-de-logiciel-force-larret-des-ventes-du-chevrolet-blazer-ev\/#breadcrumb"},"inLanguage":"fr-CA","potentialAction":[{"@type":"ReadAction","target":["https:\/\/news.canadamotorjobs.com\/fr\/un-probleme-de-logiciel-force-larret-des-ventes-du-chevrolet-blazer-ev\/"]}]},{"@type":"ImageObject","inLanguage":"fr-CA","@id":"https:\/\/news.canadamotorjobs.com\/fr\/un-probleme-de-logiciel-force-larret-des-ventes-du-chevrolet-blazer-ev\/#primaryimage","url":"https:\/\/news.canadamotorjobs.com\/wp-content\/uploads\/2023\/12\/32257046_web1_230327-TodaysDrive-2024ChevyBlazer_1.jpg","contentUrl":"https:\/\/news.canadamotorjobs.com\/wp-content\/uploads\/2023\/12\/32257046_web1_230327-TodaysDrive-2024ChevyBlazer_1.jpg","width":1200,"height":800},{"@type":"BreadcrumbList","@id":"https:\/\/news.canadamotorjobs.com\/fr\/un-probleme-de-logiciel-force-larret-des-ventes-du-chevrolet-blazer-ev\/#breadcrumb","itemListElement":[{"@type":"ListItem","position":1,"name":"Home","item":"https:\/\/news.canadamotorjobs.com\/fr\/blog\/"},{"@type":"ListItem","position":2,"name":"Un probl\u00e8me de logiciel force l\u2019arr\u00eat des ventes du Chevrolet Blazer EV"}]},{"@type":"WebSite","@id":"https:\/\/news.canadamotorjobs.com\/#website","url":"https:\/\/news.canadamotorjobs.com\/","name":"CanadaMotorJobs.com","description":"Automotive Jobs","publisher":{"@id":"https:\/\/news.canadamotorjobs.com\/#organization"},"potentialAction":[{"@type":"SearchAction","target":{"@type":"EntryPoint","urlTemplate":"https:\/\/news.canadamotorjobs.com\/?s={search_term_string}"},"query-input":"required name=search_term_string"}],"inLanguage":"fr-CA"},{"@type":"Organization","@id":"https:\/\/news.canadamotorjobs.com\/#organization","name":"Canada Motor Jobs","url":"https:\/\/news.canadamotorjobs.com\/","logo":{"@type":"ImageObject","inLanguage":"fr-CA","@id":"https:\/\/news.canadamotorjobs.com\/#\/schema\/logo\/image\/","url":"https:\/\/news.canadamotorjobs.com\/wp-content\/uploads\/2022\/10\/logo-canada-motor-jobs-1.png","contentUrl":"https:\/\/news.canadamotorjobs.com\/wp-content\/uploads\/2022\/10\/logo-canada-motor-jobs-1.png","width":800,"height":400,"caption":"Canada Motor Jobs"},"image":{"@id":"https:\/\/news.canadamotorjobs.com\/#\/schema\/logo\/image\/"},"sameAs":["https:\/\/www.facebook.com\/canadamotorjobs\/","https:\/\/x.com\/canadamotorjobs","https:\/\/www.instagram.com\/canadamotorjobs\/","https:\/\/www.linkedin.com\/company\/canadamotorjobs"]},{"@type":"Person","@id":"https:\/\/news.canadamotorjobs.com\/#\/schema\/person\/51793d1f87d44011d7bcc2ed99269a90","name":"Benoit Charette","image":{"@type":"ImageObject","inLanguage":"fr-CA","@id":"https:\/\/news.canadamotorjobs.com\/#\/schema\/person\/image\/","url":"https:\/\/secure.gravatar.com\/avatar\/45f3d2eebcccd909668d7ce7ea7267b6?s=96&d=mm&r=g","contentUrl":"https:\/\/secure.gravatar.com\/avatar\/45f3d2eebcccd909668d7ce7ea7267b6?s=96&d=mm&r=g","caption":"Benoit Charette"},"description":"Benoit Charette \/ Propri\u00e9taire et r\u00e9dacteur en chef Benoit Charette pratique le journalisme automobile depuis bient\u00f4t 30 ans. Il a fait ses classes au c\u00f4t\u00e9 de Daniel H\u00e9raud et au Carnet de route de 1992 \u00e0 2001. Il est fondateur, copropri\u00e9taire et r\u00e9dacteur en chef de L\u2019Annuel de l\u2019automobile, qu\u2019il publie depuis 2001. Il a anim\u00e9 les \u00e9missions RPM et RPM+ sur V et les L\u00e9gendes de la route sur Historia. \u00c0 la radio depuis 1986, il reprend l\u2019antenne cette ann\u00e9e sur les ondes de Cogeco et participe pour la deuxi\u00e8me ann\u00e9e \u00e0 l\u2019\u00e9mission Passion Auto sur RDS en plus de mettre en ligne le site Web officiel de L\u2019Annuel de l\u2019automobile sur annuelauto.ca.","sameAs":["https:\/\/annuelauto.ca\/"],"url":"https:\/\/news.canadamotorjobs.com\/fr\/author\/benoit-charette\/"}]}},"_links":{"self":[{"href":"https:\/\/news.canadamotorjobs.com\/fr\/wp-json\/wp\/v2\/posts\/155976"}],"collection":[{"href":"https:\/\/news.canadamotorjobs.com\/fr\/wp-json\/wp\/v2\/posts"}],"about":[{"href":"https:\/\/news.canadamotorjobs.com\/fr\/wp-json\/wp\/v2\/types\/post"}],"author":[{"embeddable":true,"href":"https:\/\/news.canadamotorjobs.com\/fr\/wp-json\/wp\/v2\/users\/8"}],"replies":[{"embeddable":true,"href":"https:\/\/news.canadamotorjobs.com\/fr\/wp-json\/wp\/v2\/comments?post=155976"}],"version-history":[{"count":2,"href":"https:\/\/news.canadamotorjobs.com\/fr\/wp-json\/wp\/v2\/posts\/155976\/revisions"}],"predecessor-version":[{"id":155980,"href":"https:\/\/news.canadamotorjobs.com\/fr\/wp-json\/wp\/v2\/posts\/155976\/revisions\/155980"}],"wp:featuredmedia":[{"embeddable":true,"href":"https:\/\/news.canadamotorjobs.com\/fr\/wp-json\/wp\/v2\/media\/155978"}],"wp:attachment":[{"href":"https:\/\/news.canadamotorjobs.com\/fr\/wp-json\/wp\/v2\/media?parent=155976"}],"wp:term":[{"taxonomy":"category","embeddable":true,"href":"https:\/\/news.canadamotorjobs.com\/fr\/wp-json\/wp\/v2\/categories?post=155976"},{"taxonomy":"post_tag","embeddable":true,"href":"https:\/\/news.canadamotorjobs.com\/fr\/wp-json\/wp\/v2\/tags?post=155976"}],"curies":[{"name":"wp","href":"https:\/\/api.w.org\/{rel}","templated":true}]}}