{"id":155925,"date":"2023-12-22T07:40:16","date_gmt":"2023-12-22T12:40:16","guid":{"rendered":"https:\/\/news.canadamotorjobs.com\/?p=155925"},"modified":"2023-12-22T07:44:31","modified_gmt":"2023-12-22T12:44:31","slug":"volkswagen-prepare-le-lancement-dune-version-electrique-de-la-legendaire-gti-pour-2026","status":"publish","type":"post","link":"https:\/\/news.canadamotorjobs.com\/fr\/volkswagen-prepare-le-lancement-dune-version-electrique-de-la-legendaire-gti-pour-2026\/","title":{"rendered":"Volkswagen pr\u00e9pare le lancement d\u2019une version \u00e9lectrique de la l\u00e9gendaire GTI pour 2026"},"content":{"rendered":"<\/p>\n<p>Volkswagen s&#8217;appr\u00eate \u00e0 lancer une version \u00e9lectrique d&#8217;une GTI en 2026, comme l&#8217;a r\u00e9v\u00e9l\u00e9 le chef du design, Andreas Mindt.<\/p>\n<p>Dans une publication sur Instagram plus t\u00f4t cette semaine, rep\u00e9r\u00e9e en premier par Motor1, Mindt a d\u00e9clar\u00e9 que la premi\u00e8re GTI, bas\u00e9e sur la Mk1 Golf, a \u00e9t\u00e9 lanc\u00e9e en 1975, et qu&#8217;en 2026, une version \u00e9lectrique de cette embl\u00e9matique berline sera commercialis\u00e9e.<\/p>\n<p>Il est possible que la voiture soit d\u00e9voil\u00e9e un an plus t\u00f4t pour marquer le 50e anniversaire de la Golf GTI originale.<\/p>\n<p>La publication de Mindt comprenait un croquis montrant la Golf GTI originale aux c\u00f4t\u00e9s du concept ID.GTI de VW d\u00e9voil\u00e9 en septembre et d\u00e9j\u00e0 confirm\u00e9 pour la production.<\/p>\n<p>Cependant, il est peu probable que le concept ID.GTI soit badg\u00e9 comme une Golf GTI dans sa forme de production. Les dimensions sous-compactes du concept indiquent qu&#8217;il pourrait anticiper un remplacement pour la Polo GTI, tout comme le concept ID.2all li\u00e9, pr\u00e9sent\u00e9 en mars, pr\u00e9figure probablement un remplacement pour la Polo r\u00e9guli\u00e8re.<\/p>\n<p>En septembre, VW a d\u00e9clar\u00e9 pr\u00e9voir une Golf \u00e9lectrique, et ce mod\u00e8le offrira probablement une variante GTI, bien que la Golf \u00e9lectrique n&#8217;arrivera pas avant 2028 au plus t\u00f4t, car c&#8217;est \u00e0 ce moment-l\u00e0 que sa plateforme SSP est pr\u00e9vue d&#8217;\u00eatre pr\u00eate.<\/p>\n<p>Des prototypes de test pour l&#8217;ID.2all de production utilisant des carrosseries modifi\u00e9es de la plus grande ID.3 ont \u00e9t\u00e9 rep\u00e9r\u00e9s. Le v\u00e9hicule, et probablement toute version GTI, utiliseront une nouvelle plateforme d\u00e9riv\u00e9e du design MEB actuel, pr\u00e9sent dans des v\u00e9hicules comme l&#8217;ID.3 et l&#8217;ID.4. La nouvelle plateforme, appel\u00e9e MEB Entry, est plus courte que la plateforme MEB r\u00e9guli\u00e8re et dispose d&#8217;un seul moteur \u00e0 l&#8217;avant.<\/p>\n<p>Dans l&#8217;ID.2all, le moteur est \u00e9valu\u00e9 \u00e0 222 ch, et la batterie du concept est annonc\u00e9e par VW pour offrir 280 miles selon le cycle de test WLTP utilis\u00e9 \u00e0 l&#8217;\u00e9tranger. Une valeur moindre r\u00e9sulterait en utilisant le cycle EPA plus strict. VW n&#8217;a pas fourni de sp\u00e9cifications pour le concept ID.GTI li\u00e9, mais a d\u00e9clar\u00e9 qu&#8217;il disposait \u00e9galement d&#8217;un seul moteur \u00e0 l&#8217;avant.<\/p>\n<p>Les amateurs de crossover peuvent \u00e9galement anticiper une offre bas\u00e9e sur la plateforme MEB Entry de VW en 2026.<\/p>\n<p>Ironiquement, le &#8220;I&#8221; dans GTI signifie &#8220;injection&#8221; de carburant, une technologie qui ne sera clairement pas pr\u00e9sente dans la GTI \u00e9lectrique. De m\u00eame, Porsche utilise un badge &#8220;Turbo&#8221; sur son Taycan, un nom qui d\u00e9signe \u00e9galement une technologie pour les v\u00e9hicules \u00e0 essence et non pour les v\u00e9hicules \u00e9lectriques.<\/p>\n<p>Avec des renseignements de Motor Authority<\/p>\n<p>\u00a0<\/p>\n<p>Le texte <a rel=\"nofollow\" href=\"https:\/\/annuelauto.ca\/volkswagen-prepare-le-lancement-dune-version-electrique-de-la-legendaire-gti-pour-2026\/\">Volkswagen pr\u00e9pare le lancement d\u2019une version \u00e9lectrique de la l\u00e9gendaire GTI pour 2026<\/a> provient de <a rel=\"nofollow\" href=\"https:\/\/annuelauto.ca\">L&#8217;annuel de l&#8217;automobile &#8211; Actualit\u00e9 automobile<\/a><\/p>\n<p><\/p>\n","protected":false},"excerpt":{"rendered":"<p>Volkswagen s&#8217;appr\u00eate \u00e0 lancer une version \u00e9lectrique d&#8217;une GTI en 2026, comme l&#8217;a r\u00e9v\u00e9l\u00e9 le chef du design, Andreas Mindt. Dans une publication sur Instagram plus t\u00f4t cette semaine, rep\u00e9r\u00e9e en premier par Motor1, Mindt a d\u00e9clar\u00e9 que la premi\u00e8re GTI, bas\u00e9e sur la Mk1 Golf, a \u00e9t\u00e9 lanc\u00e9e en 1975, et qu&#8217;en 2026, une [&hellip;]<\/p>\n","protected":false},"author":8,"featured_media":155927,"comment_status":"close","ping_status":"closed","sticky":false,"template":"","format":"standard","meta":{"_monsterinsights_skip_tracking":false,"_monsterinsights_sitenote_active":false,"_monsterinsights_sitenote_note":"","_monsterinsights_sitenote_category":0,"footnotes":""},"categories":[101],"tags":[],"yoast_head":"<!-- This site is optimized with the Yoast SEO plugin v23.2 - https:\/\/yoast.com\/wordpress\/plugins\/seo\/ -->\n<title>Volkswagen pr\u00e9pare le lancement d\u2019une version \u00e9lectrique de la l\u00e9gendaire GTI pour 2026 - CanadaMotorJobs.com<\/title>\n<meta name=\"description\" content=\"Volkswagen pr\u00e9pare le lancement d\u2019une version \u00e9lectrique de la l\u00e9gendaire GTI pour 2026 - Benoit Charette - Annuel automobile - CanadaMotorJobs.com.\" \/>\n<meta name=\"robots\" content=\"index, follow, max-snippet:-1, max-image-preview:large, max-video-preview:-1\" \/>\n<meta property=\"og:locale\" content=\"fr_CA\" \/>\n<meta property=\"og:type\" content=\"article\" \/>\n<meta property=\"og:title\" content=\"Volkswagen pr\u00e9pare le lancement d\u2019une version \u00e9lectrique de la l\u00e9gendaire GTI pour 2026 - CanadaMotorJobs.com\" \/>\n<meta property=\"og:description\" content=\"Volkswagen pr\u00e9pare le lancement d\u2019une version \u00e9lectrique de la l\u00e9gendaire GTI pour 2026 - Benoit Charette - Annuel automobile - CanadaMotorJobs.com.\" \/>\n<meta property=\"og:url\" content=\"https:\/\/news.canadamotorjobs.com\/fr\/volkswagen-prepare-le-lancement-dune-version-electrique-de-la-legendaire-gti-pour-2026\/\" \/>\n<meta property=\"og:site_name\" content=\"CanadaMotorJobs.com\" \/>\n<meta property=\"article:publisher\" content=\"https:\/\/www.facebook.com\/canadamotorjobs\/\" \/>\n<meta property=\"article:published_time\" content=\"2023-12-22T12:40:16+00:00\" \/>\n<meta property=\"article:modified_time\" content=\"2023-12-22T12:44:31+00:00\" \/>\n<meta property=\"og:image\" content=\"https:\/\/news.canadamotorjobs.com\/wp-content\/uploads\/2023\/12\/volkswagen-id.-gti-concept-2023.jpg\" \/>\n\t<meta property=\"og:image:width\" content=\"1280\" \/>\n\t<meta property=\"og:image:height\" content=\"720\" \/>\n\t<meta property=\"og:image:type\" content=\"image\/jpeg\" \/>\n<meta name=\"author\" content=\"Benoit Charette\" \/>\n<meta name=\"twitter:card\" content=\"summary_large_image\" \/>\n<meta name=\"twitter:creator\" content=\"@canadamotorjobs\" \/>\n<meta name=\"twitter:site\" content=\"@canadamotorjobs\" \/>\n<meta name=\"twitter:label1\" content=\"\u00c9crit par\" \/>\n\t<meta name=\"twitter:data1\" content=\"Benoit Charette\" \/>\n\t<meta name=\"twitter:label2\" content=\"Estimation du temps de lecture\" \/>\n\t<meta name=\"twitter:data2\" content=\"2 minutes\" \/>\n<!-- \/ Yoast SEO plugin. -->","yoast_head_json":{"title":"Volkswagen pr\u00e9pare le lancement d\u2019une version \u00e9lectrique de la l\u00e9gendaire GTI pour 2026 - CanadaMotorJobs.com","description":"Volkswagen pr\u00e9pare le lancement d\u2019une version \u00e9lectrique de la l\u00e9gendaire GTI pour 2026 - Benoit Charette - Annuel automobile - CanadaMotorJobs.com.","robots":{"index":"index","follow":"follow","max-snippet":"max-snippet:-1","max-image-preview":"max-image-preview:large","max-video-preview":"max-video-preview:-1"},"og_locale":"fr_CA","og_type":"article","og_title":"Volkswagen pr\u00e9pare le lancement d\u2019une version \u00e9lectrique de la l\u00e9gendaire GTI pour 2026 - CanadaMotorJobs.com","og_description":"Volkswagen pr\u00e9pare le lancement d\u2019une version \u00e9lectrique de la l\u00e9gendaire GTI pour 2026 - Benoit Charette - Annuel automobile - CanadaMotorJobs.com.","og_url":"https:\/\/news.canadamotorjobs.com\/fr\/volkswagen-prepare-le-lancement-dune-version-electrique-de-la-legendaire-gti-pour-2026\/","og_site_name":"CanadaMotorJobs.com","article_publisher":"https:\/\/www.facebook.com\/canadamotorjobs\/","article_published_time":"2023-12-22T12:40:16+00:00","article_modified_time":"2023-12-22T12:44:31+00:00","og_image":[{"width":1280,"height":720,"url":"https:\/\/news.canadamotorjobs.com\/wp-content\/uploads\/2023\/12\/volkswagen-id.-gti-concept-2023.jpg","type":"image\/jpeg"}],"author":"Benoit Charette","twitter_card":"summary_large_image","twitter_creator":"@canadamotorjobs","twitter_site":"@canadamotorjobs","twitter_misc":{"\u00c9crit par":"Benoit Charette","Estimation du temps de lecture":"2 minutes"},"schema":{"@context":"https:\/\/schema.org","@graph":[{"@type":"Article","@id":"https:\/\/news.canadamotorjobs.com\/fr\/volkswagen-prepare-le-lancement-dune-version-electrique-de-la-legendaire-gti-pour-2026\/#article","isPartOf":{"@id":"https:\/\/news.canadamotorjobs.com\/fr\/volkswagen-prepare-le-lancement-dune-version-electrique-de-la-legendaire-gti-pour-2026\/"},"author":{"name":"Benoit Charette","@id":"https:\/\/news.canadamotorjobs.com\/#\/schema\/person\/51793d1f87d44011d7bcc2ed99269a90"},"headline":"Volkswagen pr\u00e9pare le lancement d\u2019une version \u00e9lectrique de la l\u00e9gendaire GTI pour 2026","datePublished":"2023-12-22T12:40:16+00:00","dateModified":"2023-12-22T12:44:31+00:00","mainEntityOfPage":{"@id":"https:\/\/news.canadamotorjobs.com\/fr\/volkswagen-prepare-le-lancement-dune-version-electrique-de-la-legendaire-gti-pour-2026\/"},"wordCount":513,"publisher":{"@id":"https:\/\/news.canadamotorjobs.com\/#organization"},"image":{"@id":"https:\/\/news.canadamotorjobs.com\/fr\/volkswagen-prepare-le-lancement-dune-version-electrique-de-la-legendaire-gti-pour-2026\/#primaryimage"},"thumbnailUrl":"https:\/\/news.canadamotorjobs.com\/wp-content\/uploads\/2023\/12\/volkswagen-id.-gti-concept-2023.jpg","articleSection":["Annuel automobile"],"inLanguage":"fr-CA"},{"@type":"WebPage","@id":"https:\/\/news.canadamotorjobs.com\/fr\/volkswagen-prepare-le-lancement-dune-version-electrique-de-la-legendaire-gti-pour-2026\/","url":"https:\/\/news.canadamotorjobs.com\/fr\/volkswagen-prepare-le-lancement-dune-version-electrique-de-la-legendaire-gti-pour-2026\/","name":"Volkswagen pr\u00e9pare le lancement d\u2019une version \u00e9lectrique de la l\u00e9gendaire GTI pour 2026 - CanadaMotorJobs.com","isPartOf":{"@id":"https:\/\/news.canadamotorjobs.com\/#website"},"primaryImageOfPage":{"@id":"https:\/\/news.canadamotorjobs.com\/fr\/volkswagen-prepare-le-lancement-dune-version-electrique-de-la-legendaire-gti-pour-2026\/#primaryimage"},"image":{"@id":"https:\/\/news.canadamotorjobs.com\/fr\/volkswagen-prepare-le-lancement-dune-version-electrique-de-la-legendaire-gti-pour-2026\/#primaryimage"},"thumbnailUrl":"https:\/\/news.canadamotorjobs.com\/wp-content\/uploads\/2023\/12\/volkswagen-id.-gti-concept-2023.jpg","datePublished":"2023-12-22T12:40:16+00:00","dateModified":"2023-12-22T12:44:31+00:00","description":"Volkswagen pr\u00e9pare le lancement d\u2019une version \u00e9lectrique de la l\u00e9gendaire GTI pour 2026 - Benoit Charette - Annuel automobile - CanadaMotorJobs.com.","breadcrumb":{"@id":"https:\/\/news.canadamotorjobs.com\/fr\/volkswagen-prepare-le-lancement-dune-version-electrique-de-la-legendaire-gti-pour-2026\/#breadcrumb"},"inLanguage":"fr-CA","potentialAction":[{"@type":"ReadAction","target":["https:\/\/news.canadamotorjobs.com\/fr\/volkswagen-prepare-le-lancement-dune-version-electrique-de-la-legendaire-gti-pour-2026\/"]}]},{"@type":"ImageObject","inLanguage":"fr-CA","@id":"https:\/\/news.canadamotorjobs.com\/fr\/volkswagen-prepare-le-lancement-dune-version-electrique-de-la-legendaire-gti-pour-2026\/#primaryimage","url":"https:\/\/news.canadamotorjobs.com\/wp-content\/uploads\/2023\/12\/volkswagen-id.-gti-concept-2023.jpg","contentUrl":"https:\/\/news.canadamotorjobs.com\/wp-content\/uploads\/2023\/12\/volkswagen-id.-gti-concept-2023.jpg","width":1280,"height":720},{"@type":"BreadcrumbList","@id":"https:\/\/news.canadamotorjobs.com\/fr\/volkswagen-prepare-le-lancement-dune-version-electrique-de-la-legendaire-gti-pour-2026\/#breadcrumb","itemListElement":[{"@type":"ListItem","position":1,"name":"Home","item":"https:\/\/news.canadamotorjobs.com\/fr\/blog\/"},{"@type":"ListItem","position":2,"name":"Volkswagen pr\u00e9pare le lancement d\u2019une version \u00e9lectrique de la l\u00e9gendaire GTI pour 2026"}]},{"@type":"WebSite","@id":"https:\/\/news.canadamotorjobs.com\/#website","url":"https:\/\/news.canadamotorjobs.com\/","name":"CanadaMotorJobs.com","description":"Automotive Jobs","publisher":{"@id":"https:\/\/news.canadamotorjobs.com\/#organization"},"potentialAction":[{"@type":"SearchAction","target":{"@type":"EntryPoint","urlTemplate":"https:\/\/news.canadamotorjobs.com\/?s={search_term_string}"},"query-input":"required name=search_term_string"}],"inLanguage":"fr-CA"},{"@type":"Organization","@id":"https:\/\/news.canadamotorjobs.com\/#organization","name":"Canada Motor Jobs","url":"https:\/\/news.canadamotorjobs.com\/","logo":{"@type":"ImageObject","inLanguage":"fr-CA","@id":"https:\/\/news.canadamotorjobs.com\/#\/schema\/logo\/image\/","url":"https:\/\/news.canadamotorjobs.com\/wp-content\/uploads\/2022\/10\/logo-canada-motor-jobs-1.png","contentUrl":"https:\/\/news.canadamotorjobs.com\/wp-content\/uploads\/2022\/10\/logo-canada-motor-jobs-1.png","width":800,"height":400,"caption":"Canada Motor Jobs"},"image":{"@id":"https:\/\/news.canadamotorjobs.com\/#\/schema\/logo\/image\/"},"sameAs":["https:\/\/www.facebook.com\/canadamotorjobs\/","https:\/\/x.com\/canadamotorjobs","https:\/\/www.instagram.com\/canadamotorjobs\/","https:\/\/www.linkedin.com\/company\/canadamotorjobs"]},{"@type":"Person","@id":"https:\/\/news.canadamotorjobs.com\/#\/schema\/person\/51793d1f87d44011d7bcc2ed99269a90","name":"Benoit Charette","image":{"@type":"ImageObject","inLanguage":"fr-CA","@id":"https:\/\/news.canadamotorjobs.com\/#\/schema\/person\/image\/","url":"https:\/\/secure.gravatar.com\/avatar\/45f3d2eebcccd909668d7ce7ea7267b6?s=96&d=mm&r=g","contentUrl":"https:\/\/secure.gravatar.com\/avatar\/45f3d2eebcccd909668d7ce7ea7267b6?s=96&d=mm&r=g","caption":"Benoit Charette"},"description":"Benoit Charette \/ Propri\u00e9taire et r\u00e9dacteur en chef Benoit Charette pratique le journalisme automobile depuis bient\u00f4t 30 ans. Il a fait ses classes au c\u00f4t\u00e9 de Daniel H\u00e9raud et au Carnet de route de 1992 \u00e0 2001. Il est fondateur, copropri\u00e9taire et r\u00e9dacteur en chef de L\u2019Annuel de l\u2019automobile, qu\u2019il publie depuis 2001. Il a anim\u00e9 les \u00e9missions RPM et RPM+ sur V et les L\u00e9gendes de la route sur Historia. \u00c0 la radio depuis 1986, il reprend l\u2019antenne cette ann\u00e9e sur les ondes de Cogeco et participe pour la deuxi\u00e8me ann\u00e9e \u00e0 l\u2019\u00e9mission Passion Auto sur RDS en plus de mettre en ligne le site Web officiel de L\u2019Annuel de l\u2019automobile sur annuelauto.ca.","sameAs":["https:\/\/annuelauto.ca\/"],"url":"https:\/\/news.canadamotorjobs.com\/fr\/author\/benoit-charette\/"}]}},"_links":{"self":[{"href":"https:\/\/news.canadamotorjobs.com\/fr\/wp-json\/wp\/v2\/posts\/155925"}],"collection":[{"href":"https:\/\/news.canadamotorjobs.com\/fr\/wp-json\/wp\/v2\/posts"}],"about":[{"href":"https:\/\/news.canadamotorjobs.com\/fr\/wp-json\/wp\/v2\/types\/post"}],"author":[{"embeddable":true,"href":"https:\/\/news.canadamotorjobs.com\/fr\/wp-json\/wp\/v2\/users\/8"}],"replies":[{"embeddable":true,"href":"https:\/\/news.canadamotorjobs.com\/fr\/wp-json\/wp\/v2\/comments?post=155925"}],"version-history":[{"count":2,"href":"https:\/\/news.canadamotorjobs.com\/fr\/wp-json\/wp\/v2\/posts\/155925\/revisions"}],"predecessor-version":[{"id":155929,"href":"https:\/\/news.canadamotorjobs.com\/fr\/wp-json\/wp\/v2\/posts\/155925\/revisions\/155929"}],"wp:featuredmedia":[{"embeddable":true,"href":"https:\/\/news.canadamotorjobs.com\/fr\/wp-json\/wp\/v2\/media\/155927"}],"wp:attachment":[{"href":"https:\/\/news.canadamotorjobs.com\/fr\/wp-json\/wp\/v2\/media?parent=155925"}],"wp:term":[{"taxonomy":"category","embeddable":true,"href":"https:\/\/news.canadamotorjobs.com\/fr\/wp-json\/wp\/v2\/categories?post=155925"},{"taxonomy":"post_tag","embeddable":true,"href":"https:\/\/news.canadamotorjobs.com\/fr\/wp-json\/wp\/v2\/tags?post=155925"}],"curies":[{"name":"wp","href":"https:\/\/api.w.org\/{rel}","templated":true}]}}