{"id":155875,"date":"2023-12-21T15:30:57","date_gmt":"2023-12-21T20:30:57","guid":{"rendered":"https:\/\/news.canadamotorjobs.com\/?p=155875"},"modified":"2023-12-21T15:31:31","modified_gmt":"2023-12-21T20:31:31","slug":"26-millions-de-honda-et-dacura-rappelees-en-raison-de-pompes-a-carburant-defectueuses","status":"publish","type":"post","link":"https:\/\/news.canadamotorjobs.com\/fr\/26-millions-de-honda-et-dacura-rappelees-en-raison-de-pompes-a-carburant-defectueuses\/","title":{"rendered":"2,6 millions de Honda et d\u2019Acura rappel\u00e9es en raison de pompes \u00e0 carburant d\u00e9fectueuses"},"content":{"rendered":"<\/p>\n<p>Le rappel massif couvre une multitude de mod\u00e8les allant des Honda Accord et CR-V aux Acura TLX et NSX.<\/p>\n<p>Risque de panne s\u00e8che<\/p>\n<p>L&#8217;huile est peut-\u00eatre l&#8217;\u00e9l\u00e9ment vital d&#8217;un moteur \u00e0 combustion, mais c&#8217;est le carburant qui lui permet de fonctionner, et pour plus de 2,5 millions de Honda et d&#8217;Acura, il y a un risque de panne s\u00e8che.<\/p>\n<p>Il faut bl\u00e2mer Denso<\/p>\n<p>Le probl\u00e8me est li\u00e9 \u00e0 un important lot de pompes \u00e0 carburant Denso d\u00e9fectueuses qui ont \u00e9t\u00e9 mont\u00e9es sur de nombreuses voitures Honda et Acura entre les ann\u00e9es mod\u00e8les 2017 et 2020.<\/p>\n<p>Une pompe mal moul\u00e9e<\/p>\n<p>Le probl\u00e8me est centr\u00e9 sur une roue de pompe \u00e0 carburant mal moul\u00e9e, dont la forme d\u00e9fectueuse pourrait l&#8217;amener \u00e0 interf\u00e9rer avec le corps de la pompe \u00e0 carburant, ce qui pourrait provoquer une panne d&#8217;essence. La NHTSA pr\u00e9vient que la panne d&#8217;essence peut signifier que le moteur cale pendant la conduite, entra\u00eenant un accident et\/ou des blessures.<\/p>\n<p>Honda et Acura, pour leur part, affirment qu&#8217;il n&#8217;y a pas eu de bless\u00e9s ou de morts \u00e0 cause des pompes d\u00e9fectueuses, mais Honda a trait\u00e9 4 042 r\u00e9clamations sous garantie. Ce chiffre est toutefois d\u00e9risoire par rapport aux 2,6 millions de v\u00e9hicules concern\u00e9s par le rappel de cette semaine pour le m\u00eame probl\u00e8me.<\/p>\n<p>\u00a0<\/p>\n<p>Voici la liste des mod\u00e8les rappel\u00e9s<\/p>\n<p>\u00a0<\/p>\n<table><\/p>\n<tbody><\/p>\n<tr><\/p>\n<td width=\"158\"><strong>Mod\u00e8le<\/strong><\/td>\n<p><\/p>\n<td width=\"73\"><strong>ann\u00e9e<\/strong><\/td>\n<p>\n<\/tr>\n<p><\/p>\n<tr><\/p>\n<td width=\"158\"><strong>Acura ILX<\/strong><\/td>\n<p><\/p>\n<td width=\"73\">2018-20<\/td>\n<p>\n<\/tr>\n<p><\/p>\n<tr><\/p>\n<td width=\"158\"><strong>Acura MDX<\/strong><\/td>\n<p><\/p>\n<td width=\"73\">2018-20<\/td>\n<p>\n<\/tr>\n<p><\/p>\n<tr><\/p>\n<td width=\"158\"><strong>Acura MDX Hybrid<\/strong><\/td>\n<p><\/p>\n<td width=\"73\">2018-20<\/td>\n<p>\n<\/tr>\n<p><\/p>\n<tr><\/p>\n<td width=\"158\"><strong>Acura NSX<\/strong><\/td>\n<p><\/p>\n<td width=\"73\">2017-20<\/td>\n<p>\n<\/tr>\n<p><\/p>\n<tr><\/p>\n<td width=\"158\"><strong>Acura RDX<\/strong><\/td>\n<p><\/p>\n<td width=\"73\">2018-20<\/td>\n<p>\n<\/tr>\n<p><\/p>\n<tr><\/p>\n<td width=\"158\"><strong>Acura RLX<\/strong><\/td>\n<p><\/p>\n<td width=\"73\">2018-20<\/td>\n<p>\n<\/tr>\n<p><\/p>\n<tr><\/p>\n<td width=\"158\"><strong>Acura TLX<\/strong><\/td>\n<p><\/p>\n<td width=\"73\">2018-20<\/td>\n<p>\n<\/tr>\n<p><\/p>\n<tr><\/p>\n<td width=\"158\"><strong>Honda Accord<\/strong><\/td>\n<p><\/p>\n<td width=\"73\">2018-20<\/td>\n<p>\n<\/tr>\n<p><\/p>\n<tr><\/p>\n<td width=\"158\"><strong>Honda Accord Hybrid\u00a0<\/strong><\/td>\n<p><\/p>\n<td width=\"73\">2018-20<\/td>\n<p>\n<\/tr>\n<p><\/p>\n<tr><\/p>\n<td width=\"158\"><strong>Honda Civic<\/strong><\/td>\n<p><\/p>\n<td width=\"73\">2018-20<\/td>\n<p>\n<\/tr>\n<p><\/p>\n<tr><\/p>\n<td width=\"158\"><strong>Honda Civic Type R<\/strong><\/td>\n<p><\/p>\n<td width=\"73\">2018-20<\/td>\n<p>\n<\/tr>\n<p><\/p>\n<tr><\/p>\n<td width=\"158\"><strong>Honda Clarity PHEV<\/strong><\/td>\n<p><\/p>\n<td width=\"73\">2018-19<\/td>\n<p>\n<\/tr>\n<p><\/p>\n<tr><\/p>\n<td width=\"158\"><strong>Honda CR-V<\/strong><\/td>\n<p><\/p>\n<td width=\"73\">2018-20<\/td>\n<p>\n<\/tr>\n<p><\/p>\n<tr><\/p>\n<td width=\"158\"><strong>Honda CR-V Hybrid<\/strong><\/td>\n<p><\/p>\n<td width=\"73\">2020<\/td>\n<p>\n<\/tr>\n<p><\/p>\n<tr><\/p>\n<td width=\"158\"><strong>Honda Fit<\/strong><\/td>\n<p><\/p>\n<td width=\"73\">2018-19<\/td>\n<p>\n<\/tr>\n<p><\/p>\n<tr><\/p>\n<td width=\"158\"><strong>Honda HR-V<\/strong><\/td>\n<p><\/p>\n<td width=\"73\">2018-19<\/td>\n<p>\n<\/tr>\n<p><\/p>\n<tr><\/p>\n<td width=\"158\"><strong>Honda Insight<\/strong><\/td>\n<p><\/p>\n<td width=\"73\">2019-20<\/td>\n<p>\n<\/tr>\n<p><\/p>\n<tr><\/p>\n<td width=\"158\"><strong>Honda Odyssey<\/strong><\/td>\n<p><\/p>\n<td width=\"73\">2018-20<\/td>\n<p>\n<\/tr>\n<p><\/p>\n<tr><\/p>\n<td width=\"158\"><strong>Honda Passport<\/strong><\/td>\n<p><\/p>\n<td width=\"73\">2019-20<\/td>\n<p>\n<\/tr>\n<p>\n<\/tbody>\n<p>\n<\/table>\n<p>\n\u00a0<\/p>\n<p>Le texte <a rel=\"nofollow\" href=\"https:\/\/annuelauto.ca\/26-millions-de-honda-et-dacura-rappelees-en-raison-de-pompes-a-carburant-defectueuses\/\">2,6 millions de Honda et d\u2019Acura rappel\u00e9es en raison de pompes \u00e0 carburant d\u00e9fectueuses<\/a> provient de <a rel=\"nofollow\" href=\"https:\/\/annuelauto.ca\">L&#8217;annuel de l&#8217;automobile &#8211; Actualit\u00e9 automobile<\/a><\/p>\n<p><\/p>\n","protected":false},"excerpt":{"rendered":"<p>Le rappel massif couvre une multitude de mod\u00e8les allant des Honda Accord et CR-V aux Acura TLX et NSX. Risque de panne s\u00e8che L&#8217;huile est peut-\u00eatre l&#8217;\u00e9l\u00e9ment vital d&#8217;un moteur \u00e0 combustion, mais c&#8217;est le carburant qui lui permet de fonctionner, et pour plus de 2,5 millions de Honda et d&#8217;Acura, il y a un [&hellip;]<\/p>\n","protected":false},"author":8,"featured_media":155877,"comment_status":"close","ping_status":"closed","sticky":false,"template":"","format":"standard","meta":{"_monsterinsights_skip_tracking":false,"_monsterinsights_sitenote_active":false,"_monsterinsights_sitenote_note":"","_monsterinsights_sitenote_category":0,"footnotes":""},"categories":[101],"tags":[],"yoast_head":"<!-- This site is optimized with the Yoast SEO plugin v23.2 - https:\/\/yoast.com\/wordpress\/plugins\/seo\/ -->\n<title>2,6 millions de Honda et d\u2019Acura rappel\u00e9es en raison de pompes \u00e0 carburant d\u00e9fectueuses - CanadaMotorJobs.com<\/title>\n<meta name=\"description\" content=\"2,6 millions de Honda et d\u2019Acura rappel\u00e9es en raison de pompes \u00e0 carburant d\u00e9fectueuses - Benoit Charette - Annuel automobile - CanadaMotorJobs.com.\" \/>\n<meta name=\"robots\" content=\"index, follow, max-snippet:-1, max-image-preview:large, max-video-preview:-1\" \/>\n<meta property=\"og:locale\" content=\"fr_CA\" \/>\n<meta property=\"og:type\" content=\"article\" \/>\n<meta property=\"og:title\" content=\"2,6 millions de Honda et d\u2019Acura rappel\u00e9es en raison de pompes \u00e0 carburant d\u00e9fectueuses - CanadaMotorJobs.com\" \/>\n<meta property=\"og:description\" content=\"2,6 millions de Honda et d\u2019Acura rappel\u00e9es en raison de pompes \u00e0 carburant d\u00e9fectueuses - Benoit Charette - Annuel automobile - CanadaMotorJobs.com.\" \/>\n<meta property=\"og:url\" content=\"https:\/\/news.canadamotorjobs.com\/fr\/26-millions-de-honda-et-dacura-rappelees-en-raison-de-pompes-a-carburant-defectueuses\/\" \/>\n<meta property=\"og:site_name\" content=\"CanadaMotorJobs.com\" \/>\n<meta property=\"article:publisher\" content=\"https:\/\/www.facebook.com\/canadamotorjobs\/\" \/>\n<meta property=\"article:published_time\" content=\"2023-12-21T20:30:57+00:00\" \/>\n<meta property=\"article:modified_time\" content=\"2023-12-21T20:31:31+00:00\" \/>\n<meta property=\"og:image\" content=\"https:\/\/news.canadamotorjobs.com\/wp-content\/uploads\/2023\/12\/preview-928x522-1.jpg\" \/>\n\t<meta property=\"og:image:width\" content=\"928\" \/>\n\t<meta property=\"og:image:height\" content=\"491\" \/>\n\t<meta property=\"og:image:type\" content=\"image\/jpeg\" \/>\n<meta name=\"author\" content=\"Benoit Charette\" \/>\n<meta name=\"twitter:card\" content=\"summary_large_image\" \/>\n<meta name=\"twitter:creator\" content=\"@canadamotorjobs\" \/>\n<meta name=\"twitter:site\" content=\"@canadamotorjobs\" \/>\n<meta name=\"twitter:label1\" content=\"\u00c9crit par\" \/>\n\t<meta name=\"twitter:data1\" content=\"Benoit Charette\" \/>\n\t<meta name=\"twitter:label2\" content=\"Estimation du temps de lecture\" \/>\n\t<meta name=\"twitter:data2\" content=\"2 minutes\" \/>\n<!-- \/ Yoast SEO plugin. -->","yoast_head_json":{"title":"2,6 millions de Honda et d\u2019Acura rappel\u00e9es en raison de pompes \u00e0 carburant d\u00e9fectueuses - CanadaMotorJobs.com","description":"2,6 millions de Honda et d\u2019Acura rappel\u00e9es en raison de pompes \u00e0 carburant d\u00e9fectueuses - Benoit Charette - Annuel automobile - CanadaMotorJobs.com.","robots":{"index":"index","follow":"follow","max-snippet":"max-snippet:-1","max-image-preview":"max-image-preview:large","max-video-preview":"max-video-preview:-1"},"og_locale":"fr_CA","og_type":"article","og_title":"2,6 millions de Honda et d\u2019Acura rappel\u00e9es en raison de pompes \u00e0 carburant d\u00e9fectueuses - CanadaMotorJobs.com","og_description":"2,6 millions de Honda et d\u2019Acura rappel\u00e9es en raison de pompes \u00e0 carburant d\u00e9fectueuses - Benoit Charette - Annuel automobile - CanadaMotorJobs.com.","og_url":"https:\/\/news.canadamotorjobs.com\/fr\/26-millions-de-honda-et-dacura-rappelees-en-raison-de-pompes-a-carburant-defectueuses\/","og_site_name":"CanadaMotorJobs.com","article_publisher":"https:\/\/www.facebook.com\/canadamotorjobs\/","article_published_time":"2023-12-21T20:30:57+00:00","article_modified_time":"2023-12-21T20:31:31+00:00","og_image":[{"width":928,"height":491,"url":"https:\/\/news.canadamotorjobs.com\/wp-content\/uploads\/2023\/12\/preview-928x522-1.jpg","type":"image\/jpeg"}],"author":"Benoit Charette","twitter_card":"summary_large_image","twitter_creator":"@canadamotorjobs","twitter_site":"@canadamotorjobs","twitter_misc":{"\u00c9crit par":"Benoit Charette","Estimation du temps de lecture":"2 minutes"},"schema":{"@context":"https:\/\/schema.org","@graph":[{"@type":"Article","@id":"https:\/\/news.canadamotorjobs.com\/fr\/26-millions-de-honda-et-dacura-rappelees-en-raison-de-pompes-a-carburant-defectueuses\/#article","isPartOf":{"@id":"https:\/\/news.canadamotorjobs.com\/fr\/26-millions-de-honda-et-dacura-rappelees-en-raison-de-pompes-a-carburant-defectueuses\/"},"author":{"name":"Benoit Charette","@id":"https:\/\/news.canadamotorjobs.com\/#\/schema\/person\/51793d1f87d44011d7bcc2ed99269a90"},"headline":"2,6 millions de Honda et d\u2019Acura rappel\u00e9es en raison de pompes \u00e0 carburant d\u00e9fectueuses","datePublished":"2023-12-21T20:30:57+00:00","dateModified":"2023-12-21T20:31:31+00:00","mainEntityOfPage":{"@id":"https:\/\/news.canadamotorjobs.com\/fr\/26-millions-de-honda-et-dacura-rappelees-en-raison-de-pompes-a-carburant-defectueuses\/"},"wordCount":351,"publisher":{"@id":"https:\/\/news.canadamotorjobs.com\/#organization"},"image":{"@id":"https:\/\/news.canadamotorjobs.com\/fr\/26-millions-de-honda-et-dacura-rappelees-en-raison-de-pompes-a-carburant-defectueuses\/#primaryimage"},"thumbnailUrl":"https:\/\/news.canadamotorjobs.com\/wp-content\/uploads\/2023\/12\/preview-928x522-1.jpg","articleSection":["Annuel automobile"],"inLanguage":"fr-CA"},{"@type":"WebPage","@id":"https:\/\/news.canadamotorjobs.com\/fr\/26-millions-de-honda-et-dacura-rappelees-en-raison-de-pompes-a-carburant-defectueuses\/","url":"https:\/\/news.canadamotorjobs.com\/fr\/26-millions-de-honda-et-dacura-rappelees-en-raison-de-pompes-a-carburant-defectueuses\/","name":"2,6 millions de Honda et d\u2019Acura rappel\u00e9es en raison de pompes \u00e0 carburant d\u00e9fectueuses - CanadaMotorJobs.com","isPartOf":{"@id":"https:\/\/news.canadamotorjobs.com\/#website"},"primaryImageOfPage":{"@id":"https:\/\/news.canadamotorjobs.com\/fr\/26-millions-de-honda-et-dacura-rappelees-en-raison-de-pompes-a-carburant-defectueuses\/#primaryimage"},"image":{"@id":"https:\/\/news.canadamotorjobs.com\/fr\/26-millions-de-honda-et-dacura-rappelees-en-raison-de-pompes-a-carburant-defectueuses\/#primaryimage"},"thumbnailUrl":"https:\/\/news.canadamotorjobs.com\/wp-content\/uploads\/2023\/12\/preview-928x522-1.jpg","datePublished":"2023-12-21T20:30:57+00:00","dateModified":"2023-12-21T20:31:31+00:00","description":"2,6 millions de Honda et d\u2019Acura rappel\u00e9es en raison de pompes \u00e0 carburant d\u00e9fectueuses - Benoit Charette - Annuel automobile - CanadaMotorJobs.com.","breadcrumb":{"@id":"https:\/\/news.canadamotorjobs.com\/fr\/26-millions-de-honda-et-dacura-rappelees-en-raison-de-pompes-a-carburant-defectueuses\/#breadcrumb"},"inLanguage":"fr-CA","potentialAction":[{"@type":"ReadAction","target":["https:\/\/news.canadamotorjobs.com\/fr\/26-millions-de-honda-et-dacura-rappelees-en-raison-de-pompes-a-carburant-defectueuses\/"]}]},{"@type":"ImageObject","inLanguage":"fr-CA","@id":"https:\/\/news.canadamotorjobs.com\/fr\/26-millions-de-honda-et-dacura-rappelees-en-raison-de-pompes-a-carburant-defectueuses\/#primaryimage","url":"https:\/\/news.canadamotorjobs.com\/wp-content\/uploads\/2023\/12\/preview-928x522-1.jpg","contentUrl":"https:\/\/news.canadamotorjobs.com\/wp-content\/uploads\/2023\/12\/preview-928x522-1.jpg","width":928,"height":491},{"@type":"BreadcrumbList","@id":"https:\/\/news.canadamotorjobs.com\/fr\/26-millions-de-honda-et-dacura-rappelees-en-raison-de-pompes-a-carburant-defectueuses\/#breadcrumb","itemListElement":[{"@type":"ListItem","position":1,"name":"Home","item":"https:\/\/news.canadamotorjobs.com\/fr\/blog\/"},{"@type":"ListItem","position":2,"name":"2,6 millions de Honda et d\u2019Acura rappel\u00e9es en raison de pompes \u00e0 carburant d\u00e9fectueuses"}]},{"@type":"WebSite","@id":"https:\/\/news.canadamotorjobs.com\/#website","url":"https:\/\/news.canadamotorjobs.com\/","name":"CanadaMotorJobs.com","description":"Automotive Jobs","publisher":{"@id":"https:\/\/news.canadamotorjobs.com\/#organization"},"potentialAction":[{"@type":"SearchAction","target":{"@type":"EntryPoint","urlTemplate":"https:\/\/news.canadamotorjobs.com\/?s={search_term_string}"},"query-input":"required name=search_term_string"}],"inLanguage":"fr-CA"},{"@type":"Organization","@id":"https:\/\/news.canadamotorjobs.com\/#organization","name":"Canada Motor Jobs","url":"https:\/\/news.canadamotorjobs.com\/","logo":{"@type":"ImageObject","inLanguage":"fr-CA","@id":"https:\/\/news.canadamotorjobs.com\/#\/schema\/logo\/image\/","url":"https:\/\/news.canadamotorjobs.com\/wp-content\/uploads\/2022\/10\/logo-canada-motor-jobs-1.png","contentUrl":"https:\/\/news.canadamotorjobs.com\/wp-content\/uploads\/2022\/10\/logo-canada-motor-jobs-1.png","width":800,"height":400,"caption":"Canada Motor Jobs"},"image":{"@id":"https:\/\/news.canadamotorjobs.com\/#\/schema\/logo\/image\/"},"sameAs":["https:\/\/www.facebook.com\/canadamotorjobs\/","https:\/\/x.com\/canadamotorjobs","https:\/\/www.instagram.com\/canadamotorjobs\/","https:\/\/www.linkedin.com\/company\/canadamotorjobs"]},{"@type":"Person","@id":"https:\/\/news.canadamotorjobs.com\/#\/schema\/person\/51793d1f87d44011d7bcc2ed99269a90","name":"Benoit Charette","image":{"@type":"ImageObject","inLanguage":"fr-CA","@id":"https:\/\/news.canadamotorjobs.com\/#\/schema\/person\/image\/","url":"https:\/\/secure.gravatar.com\/avatar\/45f3d2eebcccd909668d7ce7ea7267b6?s=96&d=mm&r=g","contentUrl":"https:\/\/secure.gravatar.com\/avatar\/45f3d2eebcccd909668d7ce7ea7267b6?s=96&d=mm&r=g","caption":"Benoit Charette"},"description":"Benoit Charette \/ Propri\u00e9taire et r\u00e9dacteur en chef Benoit Charette pratique le journalisme automobile depuis bient\u00f4t 30 ans. Il a fait ses classes au c\u00f4t\u00e9 de Daniel H\u00e9raud et au Carnet de route de 1992 \u00e0 2001. Il est fondateur, copropri\u00e9taire et r\u00e9dacteur en chef de L\u2019Annuel de l\u2019automobile, qu\u2019il publie depuis 2001. Il a anim\u00e9 les \u00e9missions RPM et RPM+ sur V et les L\u00e9gendes de la route sur Historia. \u00c0 la radio depuis 1986, il reprend l\u2019antenne cette ann\u00e9e sur les ondes de Cogeco et participe pour la deuxi\u00e8me ann\u00e9e \u00e0 l\u2019\u00e9mission Passion Auto sur RDS en plus de mettre en ligne le site Web officiel de L\u2019Annuel de l\u2019automobile sur annuelauto.ca.","sameAs":["https:\/\/annuelauto.ca\/"],"url":"https:\/\/news.canadamotorjobs.com\/fr\/author\/benoit-charette\/"}]}},"_links":{"self":[{"href":"https:\/\/news.canadamotorjobs.com\/fr\/wp-json\/wp\/v2\/posts\/155875"}],"collection":[{"href":"https:\/\/news.canadamotorjobs.com\/fr\/wp-json\/wp\/v2\/posts"}],"about":[{"href":"https:\/\/news.canadamotorjobs.com\/fr\/wp-json\/wp\/v2\/types\/post"}],"author":[{"embeddable":true,"href":"https:\/\/news.canadamotorjobs.com\/fr\/wp-json\/wp\/v2\/users\/8"}],"replies":[{"embeddable":true,"href":"https:\/\/news.canadamotorjobs.com\/fr\/wp-json\/wp\/v2\/comments?post=155875"}],"version-history":[{"count":2,"href":"https:\/\/news.canadamotorjobs.com\/fr\/wp-json\/wp\/v2\/posts\/155875\/revisions"}],"predecessor-version":[{"id":155879,"href":"https:\/\/news.canadamotorjobs.com\/fr\/wp-json\/wp\/v2\/posts\/155875\/revisions\/155879"}],"wp:featuredmedia":[{"embeddable":true,"href":"https:\/\/news.canadamotorjobs.com\/fr\/wp-json\/wp\/v2\/media\/155877"}],"wp:attachment":[{"href":"https:\/\/news.canadamotorjobs.com\/fr\/wp-json\/wp\/v2\/media?parent=155875"}],"wp:term":[{"taxonomy":"category","embeddable":true,"href":"https:\/\/news.canadamotorjobs.com\/fr\/wp-json\/wp\/v2\/categories?post=155875"},{"taxonomy":"post_tag","embeddable":true,"href":"https:\/\/news.canadamotorjobs.com\/fr\/wp-json\/wp\/v2\/tags?post=155875"}],"curies":[{"name":"wp","href":"https:\/\/api.w.org\/{rel}","templated":true}]}}