{"id":155791,"date":"2023-12-20T10:39:34","date_gmt":"2023-12-20T15:39:34","guid":{"rendered":"https:\/\/news.canadamotorjobs.com\/?p=155791"},"modified":"2023-12-20T10:46:31","modified_gmt":"2023-12-20T15:46:31","slug":"la-moitie-des-concessionnaires-buick-aux-etats-unis-ont-vendu-plutot-que-de-se-tourner-vers-lelectrification","status":"publish","type":"post","link":"https:\/\/news.canadamotorjobs.com\/fr\/la-moitie-des-concessionnaires-buick-aux-etats-unis-ont-vendu-plutot-que-de-se-tourner-vers-lelectrification\/","title":{"rendered":"La moiti\u00e9 des concessionnaires Buick aux \u00c9tats-Unis ont vendu plut\u00f4t que de se tourner vers l\u2019\u00e9lectrification"},"content":{"rendered":"<\/p>\n<p>En 2022, General Motors a donn\u00e9 aux concessionnaires Buick \u00e0 travers le pays un choix simple : investir une somme importante pour se pr\u00e9parer aux v\u00e9hicules \u00e9lectriques ou opter pour un rachat. Plus d&#8217;un an plus tard, la marque aurait perdu pr\u00e8s de la moiti\u00e9 de ses concessionnaires alors qu&#8217;elle se pr\u00e9pare \u00e0 lancer ses premi\u00e8res voitures \u00e9lectriques.<\/p>\n<p>Le journal sp\u00e9cialis\u00e9 Automotive News a rapport\u00e9 une baisse d&#8217;environ 47 % du nombre de concessionnaires Buick aux \u00c9tats-Unis en 2023. Au d\u00e9but de l&#8217;ann\u00e9e, le r\u00e9seau comptait 1 958 magasins ; en d\u00e9cembre, ce chiffre est pass\u00e9 \u00e0 environ 1 000. D&#8217;autres concessionnaires pourraient jeter l&#8217;\u00e9ponge dans les semaines \u00e0 venir, le programme de rachat restant ouvert et se poursuivant.<\/p>\n<p>Les chiffres exacts n&#8217;ont pas \u00e9t\u00e9 publi\u00e9s, donc nous ne connaissons pas pr\u00e9cis\u00e9ment le montant qu&#8217;un concessionnaire peut r\u00e9clamer \u00e0 General Motors s&#8217;il choisit de partir, ni le montant qu&#8217;un concessionnaire doit d\u00e9penser pour rester avec la marque. Cependant, d&#8217;apr\u00e8s Automotive News, ce dernier chiffre se situe quelque part entre 300 000 et 400 000 dollars. Les concessionnaires doivent notamment investir dans des \u00e9quipements (comme des stations de recharge) et dans la formation.<\/p>\n<h3>Buick ne semble pas perturb\u00e9 par cet exode.<\/h3>\n<p>\n&#8220;Je suis vraiment satisfait de l\u00e0 o\u00f9 nous en sommes. Le r\u00e9seau, tel qu&#8217;il est actuellement, est de taille raisonnable. Il est compos\u00e9 de concessionnaires qui se concentrent sur leur activit\u00e9, qui ont montr\u00e9 qu&#8217;ils pouvaient retrouver le volume que les concessionnaires ayant arr\u00eat\u00e9 en faisaient&#8221;, a d\u00e9clar\u00e9 le patron de l&#8217;entreprise, Duncan Aldred. Selon Automotive News, les concessionnaires ayant choisi d&#8217;arr\u00eater de vendre des mod\u00e8les Buick repr\u00e9sentaient environ 20 % des ventes de la marque aux \u00c9tats-Unis. Buick a indiqu\u00e9 au journal que pr\u00e8s de 89 % de la population am\u00e9ricaine vit toujours \u00e0 moins de 25 miles d&#8217;une de ses concessions.<\/p>\n<p>General Motors a propos\u00e9 la m\u00eame offre aux concessions Cadillac en 2020, et environ 150 magasins auraient choisi de partir. Pour information, le r\u00e9seau de concessionnaires comptait 880 emplacements aux \u00c9tats-Unis avant que les dirigeants ne proposent le rachat. Les concessionnaires partis ont re\u00e7u entre 300 000 et 500 000 dollars, ajoute le rapport, tandis que se pr\u00e9parer \u00e0 vendre des voitures \u00e9lectriques leur aurait co\u00fbt\u00e9 environ 200 000 dollars.<\/p>\n<p>\u00a0<\/p>\n<p>Avec des renseignements d\u2019autoblog<\/p>\n<p>\u00a0<\/p>\n<p>Le texte <a rel=\"nofollow\" href=\"https:\/\/annuelauto.ca\/la-moitie-des-concessionnaires-buick-aux-etats-unis-ont-vendu-plutot-que-de-se-tourner-vers-lelectrification\/\">La moiti\u00e9 des concessionnaires Buick aux \u00c9tats-Unis ont vendu plut\u00f4t que de se tourner vers l\u2019\u00e9lectrification<\/a> provient de <a rel=\"nofollow\" href=\"https:\/\/annuelauto.ca\">L&#8217;annuel de l&#8217;automobile &#8211; Actualit\u00e9 automobile<\/a><\/p>\n<p><\/p>\n","protected":false},"excerpt":{"rendered":"<p>En 2022, General Motors a donn\u00e9 aux concessionnaires Buick \u00e0 travers le pays un choix simple : investir une somme importante pour se pr\u00e9parer aux v\u00e9hicules \u00e9lectriques ou opter pour un rachat. Plus d&#8217;un an plus tard, la marque aurait perdu pr\u00e8s de la moiti\u00e9 de ses concessionnaires alors qu&#8217;elle se pr\u00e9pare \u00e0 lancer ses [&hellip;]<\/p>\n","protected":false},"author":8,"featured_media":155793,"comment_status":"close","ping_status":"closed","sticky":false,"template":"","format":"standard","meta":{"_monsterinsights_skip_tracking":false,"_monsterinsights_sitenote_active":false,"_monsterinsights_sitenote_note":"","_monsterinsights_sitenote_category":0,"footnotes":""},"categories":[101],"tags":[],"yoast_head":"<!-- This site is optimized with the Yoast SEO plugin v23.2 - https:\/\/yoast.com\/wordpress\/plugins\/seo\/ -->\n<title>La moiti\u00e9 des concessionnaires Buick aux \u00c9tats-Unis ont vendu plut\u00f4t que de se tourner vers l\u2019\u00e9lectrification - CanadaMotorJobs.com<\/title>\n<meta name=\"description\" content=\"La moiti\u00e9 des concessionnaires Buick aux \u00c9tats-Unis ont vendu plut\u00f4t que de se tourner vers l\u2019\u00e9lectrification - Benoit Charette - Annuel automobile - CanadaMotorJobs.com.\" \/>\n<meta name=\"robots\" content=\"index, follow, max-snippet:-1, max-image-preview:large, max-video-preview:-1\" \/>\n<meta property=\"og:locale\" content=\"fr_CA\" \/>\n<meta property=\"og:type\" content=\"article\" \/>\n<meta property=\"og:title\" content=\"La moiti\u00e9 des concessionnaires Buick aux \u00c9tats-Unis ont vendu plut\u00f4t que de se tourner vers l\u2019\u00e9lectrification - CanadaMotorJobs.com\" \/>\n<meta property=\"og:description\" content=\"La moiti\u00e9 des concessionnaires Buick aux \u00c9tats-Unis ont vendu plut\u00f4t que de se tourner vers l\u2019\u00e9lectrification - Benoit Charette - Annuel automobile - CanadaMotorJobs.com.\" \/>\n<meta property=\"og:url\" content=\"https:\/\/news.canadamotorjobs.com\/fr\/la-moitie-des-concessionnaires-buick-aux-etats-unis-ont-vendu-plutot-que-de-se-tourner-vers-lelectrification\/\" \/>\n<meta property=\"og:site_name\" content=\"CanadaMotorJobs.com\" \/>\n<meta property=\"article:publisher\" content=\"https:\/\/www.facebook.com\/canadamotorjobs\/\" \/>\n<meta property=\"article:published_time\" content=\"2023-12-20T15:39:34+00:00\" \/>\n<meta property=\"article:modified_time\" content=\"2023-12-20T15:46:31+00:00\" \/>\n<meta property=\"og:image\" content=\"https:\/\/news.canadamotorjobs.com\/wp-content\/uploads\/2023\/12\/buick-wildcat-ev-concept-002-1654545883.jpg\" \/>\n\t<meta property=\"og:image:width\" content=\"1136\" \/>\n\t<meta property=\"og:image:height\" content=\"853\" \/>\n\t<meta property=\"og:image:type\" content=\"image\/jpeg\" \/>\n<meta name=\"author\" content=\"Benoit Charette\" \/>\n<meta name=\"twitter:card\" content=\"summary_large_image\" \/>\n<meta name=\"twitter:creator\" content=\"@canadamotorjobs\" \/>\n<meta name=\"twitter:site\" content=\"@canadamotorjobs\" \/>\n<meta name=\"twitter:label1\" content=\"\u00c9crit par\" \/>\n\t<meta name=\"twitter:data1\" content=\"Benoit Charette\" \/>\n\t<meta name=\"twitter:label2\" content=\"Estimation du temps de lecture\" \/>\n\t<meta name=\"twitter:data2\" content=\"2 minutes\" \/>\n<!-- \/ Yoast SEO plugin. -->","yoast_head_json":{"title":"La moiti\u00e9 des concessionnaires Buick aux \u00c9tats-Unis ont vendu plut\u00f4t que de se tourner vers l\u2019\u00e9lectrification - CanadaMotorJobs.com","description":"La moiti\u00e9 des concessionnaires Buick aux \u00c9tats-Unis ont vendu plut\u00f4t que de se tourner vers l\u2019\u00e9lectrification - Benoit Charette - Annuel automobile - CanadaMotorJobs.com.","robots":{"index":"index","follow":"follow","max-snippet":"max-snippet:-1","max-image-preview":"max-image-preview:large","max-video-preview":"max-video-preview:-1"},"og_locale":"fr_CA","og_type":"article","og_title":"La moiti\u00e9 des concessionnaires Buick aux \u00c9tats-Unis ont vendu plut\u00f4t que de se tourner vers l\u2019\u00e9lectrification - CanadaMotorJobs.com","og_description":"La moiti\u00e9 des concessionnaires Buick aux \u00c9tats-Unis ont vendu plut\u00f4t que de se tourner vers l\u2019\u00e9lectrification - Benoit Charette - Annuel automobile - CanadaMotorJobs.com.","og_url":"https:\/\/news.canadamotorjobs.com\/fr\/la-moitie-des-concessionnaires-buick-aux-etats-unis-ont-vendu-plutot-que-de-se-tourner-vers-lelectrification\/","og_site_name":"CanadaMotorJobs.com","article_publisher":"https:\/\/www.facebook.com\/canadamotorjobs\/","article_published_time":"2023-12-20T15:39:34+00:00","article_modified_time":"2023-12-20T15:46:31+00:00","og_image":[{"width":1136,"height":853,"url":"https:\/\/news.canadamotorjobs.com\/wp-content\/uploads\/2023\/12\/buick-wildcat-ev-concept-002-1654545883.jpg","type":"image\/jpeg"}],"author":"Benoit Charette","twitter_card":"summary_large_image","twitter_creator":"@canadamotorjobs","twitter_site":"@canadamotorjobs","twitter_misc":{"\u00c9crit par":"Benoit Charette","Estimation du temps de lecture":"2 minutes"},"schema":{"@context":"https:\/\/schema.org","@graph":[{"@type":"Article","@id":"https:\/\/news.canadamotorjobs.com\/fr\/la-moitie-des-concessionnaires-buick-aux-etats-unis-ont-vendu-plutot-que-de-se-tourner-vers-lelectrification\/#article","isPartOf":{"@id":"https:\/\/news.canadamotorjobs.com\/fr\/la-moitie-des-concessionnaires-buick-aux-etats-unis-ont-vendu-plutot-que-de-se-tourner-vers-lelectrification\/"},"author":{"name":"Benoit Charette","@id":"https:\/\/news.canadamotorjobs.com\/#\/schema\/person\/51793d1f87d44011d7bcc2ed99269a90"},"headline":"La moiti\u00e9 des concessionnaires Buick aux \u00c9tats-Unis ont vendu plut\u00f4t que de se tourner vers l\u2019\u00e9lectrification","datePublished":"2023-12-20T15:39:34+00:00","dateModified":"2023-12-20T15:46:31+00:00","mainEntityOfPage":{"@id":"https:\/\/news.canadamotorjobs.com\/fr\/la-moitie-des-concessionnaires-buick-aux-etats-unis-ont-vendu-plutot-que-de-se-tourner-vers-lelectrification\/"},"wordCount":436,"publisher":{"@id":"https:\/\/news.canadamotorjobs.com\/#organization"},"image":{"@id":"https:\/\/news.canadamotorjobs.com\/fr\/la-moitie-des-concessionnaires-buick-aux-etats-unis-ont-vendu-plutot-que-de-se-tourner-vers-lelectrification\/#primaryimage"},"thumbnailUrl":"https:\/\/news.canadamotorjobs.com\/wp-content\/uploads\/2023\/12\/buick-wildcat-ev-concept-002-1654545883.jpg","articleSection":["Annuel automobile"],"inLanguage":"fr-CA"},{"@type":"WebPage","@id":"https:\/\/news.canadamotorjobs.com\/fr\/la-moitie-des-concessionnaires-buick-aux-etats-unis-ont-vendu-plutot-que-de-se-tourner-vers-lelectrification\/","url":"https:\/\/news.canadamotorjobs.com\/fr\/la-moitie-des-concessionnaires-buick-aux-etats-unis-ont-vendu-plutot-que-de-se-tourner-vers-lelectrification\/","name":"La moiti\u00e9 des concessionnaires Buick aux \u00c9tats-Unis ont vendu plut\u00f4t que de se tourner vers l\u2019\u00e9lectrification - CanadaMotorJobs.com","isPartOf":{"@id":"https:\/\/news.canadamotorjobs.com\/#website"},"primaryImageOfPage":{"@id":"https:\/\/news.canadamotorjobs.com\/fr\/la-moitie-des-concessionnaires-buick-aux-etats-unis-ont-vendu-plutot-que-de-se-tourner-vers-lelectrification\/#primaryimage"},"image":{"@id":"https:\/\/news.canadamotorjobs.com\/fr\/la-moitie-des-concessionnaires-buick-aux-etats-unis-ont-vendu-plutot-que-de-se-tourner-vers-lelectrification\/#primaryimage"},"thumbnailUrl":"https:\/\/news.canadamotorjobs.com\/wp-content\/uploads\/2023\/12\/buick-wildcat-ev-concept-002-1654545883.jpg","datePublished":"2023-12-20T15:39:34+00:00","dateModified":"2023-12-20T15:46:31+00:00","description":"La moiti\u00e9 des concessionnaires Buick aux \u00c9tats-Unis ont vendu plut\u00f4t que de se tourner vers l\u2019\u00e9lectrification - Benoit Charette - Annuel automobile - CanadaMotorJobs.com.","breadcrumb":{"@id":"https:\/\/news.canadamotorjobs.com\/fr\/la-moitie-des-concessionnaires-buick-aux-etats-unis-ont-vendu-plutot-que-de-se-tourner-vers-lelectrification\/#breadcrumb"},"inLanguage":"fr-CA","potentialAction":[{"@type":"ReadAction","target":["https:\/\/news.canadamotorjobs.com\/fr\/la-moitie-des-concessionnaires-buick-aux-etats-unis-ont-vendu-plutot-que-de-se-tourner-vers-lelectrification\/"]}]},{"@type":"ImageObject","inLanguage":"fr-CA","@id":"https:\/\/news.canadamotorjobs.com\/fr\/la-moitie-des-concessionnaires-buick-aux-etats-unis-ont-vendu-plutot-que-de-se-tourner-vers-lelectrification\/#primaryimage","url":"https:\/\/news.canadamotorjobs.com\/wp-content\/uploads\/2023\/12\/buick-wildcat-ev-concept-002-1654545883.jpg","contentUrl":"https:\/\/news.canadamotorjobs.com\/wp-content\/uploads\/2023\/12\/buick-wildcat-ev-concept-002-1654545883.jpg","width":1136,"height":853},{"@type":"BreadcrumbList","@id":"https:\/\/news.canadamotorjobs.com\/fr\/la-moitie-des-concessionnaires-buick-aux-etats-unis-ont-vendu-plutot-que-de-se-tourner-vers-lelectrification\/#breadcrumb","itemListElement":[{"@type":"ListItem","position":1,"name":"Home","item":"https:\/\/news.canadamotorjobs.com\/fr\/blog\/"},{"@type":"ListItem","position":2,"name":"La moiti\u00e9 des concessionnaires Buick aux \u00c9tats-Unis ont vendu plut\u00f4t que de se tourner vers l\u2019\u00e9lectrification"}]},{"@type":"WebSite","@id":"https:\/\/news.canadamotorjobs.com\/#website","url":"https:\/\/news.canadamotorjobs.com\/","name":"CanadaMotorJobs.com","description":"Automotive Jobs","publisher":{"@id":"https:\/\/news.canadamotorjobs.com\/#organization"},"potentialAction":[{"@type":"SearchAction","target":{"@type":"EntryPoint","urlTemplate":"https:\/\/news.canadamotorjobs.com\/?s={search_term_string}"},"query-input":"required name=search_term_string"}],"inLanguage":"fr-CA"},{"@type":"Organization","@id":"https:\/\/news.canadamotorjobs.com\/#organization","name":"Canada Motor Jobs","url":"https:\/\/news.canadamotorjobs.com\/","logo":{"@type":"ImageObject","inLanguage":"fr-CA","@id":"https:\/\/news.canadamotorjobs.com\/#\/schema\/logo\/image\/","url":"https:\/\/news.canadamotorjobs.com\/wp-content\/uploads\/2022\/10\/logo-canada-motor-jobs-1.png","contentUrl":"https:\/\/news.canadamotorjobs.com\/wp-content\/uploads\/2022\/10\/logo-canada-motor-jobs-1.png","width":800,"height":400,"caption":"Canada Motor Jobs"},"image":{"@id":"https:\/\/news.canadamotorjobs.com\/#\/schema\/logo\/image\/"},"sameAs":["https:\/\/www.facebook.com\/canadamotorjobs\/","https:\/\/x.com\/canadamotorjobs","https:\/\/www.instagram.com\/canadamotorjobs\/","https:\/\/www.linkedin.com\/company\/canadamotorjobs"]},{"@type":"Person","@id":"https:\/\/news.canadamotorjobs.com\/#\/schema\/person\/51793d1f87d44011d7bcc2ed99269a90","name":"Benoit Charette","image":{"@type":"ImageObject","inLanguage":"fr-CA","@id":"https:\/\/news.canadamotorjobs.com\/#\/schema\/person\/image\/","url":"https:\/\/secure.gravatar.com\/avatar\/45f3d2eebcccd909668d7ce7ea7267b6?s=96&d=mm&r=g","contentUrl":"https:\/\/secure.gravatar.com\/avatar\/45f3d2eebcccd909668d7ce7ea7267b6?s=96&d=mm&r=g","caption":"Benoit Charette"},"description":"Benoit Charette \/ Propri\u00e9taire et r\u00e9dacteur en chef Benoit Charette pratique le journalisme automobile depuis bient\u00f4t 30 ans. Il a fait ses classes au c\u00f4t\u00e9 de Daniel H\u00e9raud et au Carnet de route de 1992 \u00e0 2001. Il est fondateur, copropri\u00e9taire et r\u00e9dacteur en chef de L\u2019Annuel de l\u2019automobile, qu\u2019il publie depuis 2001. Il a anim\u00e9 les \u00e9missions RPM et RPM+ sur V et les L\u00e9gendes de la route sur Historia. \u00c0 la radio depuis 1986, il reprend l\u2019antenne cette ann\u00e9e sur les ondes de Cogeco et participe pour la deuxi\u00e8me ann\u00e9e \u00e0 l\u2019\u00e9mission Passion Auto sur RDS en plus de mettre en ligne le site Web officiel de L\u2019Annuel de l\u2019automobile sur annuelauto.ca.","sameAs":["https:\/\/annuelauto.ca\/"],"url":"https:\/\/news.canadamotorjobs.com\/fr\/author\/benoit-charette\/"}]}},"_links":{"self":[{"href":"https:\/\/news.canadamotorjobs.com\/fr\/wp-json\/wp\/v2\/posts\/155791"}],"collection":[{"href":"https:\/\/news.canadamotorjobs.com\/fr\/wp-json\/wp\/v2\/posts"}],"about":[{"href":"https:\/\/news.canadamotorjobs.com\/fr\/wp-json\/wp\/v2\/types\/post"}],"author":[{"embeddable":true,"href":"https:\/\/news.canadamotorjobs.com\/fr\/wp-json\/wp\/v2\/users\/8"}],"replies":[{"embeddable":true,"href":"https:\/\/news.canadamotorjobs.com\/fr\/wp-json\/wp\/v2\/comments?post=155791"}],"version-history":[{"count":2,"href":"https:\/\/news.canadamotorjobs.com\/fr\/wp-json\/wp\/v2\/posts\/155791\/revisions"}],"predecessor-version":[{"id":155795,"href":"https:\/\/news.canadamotorjobs.com\/fr\/wp-json\/wp\/v2\/posts\/155791\/revisions\/155795"}],"wp:featuredmedia":[{"embeddable":true,"href":"https:\/\/news.canadamotorjobs.com\/fr\/wp-json\/wp\/v2\/media\/155793"}],"wp:attachment":[{"href":"https:\/\/news.canadamotorjobs.com\/fr\/wp-json\/wp\/v2\/media?parent=155791"}],"wp:term":[{"taxonomy":"category","embeddable":true,"href":"https:\/\/news.canadamotorjobs.com\/fr\/wp-json\/wp\/v2\/categories?post=155791"},{"taxonomy":"post_tag","embeddable":true,"href":"https:\/\/news.canadamotorjobs.com\/fr\/wp-json\/wp\/v2\/tags?post=155791"}],"curies":[{"name":"wp","href":"https:\/\/api.w.org\/{rel}","templated":true}]}}