{"id":155768,"date":"2023-12-20T07:50:41","date_gmt":"2023-12-20T12:50:41","guid":{"rendered":"https:\/\/news.canadamotorjobs.com\/?p=155768"},"modified":"2023-12-20T07:59:31","modified_gmt":"2023-12-20T12:59:31","slug":"les-marques-volkswagen-audi-porsche-et-scout-vont-adopter-la-norme-nacs-pour-la-recharge","status":"publish","type":"post","link":"https:\/\/news.canadamotorjobs.com\/fr\/les-marques-volkswagen-audi-porsche-et-scout-vont-adopter-la-norme-nacs-pour-la-recharge\/","title":{"rendered":"Les marques Volkswagen, Audi, Porsche et Scout vont adopter la norme NACS pour la recharge"},"content":{"rendered":"<\/p>\n<ul><\/p>\n<li>\n<h3>Les futurs v\u00e9hicules \u00e9lectriques de Volkswagen, Audi, Porsche et Scout utiliseront le port de charge de la norme de charge nord-am\u00e9ricaine (NACS) \u00e0 partir de 2025.<\/h3>\n<p>\n<\/li>\n<p><\/p>\n<li>\n<h3>Volkswagen, Porsche et Audi envisagent des solutions d&#8217;adaptateur pour permettre aux v\u00e9hicules existants d&#8217;acc\u00e9der au r\u00e9seau de chargeurs Tesla Supercharger \u00e0 partir de 2025.<\/h3>\n<p>\n<\/li>\n<p><\/p>\n<li>\n<h3>Les clients de Scout Motors pourront acc\u00e9der au r\u00e9seau Tesla une fois que ses v\u00e9hicules seront en vente.<\/h3>\n<p>\n<\/li>\n<p><\/p>\n<li>\n<h3>Accord visant \u00e0 \u00e9tendre l&#8217;acc\u00e8s des clients \u00e0 plus de 15 000 Superchargeurs.<\/h3>\n<p>\n<\/li>\n<p>\n<\/ul>\n<p>\nVolkswagen, Audi, Porsche et Scout Motors ont annonc\u00e9 hier leur intention de mettre en \u0153uvre la norme de charge nord-am\u00e9ricaine (NACS) pour leurs futurs produits en Am\u00e9rique du Nord, \u00e0 partir de 2025. Pour permettre aux clients existants dot\u00e9s d&#8217;un port de charge Combined Charging System (CCS) d&#8217;acc\u00e9der au r\u00e9seau Tesla Supercharger \u2014 ce qui \u00e9largirait consid\u00e9rablement le choix de fournisseurs de charge \u2014 les marques envisagent des solutions d&#8217;adaptateur pour les v\u00e9hicules existants. Cela a le potentiel d&#8217;\u00e9tendre l&#8217;acc\u00e8s des clients \u00e0 plus de 15 000 Superchargeurs. Ceci s&#8217;ajoute aux plus de 3 800 bornes de charge rapide DC actuellement en service chez Electrify America et Electrify Canada.<\/p>\n<p>Electrify America a d\u00e9j\u00e0 annonc\u00e9 son intention de proposer le connecteur NACS dans ses stations de charge d&#8217;ici 2025 en Am\u00e9rique du Nord, tout en continuant \u00e0 soutenir le CCS.<\/p>\n<p>Le groupe Volkswagen reste engag\u00e9 \u00e0 am\u00e9liorer l&#8217;exp\u00e9rience de charge gr\u00e2ce \u00e0 des normes ouvertes et \u00e0 l&#8217;interop\u00e9rabilit\u00e9.<\/p>\n<p>Les d\u00e9tails de l&#8217;int\u00e9gration pr\u00e9vue de la norme de charge nord-am\u00e9ricaine Tesla dans des mod\u00e8les sp\u00e9cifiques seront communiqu\u00e9s \u00e0 mesure que la date de lancement de 2025 approche.<\/p>\n<p>\u00a0<\/p>\n<p>Source\u00a0: Volkswagen<\/p>\n<p>\u00a0<\/p>\n<p>Le texte <a rel=\"nofollow\" href=\"https:\/\/annuelauto.ca\/les-marques-volkswagen-audi-porsche-et-scout-vont-adopter-la-norme-nacs-pour-la-recharge\/\">Les marques Volkswagen, Audi, Porsche et Scout vont adopter la norme NACS pour la recharge<\/a> provient de <a rel=\"nofollow\" href=\"https:\/\/annuelauto.ca\">L&#8217;annuel de l&#8217;automobile &#8211; Actualit\u00e9 automobile<\/a><\/p>\n<p><\/p>\n","protected":false},"excerpt":{"rendered":"<p>Les futurs v\u00e9hicules \u00e9lectriques de Volkswagen, Audi, Porsche et Scout utiliseront le port de charge de la norme de charge nord-am\u00e9ricaine (NACS) \u00e0 partir de 2025. Volkswagen, Porsche et Audi envisagent des solutions d&#8217;adaptateur pour permettre aux v\u00e9hicules existants d&#8217;acc\u00e9der au r\u00e9seau de chargeurs Tesla Supercharger \u00e0 partir de 2025. Les clients de Scout Motors [&hellip;]<\/p>\n","protected":false},"author":8,"featured_media":155770,"comment_status":"close","ping_status":"closed","sticky":false,"template":"","format":"standard","meta":{"_monsterinsights_skip_tracking":false,"_monsterinsights_sitenote_active":false,"_monsterinsights_sitenote_note":"","_monsterinsights_sitenote_category":0,"footnotes":""},"categories":[101],"tags":[],"yoast_head":"<!-- This site is optimized with the Yoast SEO plugin v23.2 - https:\/\/yoast.com\/wordpress\/plugins\/seo\/ -->\n<title>Les marques Volkswagen, Audi, Porsche et Scout vont adopter la norme NACS pour la recharge - CanadaMotorJobs.com<\/title>\n<meta name=\"description\" content=\"Les marques Volkswagen, Audi, Porsche et Scout vont adopter la norme NACS pour la recharge - Benoit Charette - Annuel automobile - CanadaMotorJobs.com.\" \/>\n<meta name=\"robots\" content=\"index, follow, max-snippet:-1, max-image-preview:large, max-video-preview:-1\" \/>\n<meta property=\"og:locale\" content=\"fr_CA\" \/>\n<meta property=\"og:type\" content=\"article\" \/>\n<meta property=\"og:title\" content=\"Les marques Volkswagen, Audi, Porsche et Scout vont adopter la norme NACS pour la recharge - CanadaMotorJobs.com\" \/>\n<meta property=\"og:description\" content=\"Les marques Volkswagen, Audi, Porsche et Scout vont adopter la norme NACS pour la recharge - Benoit Charette - Annuel automobile - CanadaMotorJobs.com.\" \/>\n<meta property=\"og:url\" content=\"https:\/\/news.canadamotorjobs.com\/fr\/les-marques-volkswagen-audi-porsche-et-scout-vont-adopter-la-norme-nacs-pour-la-recharge\/\" \/>\n<meta property=\"og:site_name\" content=\"CanadaMotorJobs.com\" \/>\n<meta property=\"article:publisher\" content=\"https:\/\/www.facebook.com\/canadamotorjobs\/\" \/>\n<meta property=\"article:published_time\" content=\"2023-12-20T12:50:41+00:00\" \/>\n<meta property=\"article:modified_time\" content=\"2023-12-20T12:59:31+00:00\" \/>\n<meta property=\"og:image\" content=\"https:\/\/news.canadamotorjobs.com\/wp-content\/uploads\/2023\/12\/Large-16568-VolkswagenEVs.jpg\" \/>\n\t<meta property=\"og:image:width\" content=\"1062\" \/>\n\t<meta property=\"og:image:height\" content=\"597\" \/>\n\t<meta property=\"og:image:type\" content=\"image\/jpeg\" \/>\n<meta name=\"author\" content=\"Benoit Charette\" \/>\n<meta name=\"twitter:card\" content=\"summary_large_image\" \/>\n<meta name=\"twitter:creator\" content=\"@canadamotorjobs\" \/>\n<meta name=\"twitter:site\" content=\"@canadamotorjobs\" \/>\n<meta name=\"twitter:label1\" content=\"\u00c9crit par\" \/>\n\t<meta name=\"twitter:data1\" content=\"Benoit Charette\" \/>\n\t<meta name=\"twitter:label2\" content=\"Estimation du temps de lecture\" \/>\n\t<meta name=\"twitter:data2\" content=\"2 minutes\" \/>\n<!-- \/ Yoast SEO plugin. -->","yoast_head_json":{"title":"Les marques Volkswagen, Audi, Porsche et Scout vont adopter la norme NACS pour la recharge - CanadaMotorJobs.com","description":"Les marques Volkswagen, Audi, Porsche et Scout vont adopter la norme NACS pour la recharge - Benoit Charette - Annuel automobile - CanadaMotorJobs.com.","robots":{"index":"index","follow":"follow","max-snippet":"max-snippet:-1","max-image-preview":"max-image-preview:large","max-video-preview":"max-video-preview:-1"},"og_locale":"fr_CA","og_type":"article","og_title":"Les marques Volkswagen, Audi, Porsche et Scout vont adopter la norme NACS pour la recharge - CanadaMotorJobs.com","og_description":"Les marques Volkswagen, Audi, Porsche et Scout vont adopter la norme NACS pour la recharge - Benoit Charette - Annuel automobile - CanadaMotorJobs.com.","og_url":"https:\/\/news.canadamotorjobs.com\/fr\/les-marques-volkswagen-audi-porsche-et-scout-vont-adopter-la-norme-nacs-pour-la-recharge\/","og_site_name":"CanadaMotorJobs.com","article_publisher":"https:\/\/www.facebook.com\/canadamotorjobs\/","article_published_time":"2023-12-20T12:50:41+00:00","article_modified_time":"2023-12-20T12:59:31+00:00","og_image":[{"width":1062,"height":597,"url":"https:\/\/news.canadamotorjobs.com\/wp-content\/uploads\/2023\/12\/Large-16568-VolkswagenEVs.jpg","type":"image\/jpeg"}],"author":"Benoit Charette","twitter_card":"summary_large_image","twitter_creator":"@canadamotorjobs","twitter_site":"@canadamotorjobs","twitter_misc":{"\u00c9crit par":"Benoit Charette","Estimation du temps de lecture":"2 minutes"},"schema":{"@context":"https:\/\/schema.org","@graph":[{"@type":"Article","@id":"https:\/\/news.canadamotorjobs.com\/fr\/les-marques-volkswagen-audi-porsche-et-scout-vont-adopter-la-norme-nacs-pour-la-recharge\/#article","isPartOf":{"@id":"https:\/\/news.canadamotorjobs.com\/fr\/les-marques-volkswagen-audi-porsche-et-scout-vont-adopter-la-norme-nacs-pour-la-recharge\/"},"author":{"name":"Benoit Charette","@id":"https:\/\/news.canadamotorjobs.com\/#\/schema\/person\/51793d1f87d44011d7bcc2ed99269a90"},"headline":"Les marques Volkswagen, Audi, Porsche et Scout vont adopter la norme NACS pour la recharge","datePublished":"2023-12-20T12:50:41+00:00","dateModified":"2023-12-20T12:59:31+00:00","mainEntityOfPage":{"@id":"https:\/\/news.canadamotorjobs.com\/fr\/les-marques-volkswagen-audi-porsche-et-scout-vont-adopter-la-norme-nacs-pour-la-recharge\/"},"wordCount":329,"publisher":{"@id":"https:\/\/news.canadamotorjobs.com\/#organization"},"image":{"@id":"https:\/\/news.canadamotorjobs.com\/fr\/les-marques-volkswagen-audi-porsche-et-scout-vont-adopter-la-norme-nacs-pour-la-recharge\/#primaryimage"},"thumbnailUrl":"https:\/\/news.canadamotorjobs.com\/wp-content\/uploads\/2023\/12\/Large-16568-VolkswagenEVs.jpg","articleSection":["Annuel automobile"],"inLanguage":"fr-CA"},{"@type":"WebPage","@id":"https:\/\/news.canadamotorjobs.com\/fr\/les-marques-volkswagen-audi-porsche-et-scout-vont-adopter-la-norme-nacs-pour-la-recharge\/","url":"https:\/\/news.canadamotorjobs.com\/fr\/les-marques-volkswagen-audi-porsche-et-scout-vont-adopter-la-norme-nacs-pour-la-recharge\/","name":"Les marques Volkswagen, Audi, Porsche et Scout vont adopter la norme NACS pour la recharge - CanadaMotorJobs.com","isPartOf":{"@id":"https:\/\/news.canadamotorjobs.com\/#website"},"primaryImageOfPage":{"@id":"https:\/\/news.canadamotorjobs.com\/fr\/les-marques-volkswagen-audi-porsche-et-scout-vont-adopter-la-norme-nacs-pour-la-recharge\/#primaryimage"},"image":{"@id":"https:\/\/news.canadamotorjobs.com\/fr\/les-marques-volkswagen-audi-porsche-et-scout-vont-adopter-la-norme-nacs-pour-la-recharge\/#primaryimage"},"thumbnailUrl":"https:\/\/news.canadamotorjobs.com\/wp-content\/uploads\/2023\/12\/Large-16568-VolkswagenEVs.jpg","datePublished":"2023-12-20T12:50:41+00:00","dateModified":"2023-12-20T12:59:31+00:00","description":"Les marques Volkswagen, Audi, Porsche et Scout vont adopter la norme NACS pour la recharge - Benoit Charette - Annuel automobile - CanadaMotorJobs.com.","breadcrumb":{"@id":"https:\/\/news.canadamotorjobs.com\/fr\/les-marques-volkswagen-audi-porsche-et-scout-vont-adopter-la-norme-nacs-pour-la-recharge\/#breadcrumb"},"inLanguage":"fr-CA","potentialAction":[{"@type":"ReadAction","target":["https:\/\/news.canadamotorjobs.com\/fr\/les-marques-volkswagen-audi-porsche-et-scout-vont-adopter-la-norme-nacs-pour-la-recharge\/"]}]},{"@type":"ImageObject","inLanguage":"fr-CA","@id":"https:\/\/news.canadamotorjobs.com\/fr\/les-marques-volkswagen-audi-porsche-et-scout-vont-adopter-la-norme-nacs-pour-la-recharge\/#primaryimage","url":"https:\/\/news.canadamotorjobs.com\/wp-content\/uploads\/2023\/12\/Large-16568-VolkswagenEVs.jpg","contentUrl":"https:\/\/news.canadamotorjobs.com\/wp-content\/uploads\/2023\/12\/Large-16568-VolkswagenEVs.jpg","width":1062,"height":597},{"@type":"BreadcrumbList","@id":"https:\/\/news.canadamotorjobs.com\/fr\/les-marques-volkswagen-audi-porsche-et-scout-vont-adopter-la-norme-nacs-pour-la-recharge\/#breadcrumb","itemListElement":[{"@type":"ListItem","position":1,"name":"Home","item":"https:\/\/news.canadamotorjobs.com\/fr\/blog\/"},{"@type":"ListItem","position":2,"name":"Les marques Volkswagen, Audi, Porsche et Scout vont adopter la norme NACS pour la recharge"}]},{"@type":"WebSite","@id":"https:\/\/news.canadamotorjobs.com\/#website","url":"https:\/\/news.canadamotorjobs.com\/","name":"CanadaMotorJobs.com","description":"Automotive Jobs","publisher":{"@id":"https:\/\/news.canadamotorjobs.com\/#organization"},"potentialAction":[{"@type":"SearchAction","target":{"@type":"EntryPoint","urlTemplate":"https:\/\/news.canadamotorjobs.com\/?s={search_term_string}"},"query-input":"required name=search_term_string"}],"inLanguage":"fr-CA"},{"@type":"Organization","@id":"https:\/\/news.canadamotorjobs.com\/#organization","name":"Canada Motor Jobs","url":"https:\/\/news.canadamotorjobs.com\/","logo":{"@type":"ImageObject","inLanguage":"fr-CA","@id":"https:\/\/news.canadamotorjobs.com\/#\/schema\/logo\/image\/","url":"https:\/\/news.canadamotorjobs.com\/wp-content\/uploads\/2022\/10\/logo-canada-motor-jobs-1.png","contentUrl":"https:\/\/news.canadamotorjobs.com\/wp-content\/uploads\/2022\/10\/logo-canada-motor-jobs-1.png","width":800,"height":400,"caption":"Canada Motor Jobs"},"image":{"@id":"https:\/\/news.canadamotorjobs.com\/#\/schema\/logo\/image\/"},"sameAs":["https:\/\/www.facebook.com\/canadamotorjobs\/","https:\/\/x.com\/canadamotorjobs","https:\/\/www.instagram.com\/canadamotorjobs\/","https:\/\/www.linkedin.com\/company\/canadamotorjobs"]},{"@type":"Person","@id":"https:\/\/news.canadamotorjobs.com\/#\/schema\/person\/51793d1f87d44011d7bcc2ed99269a90","name":"Benoit Charette","image":{"@type":"ImageObject","inLanguage":"fr-CA","@id":"https:\/\/news.canadamotorjobs.com\/#\/schema\/person\/image\/","url":"https:\/\/secure.gravatar.com\/avatar\/45f3d2eebcccd909668d7ce7ea7267b6?s=96&d=mm&r=g","contentUrl":"https:\/\/secure.gravatar.com\/avatar\/45f3d2eebcccd909668d7ce7ea7267b6?s=96&d=mm&r=g","caption":"Benoit Charette"},"description":"Benoit Charette \/ Propri\u00e9taire et r\u00e9dacteur en chef Benoit Charette pratique le journalisme automobile depuis bient\u00f4t 30 ans. Il a fait ses classes au c\u00f4t\u00e9 de Daniel H\u00e9raud et au Carnet de route de 1992 \u00e0 2001. Il est fondateur, copropri\u00e9taire et r\u00e9dacteur en chef de L\u2019Annuel de l\u2019automobile, qu\u2019il publie depuis 2001. Il a anim\u00e9 les \u00e9missions RPM et RPM+ sur V et les L\u00e9gendes de la route sur Historia. \u00c0 la radio depuis 1986, il reprend l\u2019antenne cette ann\u00e9e sur les ondes de Cogeco et participe pour la deuxi\u00e8me ann\u00e9e \u00e0 l\u2019\u00e9mission Passion Auto sur RDS en plus de mettre en ligne le site Web officiel de L\u2019Annuel de l\u2019automobile sur annuelauto.ca.","sameAs":["https:\/\/annuelauto.ca\/"],"url":"https:\/\/news.canadamotorjobs.com\/fr\/author\/benoit-charette\/"}]}},"_links":{"self":[{"href":"https:\/\/news.canadamotorjobs.com\/fr\/wp-json\/wp\/v2\/posts\/155768"}],"collection":[{"href":"https:\/\/news.canadamotorjobs.com\/fr\/wp-json\/wp\/v2\/posts"}],"about":[{"href":"https:\/\/news.canadamotorjobs.com\/fr\/wp-json\/wp\/v2\/types\/post"}],"author":[{"embeddable":true,"href":"https:\/\/news.canadamotorjobs.com\/fr\/wp-json\/wp\/v2\/users\/8"}],"replies":[{"embeddable":true,"href":"https:\/\/news.canadamotorjobs.com\/fr\/wp-json\/wp\/v2\/comments?post=155768"}],"version-history":[{"count":2,"href":"https:\/\/news.canadamotorjobs.com\/fr\/wp-json\/wp\/v2\/posts\/155768\/revisions"}],"predecessor-version":[{"id":155772,"href":"https:\/\/news.canadamotorjobs.com\/fr\/wp-json\/wp\/v2\/posts\/155768\/revisions\/155772"}],"wp:featuredmedia":[{"embeddable":true,"href":"https:\/\/news.canadamotorjobs.com\/fr\/wp-json\/wp\/v2\/media\/155770"}],"wp:attachment":[{"href":"https:\/\/news.canadamotorjobs.com\/fr\/wp-json\/wp\/v2\/media?parent=155768"}],"wp:term":[{"taxonomy":"category","embeddable":true,"href":"https:\/\/news.canadamotorjobs.com\/fr\/wp-json\/wp\/v2\/categories?post=155768"},{"taxonomy":"post_tag","embeddable":true,"href":"https:\/\/news.canadamotorjobs.com\/fr\/wp-json\/wp\/v2\/tags?post=155768"}],"curies":[{"name":"wp","href":"https:\/\/api.w.org\/{rel}","templated":true}]}}