{"id":155741,"date":"2023-12-20T07:27:05","date_gmt":"2023-12-20T12:27:05","guid":{"rendered":"https:\/\/news.canadamotorjobs.com\/?p=155741"},"modified":"2023-12-20T07:30:29","modified_gmt":"2023-12-20T12:30:29","slug":"kia-canada-retarde-deliberement-la-livraison-des-vehicules-aux-clients","status":"publish","type":"post","link":"https:\/\/news.canadamotorjobs.com\/fr\/kia-canada-retarde-deliberement-la-livraison-des-vehicules-aux-clients\/","title":{"rendered":"Kia Canada retarde d\u00e9lib\u00e9r\u00e9ment la livraison des v\u00e9hicules aux clients"},"content":{"rendered":"<\/p>\n<p>Des nouvelles voitures sont retenues dans les concessions de Kia en Ontario, et apparemment dans de nombreuses autres \u00e0 travers le pays, dans le cadre d&#8217;un plan visant \u00e0 manipuler le nombre de ventes au cours des six derni\u00e8res semaines de l&#8217;ann\u00e9e. Les v\u00e9hicules sont apparemment stock\u00e9s dans un entrep\u00f4t \u00e0 Wolverton, en Ontario, \u00e0 environ 75 miles au sud-ouest de Toronto.<\/p>\n<h3>Une enqu\u00eate men\u00e9e par CBC<\/h3>\n<p>\nLa branche d&#8217;investigation de CBC, Go Public, a obtenu une vid\u00e9o dans laquelle un gestionnaire r\u00e9gional de Kia explique le stratag\u00e8me \u2014 pr\u00e9tendument transmis par les hauts dirigeants de Kia \u2014 \u00e0 plus de 100 repr\u00e9sentants de concessions en Ontario lors d&#8217;un appel vid\u00e9o le 17 novembre. &#8220;Vous allez tous \u00eatre tr\u00e8s m\u00e9contents de moi aujourd&#8217;hui&#8221;, a d\u00e9clar\u00e9 Vince Capicotto, directeur de la r\u00e9gion centrale de Kia, en exposant le plan, qu&#8217;il a dit \u00eatre d\u00e9ploy\u00e9 \u00e0 l&#8217;\u00e9chelle nationale.<\/p>\n<h3>On fait attendre les clients pour rien<\/h3>\n<p>\nAu lieu d&#8217;envoyer tous les v\u00e9hicules aux concessions, Capicotto a inform\u00e9 les concessionnaires que seuls certains seraient livr\u00e9s \u2014 le reste restera dans les entrep\u00f4ts jusqu&#8217;au nouvel an. Il n&#8217;est pas clair si tous les v\u00e9hicules non livr\u00e9s sont vendus. Capicotto a sugg\u00e9r\u00e9 aux concessionnaires de dire aux clients que les retards \u00e9taient dus \u00e0 des &#8220;probl\u00e8mes de livraison et de logistique&#8221;, selon CBC. La raison, a-t-il d\u00e9clar\u00e9 lors de l&#8217;appel, est d&#8217;\u00e9viter de para\u00eetre trop bien aux yeux du si\u00e8ge social en Cor\u00e9e, selon le rapport.<\/p>\n<h3>Ne pas d\u00e9passer les objectifs<\/h3>\n<p>\nCapicotto a d\u00e9clar\u00e9 que Kia Canada avait atteint son objectif de vendre 84 000 v\u00e9hicules pour 2023. Il a dit qu&#8217;il y avait une inqui\u00e9tude que si les ventes continuaient \u00e0 bien se passer, le si\u00e8ge social d\u00e9ciderait que le Canada n&#8217;avait pas besoin de soutien marketing pour la nouvelle ann\u00e9e et r\u00e9duirait cela. Un porte-parole de Kia Canada a d\u00e9clar\u00e9 \u00e0 CBC qu&#8217;il ne commenterait pas les &#8220;questions commerciales internes confidentielles&#8221;, y compris si les informations \u00e9taient exactes.<\/p>\n<p>Avec des renseignements d&#8217;Automotive News Canada<\/p>\n<p>Le texte <a rel=\"nofollow\" href=\"https:\/\/annuelauto.ca\/kia-canada-retarde-deliberement-la-livraison-des-vehicules-aux-clients\/\">Kia Canada retarde d\u00e9lib\u00e9r\u00e9ment la livraison des v\u00e9hicules aux clients<\/a> provient de <a rel=\"nofollow\" href=\"https:\/\/annuelauto.ca\">L&#8217;annuel de l&#8217;automobile &#8211; Actualit\u00e9 automobile<\/a><\/p>\n<p><\/p>\n","protected":false},"excerpt":{"rendered":"<p>Des nouvelles voitures sont retenues dans les concessions de Kia en Ontario, et apparemment dans de nombreuses autres \u00e0 travers le pays, dans le cadre d&#8217;un plan visant \u00e0 manipuler le nombre de ventes au cours des six derni\u00e8res semaines de l&#8217;ann\u00e9e. Les v\u00e9hicules sont apparemment stock\u00e9s dans un entrep\u00f4t \u00e0 Wolverton, en Ontario, \u00e0 [&hellip;]<\/p>\n","protected":false},"author":8,"featured_media":155743,"comment_status":"close","ping_status":"closed","sticky":false,"template":"","format":"standard","meta":{"_monsterinsights_skip_tracking":false,"_monsterinsights_sitenote_active":false,"_monsterinsights_sitenote_note":"","_monsterinsights_sitenote_category":0,"footnotes":""},"categories":[101],"tags":[],"yoast_head":"<!-- This site is optimized with the Yoast SEO plugin v23.2 - https:\/\/yoast.com\/wordpress\/plugins\/seo\/ -->\n<title>Kia Canada retarde d\u00e9lib\u00e9r\u00e9ment la livraison des v\u00e9hicules aux clients - CanadaMotorJobs.com<\/title>\n<meta name=\"description\" content=\"Kia Canada retarde d\u00e9lib\u00e9r\u00e9ment la livraison des v\u00e9hicules aux clients - Benoit Charette - Annuel automobile - CanadaMotorJobs.com.\" \/>\n<meta name=\"robots\" content=\"index, follow, max-snippet:-1, max-image-preview:large, max-video-preview:-1\" \/>\n<meta property=\"og:locale\" content=\"fr_CA\" \/>\n<meta property=\"og:type\" content=\"article\" \/>\n<meta property=\"og:title\" content=\"Kia Canada retarde d\u00e9lib\u00e9r\u00e9ment la livraison des v\u00e9hicules aux clients - CanadaMotorJobs.com\" \/>\n<meta property=\"og:description\" content=\"Kia Canada retarde d\u00e9lib\u00e9r\u00e9ment la livraison des v\u00e9hicules aux clients - Benoit Charette - Annuel automobile - CanadaMotorJobs.com.\" \/>\n<meta property=\"og:url\" content=\"https:\/\/news.canadamotorjobs.com\/fr\/kia-canada-retarde-deliberement-la-livraison-des-vehicules-aux-clients\/\" \/>\n<meta property=\"og:site_name\" content=\"CanadaMotorJobs.com\" \/>\n<meta property=\"article:publisher\" content=\"https:\/\/www.facebook.com\/canadamotorjobs\/\" \/>\n<meta property=\"article:published_time\" content=\"2023-12-20T12:27:05+00:00\" \/>\n<meta property=\"article:modified_time\" content=\"2023-12-20T12:30:29+00:00\" \/>\n<meta property=\"og:image\" content=\"https:\/\/news.canadamotorjobs.com\/wp-content\/uploads\/2023\/12\/performance-kia.jpg\" \/>\n\t<meta property=\"og:image:width\" content=\"2000\" \/>\n\t<meta property=\"og:image:height\" content=\"1127\" \/>\n\t<meta property=\"og:image:type\" content=\"image\/jpeg\" \/>\n<meta name=\"author\" content=\"Benoit Charette\" \/>\n<meta name=\"twitter:card\" content=\"summary_large_image\" \/>\n<meta name=\"twitter:creator\" content=\"@canadamotorjobs\" \/>\n<meta name=\"twitter:site\" content=\"@canadamotorjobs\" \/>\n<meta name=\"twitter:label1\" content=\"\u00c9crit par\" \/>\n\t<meta name=\"twitter:data1\" content=\"Benoit Charette\" \/>\n\t<meta name=\"twitter:label2\" content=\"Estimation du temps de lecture\" \/>\n\t<meta name=\"twitter:data2\" content=\"2 minutes\" \/>\n<!-- \/ Yoast SEO plugin. -->","yoast_head_json":{"title":"Kia Canada retarde d\u00e9lib\u00e9r\u00e9ment la livraison des v\u00e9hicules aux clients - CanadaMotorJobs.com","description":"Kia Canada retarde d\u00e9lib\u00e9r\u00e9ment la livraison des v\u00e9hicules aux clients - Benoit Charette - Annuel automobile - CanadaMotorJobs.com.","robots":{"index":"index","follow":"follow","max-snippet":"max-snippet:-1","max-image-preview":"max-image-preview:large","max-video-preview":"max-video-preview:-1"},"og_locale":"fr_CA","og_type":"article","og_title":"Kia Canada retarde d\u00e9lib\u00e9r\u00e9ment la livraison des v\u00e9hicules aux clients - CanadaMotorJobs.com","og_description":"Kia Canada retarde d\u00e9lib\u00e9r\u00e9ment la livraison des v\u00e9hicules aux clients - Benoit Charette - Annuel automobile - CanadaMotorJobs.com.","og_url":"https:\/\/news.canadamotorjobs.com\/fr\/kia-canada-retarde-deliberement-la-livraison-des-vehicules-aux-clients\/","og_site_name":"CanadaMotorJobs.com","article_publisher":"https:\/\/www.facebook.com\/canadamotorjobs\/","article_published_time":"2023-12-20T12:27:05+00:00","article_modified_time":"2023-12-20T12:30:29+00:00","og_image":[{"width":2000,"height":1127,"url":"https:\/\/news.canadamotorjobs.com\/wp-content\/uploads\/2023\/12\/performance-kia.jpg","type":"image\/jpeg"}],"author":"Benoit Charette","twitter_card":"summary_large_image","twitter_creator":"@canadamotorjobs","twitter_site":"@canadamotorjobs","twitter_misc":{"\u00c9crit par":"Benoit Charette","Estimation du temps de lecture":"2 minutes"},"schema":{"@context":"https:\/\/schema.org","@graph":[{"@type":"Article","@id":"https:\/\/news.canadamotorjobs.com\/fr\/kia-canada-retarde-deliberement-la-livraison-des-vehicules-aux-clients\/#article","isPartOf":{"@id":"https:\/\/news.canadamotorjobs.com\/fr\/kia-canada-retarde-deliberement-la-livraison-des-vehicules-aux-clients\/"},"author":{"name":"Benoit Charette","@id":"https:\/\/news.canadamotorjobs.com\/#\/schema\/person\/51793d1f87d44011d7bcc2ed99269a90"},"headline":"Kia Canada retarde d\u00e9lib\u00e9r\u00e9ment la livraison des v\u00e9hicules aux clients","datePublished":"2023-12-20T12:27:05+00:00","dateModified":"2023-12-20T12:30:29+00:00","mainEntityOfPage":{"@id":"https:\/\/news.canadamotorjobs.com\/fr\/kia-canada-retarde-deliberement-la-livraison-des-vehicules-aux-clients\/"},"wordCount":405,"publisher":{"@id":"https:\/\/news.canadamotorjobs.com\/#organization"},"image":{"@id":"https:\/\/news.canadamotorjobs.com\/fr\/kia-canada-retarde-deliberement-la-livraison-des-vehicules-aux-clients\/#primaryimage"},"thumbnailUrl":"https:\/\/news.canadamotorjobs.com\/wp-content\/uploads\/2023\/12\/performance-kia.jpg","articleSection":["Annuel automobile"],"inLanguage":"fr-CA"},{"@type":"WebPage","@id":"https:\/\/news.canadamotorjobs.com\/fr\/kia-canada-retarde-deliberement-la-livraison-des-vehicules-aux-clients\/","url":"https:\/\/news.canadamotorjobs.com\/fr\/kia-canada-retarde-deliberement-la-livraison-des-vehicules-aux-clients\/","name":"Kia Canada retarde d\u00e9lib\u00e9r\u00e9ment la livraison des v\u00e9hicules aux clients - CanadaMotorJobs.com","isPartOf":{"@id":"https:\/\/news.canadamotorjobs.com\/#website"},"primaryImageOfPage":{"@id":"https:\/\/news.canadamotorjobs.com\/fr\/kia-canada-retarde-deliberement-la-livraison-des-vehicules-aux-clients\/#primaryimage"},"image":{"@id":"https:\/\/news.canadamotorjobs.com\/fr\/kia-canada-retarde-deliberement-la-livraison-des-vehicules-aux-clients\/#primaryimage"},"thumbnailUrl":"https:\/\/news.canadamotorjobs.com\/wp-content\/uploads\/2023\/12\/performance-kia.jpg","datePublished":"2023-12-20T12:27:05+00:00","dateModified":"2023-12-20T12:30:29+00:00","description":"Kia Canada retarde d\u00e9lib\u00e9r\u00e9ment la livraison des v\u00e9hicules aux clients - Benoit Charette - Annuel automobile - CanadaMotorJobs.com.","breadcrumb":{"@id":"https:\/\/news.canadamotorjobs.com\/fr\/kia-canada-retarde-deliberement-la-livraison-des-vehicules-aux-clients\/#breadcrumb"},"inLanguage":"fr-CA","potentialAction":[{"@type":"ReadAction","target":["https:\/\/news.canadamotorjobs.com\/fr\/kia-canada-retarde-deliberement-la-livraison-des-vehicules-aux-clients\/"]}]},{"@type":"ImageObject","inLanguage":"fr-CA","@id":"https:\/\/news.canadamotorjobs.com\/fr\/kia-canada-retarde-deliberement-la-livraison-des-vehicules-aux-clients\/#primaryimage","url":"https:\/\/news.canadamotorjobs.com\/wp-content\/uploads\/2023\/12\/performance-kia.jpg","contentUrl":"https:\/\/news.canadamotorjobs.com\/wp-content\/uploads\/2023\/12\/performance-kia.jpg","width":2000,"height":1127},{"@type":"BreadcrumbList","@id":"https:\/\/news.canadamotorjobs.com\/fr\/kia-canada-retarde-deliberement-la-livraison-des-vehicules-aux-clients\/#breadcrumb","itemListElement":[{"@type":"ListItem","position":1,"name":"Home","item":"https:\/\/news.canadamotorjobs.com\/fr\/blog\/"},{"@type":"ListItem","position":2,"name":"Kia Canada retarde d\u00e9lib\u00e9r\u00e9ment la livraison des v\u00e9hicules aux clients"}]},{"@type":"WebSite","@id":"https:\/\/news.canadamotorjobs.com\/#website","url":"https:\/\/news.canadamotorjobs.com\/","name":"CanadaMotorJobs.com","description":"Automotive Jobs","publisher":{"@id":"https:\/\/news.canadamotorjobs.com\/#organization"},"potentialAction":[{"@type":"SearchAction","target":{"@type":"EntryPoint","urlTemplate":"https:\/\/news.canadamotorjobs.com\/?s={search_term_string}"},"query-input":"required name=search_term_string"}],"inLanguage":"fr-CA"},{"@type":"Organization","@id":"https:\/\/news.canadamotorjobs.com\/#organization","name":"Canada Motor Jobs","url":"https:\/\/news.canadamotorjobs.com\/","logo":{"@type":"ImageObject","inLanguage":"fr-CA","@id":"https:\/\/news.canadamotorjobs.com\/#\/schema\/logo\/image\/","url":"https:\/\/news.canadamotorjobs.com\/wp-content\/uploads\/2022\/10\/logo-canada-motor-jobs-1.png","contentUrl":"https:\/\/news.canadamotorjobs.com\/wp-content\/uploads\/2022\/10\/logo-canada-motor-jobs-1.png","width":800,"height":400,"caption":"Canada Motor Jobs"},"image":{"@id":"https:\/\/news.canadamotorjobs.com\/#\/schema\/logo\/image\/"},"sameAs":["https:\/\/www.facebook.com\/canadamotorjobs\/","https:\/\/x.com\/canadamotorjobs","https:\/\/www.instagram.com\/canadamotorjobs\/","https:\/\/www.linkedin.com\/company\/canadamotorjobs"]},{"@type":"Person","@id":"https:\/\/news.canadamotorjobs.com\/#\/schema\/person\/51793d1f87d44011d7bcc2ed99269a90","name":"Benoit Charette","image":{"@type":"ImageObject","inLanguage":"fr-CA","@id":"https:\/\/news.canadamotorjobs.com\/#\/schema\/person\/image\/","url":"https:\/\/secure.gravatar.com\/avatar\/45f3d2eebcccd909668d7ce7ea7267b6?s=96&d=mm&r=g","contentUrl":"https:\/\/secure.gravatar.com\/avatar\/45f3d2eebcccd909668d7ce7ea7267b6?s=96&d=mm&r=g","caption":"Benoit Charette"},"description":"Benoit Charette \/ Propri\u00e9taire et r\u00e9dacteur en chef Benoit Charette pratique le journalisme automobile depuis bient\u00f4t 30 ans. Il a fait ses classes au c\u00f4t\u00e9 de Daniel H\u00e9raud et au Carnet de route de 1992 \u00e0 2001. Il est fondateur, copropri\u00e9taire et r\u00e9dacteur en chef de L\u2019Annuel de l\u2019automobile, qu\u2019il publie depuis 2001. Il a anim\u00e9 les \u00e9missions RPM et RPM+ sur V et les L\u00e9gendes de la route sur Historia. \u00c0 la radio depuis 1986, il reprend l\u2019antenne cette ann\u00e9e sur les ondes de Cogeco et participe pour la deuxi\u00e8me ann\u00e9e \u00e0 l\u2019\u00e9mission Passion Auto sur RDS en plus de mettre en ligne le site Web officiel de L\u2019Annuel de l\u2019automobile sur annuelauto.ca.","sameAs":["https:\/\/annuelauto.ca\/"],"url":"https:\/\/news.canadamotorjobs.com\/fr\/author\/benoit-charette\/"}]}},"_links":{"self":[{"href":"https:\/\/news.canadamotorjobs.com\/fr\/wp-json\/wp\/v2\/posts\/155741"}],"collection":[{"href":"https:\/\/news.canadamotorjobs.com\/fr\/wp-json\/wp\/v2\/posts"}],"about":[{"href":"https:\/\/news.canadamotorjobs.com\/fr\/wp-json\/wp\/v2\/types\/post"}],"author":[{"embeddable":true,"href":"https:\/\/news.canadamotorjobs.com\/fr\/wp-json\/wp\/v2\/users\/8"}],"replies":[{"embeddable":true,"href":"https:\/\/news.canadamotorjobs.com\/fr\/wp-json\/wp\/v2\/comments?post=155741"}],"version-history":[{"count":2,"href":"https:\/\/news.canadamotorjobs.com\/fr\/wp-json\/wp\/v2\/posts\/155741\/revisions"}],"predecessor-version":[{"id":155745,"href":"https:\/\/news.canadamotorjobs.com\/fr\/wp-json\/wp\/v2\/posts\/155741\/revisions\/155745"}],"wp:featuredmedia":[{"embeddable":true,"href":"https:\/\/news.canadamotorjobs.com\/fr\/wp-json\/wp\/v2\/media\/155743"}],"wp:attachment":[{"href":"https:\/\/news.canadamotorjobs.com\/fr\/wp-json\/wp\/v2\/media?parent=155741"}],"wp:term":[{"taxonomy":"category","embeddable":true,"href":"https:\/\/news.canadamotorjobs.com\/fr\/wp-json\/wp\/v2\/categories?post=155741"},{"taxonomy":"post_tag","embeddable":true,"href":"https:\/\/news.canadamotorjobs.com\/fr\/wp-json\/wp\/v2\/tags?post=155741"}],"curies":[{"name":"wp","href":"https:\/\/api.w.org\/{rel}","templated":true}]}}