{"id":155684,"date":"2023-12-19T09:04:11","date_gmt":"2023-12-19T14:04:11","guid":{"rendered":"https:\/\/news.canadamotorjobs.com\/?p=155684"},"modified":"2023-12-19T09:15:15","modified_gmt":"2023-12-19T14:15:15","slug":"tesla-va-hausser-le-salaire-de-ses-travailleurs-de-10-a-partir-de-janvier-2024","status":"publish","type":"post","link":"https:\/\/news.canadamotorjobs.com\/fr\/tesla-va-hausser-le-salaire-de-ses-travailleurs-de-10-a-partir-de-janvier-2024\/","title":{"rendered":"Tesla va hausser le salaire de ses travailleurs de 10 % \u00e0 partir de janvier 2024"},"content":{"rendered":"<\/p>\n<p>Tesla a inform\u00e9 les travailleurs de son usine de batteries \u00e0 Sparks, dans le Nevada, que certains de ses employ\u00e9s \u00e0 taux horaire fixe verront leur salaire augmenter d&#8217;environ 10 % \u00e0 partir de d\u00e9but janvier, a rapport\u00e9 CNBC lundi.<\/p>\n<h3><strong>Une influence des n\u00e9gociations des travailleurs du UAW<\/strong><\/h3>\n<p>\nLe fabricant de v\u00e9hicules \u00e9lectriques augmentera le salaire des travailleurs horaires \u00e0 22 dollars de l&#8217;heure, contre 20 dollars au bas de l&#8217;\u00e9chelle, et \u00e0 34,50 dollars de l&#8217;heure, contre 30,65 dollars au haut de l&#8217;\u00e9chelle, selon le rapport, citant des documents internes, ajoutant que l&#8217;augmentation peut ajouter entre 2 et 8,30 dollars de l&#8217;heure \u00e0 leur salaire.<\/p>\n<h3><strong>Une hausse bienvenue pour les travailleurs<\/strong><\/h3>\n<p>\nL&#8217;entreprise rationalise \u00e9galement certains niveaux, de sorte que plusieurs niveaux de travailleurs, par exemple ceux qui gagnent entre 26,20 et 30,65 dollars de l&#8217;heure actuellement, seront ajust\u00e9s \u00e0 34,50 dollars de l&#8217;heure, selon le rapport. En novembre, l&#8217;UAW a d\u00e9clar\u00e9 qu&#8217;il lan\u00e7ait une initiative in\u00e9dite pour organiser publiquement l&#8217;ensemble du secteur automobile non syndiqu\u00e9 aux \u00c9tats-Unis, apr\u00e8s avoir remport\u00e9 de nouveaux contrats record avec les constructeurs am\u00e9ricains.<\/p>\n<h3><strong>Musk toujours r\u00e9ticent<\/strong><\/h3>\n<p>\nLe PDG de Tesla, Elon Musk, interrog\u00e9 sur les efforts de l&#8217;UAW lors du DealBook Summit du New York Times le mois dernier, a d\u00e9clar\u00e9 : &#8220;Je ne suis pas d&#8217;accord avec l&#8217;id\u00e9e d&#8217;un syndicat de l&#8217;automobile : &#8220;Je ne suis pas d&#8217;accord avec l&#8217;id\u00e9e des syndicats&#8221;. Il a ajout\u00e9 que si Tesla \u00e9tait syndiqu\u00e9, &#8220;ce serait parce que nous le m\u00e9ritons et que nous avons \u00e9chou\u00e9 d&#8217;une mani\u00e8re ou d&#8217;une autre&#8221;.<\/p>\n<h3><strong>M\u00eame effet chez Honda et Toyota<\/strong><\/h3>\n<p>\nLes constructeurs automobiles japonais Honda Motor Co. et Toyota Motor Corp. ont augment\u00e9 les salaires des travailleurs non syndiqu\u00e9s des usines am\u00e9ricaines, alors que l&#8217;UAW semble s&#8217;int\u00e9resser \u00e0 l&#8217;organisation de la main-d&#8217;\u0153uvre dans les usines automobiles \u00e9trang\u00e8res et celles de Tesla. Le pr\u00e9sident de l&#8217;UAW, Shawn Fain, s&#8217;est rendu lundi \u00e0 Chattanooga, dans le Tennessee, pour intensifier la pression sur la direction du groupe Volkswagen afin qu&#8217;elle reconnaisse l&#8217;UAW dans l&#8217;usine d&#8217;assemblage de la ville.<\/p>\n<p>Avec des renseignements d\u2019Automotive News<\/p>\n<p>Le texte <a rel=\"nofollow\" href=\"https:\/\/annuelauto.ca\/tesla-va-hausser-le-salaire-de-ses-travailleurs-de-10-a-partir-de-janvier-2024\/\">Tesla va hausser le salaire de ses travailleurs de 10 % \u00e0 partir de janvier 2024<\/a> provient de <a rel=\"nofollow\" href=\"https:\/\/annuelauto.ca\">L&#8217;annuel de l&#8217;automobile &#8211; Actualit\u00e9 automobile<\/a><\/p>\n<p><\/p>\n","protected":false},"excerpt":{"rendered":"<p>Tesla a inform\u00e9 les travailleurs de son usine de batteries \u00e0 Sparks, dans le Nevada, que certains de ses employ\u00e9s \u00e0 taux horaire fixe verront leur salaire augmenter d&#8217;environ 10 % \u00e0 partir de d\u00e9but janvier, a rapport\u00e9 CNBC lundi. Une influence des n\u00e9gociations des travailleurs du UAW Le fabricant de v\u00e9hicules \u00e9lectriques augmentera le [&hellip;]<\/p>\n","protected":false},"author":8,"featured_media":155686,"comment_status":"close","ping_status":"closed","sticky":false,"template":"","format":"standard","meta":{"_monsterinsights_skip_tracking":false,"_monsterinsights_sitenote_active":false,"_monsterinsights_sitenote_note":"","_monsterinsights_sitenote_category":0,"footnotes":""},"categories":[101],"tags":[],"yoast_head":"<!-- This site is optimized with the Yoast SEO plugin v23.2 - https:\/\/yoast.com\/wordpress\/plugins\/seo\/ -->\n<title>Tesla va hausser le salaire de ses travailleurs de 10 % \u00e0 partir de janvier 2024 - CanadaMotorJobs.com<\/title>\n<meta name=\"description\" content=\"Tesla va hausser le salaire de ses travailleurs de 10 % \u00e0 partir de janvier 2024 - Benoit Charette - Annuel automobile - CanadaMotorJobs.com.\" \/>\n<meta name=\"robots\" content=\"index, follow, max-snippet:-1, max-image-preview:large, max-video-preview:-1\" \/>\n<meta property=\"og:locale\" content=\"fr_CA\" \/>\n<meta property=\"og:type\" content=\"article\" \/>\n<meta property=\"og:title\" content=\"Tesla va hausser le salaire de ses travailleurs de 10 % \u00e0 partir de janvier 2024 - CanadaMotorJobs.com\" \/>\n<meta property=\"og:description\" content=\"Tesla va hausser le salaire de ses travailleurs de 10 % \u00e0 partir de janvier 2024 - Benoit Charette - Annuel automobile - CanadaMotorJobs.com.\" \/>\n<meta property=\"og:url\" content=\"https:\/\/news.canadamotorjobs.com\/fr\/tesla-va-hausser-le-salaire-de-ses-travailleurs-de-10-a-partir-de-janvier-2024\/\" \/>\n<meta property=\"og:site_name\" content=\"CanadaMotorJobs.com\" \/>\n<meta property=\"article:publisher\" content=\"https:\/\/www.facebook.com\/canadamotorjobs\/\" \/>\n<meta property=\"article:published_time\" content=\"2023-12-19T14:04:11+00:00\" \/>\n<meta property=\"article:modified_time\" content=\"2023-12-19T14:15:15+00:00\" \/>\n<meta property=\"og:image\" content=\"https:\/\/news.canadamotorjobs.com\/wp-content\/uploads\/2023\/12\/2023_Tesla_Model_Y_Angular_Front_1-4.jpg\" \/>\n\t<meta property=\"og:image:width\" content=\"960\" \/>\n\t<meta property=\"og:image:height\" content=\"720\" \/>\n\t<meta property=\"og:image:type\" content=\"image\/jpeg\" \/>\n<meta name=\"author\" content=\"Benoit Charette\" \/>\n<meta name=\"twitter:card\" content=\"summary_large_image\" \/>\n<meta name=\"twitter:creator\" content=\"@canadamotorjobs\" \/>\n<meta name=\"twitter:site\" content=\"@canadamotorjobs\" \/>\n<meta name=\"twitter:label1\" content=\"\u00c9crit par\" \/>\n\t<meta name=\"twitter:data1\" content=\"Benoit Charette\" \/>\n\t<meta name=\"twitter:label2\" content=\"Estimation du temps de lecture\" \/>\n\t<meta name=\"twitter:data2\" content=\"2 minutes\" \/>\n<!-- \/ Yoast SEO plugin. -->","yoast_head_json":{"title":"Tesla va hausser le salaire de ses travailleurs de 10 % \u00e0 partir de janvier 2024 - CanadaMotorJobs.com","description":"Tesla va hausser le salaire de ses travailleurs de 10 % \u00e0 partir de janvier 2024 - Benoit Charette - Annuel automobile - CanadaMotorJobs.com.","robots":{"index":"index","follow":"follow","max-snippet":"max-snippet:-1","max-image-preview":"max-image-preview:large","max-video-preview":"max-video-preview:-1"},"og_locale":"fr_CA","og_type":"article","og_title":"Tesla va hausser le salaire de ses travailleurs de 10 % \u00e0 partir de janvier 2024 - CanadaMotorJobs.com","og_description":"Tesla va hausser le salaire de ses travailleurs de 10 % \u00e0 partir de janvier 2024 - Benoit Charette - Annuel automobile - CanadaMotorJobs.com.","og_url":"https:\/\/news.canadamotorjobs.com\/fr\/tesla-va-hausser-le-salaire-de-ses-travailleurs-de-10-a-partir-de-janvier-2024\/","og_site_name":"CanadaMotorJobs.com","article_publisher":"https:\/\/www.facebook.com\/canadamotorjobs\/","article_published_time":"2023-12-19T14:04:11+00:00","article_modified_time":"2023-12-19T14:15:15+00:00","og_image":[{"width":960,"height":720,"url":"https:\/\/news.canadamotorjobs.com\/wp-content\/uploads\/2023\/12\/2023_Tesla_Model_Y_Angular_Front_1-4.jpg","type":"image\/jpeg"}],"author":"Benoit Charette","twitter_card":"summary_large_image","twitter_creator":"@canadamotorjobs","twitter_site":"@canadamotorjobs","twitter_misc":{"\u00c9crit par":"Benoit Charette","Estimation du temps de lecture":"2 minutes"},"schema":{"@context":"https:\/\/schema.org","@graph":[{"@type":"Article","@id":"https:\/\/news.canadamotorjobs.com\/fr\/tesla-va-hausser-le-salaire-de-ses-travailleurs-de-10-a-partir-de-janvier-2024\/#article","isPartOf":{"@id":"https:\/\/news.canadamotorjobs.com\/fr\/tesla-va-hausser-le-salaire-de-ses-travailleurs-de-10-a-partir-de-janvier-2024\/"},"author":{"name":"Benoit Charette","@id":"https:\/\/news.canadamotorjobs.com\/#\/schema\/person\/51793d1f87d44011d7bcc2ed99269a90"},"headline":"Tesla va hausser le salaire de ses travailleurs de 10 % \u00e0 partir de janvier 2024","datePublished":"2023-12-19T14:04:11+00:00","dateModified":"2023-12-19T14:15:15+00:00","mainEntityOfPage":{"@id":"https:\/\/news.canadamotorjobs.com\/fr\/tesla-va-hausser-le-salaire-de-ses-travailleurs-de-10-a-partir-de-janvier-2024\/"},"wordCount":408,"publisher":{"@id":"https:\/\/news.canadamotorjobs.com\/#organization"},"image":{"@id":"https:\/\/news.canadamotorjobs.com\/fr\/tesla-va-hausser-le-salaire-de-ses-travailleurs-de-10-a-partir-de-janvier-2024\/#primaryimage"},"thumbnailUrl":"https:\/\/news.canadamotorjobs.com\/wp-content\/uploads\/2023\/12\/2023_Tesla_Model_Y_Angular_Front_1-4.jpg","articleSection":["Annuel automobile"],"inLanguage":"fr-CA"},{"@type":"WebPage","@id":"https:\/\/news.canadamotorjobs.com\/fr\/tesla-va-hausser-le-salaire-de-ses-travailleurs-de-10-a-partir-de-janvier-2024\/","url":"https:\/\/news.canadamotorjobs.com\/fr\/tesla-va-hausser-le-salaire-de-ses-travailleurs-de-10-a-partir-de-janvier-2024\/","name":"Tesla va hausser le salaire de ses travailleurs de 10 % \u00e0 partir de janvier 2024 - CanadaMotorJobs.com","isPartOf":{"@id":"https:\/\/news.canadamotorjobs.com\/#website"},"primaryImageOfPage":{"@id":"https:\/\/news.canadamotorjobs.com\/fr\/tesla-va-hausser-le-salaire-de-ses-travailleurs-de-10-a-partir-de-janvier-2024\/#primaryimage"},"image":{"@id":"https:\/\/news.canadamotorjobs.com\/fr\/tesla-va-hausser-le-salaire-de-ses-travailleurs-de-10-a-partir-de-janvier-2024\/#primaryimage"},"thumbnailUrl":"https:\/\/news.canadamotorjobs.com\/wp-content\/uploads\/2023\/12\/2023_Tesla_Model_Y_Angular_Front_1-4.jpg","datePublished":"2023-12-19T14:04:11+00:00","dateModified":"2023-12-19T14:15:15+00:00","description":"Tesla va hausser le salaire de ses travailleurs de 10 % \u00e0 partir de janvier 2024 - Benoit Charette - Annuel automobile - CanadaMotorJobs.com.","breadcrumb":{"@id":"https:\/\/news.canadamotorjobs.com\/fr\/tesla-va-hausser-le-salaire-de-ses-travailleurs-de-10-a-partir-de-janvier-2024\/#breadcrumb"},"inLanguage":"fr-CA","potentialAction":[{"@type":"ReadAction","target":["https:\/\/news.canadamotorjobs.com\/fr\/tesla-va-hausser-le-salaire-de-ses-travailleurs-de-10-a-partir-de-janvier-2024\/"]}]},{"@type":"ImageObject","inLanguage":"fr-CA","@id":"https:\/\/news.canadamotorjobs.com\/fr\/tesla-va-hausser-le-salaire-de-ses-travailleurs-de-10-a-partir-de-janvier-2024\/#primaryimage","url":"https:\/\/news.canadamotorjobs.com\/wp-content\/uploads\/2023\/12\/2023_Tesla_Model_Y_Angular_Front_1-4.jpg","contentUrl":"https:\/\/news.canadamotorjobs.com\/wp-content\/uploads\/2023\/12\/2023_Tesla_Model_Y_Angular_Front_1-4.jpg","width":960,"height":720},{"@type":"BreadcrumbList","@id":"https:\/\/news.canadamotorjobs.com\/fr\/tesla-va-hausser-le-salaire-de-ses-travailleurs-de-10-a-partir-de-janvier-2024\/#breadcrumb","itemListElement":[{"@type":"ListItem","position":1,"name":"Home","item":"https:\/\/news.canadamotorjobs.com\/fr\/blog\/"},{"@type":"ListItem","position":2,"name":"Tesla va hausser le salaire de ses travailleurs de 10 % \u00e0 partir de janvier 2024"}]},{"@type":"WebSite","@id":"https:\/\/news.canadamotorjobs.com\/#website","url":"https:\/\/news.canadamotorjobs.com\/","name":"CanadaMotorJobs.com","description":"Automotive Jobs","publisher":{"@id":"https:\/\/news.canadamotorjobs.com\/#organization"},"potentialAction":[{"@type":"SearchAction","target":{"@type":"EntryPoint","urlTemplate":"https:\/\/news.canadamotorjobs.com\/?s={search_term_string}"},"query-input":"required name=search_term_string"}],"inLanguage":"fr-CA"},{"@type":"Organization","@id":"https:\/\/news.canadamotorjobs.com\/#organization","name":"Canada Motor Jobs","url":"https:\/\/news.canadamotorjobs.com\/","logo":{"@type":"ImageObject","inLanguage":"fr-CA","@id":"https:\/\/news.canadamotorjobs.com\/#\/schema\/logo\/image\/","url":"https:\/\/news.canadamotorjobs.com\/wp-content\/uploads\/2022\/10\/logo-canada-motor-jobs-1.png","contentUrl":"https:\/\/news.canadamotorjobs.com\/wp-content\/uploads\/2022\/10\/logo-canada-motor-jobs-1.png","width":800,"height":400,"caption":"Canada Motor Jobs"},"image":{"@id":"https:\/\/news.canadamotorjobs.com\/#\/schema\/logo\/image\/"},"sameAs":["https:\/\/www.facebook.com\/canadamotorjobs\/","https:\/\/x.com\/canadamotorjobs","https:\/\/www.instagram.com\/canadamotorjobs\/","https:\/\/www.linkedin.com\/company\/canadamotorjobs"]},{"@type":"Person","@id":"https:\/\/news.canadamotorjobs.com\/#\/schema\/person\/51793d1f87d44011d7bcc2ed99269a90","name":"Benoit Charette","image":{"@type":"ImageObject","inLanguage":"fr-CA","@id":"https:\/\/news.canadamotorjobs.com\/#\/schema\/person\/image\/","url":"https:\/\/secure.gravatar.com\/avatar\/45f3d2eebcccd909668d7ce7ea7267b6?s=96&d=mm&r=g","contentUrl":"https:\/\/secure.gravatar.com\/avatar\/45f3d2eebcccd909668d7ce7ea7267b6?s=96&d=mm&r=g","caption":"Benoit Charette"},"description":"Benoit Charette \/ Propri\u00e9taire et r\u00e9dacteur en chef Benoit Charette pratique le journalisme automobile depuis bient\u00f4t 30 ans. Il a fait ses classes au c\u00f4t\u00e9 de Daniel H\u00e9raud et au Carnet de route de 1992 \u00e0 2001. Il est fondateur, copropri\u00e9taire et r\u00e9dacteur en chef de L\u2019Annuel de l\u2019automobile, qu\u2019il publie depuis 2001. Il a anim\u00e9 les \u00e9missions RPM et RPM+ sur V et les L\u00e9gendes de la route sur Historia. \u00c0 la radio depuis 1986, il reprend l\u2019antenne cette ann\u00e9e sur les ondes de Cogeco et participe pour la deuxi\u00e8me ann\u00e9e \u00e0 l\u2019\u00e9mission Passion Auto sur RDS en plus de mettre en ligne le site Web officiel de L\u2019Annuel de l\u2019automobile sur annuelauto.ca.","sameAs":["https:\/\/annuelauto.ca\/"],"url":"https:\/\/news.canadamotorjobs.com\/fr\/author\/benoit-charette\/"}]}},"_links":{"self":[{"href":"https:\/\/news.canadamotorjobs.com\/fr\/wp-json\/wp\/v2\/posts\/155684"}],"collection":[{"href":"https:\/\/news.canadamotorjobs.com\/fr\/wp-json\/wp\/v2\/posts"}],"about":[{"href":"https:\/\/news.canadamotorjobs.com\/fr\/wp-json\/wp\/v2\/types\/post"}],"author":[{"embeddable":true,"href":"https:\/\/news.canadamotorjobs.com\/fr\/wp-json\/wp\/v2\/users\/8"}],"replies":[{"embeddable":true,"href":"https:\/\/news.canadamotorjobs.com\/fr\/wp-json\/wp\/v2\/comments?post=155684"}],"version-history":[{"count":2,"href":"https:\/\/news.canadamotorjobs.com\/fr\/wp-json\/wp\/v2\/posts\/155684\/revisions"}],"predecessor-version":[{"id":155688,"href":"https:\/\/news.canadamotorjobs.com\/fr\/wp-json\/wp\/v2\/posts\/155684\/revisions\/155688"}],"wp:featuredmedia":[{"embeddable":true,"href":"https:\/\/news.canadamotorjobs.com\/fr\/wp-json\/wp\/v2\/media\/155686"}],"wp:attachment":[{"href":"https:\/\/news.canadamotorjobs.com\/fr\/wp-json\/wp\/v2\/media?parent=155684"}],"wp:term":[{"taxonomy":"category","embeddable":true,"href":"https:\/\/news.canadamotorjobs.com\/fr\/wp-json\/wp\/v2\/categories?post=155684"},{"taxonomy":"post_tag","embeddable":true,"href":"https:\/\/news.canadamotorjobs.com\/fr\/wp-json\/wp\/v2\/tags?post=155684"}],"curies":[{"name":"wp","href":"https:\/\/api.w.org\/{rel}","templated":true}]}}