{"id":155665,"date":"2023-12-18T08:13:30","date_gmt":"2023-12-18T13:13:30","guid":{"rendered":"https:\/\/news.canadamotorjobs.com\/?p=155665"},"modified":"2023-12-18T08:15:40","modified_gmt":"2023-12-18T13:15:40","slug":"ottawa-veut-vous-faire-acheter-plus-de-vehicules-electriques","status":"publish","type":"post","link":"https:\/\/news.canadamotorjobs.com\/fr\/ottawa-veut-vous-faire-acheter-plus-de-vehicules-electriques\/","title":{"rendered":"Ottawa veut vous faire acheter plus de v\u00e9hicules \u00e9lectriques"},"content":{"rendered":"<\/p>\n<p>Ottawa annoncera mardi sa nouvelle r\u00e9glementation sur les voitures \u00e9lectriques. Tous les v\u00e9hicules neufs vendus au Canada d&#8217;ici\u00a02035 devront \u00eatre des v\u00e9hicules z\u00e9ro \u00e9mission, a indiqu\u00e9 une source gouvernementale. Ottawa embo\u00eete ainsi le pas aux gouvernements de la Colombie-Britannique et du Qu\u00e9bec, qui avaient d\u00e9j\u00e0 interdit la vente de v\u00e9hicules neufs munis d&#8217;un moteur \u00e0 essence \u00e0 partir de 2035.<\/p>\n<h3>Des objectifs semblables<\/h3>\n<p>\nPartout au Canada, les v\u00e9hicules z\u00e9ro \u00e9mission\u00a0\u2013 qui incluent les mod\u00e8les \u00e9lectriques \u00e0 batterie et les mod\u00e8les \u00e0 hydrog\u00e8ne\u00a0\u2013\u00a0devront repr\u00e9senter 20\u00a0% des ventes de voitures neuves en\u00a02026, 60\u00a0% en\u00a02030 et 100\u00a0% en\u00a02035. Pour le Qu\u00e9bec, les chiffres sont de 22\u00a0% en 2025, 60\u00a0% en 2026, 85\u00a0% en 2030 et 100\u00a0% en 2025. Le Qu\u00e9bec vise \u00e9galement \u00e0 avoir 2millions de v\u00e9hicules \u00e9lectriques sur la route en 2030.<\/p>\n<h3>Un projet ambitieux<\/h3>\n<p>\nDes objectifs qui sont louables, mais irr\u00e9alistes pour le moment. La RBC et CAA estiment qu\u2019en 2023 le co\u00fbt moyen d\u2019un v\u00e9hicule \u00e9lectrique au Canada d\u00e9passe les 83 500\u00a0$. Si on ajoute \u00e0 cela des taux d\u2019int\u00e9r\u00eat qui oscillent entre 7 et 8\u00a0%, on se retrouve rapidement avec des paiements mensuels qui sont \u00e0 l\u2019\u00e9quivalent de celui d\u2019une maison. \u00c0 une \u00e9poque o\u00f9 bien des gens doivent faire des choix alimentaires \u00e0 l\u2019\u00e9picerie, ces m\u00eames n\u2019ont pas les moyens de mettre une telle somme d\u2019argent sur une voiture.<\/p>\n<h3>Les solutions<\/h3>\n<p>\nLes constructeurs disent travailler fort pour amener des mod\u00e8les moins dispendieux sur le march\u00e9. En ce moment, les mod\u00e8les \u00e9lectriques les plus abordables tournent autour de 45\u00a0000$. La Chine est en train de construire une usine de fabrication de v\u00e9hicules \u00e9lectriques au Mexique et compte bien offrir des mod\u00e8les abordables \u00e0 court terme. On offre d\u00e9j\u00e0 des mod\u00e8les \u00e0 moins de 20 000\u00a0$ en Chine et moins de 30 000\u00a0$ en Europe. Un prix dr\u00f4lement plus all\u00e9chant pour les consommateurs.<\/p>\n<h3>Le temps presse<\/h3>\n<p>\nLa norme \u00e9mission z\u00e9ro va forcer la main \u00e0 l\u2019industrie, mais il faut que les gens puissent \u00eatre en mesure de s\u2019offrir les mod\u00e8les en concession. Pour le moment, nous sommes loin du compte. Une compagnie comme Ford a annonc\u00e9 qu\u2019elle va diminuer de 50\u00a0% la production du F-150 Lightning en 2024, faute d\u2019acheteurs. Avoir une offre int\u00e9ressante est une chose, avoir un mod\u00e8le \u00e0 prix raisonnable en est une autre. Tant et aussi longtemps que les prix seront irr\u00e9alistes, les constructeurs n\u2019arriveront pas \u00e0 vendre de v\u00e9hicules \u00e9lectriques.<\/p>\n<p>\u00a0<\/p>\n<p>Le texte <a rel=\"nofollow\" href=\"https:\/\/annuelauto.ca\/ottawa-veut-vous-faire-acheter-plus-de-vehicules-electriques\/\">Ottawa veut vous faire acheter plus de v\u00e9hicules \u00e9lectriques<\/a> provient de <a rel=\"nofollow\" href=\"https:\/\/annuelauto.ca\">L&#8217;annuel de l&#8217;automobile &#8211; Actualit\u00e9 automobile<\/a><\/p>\n<p><\/p>\n","protected":false},"excerpt":{"rendered":"<p>Ottawa annoncera mardi sa nouvelle r\u00e9glementation sur les voitures \u00e9lectriques. Tous les v\u00e9hicules neufs vendus au Canada d&#8217;ici\u00a02035 devront \u00eatre des v\u00e9hicules z\u00e9ro \u00e9mission, a indiqu\u00e9 une source gouvernementale. Ottawa embo\u00eete ainsi le pas aux gouvernements de la Colombie-Britannique et du Qu\u00e9bec, qui avaient d\u00e9j\u00e0 interdit la vente de v\u00e9hicules neufs munis d&#8217;un moteur \u00e0 [&hellip;]<\/p>\n","protected":false},"author":8,"featured_media":155667,"comment_status":"close","ping_status":"closed","sticky":false,"template":"","format":"standard","meta":{"_monsterinsights_skip_tracking":false,"_monsterinsights_sitenote_active":false,"_monsterinsights_sitenote_note":"","_monsterinsights_sitenote_category":0,"footnotes":""},"categories":[101],"tags":[],"yoast_head":"<!-- This site is optimized with the Yoast SEO plugin v23.2 - https:\/\/yoast.com\/wordpress\/plugins\/seo\/ -->\n<title>Ottawa veut vous faire acheter plus de v\u00e9hicules \u00e9lectriques - CanadaMotorJobs.com<\/title>\n<meta name=\"description\" content=\"Ottawa veut vous faire acheter plus de v\u00e9hicules \u00e9lectriques - Benoit Charette - Annuel automobile - CanadaMotorJobs.com.\" \/>\n<meta name=\"robots\" content=\"index, follow, max-snippet:-1, max-image-preview:large, max-video-preview:-1\" \/>\n<meta property=\"og:locale\" content=\"fr_CA\" \/>\n<meta property=\"og:type\" content=\"article\" \/>\n<meta property=\"og:title\" content=\"Ottawa veut vous faire acheter plus de v\u00e9hicules \u00e9lectriques - CanadaMotorJobs.com\" \/>\n<meta property=\"og:description\" content=\"Ottawa veut vous faire acheter plus de v\u00e9hicules \u00e9lectriques - Benoit Charette - Annuel automobile - CanadaMotorJobs.com.\" \/>\n<meta property=\"og:url\" content=\"https:\/\/news.canadamotorjobs.com\/fr\/ottawa-veut-vous-faire-acheter-plus-de-vehicules-electriques\/\" \/>\n<meta property=\"og:site_name\" content=\"CanadaMotorJobs.com\" \/>\n<meta property=\"article:publisher\" content=\"https:\/\/www.facebook.com\/canadamotorjobs\/\" \/>\n<meta property=\"article:published_time\" content=\"2023-12-18T13:13:30+00:00\" \/>\n<meta property=\"article:modified_time\" content=\"2023-12-18T13:15:40+00:00\" \/>\n<meta property=\"og:image\" content=\"https:\/\/news.canadamotorjobs.com\/wp-content\/uploads\/2023\/12\/DSC01398-1024x768-2.jpg\" \/>\n\t<meta property=\"og:image:width\" content=\"1024\" \/>\n\t<meta property=\"og:image:height\" content=\"768\" \/>\n\t<meta property=\"og:image:type\" content=\"image\/jpeg\" \/>\n<meta name=\"author\" content=\"Benoit Charette\" \/>\n<meta name=\"twitter:card\" content=\"summary_large_image\" \/>\n<meta name=\"twitter:creator\" content=\"@canadamotorjobs\" \/>\n<meta name=\"twitter:site\" content=\"@canadamotorjobs\" \/>\n<meta name=\"twitter:label1\" content=\"\u00c9crit par\" \/>\n\t<meta name=\"twitter:data1\" content=\"Benoit Charette\" \/>\n\t<meta name=\"twitter:label2\" content=\"Estimation du temps de lecture\" \/>\n\t<meta name=\"twitter:data2\" content=\"2 minutes\" \/>\n<!-- \/ Yoast SEO plugin. -->","yoast_head_json":{"title":"Ottawa veut vous faire acheter plus de v\u00e9hicules \u00e9lectriques - CanadaMotorJobs.com","description":"Ottawa veut vous faire acheter plus de v\u00e9hicules \u00e9lectriques - Benoit Charette - Annuel automobile - CanadaMotorJobs.com.","robots":{"index":"index","follow":"follow","max-snippet":"max-snippet:-1","max-image-preview":"max-image-preview:large","max-video-preview":"max-video-preview:-1"},"og_locale":"fr_CA","og_type":"article","og_title":"Ottawa veut vous faire acheter plus de v\u00e9hicules \u00e9lectriques - CanadaMotorJobs.com","og_description":"Ottawa veut vous faire acheter plus de v\u00e9hicules \u00e9lectriques - Benoit Charette - Annuel automobile - CanadaMotorJobs.com.","og_url":"https:\/\/news.canadamotorjobs.com\/fr\/ottawa-veut-vous-faire-acheter-plus-de-vehicules-electriques\/","og_site_name":"CanadaMotorJobs.com","article_publisher":"https:\/\/www.facebook.com\/canadamotorjobs\/","article_published_time":"2023-12-18T13:13:30+00:00","article_modified_time":"2023-12-18T13:15:40+00:00","og_image":[{"width":1024,"height":768,"url":"https:\/\/news.canadamotorjobs.com\/wp-content\/uploads\/2023\/12\/DSC01398-1024x768-2.jpg","type":"image\/jpeg"}],"author":"Benoit Charette","twitter_card":"summary_large_image","twitter_creator":"@canadamotorjobs","twitter_site":"@canadamotorjobs","twitter_misc":{"\u00c9crit par":"Benoit Charette","Estimation du temps de lecture":"2 minutes"},"schema":{"@context":"https:\/\/schema.org","@graph":[{"@type":"Article","@id":"https:\/\/news.canadamotorjobs.com\/fr\/ottawa-veut-vous-faire-acheter-plus-de-vehicules-electriques\/#article","isPartOf":{"@id":"https:\/\/news.canadamotorjobs.com\/fr\/ottawa-veut-vous-faire-acheter-plus-de-vehicules-electriques\/"},"author":{"name":"Benoit Charette","@id":"https:\/\/news.canadamotorjobs.com\/#\/schema\/person\/51793d1f87d44011d7bcc2ed99269a90"},"headline":"Ottawa veut vous faire acheter plus de v\u00e9hicules \u00e9lectriques","datePublished":"2023-12-18T13:13:30+00:00","dateModified":"2023-12-18T13:15:40+00:00","mainEntityOfPage":{"@id":"https:\/\/news.canadamotorjobs.com\/fr\/ottawa-veut-vous-faire-acheter-plus-de-vehicules-electriques\/"},"wordCount":442,"publisher":{"@id":"https:\/\/news.canadamotorjobs.com\/#organization"},"image":{"@id":"https:\/\/news.canadamotorjobs.com\/fr\/ottawa-veut-vous-faire-acheter-plus-de-vehicules-electriques\/#primaryimage"},"thumbnailUrl":"https:\/\/news.canadamotorjobs.com\/wp-content\/uploads\/2023\/12\/DSC01398-1024x768-2.jpg","articleSection":["Annuel automobile"],"inLanguage":"fr-CA"},{"@type":"WebPage","@id":"https:\/\/news.canadamotorjobs.com\/fr\/ottawa-veut-vous-faire-acheter-plus-de-vehicules-electriques\/","url":"https:\/\/news.canadamotorjobs.com\/fr\/ottawa-veut-vous-faire-acheter-plus-de-vehicules-electriques\/","name":"Ottawa veut vous faire acheter plus de v\u00e9hicules \u00e9lectriques - CanadaMotorJobs.com","isPartOf":{"@id":"https:\/\/news.canadamotorjobs.com\/#website"},"primaryImageOfPage":{"@id":"https:\/\/news.canadamotorjobs.com\/fr\/ottawa-veut-vous-faire-acheter-plus-de-vehicules-electriques\/#primaryimage"},"image":{"@id":"https:\/\/news.canadamotorjobs.com\/fr\/ottawa-veut-vous-faire-acheter-plus-de-vehicules-electriques\/#primaryimage"},"thumbnailUrl":"https:\/\/news.canadamotorjobs.com\/wp-content\/uploads\/2023\/12\/DSC01398-1024x768-2.jpg","datePublished":"2023-12-18T13:13:30+00:00","dateModified":"2023-12-18T13:15:40+00:00","description":"Ottawa veut vous faire acheter plus de v\u00e9hicules \u00e9lectriques - Benoit Charette - Annuel automobile - CanadaMotorJobs.com.","breadcrumb":{"@id":"https:\/\/news.canadamotorjobs.com\/fr\/ottawa-veut-vous-faire-acheter-plus-de-vehicules-electriques\/#breadcrumb"},"inLanguage":"fr-CA","potentialAction":[{"@type":"ReadAction","target":["https:\/\/news.canadamotorjobs.com\/fr\/ottawa-veut-vous-faire-acheter-plus-de-vehicules-electriques\/"]}]},{"@type":"ImageObject","inLanguage":"fr-CA","@id":"https:\/\/news.canadamotorjobs.com\/fr\/ottawa-veut-vous-faire-acheter-plus-de-vehicules-electriques\/#primaryimage","url":"https:\/\/news.canadamotorjobs.com\/wp-content\/uploads\/2023\/12\/DSC01398-1024x768-2.jpg","contentUrl":"https:\/\/news.canadamotorjobs.com\/wp-content\/uploads\/2023\/12\/DSC01398-1024x768-2.jpg","width":1024,"height":768},{"@type":"BreadcrumbList","@id":"https:\/\/news.canadamotorjobs.com\/fr\/ottawa-veut-vous-faire-acheter-plus-de-vehicules-electriques\/#breadcrumb","itemListElement":[{"@type":"ListItem","position":1,"name":"Home","item":"https:\/\/news.canadamotorjobs.com\/fr\/blog\/"},{"@type":"ListItem","position":2,"name":"Ottawa veut vous faire acheter plus de v\u00e9hicules \u00e9lectriques"}]},{"@type":"WebSite","@id":"https:\/\/news.canadamotorjobs.com\/#website","url":"https:\/\/news.canadamotorjobs.com\/","name":"CanadaMotorJobs.com","description":"Automotive Jobs","publisher":{"@id":"https:\/\/news.canadamotorjobs.com\/#organization"},"potentialAction":[{"@type":"SearchAction","target":{"@type":"EntryPoint","urlTemplate":"https:\/\/news.canadamotorjobs.com\/?s={search_term_string}"},"query-input":"required name=search_term_string"}],"inLanguage":"fr-CA"},{"@type":"Organization","@id":"https:\/\/news.canadamotorjobs.com\/#organization","name":"Canada Motor Jobs","url":"https:\/\/news.canadamotorjobs.com\/","logo":{"@type":"ImageObject","inLanguage":"fr-CA","@id":"https:\/\/news.canadamotorjobs.com\/#\/schema\/logo\/image\/","url":"https:\/\/news.canadamotorjobs.com\/wp-content\/uploads\/2022\/10\/logo-canada-motor-jobs-1.png","contentUrl":"https:\/\/news.canadamotorjobs.com\/wp-content\/uploads\/2022\/10\/logo-canada-motor-jobs-1.png","width":800,"height":400,"caption":"Canada Motor Jobs"},"image":{"@id":"https:\/\/news.canadamotorjobs.com\/#\/schema\/logo\/image\/"},"sameAs":["https:\/\/www.facebook.com\/canadamotorjobs\/","https:\/\/x.com\/canadamotorjobs","https:\/\/www.instagram.com\/canadamotorjobs\/","https:\/\/www.linkedin.com\/company\/canadamotorjobs"]},{"@type":"Person","@id":"https:\/\/news.canadamotorjobs.com\/#\/schema\/person\/51793d1f87d44011d7bcc2ed99269a90","name":"Benoit Charette","image":{"@type":"ImageObject","inLanguage":"fr-CA","@id":"https:\/\/news.canadamotorjobs.com\/#\/schema\/person\/image\/","url":"https:\/\/secure.gravatar.com\/avatar\/45f3d2eebcccd909668d7ce7ea7267b6?s=96&d=mm&r=g","contentUrl":"https:\/\/secure.gravatar.com\/avatar\/45f3d2eebcccd909668d7ce7ea7267b6?s=96&d=mm&r=g","caption":"Benoit Charette"},"description":"Benoit Charette \/ Propri\u00e9taire et r\u00e9dacteur en chef Benoit Charette pratique le journalisme automobile depuis bient\u00f4t 30 ans. Il a fait ses classes au c\u00f4t\u00e9 de Daniel H\u00e9raud et au Carnet de route de 1992 \u00e0 2001. Il est fondateur, copropri\u00e9taire et r\u00e9dacteur en chef de L\u2019Annuel de l\u2019automobile, qu\u2019il publie depuis 2001. Il a anim\u00e9 les \u00e9missions RPM et RPM+ sur V et les L\u00e9gendes de la route sur Historia. \u00c0 la radio depuis 1986, il reprend l\u2019antenne cette ann\u00e9e sur les ondes de Cogeco et participe pour la deuxi\u00e8me ann\u00e9e \u00e0 l\u2019\u00e9mission Passion Auto sur RDS en plus de mettre en ligne le site Web officiel de L\u2019Annuel de l\u2019automobile sur annuelauto.ca.","sameAs":["https:\/\/annuelauto.ca\/"],"url":"https:\/\/news.canadamotorjobs.com\/fr\/author\/benoit-charette\/"}]}},"_links":{"self":[{"href":"https:\/\/news.canadamotorjobs.com\/fr\/wp-json\/wp\/v2\/posts\/155665"}],"collection":[{"href":"https:\/\/news.canadamotorjobs.com\/fr\/wp-json\/wp\/v2\/posts"}],"about":[{"href":"https:\/\/news.canadamotorjobs.com\/fr\/wp-json\/wp\/v2\/types\/post"}],"author":[{"embeddable":true,"href":"https:\/\/news.canadamotorjobs.com\/fr\/wp-json\/wp\/v2\/users\/8"}],"replies":[{"embeddable":true,"href":"https:\/\/news.canadamotorjobs.com\/fr\/wp-json\/wp\/v2\/comments?post=155665"}],"version-history":[{"count":2,"href":"https:\/\/news.canadamotorjobs.com\/fr\/wp-json\/wp\/v2\/posts\/155665\/revisions"}],"predecessor-version":[{"id":155669,"href":"https:\/\/news.canadamotorjobs.com\/fr\/wp-json\/wp\/v2\/posts\/155665\/revisions\/155669"}],"wp:featuredmedia":[{"embeddable":true,"href":"https:\/\/news.canadamotorjobs.com\/fr\/wp-json\/wp\/v2\/media\/155667"}],"wp:attachment":[{"href":"https:\/\/news.canadamotorjobs.com\/fr\/wp-json\/wp\/v2\/media?parent=155665"}],"wp:term":[{"taxonomy":"category","embeddable":true,"href":"https:\/\/news.canadamotorjobs.com\/fr\/wp-json\/wp\/v2\/categories?post=155665"},{"taxonomy":"post_tag","embeddable":true,"href":"https:\/\/news.canadamotorjobs.com\/fr\/wp-json\/wp\/v2\/tags?post=155665"}],"curies":[{"name":"wp","href":"https:\/\/api.w.org\/{rel}","templated":true}]}}