{"id":155646,"date":"2023-12-17T21:05:52","date_gmt":"2023-12-18T02:05:52","guid":{"rendered":"https:\/\/news.canadamotorjobs.com\/?p=155646"},"modified":"2023-12-17T21:30:43","modified_gmt":"2023-12-18T02:30:43","slug":"ferrari-fera-bientot-son-entree-dans-les-cinemas","status":"publish","type":"post","link":"https:\/\/news.canadamotorjobs.com\/fr\/ferrari-fera-bientot-son-entree-dans-les-cinemas\/","title":{"rendered":"Ferrari fera bient\u00f4t son entr\u00e9e dans les cin\u00e9mas"},"content":{"rendered":"<\/p>\n<p>Le <a href=\"https:\/\/annuelauto.ca\/cette-lamborghini-vaut-entre-15-et-2-millions-us-selon-bonhams\/\" target=\"_blank\" rel=\"noopener noreferrer\">film<\/a> <em>Ferrari<\/em> nous ram\u00e8ne \u00e0 l\u2019\u00e9t\u00e9 1957. L\u2019engouement pour les courses de Formule 1 grandit (le championnat de F1 a \u00e9t\u00e9 cr\u00e9\u00e9 en 1950), mais l\u2019industriel italien et ex-pilote <a href=\"https:\/\/annuelauto.ca\/18-fevrier-1898-naissance-denzo-ferrari\/\" target=\"_blank\" rel=\"noopener noreferrer\">Enzo Ferrari<\/a> est en crise. La faillite guette l&#8217;entreprise qu\u2019il a fond\u00e9e dix ans plus t\u00f4t avec Laura, celle qu\u2019il a \u00e9pous\u00e9e en 1923.<\/p>\n<p>C\u2019est un moment o\u00f9 leur mariage tumultueux est mis \u00e0 l\u2019\u00e9preuve depuis le d\u00e9c\u00e8s de leur fils, Dino, qu\u2019une grave maladie g\u00e9n\u00e9tique, la myopathie de Duchenne, a emport\u00e9 \u00e0 24\u00a0ans, en juin\u00a01956. Enzo reste r\u00e9ticent, aussi, \u00e0 reconna\u00eetre son autre fils, Piero, n\u00e9 d&#8217;une union cach\u00e9e amorc\u00e9e dans les ann\u00e9es 30 avec Lina Lardi, qu\u2019il a rencontr\u00e9e chez Carrozzeria Orlandi, \u00e0 Mod\u00e8ne.<\/p>\n<h3><strong>Derni\u00e8re course des <em>Mille Miglia<\/em><\/strong><\/h3>\n<p>\nPour remettre son entreprise \u00e0 flot, la soif de gagner poussera le Commendatore \u00e0 tout miser sur les Mille Miglia, cette p\u00e9rilleuse course de 1000\u00a0milles disput\u00e9e \u00e0 travers l\u2019Italie, les 11\u00a0et 12\u00a0mai\u00a01957. Cette course, que le pilote Piero Taruffi de la <a href=\"https:\/\/annuelauto.ca\/1er-septembre-1929-creation-de-scuderia-ferrari\/\" target=\"_blank\" rel=\"noopener noreferrer\">Scuderia Ferrari<\/a> remportera brillamment, sera d\u2019ailleurs la derni\u00e8re \u00e9dition des <em>Mille Miglia<\/em> en raison de nombreux accidents graves entra\u00eenant la mort de deux pilotes et d\u2019une dizaine de spectateurs.<\/p>\n<p>R\u00e9alis\u00e9 par Michael Mann, ce drame biographique a \u00e9t\u00e9 bas\u00e9 sur le livre <em>Enzo Ferrari: The Man, The Cars, The Races, The Machine<\/em> \u00e9crit par l&#8217;auteur \u00e9tatsunien Brock Yates, en 1991.<\/p>\n<h3><strong>Plonger dans le quotidien des protagonistes<\/strong><\/h3>\n<p>\nLe dossier de presse du film nous apprend, en outre, que Michael Mann s\u2019est impr\u00e9gn\u00e9 du quotidien des protagonistes. Il affirme\u00a0: \u00ab\u00a0Bien avant de tourner <em>Ferrari<\/em>, j&#8217;ai pu parcourir les appartements d&#8217;Enzo, consulter son journal intime, conna\u00eetre ses habitudes, m&#8217;\u00e9merveiller devant le papier peint de la chambre de Laura o\u00f9 elle a pass\u00e9 les derni\u00e8res ann\u00e9es de sa vie, interroger leur m\u00e9decin, rencontrer la ni\u00e8ce de Lina et comprendre ses habitudes et sa modernit\u00e9, m&#8217;asseoir dans le fauteuil de barbier d&#8217;Enzo, parcourir les trottoirs de son quartier et le d\u00e9couvrir, explorer la m\u00e9canique rutilante du V12 de Lampredi et l\u2019architecture des voitures de course des ann\u00e9es\u00a050 et, surtout, dialoguer avec le fils d&#8217;Enzo, Piero, de qui j&#8217;ai tant appris.\u00a0\u00bb<\/p>\n<p>Le film <em>Ferrari<\/em> met en vedette Adam Driver dans le r\u00f4le-titre, Pen\u00e9lope Cruz dans le r\u00f4le de Laura Ferrari et Shailene Woodley dans celui de Lina Lardi. On verra \u00e0 leurs c\u00f4t\u00e9s Sarah Gadon (Linda Christian), Jack O&#8217;Connell (Peter Collins) et Patrick Dempsey (Piero Taruffi). D\u2019une dur\u00e9e de 2\u00a0h\u00a010, ce film fera ses d\u00e9buts dans les cin\u00e9mas qu\u00e9b\u00e9cois le 25\u00a0d\u00e9cembre 2023.<\/p>\n<h3><strong>Un film sur la course automobile n\u2019attend pas l\u2019autre\u00a0!<\/strong><\/h3>\n<p>\nLes passionn\u00e9s du monde automobile qui sont \u00e9galement cin\u00e9philes seront d\u2019ailleurs bien servis dans les prochaines semaines. En effet, le 5\u00a0janvier 2024, ils pourront \u00e9galement visionner le film <em>Race for Glory\u00a0: Audi vs. Lancia<\/em>. Ce long m\u00e9trage raconte l\u2019aventure de la Lancia Rally 037 avec laquelle son constructeur italien s\u2019est oppos\u00e9 \u00e0 Audi et ses bolides dans le championnat mondial de Rallye de 1983.<\/p>\n<p>Photos : STX Films\/Lorenzo Sisti et Ferrari<\/p>\n<p>Le texte <a rel=\"nofollow\" href=\"https:\/\/annuelauto.ca\/ferrari-fera-bientot-son-entree-dans-les-cinemas\/\">Ferrari fera bient\u00f4t son entr\u00e9e dans les cin\u00e9mas<\/a> provient de <a rel=\"nofollow\" href=\"https:\/\/annuelauto.ca\">L&#8217;annuel de l&#8217;automobile &#8211; Actualit\u00e9 automobile<\/a><\/p>\n<p><\/p>\n","protected":false},"excerpt":{"rendered":"<p>Le film Ferrari nous ram\u00e8ne \u00e0 l\u2019\u00e9t\u00e9 1957. L\u2019engouement pour les courses de Formule 1 grandit (le championnat de F1 a \u00e9t\u00e9 cr\u00e9\u00e9 en 1950), mais l\u2019industriel italien et ex-pilote Enzo Ferrari est en crise. La faillite guette l&#8217;entreprise qu\u2019il a fond\u00e9e dix ans plus t\u00f4t avec Laura, celle qu\u2019il a \u00e9pous\u00e9e en 1923. C\u2019est [&hellip;]<\/p>\n","protected":false},"author":8,"featured_media":155648,"comment_status":"close","ping_status":"closed","sticky":false,"template":"","format":"standard","meta":{"_monsterinsights_skip_tracking":false,"_monsterinsights_sitenote_active":false,"_monsterinsights_sitenote_note":"","_monsterinsights_sitenote_category":0,"footnotes":""},"categories":[101],"tags":[],"yoast_head":"<!-- This site is optimized with the Yoast SEO plugin v23.2 - https:\/\/yoast.com\/wordpress\/plugins\/seo\/ -->\n<title>Ferrari fera bient\u00f4t son entr\u00e9e dans les cin\u00e9mas - CanadaMotorJobs.com<\/title>\n<meta name=\"description\" content=\"Ferrari fera bient\u00f4t son entr\u00e9e dans les cin\u00e9mas - Benoit Charette - Annuel automobile - CanadaMotorJobs.com.\" \/>\n<meta name=\"robots\" content=\"index, follow, max-snippet:-1, max-image-preview:large, max-video-preview:-1\" \/>\n<meta property=\"og:locale\" content=\"fr_CA\" \/>\n<meta property=\"og:type\" content=\"article\" \/>\n<meta property=\"og:title\" content=\"Ferrari fera bient\u00f4t son entr\u00e9e dans les cin\u00e9mas - CanadaMotorJobs.com\" \/>\n<meta property=\"og:description\" content=\"Ferrari fera bient\u00f4t son entr\u00e9e dans les cin\u00e9mas - Benoit Charette - Annuel automobile - CanadaMotorJobs.com.\" \/>\n<meta property=\"og:url\" content=\"https:\/\/news.canadamotorjobs.com\/fr\/ferrari-fera-bientot-son-entree-dans-les-cinemas\/\" \/>\n<meta property=\"og:site_name\" content=\"CanadaMotorJobs.com\" \/>\n<meta property=\"article:publisher\" content=\"https:\/\/www.facebook.com\/canadamotorjobs\/\" \/>\n<meta property=\"article:published_time\" content=\"2023-12-18T02:05:52+00:00\" \/>\n<meta property=\"article:modified_time\" content=\"2023-12-18T02:30:43+00:00\" \/>\n<meta property=\"og:image\" content=\"https:\/\/news.canadamotorjobs.com\/wp-content\/uploads\/2023\/12\/Film-Ferrari-0.jpg\" \/>\n\t<meta property=\"og:image:width\" content=\"1024\" \/>\n\t<meta property=\"og:image:height\" content=\"640\" \/>\n\t<meta property=\"og:image:type\" content=\"image\/jpeg\" \/>\n<meta name=\"author\" content=\"Benoit Charette\" \/>\n<meta name=\"twitter:card\" content=\"summary_large_image\" \/>\n<meta name=\"twitter:creator\" content=\"@canadamotorjobs\" \/>\n<meta name=\"twitter:site\" content=\"@canadamotorjobs\" \/>\n<meta name=\"twitter:label1\" content=\"\u00c9crit par\" \/>\n\t<meta name=\"twitter:data1\" content=\"Benoit Charette\" \/>\n\t<meta name=\"twitter:label2\" content=\"Estimation du temps de lecture\" \/>\n\t<meta name=\"twitter:data2\" content=\"3 minutes\" \/>\n<!-- \/ Yoast SEO plugin. -->","yoast_head_json":{"title":"Ferrari fera bient\u00f4t son entr\u00e9e dans les cin\u00e9mas - CanadaMotorJobs.com","description":"Ferrari fera bient\u00f4t son entr\u00e9e dans les cin\u00e9mas - Benoit Charette - Annuel automobile - CanadaMotorJobs.com.","robots":{"index":"index","follow":"follow","max-snippet":"max-snippet:-1","max-image-preview":"max-image-preview:large","max-video-preview":"max-video-preview:-1"},"og_locale":"fr_CA","og_type":"article","og_title":"Ferrari fera bient\u00f4t son entr\u00e9e dans les cin\u00e9mas - CanadaMotorJobs.com","og_description":"Ferrari fera bient\u00f4t son entr\u00e9e dans les cin\u00e9mas - Benoit Charette - Annuel automobile - CanadaMotorJobs.com.","og_url":"https:\/\/news.canadamotorjobs.com\/fr\/ferrari-fera-bientot-son-entree-dans-les-cinemas\/","og_site_name":"CanadaMotorJobs.com","article_publisher":"https:\/\/www.facebook.com\/canadamotorjobs\/","article_published_time":"2023-12-18T02:05:52+00:00","article_modified_time":"2023-12-18T02:30:43+00:00","og_image":[{"width":1024,"height":640,"url":"https:\/\/news.canadamotorjobs.com\/wp-content\/uploads\/2023\/12\/Film-Ferrari-0.jpg","type":"image\/jpeg"}],"author":"Benoit Charette","twitter_card":"summary_large_image","twitter_creator":"@canadamotorjobs","twitter_site":"@canadamotorjobs","twitter_misc":{"\u00c9crit par":"Benoit Charette","Estimation du temps de lecture":"3 minutes"},"schema":{"@context":"https:\/\/schema.org","@graph":[{"@type":"Article","@id":"https:\/\/news.canadamotorjobs.com\/fr\/ferrari-fera-bientot-son-entree-dans-les-cinemas\/#article","isPartOf":{"@id":"https:\/\/news.canadamotorjobs.com\/fr\/ferrari-fera-bientot-son-entree-dans-les-cinemas\/"},"author":{"name":"Benoit Charette","@id":"https:\/\/news.canadamotorjobs.com\/#\/schema\/person\/51793d1f87d44011d7bcc2ed99269a90"},"headline":"Ferrari fera bient\u00f4t son entr\u00e9e dans les cin\u00e9mas","datePublished":"2023-12-18T02:05:52+00:00","dateModified":"2023-12-18T02:30:43+00:00","mainEntityOfPage":{"@id":"https:\/\/news.canadamotorjobs.com\/fr\/ferrari-fera-bientot-son-entree-dans-les-cinemas\/"},"wordCount":576,"publisher":{"@id":"https:\/\/news.canadamotorjobs.com\/#organization"},"image":{"@id":"https:\/\/news.canadamotorjobs.com\/fr\/ferrari-fera-bientot-son-entree-dans-les-cinemas\/#primaryimage"},"thumbnailUrl":"https:\/\/news.canadamotorjobs.com\/wp-content\/uploads\/2023\/12\/Film-Ferrari-0.jpg","articleSection":["Annuel automobile"],"inLanguage":"fr-CA"},{"@type":"WebPage","@id":"https:\/\/news.canadamotorjobs.com\/fr\/ferrari-fera-bientot-son-entree-dans-les-cinemas\/","url":"https:\/\/news.canadamotorjobs.com\/fr\/ferrari-fera-bientot-son-entree-dans-les-cinemas\/","name":"Ferrari fera bient\u00f4t son entr\u00e9e dans les cin\u00e9mas - CanadaMotorJobs.com","isPartOf":{"@id":"https:\/\/news.canadamotorjobs.com\/#website"},"primaryImageOfPage":{"@id":"https:\/\/news.canadamotorjobs.com\/fr\/ferrari-fera-bientot-son-entree-dans-les-cinemas\/#primaryimage"},"image":{"@id":"https:\/\/news.canadamotorjobs.com\/fr\/ferrari-fera-bientot-son-entree-dans-les-cinemas\/#primaryimage"},"thumbnailUrl":"https:\/\/news.canadamotorjobs.com\/wp-content\/uploads\/2023\/12\/Film-Ferrari-0.jpg","datePublished":"2023-12-18T02:05:52+00:00","dateModified":"2023-12-18T02:30:43+00:00","description":"Ferrari fera bient\u00f4t son entr\u00e9e dans les cin\u00e9mas - Benoit Charette - Annuel automobile - CanadaMotorJobs.com.","breadcrumb":{"@id":"https:\/\/news.canadamotorjobs.com\/fr\/ferrari-fera-bientot-son-entree-dans-les-cinemas\/#breadcrumb"},"inLanguage":"fr-CA","potentialAction":[{"@type":"ReadAction","target":["https:\/\/news.canadamotorjobs.com\/fr\/ferrari-fera-bientot-son-entree-dans-les-cinemas\/"]}]},{"@type":"ImageObject","inLanguage":"fr-CA","@id":"https:\/\/news.canadamotorjobs.com\/fr\/ferrari-fera-bientot-son-entree-dans-les-cinemas\/#primaryimage","url":"https:\/\/news.canadamotorjobs.com\/wp-content\/uploads\/2023\/12\/Film-Ferrari-0.jpg","contentUrl":"https:\/\/news.canadamotorjobs.com\/wp-content\/uploads\/2023\/12\/Film-Ferrari-0.jpg","width":1024,"height":640},{"@type":"BreadcrumbList","@id":"https:\/\/news.canadamotorjobs.com\/fr\/ferrari-fera-bientot-son-entree-dans-les-cinemas\/#breadcrumb","itemListElement":[{"@type":"ListItem","position":1,"name":"Home","item":"https:\/\/news.canadamotorjobs.com\/fr\/blog\/"},{"@type":"ListItem","position":2,"name":"Ferrari fera bient\u00f4t son entr\u00e9e dans les cin\u00e9mas"}]},{"@type":"WebSite","@id":"https:\/\/news.canadamotorjobs.com\/#website","url":"https:\/\/news.canadamotorjobs.com\/","name":"CanadaMotorJobs.com","description":"Automotive Jobs","publisher":{"@id":"https:\/\/news.canadamotorjobs.com\/#organization"},"potentialAction":[{"@type":"SearchAction","target":{"@type":"EntryPoint","urlTemplate":"https:\/\/news.canadamotorjobs.com\/?s={search_term_string}"},"query-input":"required name=search_term_string"}],"inLanguage":"fr-CA"},{"@type":"Organization","@id":"https:\/\/news.canadamotorjobs.com\/#organization","name":"Canada Motor Jobs","url":"https:\/\/news.canadamotorjobs.com\/","logo":{"@type":"ImageObject","inLanguage":"fr-CA","@id":"https:\/\/news.canadamotorjobs.com\/#\/schema\/logo\/image\/","url":"https:\/\/news.canadamotorjobs.com\/wp-content\/uploads\/2022\/10\/logo-canada-motor-jobs-1.png","contentUrl":"https:\/\/news.canadamotorjobs.com\/wp-content\/uploads\/2022\/10\/logo-canada-motor-jobs-1.png","width":800,"height":400,"caption":"Canada Motor Jobs"},"image":{"@id":"https:\/\/news.canadamotorjobs.com\/#\/schema\/logo\/image\/"},"sameAs":["https:\/\/www.facebook.com\/canadamotorjobs\/","https:\/\/x.com\/canadamotorjobs","https:\/\/www.instagram.com\/canadamotorjobs\/","https:\/\/www.linkedin.com\/company\/canadamotorjobs"]},{"@type":"Person","@id":"https:\/\/news.canadamotorjobs.com\/#\/schema\/person\/51793d1f87d44011d7bcc2ed99269a90","name":"Benoit Charette","image":{"@type":"ImageObject","inLanguage":"fr-CA","@id":"https:\/\/news.canadamotorjobs.com\/#\/schema\/person\/image\/","url":"https:\/\/secure.gravatar.com\/avatar\/45f3d2eebcccd909668d7ce7ea7267b6?s=96&d=mm&r=g","contentUrl":"https:\/\/secure.gravatar.com\/avatar\/45f3d2eebcccd909668d7ce7ea7267b6?s=96&d=mm&r=g","caption":"Benoit Charette"},"description":"Benoit Charette \/ Propri\u00e9taire et r\u00e9dacteur en chef Benoit Charette pratique le journalisme automobile depuis bient\u00f4t 30 ans. Il a fait ses classes au c\u00f4t\u00e9 de Daniel H\u00e9raud et au Carnet de route de 1992 \u00e0 2001. Il est fondateur, copropri\u00e9taire et r\u00e9dacteur en chef de L\u2019Annuel de l\u2019automobile, qu\u2019il publie depuis 2001. Il a anim\u00e9 les \u00e9missions RPM et RPM+ sur V et les L\u00e9gendes de la route sur Historia. \u00c0 la radio depuis 1986, il reprend l\u2019antenne cette ann\u00e9e sur les ondes de Cogeco et participe pour la deuxi\u00e8me ann\u00e9e \u00e0 l\u2019\u00e9mission Passion Auto sur RDS en plus de mettre en ligne le site Web officiel de L\u2019Annuel de l\u2019automobile sur annuelauto.ca.","sameAs":["https:\/\/annuelauto.ca\/"],"url":"https:\/\/news.canadamotorjobs.com\/fr\/author\/benoit-charette\/"}]}},"_links":{"self":[{"href":"https:\/\/news.canadamotorjobs.com\/fr\/wp-json\/wp\/v2\/posts\/155646"}],"collection":[{"href":"https:\/\/news.canadamotorjobs.com\/fr\/wp-json\/wp\/v2\/posts"}],"about":[{"href":"https:\/\/news.canadamotorjobs.com\/fr\/wp-json\/wp\/v2\/types\/post"}],"author":[{"embeddable":true,"href":"https:\/\/news.canadamotorjobs.com\/fr\/wp-json\/wp\/v2\/users\/8"}],"replies":[{"embeddable":true,"href":"https:\/\/news.canadamotorjobs.com\/fr\/wp-json\/wp\/v2\/comments?post=155646"}],"version-history":[{"count":2,"href":"https:\/\/news.canadamotorjobs.com\/fr\/wp-json\/wp\/v2\/posts\/155646\/revisions"}],"predecessor-version":[{"id":155650,"href":"https:\/\/news.canadamotorjobs.com\/fr\/wp-json\/wp\/v2\/posts\/155646\/revisions\/155650"}],"wp:featuredmedia":[{"embeddable":true,"href":"https:\/\/news.canadamotorjobs.com\/fr\/wp-json\/wp\/v2\/media\/155648"}],"wp:attachment":[{"href":"https:\/\/news.canadamotorjobs.com\/fr\/wp-json\/wp\/v2\/media?parent=155646"}],"wp:term":[{"taxonomy":"category","embeddable":true,"href":"https:\/\/news.canadamotorjobs.com\/fr\/wp-json\/wp\/v2\/categories?post=155646"},{"taxonomy":"post_tag","embeddable":true,"href":"https:\/\/news.canadamotorjobs.com\/fr\/wp-json\/wp\/v2\/tags?post=155646"}],"curies":[{"name":"wp","href":"https:\/\/api.w.org\/{rel}","templated":true}]}}