{"id":155627,"date":"2023-12-17T09:04:46","date_gmt":"2023-12-17T14:04:46","guid":{"rendered":"https:\/\/news.canadamotorjobs.com\/?p=155627"},"modified":"2023-12-17T09:05:57","modified_gmt":"2023-12-17T14:05:57","slug":"une-nouvelle-autoroute-a-peage-de-la-floride-chargera-les-vehicules-electriques-pendant-quils-roulent","status":"publish","type":"post","link":"https:\/\/news.canadamotorjobs.com\/fr\/une-nouvelle-autoroute-a-peage-de-la-floride-chargera-les-vehicules-electriques-pendant-quils-roulent\/","title":{"rendered":"Une nouvelle autoroute \u00e0 p\u00e9age de la Floride chargera les v\u00e9hicules \u00e9lectriques pendant qu\u2019ils roulent"},"content":{"rendered":"<\/p>\n<p>La section de l&#8217;autoroute d&#8217;\u00c9tat 516 sera \u00e9lectrifi\u00e9e pour permettre \u00e0 une flotte de voitures test de se recharger, mais l&#8217;installation pourrait \u00eatre \u00e9tendue \u00e0 toutes les voitures \u00e9lectriques. Il faut toujours plus de temps pour recharger une voiture \u00e9lectrique qu&#8217;il n&#8217;en faut pour faire le plein d&#8217;une voiture \u00e0 essence, et il n&#8217;y a pas toujours de point de charge disponible (ou fonctionnel) lorsque vous en avez besoin. Ne serait-il pas plus facile de recharger pendant que vous conduisez ?<\/p>\n<p>Les conducteurs de voitures \u00e9lectriques en Floride centrale viennent de se rapprocher un peu plus de la r\u00e9alisation de ce r\u00eave de science-fiction, car l&#8217;\u00c9tat vient d&#8217;approuver une nouvelle autoroute \u00e0 p\u00e9age qui comprendra une section \u00e9lectrifi\u00e9e capable de charger les voitures \u00e9lectriques. \u00c0 nommer Autoroute d&#8217;\u00c9tat 516, le lien est-ouest relie la route 27 du comt\u00e9 de Lake et la route d&#8217;\u00c9tat 429 du comt\u00e9 d&#8217;Orange.<\/p>\n<p>La nouvelle autoroute est un projet commun entre l&#8217;autorit\u00e9 des autoroutes de la Floride centrale (CFX) et ASPIRE, dont le nom complet est vraiment long et pas si important &#8211; la chose principale que vous devez savoir, c&#8217;est qu&#8217;ils sont ceux qui apportent la technologie de charge inductive ENRX. Le syst\u00e8me fonctionne un peu comme celui utilis\u00e9 dans votre brosse \u00e0 dents \u00e9lectrique ou le chargeur de t\u00e9l\u00e9phone sans fil dans votre voiture, et envoie de l&#8217;\u00e9nergie depuis des bobines pr\u00e9-assembl\u00e9es dans la surface de la route vers un coussin r\u00e9cepteur sous le v\u00e9hicule.<\/p>\n<p>ENRX a d\u00e9j\u00e0 particip\u00e9 \u00e0 plusieurs essais en Europe remontant \u00e0 25 ans et fournissant 180 kW d&#8217;\u00e9nergie aux voitures \u00e9lectriques que la route d\u00e9tecte automatiquement en mouvement au-dessus d&#8217;elle. La soci\u00e9t\u00e9 affirme que l&#8217;\u00e9quipement est capable de charger des voitures \u00e9lectriques, des fourgonnettes, des camions et des autobus, et n&#8217;aura aucun impact n\u00e9gatif sur les v\u00e9hicules non \u00e9lectrifi\u00e9s.<\/p>\n<p>Cela semble prometteur, bien que, avant de nous emballer trop, il convient de souligner que seule une mile (1,6 km) sur les 5 miles (8 km) pr\u00e9vus de l&#8217;autoroute sera \u00e9lectrifi\u00e9e, et qu&#8217;elle pourra initialement uniquement recharger une petite flotte de v\u00e9hicules de test. Mais \u00e0 terme, la CFX esp\u00e8re proposer le service de charge \u00e0 tous les conducteurs de v\u00e9hicules \u00e9lectriques. Cependant, ce ne sera pas la premi\u00e8re route de charge inductive en Am\u00e9rique. Cet honneur revient \u00e0 un tron\u00e7on d&#8217;un quart de mile (400 m) \u00e0 D\u00e9troit, ouvert le mois dernier.<\/p>\n<p>Bien que l&#8217;autoroute \u00e0 p\u00e9age de 534 millions de dollars traverse des espaces verts, des dispositions sont prises pour la nature avec un passage souterrain pour la faune ainsi que des sentiers pour les coureurs et les marcheurs. Mais on esp\u00e8re \u00e9galement que la route aura un \u00e9norme b\u00e9n\u00e9fice \u00e9conomique en reliant deux des r\u00e9gions \u00e0 la croissance la plus rapide en Floride. Le tron\u00e7on d\u2019autoroute devrait \u00eatre termin\u00e9 en 2027.<\/p>\n<p>Avec des renseignements de carscoops<\/p>\n<p>Le texte <a rel=\"nofollow\" href=\"https:\/\/annuelauto.ca\/une-nouvelle-autoroute-a-peage-de-la-floride-chargera-les-vehicules-electriques-pendant-quils-roulent\/\">Une nouvelle autoroute \u00e0 p\u00e9age de la Floride chargera les v\u00e9hicules \u00e9lectriques pendant qu\u2019ils roulent<\/a> provient de <a rel=\"nofollow\" href=\"https:\/\/annuelauto.ca\">L&#8217;annuel de l&#8217;automobile &#8211; Actualit\u00e9 automobile<\/a><\/p>\n<p><\/p>\n","protected":false},"excerpt":{"rendered":"<p>La section de l&#8217;autoroute d&#8217;\u00c9tat 516 sera \u00e9lectrifi\u00e9e pour permettre \u00e0 une flotte de voitures test de se recharger, mais l&#8217;installation pourrait \u00eatre \u00e9tendue \u00e0 toutes les voitures \u00e9lectriques. Il faut toujours plus de temps pour recharger une voiture \u00e9lectrique qu&#8217;il n&#8217;en faut pour faire le plein d&#8217;une voiture \u00e0 essence, et il n&#8217;y a [&hellip;]<\/p>\n","protected":false},"author":8,"featured_media":155629,"comment_status":"close","ping_status":"closed","sticky":false,"template":"","format":"standard","meta":{"_monsterinsights_skip_tracking":false,"_monsterinsights_sitenote_active":false,"_monsterinsights_sitenote_note":"","_monsterinsights_sitenote_category":0,"footnotes":""},"categories":[101],"tags":[],"yoast_head":"<!-- This site is optimized with the Yoast SEO plugin v23.2 - https:\/\/yoast.com\/wordpress\/plugins\/seo\/ -->\n<title>Une nouvelle autoroute \u00e0 p\u00e9age de la Floride chargera les v\u00e9hicules \u00e9lectriques pendant qu\u2019ils roulent - CanadaMotorJobs.com<\/title>\n<meta name=\"description\" content=\"Une nouvelle autoroute \u00e0 p\u00e9age de la Floride chargera les v\u00e9hicules \u00e9lectriques pendant qu\u2019ils roulent - Benoit Charette - Annuel automobile - CanadaMotorJobs.com.\" \/>\n<meta name=\"robots\" content=\"index, follow, max-snippet:-1, max-image-preview:large, max-video-preview:-1\" \/>\n<meta property=\"og:locale\" content=\"fr_CA\" \/>\n<meta property=\"og:type\" content=\"article\" \/>\n<meta property=\"og:title\" content=\"Une nouvelle autoroute \u00e0 p\u00e9age de la Floride chargera les v\u00e9hicules \u00e9lectriques pendant qu\u2019ils roulent - CanadaMotorJobs.com\" \/>\n<meta property=\"og:description\" content=\"Une nouvelle autoroute \u00e0 p\u00e9age de la Floride chargera les v\u00e9hicules \u00e9lectriques pendant qu\u2019ils roulent - Benoit Charette - Annuel automobile - CanadaMotorJobs.com.\" \/>\n<meta property=\"og:url\" content=\"https:\/\/news.canadamotorjobs.com\/fr\/une-nouvelle-autoroute-a-peage-de-la-floride-chargera-les-vehicules-electriques-pendant-quils-roulent\/\" \/>\n<meta property=\"og:site_name\" content=\"CanadaMotorJobs.com\" \/>\n<meta property=\"article:publisher\" content=\"https:\/\/www.facebook.com\/canadamotorjobs\/\" \/>\n<meta property=\"article:published_time\" content=\"2023-12-17T14:04:46+00:00\" \/>\n<meta property=\"article:modified_time\" content=\"2023-12-17T14:05:57+00:00\" \/>\n<meta property=\"og:image\" content=\"https:\/\/news.canadamotorjobs.com\/wp-content\/uploads\/2023\/12\/0be23ac8-47ad-4ece-9c90-7cb4327dbd76-657b7974f09c0.jpg\" \/>\n\t<meta property=\"og:image:width\" content=\"798\" \/>\n\t<meta property=\"og:image:height\" content=\"449\" \/>\n\t<meta property=\"og:image:type\" content=\"image\/jpeg\" \/>\n<meta name=\"author\" content=\"Benoit Charette\" \/>\n<meta name=\"twitter:card\" content=\"summary_large_image\" \/>\n<meta name=\"twitter:creator\" content=\"@canadamotorjobs\" \/>\n<meta name=\"twitter:site\" content=\"@canadamotorjobs\" \/>\n<meta name=\"twitter:label1\" content=\"\u00c9crit par\" \/>\n\t<meta name=\"twitter:data1\" content=\"Benoit Charette\" \/>\n\t<meta name=\"twitter:label2\" content=\"Estimation du temps de lecture\" \/>\n\t<meta name=\"twitter:data2\" content=\"3 minutes\" \/>\n<!-- \/ Yoast SEO plugin. -->","yoast_head_json":{"title":"Une nouvelle autoroute \u00e0 p\u00e9age de la Floride chargera les v\u00e9hicules \u00e9lectriques pendant qu\u2019ils roulent - CanadaMotorJobs.com","description":"Une nouvelle autoroute \u00e0 p\u00e9age de la Floride chargera les v\u00e9hicules \u00e9lectriques pendant qu\u2019ils roulent - Benoit Charette - Annuel automobile - CanadaMotorJobs.com.","robots":{"index":"index","follow":"follow","max-snippet":"max-snippet:-1","max-image-preview":"max-image-preview:large","max-video-preview":"max-video-preview:-1"},"og_locale":"fr_CA","og_type":"article","og_title":"Une nouvelle autoroute \u00e0 p\u00e9age de la Floride chargera les v\u00e9hicules \u00e9lectriques pendant qu\u2019ils roulent - CanadaMotorJobs.com","og_description":"Une nouvelle autoroute \u00e0 p\u00e9age de la Floride chargera les v\u00e9hicules \u00e9lectriques pendant qu\u2019ils roulent - Benoit Charette - Annuel automobile - CanadaMotorJobs.com.","og_url":"https:\/\/news.canadamotorjobs.com\/fr\/une-nouvelle-autoroute-a-peage-de-la-floride-chargera-les-vehicules-electriques-pendant-quils-roulent\/","og_site_name":"CanadaMotorJobs.com","article_publisher":"https:\/\/www.facebook.com\/canadamotorjobs\/","article_published_time":"2023-12-17T14:04:46+00:00","article_modified_time":"2023-12-17T14:05:57+00:00","og_image":[{"width":798,"height":449,"url":"https:\/\/news.canadamotorjobs.com\/wp-content\/uploads\/2023\/12\/0be23ac8-47ad-4ece-9c90-7cb4327dbd76-657b7974f09c0.jpg","type":"image\/jpeg"}],"author":"Benoit Charette","twitter_card":"summary_large_image","twitter_creator":"@canadamotorjobs","twitter_site":"@canadamotorjobs","twitter_misc":{"\u00c9crit par":"Benoit Charette","Estimation du temps de lecture":"3 minutes"},"schema":{"@context":"https:\/\/schema.org","@graph":[{"@type":"Article","@id":"https:\/\/news.canadamotorjobs.com\/fr\/une-nouvelle-autoroute-a-peage-de-la-floride-chargera-les-vehicules-electriques-pendant-quils-roulent\/#article","isPartOf":{"@id":"https:\/\/news.canadamotorjobs.com\/fr\/une-nouvelle-autoroute-a-peage-de-la-floride-chargera-les-vehicules-electriques-pendant-quils-roulent\/"},"author":{"name":"Benoit Charette","@id":"https:\/\/news.canadamotorjobs.com\/#\/schema\/person\/51793d1f87d44011d7bcc2ed99269a90"},"headline":"Une nouvelle autoroute \u00e0 p\u00e9age de la Floride chargera les v\u00e9hicules \u00e9lectriques pendant qu\u2019ils roulent","datePublished":"2023-12-17T14:04:46+00:00","dateModified":"2023-12-17T14:05:57+00:00","mainEntityOfPage":{"@id":"https:\/\/news.canadamotorjobs.com\/fr\/une-nouvelle-autoroute-a-peage-de-la-floride-chargera-les-vehicules-electriques-pendant-quils-roulent\/"},"wordCount":546,"publisher":{"@id":"https:\/\/news.canadamotorjobs.com\/#organization"},"image":{"@id":"https:\/\/news.canadamotorjobs.com\/fr\/une-nouvelle-autoroute-a-peage-de-la-floride-chargera-les-vehicules-electriques-pendant-quils-roulent\/#primaryimage"},"thumbnailUrl":"https:\/\/news.canadamotorjobs.com\/wp-content\/uploads\/2023\/12\/0be23ac8-47ad-4ece-9c90-7cb4327dbd76-657b7974f09c0.jpg","articleSection":["Annuel automobile"],"inLanguage":"fr-CA"},{"@type":"WebPage","@id":"https:\/\/news.canadamotorjobs.com\/fr\/une-nouvelle-autoroute-a-peage-de-la-floride-chargera-les-vehicules-electriques-pendant-quils-roulent\/","url":"https:\/\/news.canadamotorjobs.com\/fr\/une-nouvelle-autoroute-a-peage-de-la-floride-chargera-les-vehicules-electriques-pendant-quils-roulent\/","name":"Une nouvelle autoroute \u00e0 p\u00e9age de la Floride chargera les v\u00e9hicules \u00e9lectriques pendant qu\u2019ils roulent - CanadaMotorJobs.com","isPartOf":{"@id":"https:\/\/news.canadamotorjobs.com\/#website"},"primaryImageOfPage":{"@id":"https:\/\/news.canadamotorjobs.com\/fr\/une-nouvelle-autoroute-a-peage-de-la-floride-chargera-les-vehicules-electriques-pendant-quils-roulent\/#primaryimage"},"image":{"@id":"https:\/\/news.canadamotorjobs.com\/fr\/une-nouvelle-autoroute-a-peage-de-la-floride-chargera-les-vehicules-electriques-pendant-quils-roulent\/#primaryimage"},"thumbnailUrl":"https:\/\/news.canadamotorjobs.com\/wp-content\/uploads\/2023\/12\/0be23ac8-47ad-4ece-9c90-7cb4327dbd76-657b7974f09c0.jpg","datePublished":"2023-12-17T14:04:46+00:00","dateModified":"2023-12-17T14:05:57+00:00","description":"Une nouvelle autoroute \u00e0 p\u00e9age de la Floride chargera les v\u00e9hicules \u00e9lectriques pendant qu\u2019ils roulent - Benoit Charette - Annuel automobile - CanadaMotorJobs.com.","breadcrumb":{"@id":"https:\/\/news.canadamotorjobs.com\/fr\/une-nouvelle-autoroute-a-peage-de-la-floride-chargera-les-vehicules-electriques-pendant-quils-roulent\/#breadcrumb"},"inLanguage":"fr-CA","potentialAction":[{"@type":"ReadAction","target":["https:\/\/news.canadamotorjobs.com\/fr\/une-nouvelle-autoroute-a-peage-de-la-floride-chargera-les-vehicules-electriques-pendant-quils-roulent\/"]}]},{"@type":"ImageObject","inLanguage":"fr-CA","@id":"https:\/\/news.canadamotorjobs.com\/fr\/une-nouvelle-autoroute-a-peage-de-la-floride-chargera-les-vehicules-electriques-pendant-quils-roulent\/#primaryimage","url":"https:\/\/news.canadamotorjobs.com\/wp-content\/uploads\/2023\/12\/0be23ac8-47ad-4ece-9c90-7cb4327dbd76-657b7974f09c0.jpg","contentUrl":"https:\/\/news.canadamotorjobs.com\/wp-content\/uploads\/2023\/12\/0be23ac8-47ad-4ece-9c90-7cb4327dbd76-657b7974f09c0.jpg","width":798,"height":449},{"@type":"BreadcrumbList","@id":"https:\/\/news.canadamotorjobs.com\/fr\/une-nouvelle-autoroute-a-peage-de-la-floride-chargera-les-vehicules-electriques-pendant-quils-roulent\/#breadcrumb","itemListElement":[{"@type":"ListItem","position":1,"name":"Home","item":"https:\/\/news.canadamotorjobs.com\/fr\/blog\/"},{"@type":"ListItem","position":2,"name":"Une nouvelle autoroute \u00e0 p\u00e9age de la Floride chargera les v\u00e9hicules \u00e9lectriques pendant qu\u2019ils roulent"}]},{"@type":"WebSite","@id":"https:\/\/news.canadamotorjobs.com\/#website","url":"https:\/\/news.canadamotorjobs.com\/","name":"CanadaMotorJobs.com","description":"Automotive Jobs","publisher":{"@id":"https:\/\/news.canadamotorjobs.com\/#organization"},"potentialAction":[{"@type":"SearchAction","target":{"@type":"EntryPoint","urlTemplate":"https:\/\/news.canadamotorjobs.com\/?s={search_term_string}"},"query-input":"required name=search_term_string"}],"inLanguage":"fr-CA"},{"@type":"Organization","@id":"https:\/\/news.canadamotorjobs.com\/#organization","name":"Canada Motor Jobs","url":"https:\/\/news.canadamotorjobs.com\/","logo":{"@type":"ImageObject","inLanguage":"fr-CA","@id":"https:\/\/news.canadamotorjobs.com\/#\/schema\/logo\/image\/","url":"https:\/\/news.canadamotorjobs.com\/wp-content\/uploads\/2022\/10\/logo-canada-motor-jobs-1.png","contentUrl":"https:\/\/news.canadamotorjobs.com\/wp-content\/uploads\/2022\/10\/logo-canada-motor-jobs-1.png","width":800,"height":400,"caption":"Canada Motor Jobs"},"image":{"@id":"https:\/\/news.canadamotorjobs.com\/#\/schema\/logo\/image\/"},"sameAs":["https:\/\/www.facebook.com\/canadamotorjobs\/","https:\/\/x.com\/canadamotorjobs","https:\/\/www.instagram.com\/canadamotorjobs\/","https:\/\/www.linkedin.com\/company\/canadamotorjobs"]},{"@type":"Person","@id":"https:\/\/news.canadamotorjobs.com\/#\/schema\/person\/51793d1f87d44011d7bcc2ed99269a90","name":"Benoit Charette","image":{"@type":"ImageObject","inLanguage":"fr-CA","@id":"https:\/\/news.canadamotorjobs.com\/#\/schema\/person\/image\/","url":"https:\/\/secure.gravatar.com\/avatar\/45f3d2eebcccd909668d7ce7ea7267b6?s=96&d=mm&r=g","contentUrl":"https:\/\/secure.gravatar.com\/avatar\/45f3d2eebcccd909668d7ce7ea7267b6?s=96&d=mm&r=g","caption":"Benoit Charette"},"description":"Benoit Charette \/ Propri\u00e9taire et r\u00e9dacteur en chef Benoit Charette pratique le journalisme automobile depuis bient\u00f4t 30 ans. Il a fait ses classes au c\u00f4t\u00e9 de Daniel H\u00e9raud et au Carnet de route de 1992 \u00e0 2001. Il est fondateur, copropri\u00e9taire et r\u00e9dacteur en chef de L\u2019Annuel de l\u2019automobile, qu\u2019il publie depuis 2001. Il a anim\u00e9 les \u00e9missions RPM et RPM+ sur V et les L\u00e9gendes de la route sur Historia. \u00c0 la radio depuis 1986, il reprend l\u2019antenne cette ann\u00e9e sur les ondes de Cogeco et participe pour la deuxi\u00e8me ann\u00e9e \u00e0 l\u2019\u00e9mission Passion Auto sur RDS en plus de mettre en ligne le site Web officiel de L\u2019Annuel de l\u2019automobile sur annuelauto.ca.","sameAs":["https:\/\/annuelauto.ca\/"],"url":"https:\/\/news.canadamotorjobs.com\/fr\/author\/benoit-charette\/"}]}},"_links":{"self":[{"href":"https:\/\/news.canadamotorjobs.com\/fr\/wp-json\/wp\/v2\/posts\/155627"}],"collection":[{"href":"https:\/\/news.canadamotorjobs.com\/fr\/wp-json\/wp\/v2\/posts"}],"about":[{"href":"https:\/\/news.canadamotorjobs.com\/fr\/wp-json\/wp\/v2\/types\/post"}],"author":[{"embeddable":true,"href":"https:\/\/news.canadamotorjobs.com\/fr\/wp-json\/wp\/v2\/users\/8"}],"replies":[{"embeddable":true,"href":"https:\/\/news.canadamotorjobs.com\/fr\/wp-json\/wp\/v2\/comments?post=155627"}],"version-history":[{"count":2,"href":"https:\/\/news.canadamotorjobs.com\/fr\/wp-json\/wp\/v2\/posts\/155627\/revisions"}],"predecessor-version":[{"id":155631,"href":"https:\/\/news.canadamotorjobs.com\/fr\/wp-json\/wp\/v2\/posts\/155627\/revisions\/155631"}],"wp:featuredmedia":[{"embeddable":true,"href":"https:\/\/news.canadamotorjobs.com\/fr\/wp-json\/wp\/v2\/media\/155629"}],"wp:attachment":[{"href":"https:\/\/news.canadamotorjobs.com\/fr\/wp-json\/wp\/v2\/media?parent=155627"}],"wp:term":[{"taxonomy":"category","embeddable":true,"href":"https:\/\/news.canadamotorjobs.com\/fr\/wp-json\/wp\/v2\/categories?post=155627"},{"taxonomy":"post_tag","embeddable":true,"href":"https:\/\/news.canadamotorjobs.com\/fr\/wp-json\/wp\/v2\/tags?post=155627"}],"curies":[{"name":"wp","href":"https:\/\/api.w.org\/{rel}","templated":true}]}}