{"id":155600,"date":"2023-12-16T08:34:40","date_gmt":"2023-12-16T13:34:40","guid":{"rendered":"https:\/\/news.canadamotorjobs.com\/?p=155600"},"modified":"2023-12-16T08:44:52","modified_gmt":"2023-12-16T13:44:52","slug":"gm-arrete-les-ventes-de-certains-camions-silverado-et-sierra","status":"publish","type":"post","link":"https:\/\/news.canadamotorjobs.com\/fr\/gm-arrete-les-ventes-de-certains-camions-silverado-et-sierra\/","title":{"rendered":"GM arr\u00eate les ventes de certains camions Silverado et Sierra"},"content":{"rendered":"<\/p>\n<p>General Motors a \u00e9mis un arr\u00eat de vente sur certains camions pleine grandeur, y compris les mod\u00e8les 2024 Chevrolet Silverado et son homologue GMC Sierra, en raison d&#8217;un probl\u00e8me de fissuration des panneaux de toit.<\/p>\n<h3><strong>La nature du probl\u00e8me et la r\u00e9ponse de GM<\/strong><\/h3>\n<p>\nBien qu&#8217;une solution temporaire soit couverte par la garantie, certains Chevrolet Silverado et GMC Sierra 2024 pr\u00e9sentent des fissures pr\u00e8s des ar\u00eates de toit. En raison de leur emplacement en hauteur et de leur proximit\u00e9 avec les garnitures, les premiers signes de fissuration pourraient \u00eatre difficiles \u00e0 remarquer.<\/p>\n<h3><strong>Confirmation de l&#8217;issue par GM<\/strong><\/h3>\n<p>\nUn porte-parole de GM a d\u00e9clar\u00e9 : &#8220;Nous pouvons confirmer qu&#8217;un petit nombre de camions Chevrolet Silverado et GMC Sierra pourraient avoir \u00e9t\u00e9 construits avec un d\u00e9faut de division du panneau de toit. Une demande d&#8217;arr\u00eat de vente est en place pendant que les v\u00e9hicules impact\u00e9s sont identifi\u00e9s et r\u00e9par\u00e9s.&#8221;<\/p>\n<h3><strong>Impact potentiel sur les v\u00e9hicules<\/strong><\/h3>\n<p>\nIl semble que la fissuration puisse conduire \u00e0 des d\u00e9chirures et permettre \u00e0 l&#8217;air de passer \u00e0 travers la t\u00f4le, selon des photos partag\u00e9es par gm-trucks.com. Si cela se produit, cela pourrait compromettre le confort des occupants, susciter des inqui\u00e9tudes concernant la r\u00e9sistance aux intemp\u00e9ries des camions et affecter les composants \u00e9lectroniques \u00e0 proximit\u00e9 du trou.<\/p>\n<h3><strong>R\u00e9paration et impacts sur les propri\u00e9taires actuels<\/strong><\/h3>\n<p>\nIl n&#8217;est pas encore clair si le probl\u00e8me affectera l&#8217;int\u00e9grit\u00e9 structurelle de la cabine du camion, mais environ 3 067 camions pourraient \u00eatre concern\u00e9s par ce probl\u00e8me. Des rapports indiquent que le probl\u00e8me a conduit \u00e0 un arr\u00eat de la vente de tous les v\u00e9hicules qui n&#8217;ont pas encore \u00e9t\u00e9 vendus. Pour ceux qui poss\u00e8dent d\u00e9j\u00e0 un Sierra ou Silverado 2024, une solution sera \u00e9galement couverte par la garantie.<\/p>\n<h3><strong>La solution propos\u00e9e<\/strong><\/h3>\n<p>\nMalheureusement, la solution semble impliquer un travail important et n\u00e9cessitera l&#8217;intervention d&#8217;un technicien de GM pour retirer toute garniture int\u00e9rieure du toit et souder \u00e0 l&#8217;arc la d\u00e9chirure. La section sera ensuite repeinte, et un mat\u00e9riau anticorrosion sera appliqu\u00e9 sur la couture pour \u00e9viter la rouille. Cette solution pourrait \u00e9galement \u00eatre appliqu\u00e9e aux v\u00e9hicules en stock chez les concessionnaires.<\/p>\n<h3><strong>Avenir et mises \u00e0 jour<\/strong><\/h3>\n<p>\n\u00c0 ce jour, aucun rappel officiel n&#8217;a \u00e9t\u00e9 \u00e9mis par General Motors. Il n&#8217;est pas encore clair si le probl\u00e8me affecte les camions r\u00e9guliers ou HD ou les deux. Une enqu\u00eate saura sans doute n\u00e9cessaire.<\/p>\n<p>\u00a0<\/p>\n<p>Avec des renseignements de carscoops<\/p>\n<p>\u00a0<\/p>\n<p>Le texte <a rel=\"nofollow\" href=\"https:\/\/annuelauto.ca\/gm-arrete-les-ventes-de-certains-camions-silverado-et-sierra\/\">GM arr\u00eate les ventes de certains camions Silverado et Sierra<\/a> provient de <a rel=\"nofollow\" href=\"https:\/\/annuelauto.ca\">L&#8217;annuel de l&#8217;automobile &#8211; Actualit\u00e9 automobile<\/a><\/p>\n<p><\/p>\n","protected":false},"excerpt":{"rendered":"<p>General Motors a \u00e9mis un arr\u00eat de vente sur certains camions pleine grandeur, y compris les mod\u00e8les 2024 Chevrolet Silverado et son homologue GMC Sierra, en raison d&#8217;un probl\u00e8me de fissuration des panneaux de toit. La nature du probl\u00e8me et la r\u00e9ponse de GM Bien qu&#8217;une solution temporaire soit couverte par la garantie, certains Chevrolet [&hellip;]<\/p>\n","protected":false},"author":8,"featured_media":155602,"comment_status":"close","ping_status":"closed","sticky":false,"template":"","format":"standard","meta":{"_monsterinsights_skip_tracking":false,"_monsterinsights_sitenote_active":false,"_monsterinsights_sitenote_note":"","_monsterinsights_sitenote_category":0,"footnotes":""},"categories":[101],"tags":[],"yoast_head":"<!-- This site is optimized with the Yoast SEO plugin v23.2 - https:\/\/yoast.com\/wordpress\/plugins\/seo\/ -->\n<title>GM arr\u00eate les ventes de certains camions Silverado et Sierra - CanadaMotorJobs.com<\/title>\n<meta name=\"description\" content=\"GM arr\u00eate les ventes de certains camions Silverado et Sierra - Benoit Charette - Annuel automobile - CanadaMotorJobs.com.\" \/>\n<meta name=\"robots\" content=\"index, follow, max-snippet:-1, max-image-preview:large, max-video-preview:-1\" \/>\n<meta property=\"og:locale\" content=\"fr_CA\" \/>\n<meta property=\"og:type\" content=\"article\" \/>\n<meta property=\"og:title\" content=\"GM arr\u00eate les ventes de certains camions Silverado et Sierra - CanadaMotorJobs.com\" \/>\n<meta property=\"og:description\" content=\"GM arr\u00eate les ventes de certains camions Silverado et Sierra - Benoit Charette - Annuel automobile - CanadaMotorJobs.com.\" \/>\n<meta property=\"og:url\" content=\"https:\/\/news.canadamotorjobs.com\/fr\/gm-arrete-les-ventes-de-certains-camions-silverado-et-sierra\/\" \/>\n<meta property=\"og:site_name\" content=\"CanadaMotorJobs.com\" \/>\n<meta property=\"article:publisher\" content=\"https:\/\/www.facebook.com\/canadamotorjobs\/\" \/>\n<meta property=\"article:published_time\" content=\"2023-12-16T13:34:40+00:00\" \/>\n<meta property=\"article:modified_time\" content=\"2023-12-16T13:44:52+00:00\" \/>\n<meta property=\"og:image\" content=\"https:\/\/news.canadamotorjobs.com\/wp-content\/uploads\/2023\/12\/2024-chevrolet-silverado-hd-zr2-3501681853555665.jpg\" \/>\n\t<meta property=\"og:image:width\" content=\"1600\" \/>\n\t<meta property=\"og:image:height\" content=\"1067\" \/>\n\t<meta property=\"og:image:type\" content=\"image\/jpeg\" \/>\n<meta name=\"author\" content=\"Benoit Charette\" \/>\n<meta name=\"twitter:card\" content=\"summary_large_image\" \/>\n<meta name=\"twitter:creator\" content=\"@canadamotorjobs\" \/>\n<meta name=\"twitter:site\" content=\"@canadamotorjobs\" \/>\n<meta name=\"twitter:label1\" content=\"\u00c9crit par\" \/>\n\t<meta name=\"twitter:data1\" content=\"Benoit Charette\" \/>\n\t<meta name=\"twitter:label2\" content=\"Estimation du temps de lecture\" \/>\n\t<meta name=\"twitter:data2\" content=\"2 minutes\" \/>\n<!-- \/ Yoast SEO plugin. -->","yoast_head_json":{"title":"GM arr\u00eate les ventes de certains camions Silverado et Sierra - CanadaMotorJobs.com","description":"GM arr\u00eate les ventes de certains camions Silverado et Sierra - Benoit Charette - Annuel automobile - CanadaMotorJobs.com.","robots":{"index":"index","follow":"follow","max-snippet":"max-snippet:-1","max-image-preview":"max-image-preview:large","max-video-preview":"max-video-preview:-1"},"og_locale":"fr_CA","og_type":"article","og_title":"GM arr\u00eate les ventes de certains camions Silverado et Sierra - CanadaMotorJobs.com","og_description":"GM arr\u00eate les ventes de certains camions Silverado et Sierra - Benoit Charette - Annuel automobile - CanadaMotorJobs.com.","og_url":"https:\/\/news.canadamotorjobs.com\/fr\/gm-arrete-les-ventes-de-certains-camions-silverado-et-sierra\/","og_site_name":"CanadaMotorJobs.com","article_publisher":"https:\/\/www.facebook.com\/canadamotorjobs\/","article_published_time":"2023-12-16T13:34:40+00:00","article_modified_time":"2023-12-16T13:44:52+00:00","og_image":[{"width":1600,"height":1067,"url":"https:\/\/news.canadamotorjobs.com\/wp-content\/uploads\/2023\/12\/2024-chevrolet-silverado-hd-zr2-3501681853555665.jpg","type":"image\/jpeg"}],"author":"Benoit Charette","twitter_card":"summary_large_image","twitter_creator":"@canadamotorjobs","twitter_site":"@canadamotorjobs","twitter_misc":{"\u00c9crit par":"Benoit Charette","Estimation du temps de lecture":"2 minutes"},"schema":{"@context":"https:\/\/schema.org","@graph":[{"@type":"Article","@id":"https:\/\/news.canadamotorjobs.com\/fr\/gm-arrete-les-ventes-de-certains-camions-silverado-et-sierra\/#article","isPartOf":{"@id":"https:\/\/news.canadamotorjobs.com\/fr\/gm-arrete-les-ventes-de-certains-camions-silverado-et-sierra\/"},"author":{"name":"Benoit Charette","@id":"https:\/\/news.canadamotorjobs.com\/#\/schema\/person\/51793d1f87d44011d7bcc2ed99269a90"},"headline":"GM arr\u00eate les ventes de certains camions Silverado et Sierra","datePublished":"2023-12-16T13:34:40+00:00","dateModified":"2023-12-16T13:44:52+00:00","mainEntityOfPage":{"@id":"https:\/\/news.canadamotorjobs.com\/fr\/gm-arrete-les-ventes-de-certains-camions-silverado-et-sierra\/"},"wordCount":470,"publisher":{"@id":"https:\/\/news.canadamotorjobs.com\/#organization"},"image":{"@id":"https:\/\/news.canadamotorjobs.com\/fr\/gm-arrete-les-ventes-de-certains-camions-silverado-et-sierra\/#primaryimage"},"thumbnailUrl":"https:\/\/news.canadamotorjobs.com\/wp-content\/uploads\/2023\/12\/2024-chevrolet-silverado-hd-zr2-3501681853555665.jpg","articleSection":["Annuel automobile"],"inLanguage":"fr-CA"},{"@type":"WebPage","@id":"https:\/\/news.canadamotorjobs.com\/fr\/gm-arrete-les-ventes-de-certains-camions-silverado-et-sierra\/","url":"https:\/\/news.canadamotorjobs.com\/fr\/gm-arrete-les-ventes-de-certains-camions-silverado-et-sierra\/","name":"GM arr\u00eate les ventes de certains camions Silverado et Sierra - CanadaMotorJobs.com","isPartOf":{"@id":"https:\/\/news.canadamotorjobs.com\/#website"},"primaryImageOfPage":{"@id":"https:\/\/news.canadamotorjobs.com\/fr\/gm-arrete-les-ventes-de-certains-camions-silverado-et-sierra\/#primaryimage"},"image":{"@id":"https:\/\/news.canadamotorjobs.com\/fr\/gm-arrete-les-ventes-de-certains-camions-silverado-et-sierra\/#primaryimage"},"thumbnailUrl":"https:\/\/news.canadamotorjobs.com\/wp-content\/uploads\/2023\/12\/2024-chevrolet-silverado-hd-zr2-3501681853555665.jpg","datePublished":"2023-12-16T13:34:40+00:00","dateModified":"2023-12-16T13:44:52+00:00","description":"GM arr\u00eate les ventes de certains camions Silverado et Sierra - Benoit Charette - Annuel automobile - CanadaMotorJobs.com.","breadcrumb":{"@id":"https:\/\/news.canadamotorjobs.com\/fr\/gm-arrete-les-ventes-de-certains-camions-silverado-et-sierra\/#breadcrumb"},"inLanguage":"fr-CA","potentialAction":[{"@type":"ReadAction","target":["https:\/\/news.canadamotorjobs.com\/fr\/gm-arrete-les-ventes-de-certains-camions-silverado-et-sierra\/"]}]},{"@type":"ImageObject","inLanguage":"fr-CA","@id":"https:\/\/news.canadamotorjobs.com\/fr\/gm-arrete-les-ventes-de-certains-camions-silverado-et-sierra\/#primaryimage","url":"https:\/\/news.canadamotorjobs.com\/wp-content\/uploads\/2023\/12\/2024-chevrolet-silverado-hd-zr2-3501681853555665.jpg","contentUrl":"https:\/\/news.canadamotorjobs.com\/wp-content\/uploads\/2023\/12\/2024-chevrolet-silverado-hd-zr2-3501681853555665.jpg","width":1600,"height":1067},{"@type":"BreadcrumbList","@id":"https:\/\/news.canadamotorjobs.com\/fr\/gm-arrete-les-ventes-de-certains-camions-silverado-et-sierra\/#breadcrumb","itemListElement":[{"@type":"ListItem","position":1,"name":"Home","item":"https:\/\/news.canadamotorjobs.com\/fr\/blog\/"},{"@type":"ListItem","position":2,"name":"GM arr\u00eate les ventes de certains camions Silverado et Sierra"}]},{"@type":"WebSite","@id":"https:\/\/news.canadamotorjobs.com\/#website","url":"https:\/\/news.canadamotorjobs.com\/","name":"CanadaMotorJobs.com","description":"Automotive Jobs","publisher":{"@id":"https:\/\/news.canadamotorjobs.com\/#organization"},"potentialAction":[{"@type":"SearchAction","target":{"@type":"EntryPoint","urlTemplate":"https:\/\/news.canadamotorjobs.com\/?s={search_term_string}"},"query-input":"required name=search_term_string"}],"inLanguage":"fr-CA"},{"@type":"Organization","@id":"https:\/\/news.canadamotorjobs.com\/#organization","name":"Canada Motor Jobs","url":"https:\/\/news.canadamotorjobs.com\/","logo":{"@type":"ImageObject","inLanguage":"fr-CA","@id":"https:\/\/news.canadamotorjobs.com\/#\/schema\/logo\/image\/","url":"https:\/\/news.canadamotorjobs.com\/wp-content\/uploads\/2022\/10\/logo-canada-motor-jobs-1.png","contentUrl":"https:\/\/news.canadamotorjobs.com\/wp-content\/uploads\/2022\/10\/logo-canada-motor-jobs-1.png","width":800,"height":400,"caption":"Canada Motor Jobs"},"image":{"@id":"https:\/\/news.canadamotorjobs.com\/#\/schema\/logo\/image\/"},"sameAs":["https:\/\/www.facebook.com\/canadamotorjobs\/","https:\/\/x.com\/canadamotorjobs","https:\/\/www.instagram.com\/canadamotorjobs\/","https:\/\/www.linkedin.com\/company\/canadamotorjobs"]},{"@type":"Person","@id":"https:\/\/news.canadamotorjobs.com\/#\/schema\/person\/51793d1f87d44011d7bcc2ed99269a90","name":"Benoit Charette","image":{"@type":"ImageObject","inLanguage":"fr-CA","@id":"https:\/\/news.canadamotorjobs.com\/#\/schema\/person\/image\/","url":"https:\/\/secure.gravatar.com\/avatar\/45f3d2eebcccd909668d7ce7ea7267b6?s=96&d=mm&r=g","contentUrl":"https:\/\/secure.gravatar.com\/avatar\/45f3d2eebcccd909668d7ce7ea7267b6?s=96&d=mm&r=g","caption":"Benoit Charette"},"description":"Benoit Charette \/ Propri\u00e9taire et r\u00e9dacteur en chef Benoit Charette pratique le journalisme automobile depuis bient\u00f4t 30 ans. Il a fait ses classes au c\u00f4t\u00e9 de Daniel H\u00e9raud et au Carnet de route de 1992 \u00e0 2001. Il est fondateur, copropri\u00e9taire et r\u00e9dacteur en chef de L\u2019Annuel de l\u2019automobile, qu\u2019il publie depuis 2001. Il a anim\u00e9 les \u00e9missions RPM et RPM+ sur V et les L\u00e9gendes de la route sur Historia. \u00c0 la radio depuis 1986, il reprend l\u2019antenne cette ann\u00e9e sur les ondes de Cogeco et participe pour la deuxi\u00e8me ann\u00e9e \u00e0 l\u2019\u00e9mission Passion Auto sur RDS en plus de mettre en ligne le site Web officiel de L\u2019Annuel de l\u2019automobile sur annuelauto.ca.","sameAs":["https:\/\/annuelauto.ca\/"],"url":"https:\/\/news.canadamotorjobs.com\/fr\/author\/benoit-charette\/"}]}},"_links":{"self":[{"href":"https:\/\/news.canadamotorjobs.com\/fr\/wp-json\/wp\/v2\/posts\/155600"}],"collection":[{"href":"https:\/\/news.canadamotorjobs.com\/fr\/wp-json\/wp\/v2\/posts"}],"about":[{"href":"https:\/\/news.canadamotorjobs.com\/fr\/wp-json\/wp\/v2\/types\/post"}],"author":[{"embeddable":true,"href":"https:\/\/news.canadamotorjobs.com\/fr\/wp-json\/wp\/v2\/users\/8"}],"replies":[{"embeddable":true,"href":"https:\/\/news.canadamotorjobs.com\/fr\/wp-json\/wp\/v2\/comments?post=155600"}],"version-history":[{"count":2,"href":"https:\/\/news.canadamotorjobs.com\/fr\/wp-json\/wp\/v2\/posts\/155600\/revisions"}],"predecessor-version":[{"id":155604,"href":"https:\/\/news.canadamotorjobs.com\/fr\/wp-json\/wp\/v2\/posts\/155600\/revisions\/155604"}],"wp:featuredmedia":[{"embeddable":true,"href":"https:\/\/news.canadamotorjobs.com\/fr\/wp-json\/wp\/v2\/media\/155602"}],"wp:attachment":[{"href":"https:\/\/news.canadamotorjobs.com\/fr\/wp-json\/wp\/v2\/media?parent=155600"}],"wp:term":[{"taxonomy":"category","embeddable":true,"href":"https:\/\/news.canadamotorjobs.com\/fr\/wp-json\/wp\/v2\/categories?post=155600"},{"taxonomy":"post_tag","embeddable":true,"href":"https:\/\/news.canadamotorjobs.com\/fr\/wp-json\/wp\/v2\/tags?post=155600"}],"curies":[{"name":"wp","href":"https:\/\/api.w.org\/{rel}","templated":true}]}}