{"id":155577,"date":"2023-12-16T08:09:45","date_gmt":"2023-12-16T13:09:45","guid":{"rendered":"https:\/\/news.canadamotorjobs.com\/?p=155577"},"modified":"2023-12-16T08:14:47","modified_gmt":"2023-12-16T13:14:47","slug":"chevrolet-a-fabrique-la-derniere-camaro","status":"publish","type":"post","link":"https:\/\/news.canadamotorjobs.com\/fr\/chevrolet-a-fabrique-la-derniere-camaro\/","title":{"rendered":"Chevrolet a fabriqu\u00e9 la derni\u00e8re Camaro"},"content":{"rendered":"<\/p>\n<p>Initialement pr\u00e9vue pour janvier 2024, la fin de la production de la Camaro, annonc\u00e9e en mars dernier, a \u00e9t\u00e9 devanc\u00e9 de quelques semaines. C\u2019est donc la semaine derni\u00e8re que l\u2019usine de Lansing au Michigan a construit la derni\u00e8re Camaro.<\/p>\n<h3>Intemporelle<\/h3>\n<p>\nC\u2019est un mod\u00e8le qui a su conqu\u00e9rir les amateurs \u00e0 travers le monde et a attir\u00e9 des gens dans les concessions Chevrolet depuis des g\u00e9n\u00e9rations. La sixi\u00e8me g\u00e9n\u00e9ration, en particulier, repr\u00e9sentait l&#8217;athl\u00e9tisme et la ma\u00eetrise &#8211; d\u00e9gageant de l&#8217;assurance sur la route et de la domination sur la piste.&#8221;<\/p>\n<p>En mars dernier, Chevrolet avait annonc\u00e9 l&#8217;arr\u00eat de la production de la Camaro. L&#8217;\u00e9dition Collector de la Camaro est l&#8217;adieu de la marque \u00e0 cette lign\u00e9e, o\u00f9 les 350 exemplaires limit\u00e9s sont finis en Panther Black.<\/p>\n<p>Chevrolet n&#8217;a pas encore r\u00e9v\u00e9l\u00e9 de successeur direct pour la Camaro. Cependant, le constructeur a d\u00e9clar\u00e9 : &#8220;Ce n&#8217;est pas la fin de l&#8217;histoire de la Camaro.&#8221; Si cela vous rappelle quelque chose, la Camaro avait \u00e9t\u00e9 abandonn\u00e9e en 2002 avant de revenir en 2010 sous la forme de la cinqui\u00e8me g\u00e9n\u00e9ration. La sixi\u00e8me g\u00e9n\u00e9ration actuellement en fin de vie est arriv\u00e9e en 2016. Rappelons que la quatri\u00e8me g\u00e9n\u00e9ration a \u00e9t\u00e9 construite \u00e0 Boisbriand de 1993 \u00e0 2002.<\/p>\n<p>Avec l&#8217;industrie qui favorise l&#8217;\u00e9lectrification, il ne serait pas surprenant de voir la Camaro passer \u00e0 l&#8217;\u00e9lectrique. Pour l&#8217;instant, la plaque signal\u00e9tique prend de nouveau du repos, laissant la Chevrolet Corvette comme seule repr\u00e9sentante de la gamme de voitures de performance de la marque.<\/p>\n<p>La Chevrolet Camaro quitte le march\u00e9 des Muscle Cars aux c\u00f4t\u00e9s de son rival de longue date, le Challenger, qui rena\u00eetra en tant que Muscle Car enti\u00e8rement \u00e9lectrique, suppos\u00e9ment avec une puissance de 885 chevaux. Cependant, Dodge pourrait pr\u00e9senter une alternative \u00e0 combustion pour ceux qui ne sont pas encore pr\u00eats \u00e0 passer \u00e0 l&#8217;\u00e9lectrique.<\/p>\n<p>Pendant ce temps, Ford prosp\u00e8re dans ce segment avec la derni\u00e8re g\u00e9n\u00e9ration S650 de la Mustang. Ford propose plusieurs versions, y compris des versions r\u00e9serv\u00e9es \u00e0 la course, telles que la Mustang GT3 qui participera aux 24 Heures du Mans l&#8217;ann\u00e9e prochaine. Avec Ford qui nie les all\u00e9gations selon lesquelles l&#8217;it\u00e9ration actuelle prendrait fin en 2028, la voiture embl\u00e9matique de Ford est l\u00e0 pour rester longtemps.<\/p>\n<p>Avec des renseignements de Carbuzz<\/p>\n<p>Le texte <a rel=\"nofollow\" href=\"https:\/\/annuelauto.ca\/chevrolet-a-fabrique-la-derniere-camaro\/\">Chevrolet a fabriqu\u00e9 la derni\u00e8re Camaro<\/a> provient de <a rel=\"nofollow\" href=\"https:\/\/annuelauto.ca\">L&#8217;annuel de l&#8217;automobile &#8211; Actualit\u00e9 automobile<\/a><\/p>\n<p><\/p>\n","protected":false},"excerpt":{"rendered":"<p>Initialement pr\u00e9vue pour janvier 2024, la fin de la production de la Camaro, annonc\u00e9e en mars dernier, a \u00e9t\u00e9 devanc\u00e9 de quelques semaines. C\u2019est donc la semaine derni\u00e8re que l\u2019usine de Lansing au Michigan a construit la derni\u00e8re Camaro. Intemporelle C\u2019est un mod\u00e8le qui a su conqu\u00e9rir les amateurs \u00e0 travers le monde et a [&hellip;]<\/p>\n","protected":false},"author":8,"featured_media":155579,"comment_status":"close","ping_status":"closed","sticky":false,"template":"","format":"standard","meta":{"_monsterinsights_skip_tracking":false,"_monsterinsights_sitenote_active":false,"_monsterinsights_sitenote_note":"","_monsterinsights_sitenote_category":0,"footnotes":""},"categories":[101],"tags":[],"yoast_head":"<!-- This site is optimized with the Yoast SEO plugin v23.2 - https:\/\/yoast.com\/wordpress\/plugins\/seo\/ -->\n<title>Chevrolet a fabriqu\u00e9 la derni\u00e8re Camaro - CanadaMotorJobs.com<\/title>\n<meta name=\"description\" content=\"Chevrolet a fabriqu\u00e9 la derni\u00e8re Camaro - Benoit Charette - Annuel automobile - CanadaMotorJobs.com.\" \/>\n<meta name=\"robots\" content=\"index, follow, max-snippet:-1, max-image-preview:large, max-video-preview:-1\" \/>\n<meta property=\"og:locale\" content=\"fr_CA\" \/>\n<meta property=\"og:type\" content=\"article\" \/>\n<meta property=\"og:title\" content=\"Chevrolet a fabriqu\u00e9 la derni\u00e8re Camaro - CanadaMotorJobs.com\" \/>\n<meta property=\"og:description\" content=\"Chevrolet a fabriqu\u00e9 la derni\u00e8re Camaro - Benoit Charette - Annuel automobile - CanadaMotorJobs.com.\" \/>\n<meta property=\"og:url\" content=\"https:\/\/news.canadamotorjobs.com\/fr\/chevrolet-a-fabrique-la-derniere-camaro\/\" \/>\n<meta property=\"og:site_name\" content=\"CanadaMotorJobs.com\" \/>\n<meta property=\"article:publisher\" content=\"https:\/\/www.facebook.com\/canadamotorjobs\/\" \/>\n<meta property=\"article:published_time\" content=\"2023-12-16T13:09:45+00:00\" \/>\n<meta property=\"article:modified_time\" content=\"2023-12-16T13:14:47+00:00\" \/>\n<meta property=\"og:image\" content=\"https:\/\/news.canadamotorjobs.com\/wp-content\/uploads\/2023\/12\/Apr23_Blog06_CarlBlackKennesaw_a_o.jpg\" \/>\n\t<meta property=\"og:image:width\" content=\"1038\" \/>\n\t<meta property=\"og:image:height\" content=\"400\" \/>\n\t<meta property=\"og:image:type\" content=\"image\/jpeg\" \/>\n<meta name=\"author\" content=\"Benoit Charette\" \/>\n<meta name=\"twitter:card\" content=\"summary_large_image\" \/>\n<meta name=\"twitter:creator\" content=\"@canadamotorjobs\" \/>\n<meta name=\"twitter:site\" content=\"@canadamotorjobs\" \/>\n<meta name=\"twitter:label1\" content=\"\u00c9crit par\" \/>\n\t<meta name=\"twitter:data1\" content=\"Benoit Charette\" \/>\n\t<meta name=\"twitter:label2\" content=\"Estimation du temps de lecture\" \/>\n\t<meta name=\"twitter:data2\" content=\"2 minutes\" \/>\n<!-- \/ Yoast SEO plugin. -->","yoast_head_json":{"title":"Chevrolet a fabriqu\u00e9 la derni\u00e8re Camaro - CanadaMotorJobs.com","description":"Chevrolet a fabriqu\u00e9 la derni\u00e8re Camaro - Benoit Charette - Annuel automobile - CanadaMotorJobs.com.","robots":{"index":"index","follow":"follow","max-snippet":"max-snippet:-1","max-image-preview":"max-image-preview:large","max-video-preview":"max-video-preview:-1"},"og_locale":"fr_CA","og_type":"article","og_title":"Chevrolet a fabriqu\u00e9 la derni\u00e8re Camaro - CanadaMotorJobs.com","og_description":"Chevrolet a fabriqu\u00e9 la derni\u00e8re Camaro - Benoit Charette - Annuel automobile - CanadaMotorJobs.com.","og_url":"https:\/\/news.canadamotorjobs.com\/fr\/chevrolet-a-fabrique-la-derniere-camaro\/","og_site_name":"CanadaMotorJobs.com","article_publisher":"https:\/\/www.facebook.com\/canadamotorjobs\/","article_published_time":"2023-12-16T13:09:45+00:00","article_modified_time":"2023-12-16T13:14:47+00:00","og_image":[{"width":1038,"height":400,"url":"https:\/\/news.canadamotorjobs.com\/wp-content\/uploads\/2023\/12\/Apr23_Blog06_CarlBlackKennesaw_a_o.jpg","type":"image\/jpeg"}],"author":"Benoit Charette","twitter_card":"summary_large_image","twitter_creator":"@canadamotorjobs","twitter_site":"@canadamotorjobs","twitter_misc":{"\u00c9crit par":"Benoit Charette","Estimation du temps de lecture":"2 minutes"},"schema":{"@context":"https:\/\/schema.org","@graph":[{"@type":"Article","@id":"https:\/\/news.canadamotorjobs.com\/fr\/chevrolet-a-fabrique-la-derniere-camaro\/#article","isPartOf":{"@id":"https:\/\/news.canadamotorjobs.com\/fr\/chevrolet-a-fabrique-la-derniere-camaro\/"},"author":{"name":"Benoit Charette","@id":"https:\/\/news.canadamotorjobs.com\/#\/schema\/person\/51793d1f87d44011d7bcc2ed99269a90"},"headline":"Chevrolet a fabriqu\u00e9 la derni\u00e8re Camaro","datePublished":"2023-12-16T13:09:45+00:00","dateModified":"2023-12-16T13:14:47+00:00","mainEntityOfPage":{"@id":"https:\/\/news.canadamotorjobs.com\/fr\/chevrolet-a-fabrique-la-derniere-camaro\/"},"wordCount":447,"publisher":{"@id":"https:\/\/news.canadamotorjobs.com\/#organization"},"image":{"@id":"https:\/\/news.canadamotorjobs.com\/fr\/chevrolet-a-fabrique-la-derniere-camaro\/#primaryimage"},"thumbnailUrl":"https:\/\/news.canadamotorjobs.com\/wp-content\/uploads\/2023\/12\/Apr23_Blog06_CarlBlackKennesaw_a_o.jpg","articleSection":["Annuel automobile"],"inLanguage":"fr-CA"},{"@type":"WebPage","@id":"https:\/\/news.canadamotorjobs.com\/fr\/chevrolet-a-fabrique-la-derniere-camaro\/","url":"https:\/\/news.canadamotorjobs.com\/fr\/chevrolet-a-fabrique-la-derniere-camaro\/","name":"Chevrolet a fabriqu\u00e9 la derni\u00e8re Camaro - CanadaMotorJobs.com","isPartOf":{"@id":"https:\/\/news.canadamotorjobs.com\/#website"},"primaryImageOfPage":{"@id":"https:\/\/news.canadamotorjobs.com\/fr\/chevrolet-a-fabrique-la-derniere-camaro\/#primaryimage"},"image":{"@id":"https:\/\/news.canadamotorjobs.com\/fr\/chevrolet-a-fabrique-la-derniere-camaro\/#primaryimage"},"thumbnailUrl":"https:\/\/news.canadamotorjobs.com\/wp-content\/uploads\/2023\/12\/Apr23_Blog06_CarlBlackKennesaw_a_o.jpg","datePublished":"2023-12-16T13:09:45+00:00","dateModified":"2023-12-16T13:14:47+00:00","description":"Chevrolet a fabriqu\u00e9 la derni\u00e8re Camaro - Benoit Charette - Annuel automobile - CanadaMotorJobs.com.","breadcrumb":{"@id":"https:\/\/news.canadamotorjobs.com\/fr\/chevrolet-a-fabrique-la-derniere-camaro\/#breadcrumb"},"inLanguage":"fr-CA","potentialAction":[{"@type":"ReadAction","target":["https:\/\/news.canadamotorjobs.com\/fr\/chevrolet-a-fabrique-la-derniere-camaro\/"]}]},{"@type":"ImageObject","inLanguage":"fr-CA","@id":"https:\/\/news.canadamotorjobs.com\/fr\/chevrolet-a-fabrique-la-derniere-camaro\/#primaryimage","url":"https:\/\/news.canadamotorjobs.com\/wp-content\/uploads\/2023\/12\/Apr23_Blog06_CarlBlackKennesaw_a_o.jpg","contentUrl":"https:\/\/news.canadamotorjobs.com\/wp-content\/uploads\/2023\/12\/Apr23_Blog06_CarlBlackKennesaw_a_o.jpg","width":1038,"height":400},{"@type":"BreadcrumbList","@id":"https:\/\/news.canadamotorjobs.com\/fr\/chevrolet-a-fabrique-la-derniere-camaro\/#breadcrumb","itemListElement":[{"@type":"ListItem","position":1,"name":"Home","item":"https:\/\/news.canadamotorjobs.com\/fr\/blog\/"},{"@type":"ListItem","position":2,"name":"Chevrolet a fabriqu\u00e9 la derni\u00e8re Camaro"}]},{"@type":"WebSite","@id":"https:\/\/news.canadamotorjobs.com\/#website","url":"https:\/\/news.canadamotorjobs.com\/","name":"CanadaMotorJobs.com","description":"Automotive Jobs","publisher":{"@id":"https:\/\/news.canadamotorjobs.com\/#organization"},"potentialAction":[{"@type":"SearchAction","target":{"@type":"EntryPoint","urlTemplate":"https:\/\/news.canadamotorjobs.com\/?s={search_term_string}"},"query-input":"required name=search_term_string"}],"inLanguage":"fr-CA"},{"@type":"Organization","@id":"https:\/\/news.canadamotorjobs.com\/#organization","name":"Canada Motor Jobs","url":"https:\/\/news.canadamotorjobs.com\/","logo":{"@type":"ImageObject","inLanguage":"fr-CA","@id":"https:\/\/news.canadamotorjobs.com\/#\/schema\/logo\/image\/","url":"https:\/\/news.canadamotorjobs.com\/wp-content\/uploads\/2022\/10\/logo-canada-motor-jobs-1.png","contentUrl":"https:\/\/news.canadamotorjobs.com\/wp-content\/uploads\/2022\/10\/logo-canada-motor-jobs-1.png","width":800,"height":400,"caption":"Canada Motor Jobs"},"image":{"@id":"https:\/\/news.canadamotorjobs.com\/#\/schema\/logo\/image\/"},"sameAs":["https:\/\/www.facebook.com\/canadamotorjobs\/","https:\/\/x.com\/canadamotorjobs","https:\/\/www.instagram.com\/canadamotorjobs\/","https:\/\/www.linkedin.com\/company\/canadamotorjobs"]},{"@type":"Person","@id":"https:\/\/news.canadamotorjobs.com\/#\/schema\/person\/51793d1f87d44011d7bcc2ed99269a90","name":"Benoit Charette","image":{"@type":"ImageObject","inLanguage":"fr-CA","@id":"https:\/\/news.canadamotorjobs.com\/#\/schema\/person\/image\/","url":"https:\/\/secure.gravatar.com\/avatar\/45f3d2eebcccd909668d7ce7ea7267b6?s=96&d=mm&r=g","contentUrl":"https:\/\/secure.gravatar.com\/avatar\/45f3d2eebcccd909668d7ce7ea7267b6?s=96&d=mm&r=g","caption":"Benoit Charette"},"description":"Benoit Charette \/ Propri\u00e9taire et r\u00e9dacteur en chef Benoit Charette pratique le journalisme automobile depuis bient\u00f4t 30 ans. Il a fait ses classes au c\u00f4t\u00e9 de Daniel H\u00e9raud et au Carnet de route de 1992 \u00e0 2001. Il est fondateur, copropri\u00e9taire et r\u00e9dacteur en chef de L\u2019Annuel de l\u2019automobile, qu\u2019il publie depuis 2001. Il a anim\u00e9 les \u00e9missions RPM et RPM+ sur V et les L\u00e9gendes de la route sur Historia. \u00c0 la radio depuis 1986, il reprend l\u2019antenne cette ann\u00e9e sur les ondes de Cogeco et participe pour la deuxi\u00e8me ann\u00e9e \u00e0 l\u2019\u00e9mission Passion Auto sur RDS en plus de mettre en ligne le site Web officiel de L\u2019Annuel de l\u2019automobile sur annuelauto.ca.","sameAs":["https:\/\/annuelauto.ca\/"],"url":"https:\/\/news.canadamotorjobs.com\/fr\/author\/benoit-charette\/"}]}},"_links":{"self":[{"href":"https:\/\/news.canadamotorjobs.com\/fr\/wp-json\/wp\/v2\/posts\/155577"}],"collection":[{"href":"https:\/\/news.canadamotorjobs.com\/fr\/wp-json\/wp\/v2\/posts"}],"about":[{"href":"https:\/\/news.canadamotorjobs.com\/fr\/wp-json\/wp\/v2\/types\/post"}],"author":[{"embeddable":true,"href":"https:\/\/news.canadamotorjobs.com\/fr\/wp-json\/wp\/v2\/users\/8"}],"replies":[{"embeddable":true,"href":"https:\/\/news.canadamotorjobs.com\/fr\/wp-json\/wp\/v2\/comments?post=155577"}],"version-history":[{"count":2,"href":"https:\/\/news.canadamotorjobs.com\/fr\/wp-json\/wp\/v2\/posts\/155577\/revisions"}],"predecessor-version":[{"id":155581,"href":"https:\/\/news.canadamotorjobs.com\/fr\/wp-json\/wp\/v2\/posts\/155577\/revisions\/155581"}],"wp:featuredmedia":[{"embeddable":true,"href":"https:\/\/news.canadamotorjobs.com\/fr\/wp-json\/wp\/v2\/media\/155579"}],"wp:attachment":[{"href":"https:\/\/news.canadamotorjobs.com\/fr\/wp-json\/wp\/v2\/media?parent=155577"}],"wp:term":[{"taxonomy":"category","embeddable":true,"href":"https:\/\/news.canadamotorjobs.com\/fr\/wp-json\/wp\/v2\/categories?post=155577"},{"taxonomy":"post_tag","embeddable":true,"href":"https:\/\/news.canadamotorjobs.com\/fr\/wp-json\/wp\/v2\/tags?post=155577"}],"curies":[{"name":"wp","href":"https:\/\/api.w.org\/{rel}","templated":true}]}}