{"id":155554,"date":"2023-12-15T16:43:22","date_gmt":"2023-12-15T21:43:22","guid":{"rendered":"https:\/\/news.canadamotorjobs.com\/?p=155554"},"modified":"2023-12-15T16:45:14","modified_gmt":"2023-12-15T21:45:14","slug":"kia-ev9-un-premier-vus-electrique-a-trois-rangees","status":"publish","type":"post","link":"https:\/\/news.canadamotorjobs.com\/fr\/kia-ev9-un-premier-vus-electrique-a-trois-rangees\/","title":{"rendered":"Kia EV9, un premier VUS \u00e9lectrique \u00e0 trois rang\u00e9es"},"content":{"rendered":"<\/p>\n<p>Scottsdale, Arizona, Depuis des ann\u00e9es, les familles sont en qu\u00eate d\u2019un v\u00e9hicule \u00e9lectrique capable de combler leurs besoins. L&#8217;EV9, premier VUS \u00e9lectrique \u00e0 trois rang\u00e9es au pays, prend vie sur l&#8217;assise E-GMP, qui habite aussi le Kia EV6, \u00e9voluant dans un cr\u00e9neau o\u00f9 la rivalit\u00e9 s&#8217;efface. Oui, il tracera la route aux lign\u00e9es \u00e0 venir.<\/p>\n<h3>Plus grand que le Telluride<\/h3>\n<p>\nL&#8217;EV9, corpulent et grand, d\u00e9passe en longueur le Telluride, se hissant ainsi en vaisseau-amiral dans la gamme, \u00e9toffant le format et l&#8217;ampleur int\u00e9rieure. Mais, au-del\u00e0 du gabarit, il arbore l&#8217;un des styles les plus aventureux dans la gamme Kia. Massif, il se drape de lignes polygonales. \u00c0 l\u2019avant, Kia va instaurer un syst\u00e8me d\u2019abonnement qui permettra aux propri\u00e9taires qui le d\u00e9sirent de personnaliser la grappe de phares \u00e0 DEL minces qui reposent \u00e0 l&#8217;extr\u00e9mit\u00e9 du capot, tandis que des feux arri\u00e8re \u00e0 DEL minces remontent \u00e0 l&#8217;arri\u00e8re et se ramifient l\u00e9g\u00e8rement sur le hayon. Les feux de jour sont particuli\u00e8rement distinctifs, longeant le bord ext\u00e9rieur de la calandre, avec une autre barre lumineuse longeant le dessus. Cette stature tr\u00e8s carr\u00e9e est compl\u00e9t\u00e9 par des jantes qui vont de 19 \u00e0 21 pouces selon la version avec un style unique pour chaque format de pneu.<\/p>\n<h3>Technologie de dernier cri<\/h3>\n<p>\nV\u00e9hicule tout neuf, chaque exemplaire embrasse une suite de dispositifs de s\u00e9curit\u00e9 incluant ABS, EBD, contr\u00f4le de stabilit\u00e9, huit coussins gonflables. L&#8217;aide au conducteur inclut l&#8217;\u00e9vitement de collision, avertissement des angles morts, assistance au maintien de voie, et bien plus encore. L&#8217;habitacle spacieux se configure en 7 places pour les mod\u00e8les de base, offrant m\u00eame aux adultes un refuge \u00e0 la troisi\u00e8me rang\u00e9e, rare pour cette cat\u00e9gorie. Si\u00e8ges ajustables, ouvertures g\u00e9n\u00e9reuses, l&#8217;acc\u00e8s est ais\u00e9. La visibilit\u00e9 ext\u00e9rieure est louable, malgr\u00e9 les piliers imposants qui pourraient voiler la route sur les routes tr\u00e8s sinueuses. Une cam\u00e9ra \u00e0 360 degr\u00e9s \u00e9merge en soutien dans les stationnements \u00e9troits. Quant \u00e0 l&#8217;\u00e9quipement, il foisonne : si\u00e8ges \u00e9lectriques, cl\u00e9 num\u00e9rique, climatisation tri-zone, \u00e9crans multiples, une pl\u00e9thore de technologies, pour ne nommer que quelques-uns. Il y a tout de m\u00eame quelquers b\u00e9mols qui jettent de l\u2019ombre sur cette technologie. Des commandes mal agenc\u00e9es, un \u00e9cran tactile trop loin, un bouton de d\u00e9marrage mal situ\u00e9 et un \u00e9cran de climatisation partiellement dissimul\u00e9 sous le volant.<\/p>\n<h3>Le confort dans tout cela<\/h3>\n<p>\nLe confort, vous dites ? Une perception fluctuante. L&#8217;EV9 offre un confort rigide, des si\u00e8ges avant ajustables, chauffants, ventil\u00e9s, \u00e0 la douceur subtile. Les si\u00e8ges arri\u00e8re rivalisent presque avec ceux \u00e0 l\u2019avant. Cependant, les pneus Hankook, si durs pour allonger l&#8217;autonomie, chuchotent un malaise aux passagers. Autyrement dit, si vous aimez le confort ferme \u00e0 l\u2019Europ\u00e9enne, vous serez bien servi. Si vous \u00eates plus du genre moelleux, il faudra regarder ailleurs.<\/p>\n<h3>Trois configurations m\u00e9caniques<\/h3>\n<p>\nIl y a au total trois configurations de groupe motopropulseur disponibles pour le Kia EV9, commen\u00e7ant par un seul moteur arri\u00e8re li\u00e9 \u00e0 une batterie de 76,1 kWh, offrant une puissance combin\u00e9e de 215 chevaux et un couple de 258 lb-pi pour 370 km\u00a0 d\u2019autonomie. Cette combinaison se trouve uniquement dans la version Light, tandis que la version Light Long Range passe \u00e0 une batterie plus grande de 99,8 kWh, ce qui entra\u00eene une l\u00e9g\u00e8re baisse de puissance globale \u00e0 201 chevaux, mais une autonomie de 489 km. La m\u00eame batterie est ensuite associ\u00e9e \u00e0 deux moteurs sur toutes les autres versions pour d\u00e9velopper une puissance beaucoup plus \u00e9lev\u00e9e de 379 chevaux et un couple de 443 lb-pi (516 lb-pi pour la version GT-Line) et une autonomie qui va de 439 \u00e0 459 km.<\/p>\n<h3>Combien \u00e7a co\u00fbte<\/h3>\n<p>\nEn ce qui concerne la gamme de prix le mod\u00e8le d\u2019entr\u00e9e de gamme \u00e0 propulsion avec la petite batterie est \u00e0 59\u00a0995 $. Malgr\u00e9 son prix plus attrayant, nous croyons que la version Wind avec la grosse batterie \u00e0 62\u00a0995 $ offre un meilleure rapport qualit\u00e9\/prix. Vous avez toujours un mod\u00e8le \u00e0 propulsion, mais l\u2019autonomie grimpe \u00e0 489 km, vous avez une pompe \u00e0 chaleur pour la batterie qui n\u2019est livrable avec le mod\u00e8le de base et un volant chauffant. Vous avez ensuite le mod\u00e8le Land 4RM \u00e0 64\u00a0995$ qui offre un porte-bagage sur le toit et une capacit\u00e9 de remorquage de 2\u00a0268 kilos (si votre remorque poss\u00e8de des freins. Le saut pour les mod\u00e8les Premium et GT-Line sont significations. Le premier est \u00e0 74\u00a0995 $ et le second \u00e0 78\u00a0995 $. C\u2019est avec ces deux mod\u00e8les qui vous trouverez l\u2019\u00e9quipement habituel d\u2019un mod\u00e8le de luxe.<\/p>\n<h3>Conclusion<\/h3>\n<p>\nCe v\u00e9hicule r\u00e9pond non seulement aux attentes pratiques, mais cultive \u00e9galement un enthousiasme. Nous aimons aussi le style du EV9. Il est accrocheur et distinctif, mais encore une fois, les mod\u00e8les int\u00e9ressants d\u00e9passent les 75\u00a0000$. Il serait int\u00e9ressant de voir ces mod\u00e8les dans un budget que les familles peuvent se permettre.<\/p>\n<h3>Forces :<\/h3>\n<p><\/p>\n<ul><\/p>\n<li>Int\u00e9rieur spacieux<\/li>\n<p><\/p>\n<li>\u00c9quipement complet<\/li>\n<p><\/p>\n<li>Conduite fluide et silencieuse sur l&#8217;autoroute<\/li>\n<p><\/p>\n<li>Troisi\u00e8me rang\u00e9e spacieuse<\/li>\n<p>\n<\/ul>\n<p><\/p>\n<h3>Faiblesses :<\/h3>\n<p><\/p>\n<ul><\/p>\n<li>Version de base moins pertinente<\/li>\n<p><\/p>\n<li>Certains contr\u00f4les mal plac\u00e9s<\/li>\n<p><\/p>\n<li>Pneus Hankook tr\u00e8s durs<\/li>\n<p>\n<\/ul>\n<p>\n\u00a0<\/p>\n<p>Le texte <a rel=\"nofollow\" href=\"https:\/\/annuelauto.ca\/kia-ev9-un-premier-vus-electrique-a-trois-rangees\/\">Kia EV9, un premier VUS \u00e9lectrique \u00e0 trois rang\u00e9es<\/a> provient de <a rel=\"nofollow\" href=\"https:\/\/annuelauto.ca\">L&#8217;annuel de l&#8217;automobile &#8211; Actualit\u00e9 automobile<\/a><\/p>\n<p><\/p>\n","protected":false},"excerpt":{"rendered":"<p>Scottsdale, Arizona, Depuis des ann\u00e9es, les familles sont en qu\u00eate d\u2019un v\u00e9hicule \u00e9lectrique capable de combler leurs besoins. L&#8217;EV9, premier VUS \u00e9lectrique \u00e0 trois rang\u00e9es au pays, prend vie sur l&#8217;assise E-GMP, qui habite aussi le Kia EV6, \u00e9voluant dans un cr\u00e9neau o\u00f9 la rivalit\u00e9 s&#8217;efface. Oui, il tracera la route aux lign\u00e9es \u00e0 venir. [&hellip;]<\/p>\n","protected":false},"author":8,"featured_media":155556,"comment_status":"close","ping_status":"closed","sticky":false,"template":"","format":"standard","meta":{"_monsterinsights_skip_tracking":false,"_monsterinsights_sitenote_active":false,"_monsterinsights_sitenote_note":"","_monsterinsights_sitenote_category":0,"footnotes":""},"categories":[101],"tags":[],"yoast_head":"<!-- This site is optimized with the Yoast SEO plugin v23.2 - https:\/\/yoast.com\/wordpress\/plugins\/seo\/ -->\n<title>Kia EV9, un premier VUS \u00e9lectrique \u00e0 trois rang\u00e9es - CanadaMotorJobs.com<\/title>\n<meta name=\"description\" content=\"Kia EV9, un premier VUS \u00e9lectrique \u00e0 trois rang\u00e9es - Benoit Charette - Annuel automobile - CanadaMotorJobs.com.\" \/>\n<meta name=\"robots\" content=\"index, follow, max-snippet:-1, max-image-preview:large, max-video-preview:-1\" \/>\n<meta property=\"og:locale\" content=\"fr_CA\" \/>\n<meta property=\"og:type\" content=\"article\" \/>\n<meta property=\"og:title\" content=\"Kia EV9, un premier VUS \u00e9lectrique \u00e0 trois rang\u00e9es - CanadaMotorJobs.com\" \/>\n<meta property=\"og:description\" content=\"Kia EV9, un premier VUS \u00e9lectrique \u00e0 trois rang\u00e9es - Benoit Charette - Annuel automobile - CanadaMotorJobs.com.\" \/>\n<meta property=\"og:url\" content=\"https:\/\/news.canadamotorjobs.com\/fr\/kia-ev9-un-premier-vus-electrique-a-trois-rangees\/\" \/>\n<meta property=\"og:site_name\" content=\"CanadaMotorJobs.com\" \/>\n<meta property=\"article:publisher\" content=\"https:\/\/www.facebook.com\/canadamotorjobs\/\" \/>\n<meta property=\"article:published_time\" content=\"2023-12-15T21:43:22+00:00\" \/>\n<meta property=\"article:modified_time\" content=\"2023-12-15T21:45:14+00:00\" \/>\n<meta property=\"og:image\" content=\"https:\/\/news.canadamotorjobs.com\/wp-content\/uploads\/2023\/12\/IMG_7493.jpg\" \/>\n\t<meta property=\"og:image:width\" content=\"1067\" \/>\n\t<meta property=\"og:image:height\" content=\"800\" \/>\n\t<meta property=\"og:image:type\" content=\"image\/jpeg\" \/>\n<meta name=\"author\" content=\"Benoit Charette\" \/>\n<meta name=\"twitter:card\" content=\"summary_large_image\" \/>\n<meta name=\"twitter:creator\" content=\"@canadamotorjobs\" \/>\n<meta name=\"twitter:site\" content=\"@canadamotorjobs\" \/>\n<meta name=\"twitter:label1\" content=\"\u00c9crit par\" \/>\n\t<meta name=\"twitter:data1\" content=\"Benoit Charette\" \/>\n\t<meta name=\"twitter:label2\" content=\"Estimation du temps de lecture\" \/>\n\t<meta name=\"twitter:data2\" content=\"4 minutes\" \/>\n<!-- \/ Yoast SEO plugin. -->","yoast_head_json":{"title":"Kia EV9, un premier VUS \u00e9lectrique \u00e0 trois rang\u00e9es - CanadaMotorJobs.com","description":"Kia EV9, un premier VUS \u00e9lectrique \u00e0 trois rang\u00e9es - Benoit Charette - Annuel automobile - CanadaMotorJobs.com.","robots":{"index":"index","follow":"follow","max-snippet":"max-snippet:-1","max-image-preview":"max-image-preview:large","max-video-preview":"max-video-preview:-1"},"og_locale":"fr_CA","og_type":"article","og_title":"Kia EV9, un premier VUS \u00e9lectrique \u00e0 trois rang\u00e9es - CanadaMotorJobs.com","og_description":"Kia EV9, un premier VUS \u00e9lectrique \u00e0 trois rang\u00e9es - Benoit Charette - Annuel automobile - CanadaMotorJobs.com.","og_url":"https:\/\/news.canadamotorjobs.com\/fr\/kia-ev9-un-premier-vus-electrique-a-trois-rangees\/","og_site_name":"CanadaMotorJobs.com","article_publisher":"https:\/\/www.facebook.com\/canadamotorjobs\/","article_published_time":"2023-12-15T21:43:22+00:00","article_modified_time":"2023-12-15T21:45:14+00:00","og_image":[{"width":1067,"height":800,"url":"https:\/\/news.canadamotorjobs.com\/wp-content\/uploads\/2023\/12\/IMG_7493.jpg","type":"image\/jpeg"}],"author":"Benoit Charette","twitter_card":"summary_large_image","twitter_creator":"@canadamotorjobs","twitter_site":"@canadamotorjobs","twitter_misc":{"\u00c9crit par":"Benoit Charette","Estimation du temps de lecture":"4 minutes"},"schema":{"@context":"https:\/\/schema.org","@graph":[{"@type":"Article","@id":"https:\/\/news.canadamotorjobs.com\/fr\/kia-ev9-un-premier-vus-electrique-a-trois-rangees\/#article","isPartOf":{"@id":"https:\/\/news.canadamotorjobs.com\/fr\/kia-ev9-un-premier-vus-electrique-a-trois-rangees\/"},"author":{"name":"Benoit Charette","@id":"https:\/\/news.canadamotorjobs.com\/#\/schema\/person\/51793d1f87d44011d7bcc2ed99269a90"},"headline":"Kia EV9, un premier VUS \u00e9lectrique \u00e0 trois rang\u00e9es","datePublished":"2023-12-15T21:43:22+00:00","dateModified":"2023-12-15T21:45:14+00:00","mainEntityOfPage":{"@id":"https:\/\/news.canadamotorjobs.com\/fr\/kia-ev9-un-premier-vus-electrique-a-trois-rangees\/"},"wordCount":903,"publisher":{"@id":"https:\/\/news.canadamotorjobs.com\/#organization"},"image":{"@id":"https:\/\/news.canadamotorjobs.com\/fr\/kia-ev9-un-premier-vus-electrique-a-trois-rangees\/#primaryimage"},"thumbnailUrl":"https:\/\/news.canadamotorjobs.com\/wp-content\/uploads\/2023\/12\/IMG_7493.jpg","articleSection":["Annuel automobile"],"inLanguage":"fr-CA"},{"@type":"WebPage","@id":"https:\/\/news.canadamotorjobs.com\/fr\/kia-ev9-un-premier-vus-electrique-a-trois-rangees\/","url":"https:\/\/news.canadamotorjobs.com\/fr\/kia-ev9-un-premier-vus-electrique-a-trois-rangees\/","name":"Kia EV9, un premier VUS \u00e9lectrique \u00e0 trois rang\u00e9es - CanadaMotorJobs.com","isPartOf":{"@id":"https:\/\/news.canadamotorjobs.com\/#website"},"primaryImageOfPage":{"@id":"https:\/\/news.canadamotorjobs.com\/fr\/kia-ev9-un-premier-vus-electrique-a-trois-rangees\/#primaryimage"},"image":{"@id":"https:\/\/news.canadamotorjobs.com\/fr\/kia-ev9-un-premier-vus-electrique-a-trois-rangees\/#primaryimage"},"thumbnailUrl":"https:\/\/news.canadamotorjobs.com\/wp-content\/uploads\/2023\/12\/IMG_7493.jpg","datePublished":"2023-12-15T21:43:22+00:00","dateModified":"2023-12-15T21:45:14+00:00","description":"Kia EV9, un premier VUS \u00e9lectrique \u00e0 trois rang\u00e9es - Benoit Charette - Annuel automobile - CanadaMotorJobs.com.","breadcrumb":{"@id":"https:\/\/news.canadamotorjobs.com\/fr\/kia-ev9-un-premier-vus-electrique-a-trois-rangees\/#breadcrumb"},"inLanguage":"fr-CA","potentialAction":[{"@type":"ReadAction","target":["https:\/\/news.canadamotorjobs.com\/fr\/kia-ev9-un-premier-vus-electrique-a-trois-rangees\/"]}]},{"@type":"ImageObject","inLanguage":"fr-CA","@id":"https:\/\/news.canadamotorjobs.com\/fr\/kia-ev9-un-premier-vus-electrique-a-trois-rangees\/#primaryimage","url":"https:\/\/news.canadamotorjobs.com\/wp-content\/uploads\/2023\/12\/IMG_7493.jpg","contentUrl":"https:\/\/news.canadamotorjobs.com\/wp-content\/uploads\/2023\/12\/IMG_7493.jpg","width":1067,"height":800},{"@type":"BreadcrumbList","@id":"https:\/\/news.canadamotorjobs.com\/fr\/kia-ev9-un-premier-vus-electrique-a-trois-rangees\/#breadcrumb","itemListElement":[{"@type":"ListItem","position":1,"name":"Home","item":"https:\/\/news.canadamotorjobs.com\/fr\/blog\/"},{"@type":"ListItem","position":2,"name":"Kia EV9, un premier VUS \u00e9lectrique \u00e0 trois rang\u00e9es"}]},{"@type":"WebSite","@id":"https:\/\/news.canadamotorjobs.com\/#website","url":"https:\/\/news.canadamotorjobs.com\/","name":"CanadaMotorJobs.com","description":"Automotive Jobs","publisher":{"@id":"https:\/\/news.canadamotorjobs.com\/#organization"},"potentialAction":[{"@type":"SearchAction","target":{"@type":"EntryPoint","urlTemplate":"https:\/\/news.canadamotorjobs.com\/?s={search_term_string}"},"query-input":"required name=search_term_string"}],"inLanguage":"fr-CA"},{"@type":"Organization","@id":"https:\/\/news.canadamotorjobs.com\/#organization","name":"Canada Motor Jobs","url":"https:\/\/news.canadamotorjobs.com\/","logo":{"@type":"ImageObject","inLanguage":"fr-CA","@id":"https:\/\/news.canadamotorjobs.com\/#\/schema\/logo\/image\/","url":"https:\/\/news.canadamotorjobs.com\/wp-content\/uploads\/2022\/10\/logo-canada-motor-jobs-1.png","contentUrl":"https:\/\/news.canadamotorjobs.com\/wp-content\/uploads\/2022\/10\/logo-canada-motor-jobs-1.png","width":800,"height":400,"caption":"Canada Motor Jobs"},"image":{"@id":"https:\/\/news.canadamotorjobs.com\/#\/schema\/logo\/image\/"},"sameAs":["https:\/\/www.facebook.com\/canadamotorjobs\/","https:\/\/x.com\/canadamotorjobs","https:\/\/www.instagram.com\/canadamotorjobs\/","https:\/\/www.linkedin.com\/company\/canadamotorjobs"]},{"@type":"Person","@id":"https:\/\/news.canadamotorjobs.com\/#\/schema\/person\/51793d1f87d44011d7bcc2ed99269a90","name":"Benoit Charette","image":{"@type":"ImageObject","inLanguage":"fr-CA","@id":"https:\/\/news.canadamotorjobs.com\/#\/schema\/person\/image\/","url":"https:\/\/secure.gravatar.com\/avatar\/45f3d2eebcccd909668d7ce7ea7267b6?s=96&d=mm&r=g","contentUrl":"https:\/\/secure.gravatar.com\/avatar\/45f3d2eebcccd909668d7ce7ea7267b6?s=96&d=mm&r=g","caption":"Benoit Charette"},"description":"Benoit Charette \/ Propri\u00e9taire et r\u00e9dacteur en chef Benoit Charette pratique le journalisme automobile depuis bient\u00f4t 30 ans. Il a fait ses classes au c\u00f4t\u00e9 de Daniel H\u00e9raud et au Carnet de route de 1992 \u00e0 2001. Il est fondateur, copropri\u00e9taire et r\u00e9dacteur en chef de L\u2019Annuel de l\u2019automobile, qu\u2019il publie depuis 2001. Il a anim\u00e9 les \u00e9missions RPM et RPM+ sur V et les L\u00e9gendes de la route sur Historia. \u00c0 la radio depuis 1986, il reprend l\u2019antenne cette ann\u00e9e sur les ondes de Cogeco et participe pour la deuxi\u00e8me ann\u00e9e \u00e0 l\u2019\u00e9mission Passion Auto sur RDS en plus de mettre en ligne le site Web officiel de L\u2019Annuel de l\u2019automobile sur annuelauto.ca.","sameAs":["https:\/\/annuelauto.ca\/"],"url":"https:\/\/news.canadamotorjobs.com\/fr\/author\/benoit-charette\/"}]}},"_links":{"self":[{"href":"https:\/\/news.canadamotorjobs.com\/fr\/wp-json\/wp\/v2\/posts\/155554"}],"collection":[{"href":"https:\/\/news.canadamotorjobs.com\/fr\/wp-json\/wp\/v2\/posts"}],"about":[{"href":"https:\/\/news.canadamotorjobs.com\/fr\/wp-json\/wp\/v2\/types\/post"}],"author":[{"embeddable":true,"href":"https:\/\/news.canadamotorjobs.com\/fr\/wp-json\/wp\/v2\/users\/8"}],"replies":[{"embeddable":true,"href":"https:\/\/news.canadamotorjobs.com\/fr\/wp-json\/wp\/v2\/comments?post=155554"}],"version-history":[{"count":2,"href":"https:\/\/news.canadamotorjobs.com\/fr\/wp-json\/wp\/v2\/posts\/155554\/revisions"}],"predecessor-version":[{"id":155558,"href":"https:\/\/news.canadamotorjobs.com\/fr\/wp-json\/wp\/v2\/posts\/155554\/revisions\/155558"}],"wp:featuredmedia":[{"embeddable":true,"href":"https:\/\/news.canadamotorjobs.com\/fr\/wp-json\/wp\/v2\/media\/155556"}],"wp:attachment":[{"href":"https:\/\/news.canadamotorjobs.com\/fr\/wp-json\/wp\/v2\/media?parent=155554"}],"wp:term":[{"taxonomy":"category","embeddable":true,"href":"https:\/\/news.canadamotorjobs.com\/fr\/wp-json\/wp\/v2\/categories?post=155554"},{"taxonomy":"post_tag","embeddable":true,"href":"https:\/\/news.canadamotorjobs.com\/fr\/wp-json\/wp\/v2\/tags?post=155554"}],"curies":[{"name":"wp","href":"https:\/\/api.w.org\/{rel}","templated":true}]}}