{"id":155486,"date":"2023-12-15T08:40:25","date_gmt":"2023-12-15T13:40:25","guid":{"rendered":"https:\/\/news.canadamotorjobs.com\/?p=155486"},"modified":"2023-12-15T08:46:30","modified_gmt":"2023-12-15T13:46:30","slug":"leurope-retire-le-porsche-macan-de-la-route","status":"publish","type":"post","link":"https:\/\/news.canadamotorjobs.com\/fr\/leurope-retire-le-porsche-macan-de-la-route\/","title":{"rendered":"L\u2019Europe retire le Porsche Macan de la route"},"content":{"rendered":"<\/p>\n<p>Automotive News Europe (ANE) rapporte que le Porsche Macan \u00e0 essence sera retir\u00e9 du march\u00e9 dans les prochains mois pour \u00eatre remplac\u00e9 par le nouveau Macan \u00e9lectrique, m\u00eame s&#8217;ils sont techniquement diff\u00e9rents et conformes aux nouvelles r\u00e8gles.<\/p>\n<h3><strong>Une r\u00e8glementation sur la cybers\u00e9curit\u00e9<\/strong><\/h3>\n<p>\nLa r\u00e9glementation, appel\u00e9e UNECE WP.29, exige que tous les nouveaux v\u00e9hicules dans l&#8217;UE aient un certificat de cybers\u00e9curit\u00e9 et soient \u00e9quip\u00e9s d&#8217;\u00e9lectronique les prot\u00e9geant des pirates informatiques. Chaque voiture doit prouver qu&#8217;elle est prot\u00e9g\u00e9e contre 70 vuln\u00e9rabilit\u00e9s, y compris les attaques cybern\u00e9tiques pendant le d\u00e9veloppement, la production et la post-production. Les constructeurs automobiles risquent une amende allant jusqu&#8217;\u00e0 30 000 \u20ac par v\u00e9hicule s&#8217;ils ne se conforment pas \u00e0 cette r\u00e9glementation.<\/p>\n<h3><strong>Cons\u00e9quences pour le Porsche Macan et d&#8217;autres mod\u00e8les<\/strong><\/h3>\n<p>\nAutocar a recueilli le t\u00e9moignage d&#8217;un acheteur potentiel du Macan, inform\u00e9 par un concessionnaire Porsche que les ventes du Macan thermique cesseront en avril, trois mois avant l&#8217;entr\u00e9e en vigueur de la r\u00e9glementation. Autocar a contact\u00e9 Porsche pour obtenir confirmation de cette information. Le Macan a \u00e9t\u00e9 un mod\u00e8le phare pour Porsche en Europe, avec 20 117 unit\u00e9s vendues jusqu&#8217;\u00e0 pr\u00e9sent en 2023 selon Jato Dynamics. Actuellement, il est disponible en quatre versions, et sa production pour les march\u00e9s hors de l&#8217;Union europ\u00e9enne n&#8217;est pas affect\u00e9e pour le moment, bien que la production du Macan thermique \u00e0 l&#8217;usine de Leipzig se poursuive jusqu&#8217;\u00e0 la fin de 2025.<\/p>\n<h3><strong>Impacts sur d&#8217;autres mod\u00e8les automobiles<\/strong><\/h3>\n<p>\nANE indique \u00e9galement que Volkswagen retirera le e-Up de la vente l&#8217;ann\u00e9e prochaine en raison de la r\u00e9glementation UNECE WP.29, rendant trop co\u00fbteuse l&#8217;int\u00e9gration d&#8217;une nouvelle architecture \u00e9lectronique pour maintenir la conformit\u00e9 du mod\u00e8le. Il reste encore \u00e0 d\u00e9terminer si l&#8217;Audi Q5, d\u00e9velopp\u00e9e aux c\u00f4t\u00e9s du Porsche Macan et utilisant \u00e9galement la plateforme MLB, est affect\u00e9e par cette r\u00e9glementation en mati\u00e8re de cybers\u00e9curit\u00e9 de l&#8217;UNECE.<\/p>\n<p>Avec des renseignements d&#8217;Automotive News<\/p>\n<p>Le texte <a rel=\"nofollow\" href=\"https:\/\/annuelauto.ca\/leurope-retire-le-porsche-macan-de-la-route\/\">L\u2019Europe retire le Porsche Macan de la route<\/a> provient de <a rel=\"nofollow\" href=\"https:\/\/annuelauto.ca\">L&#8217;annuel de l&#8217;automobile &#8211; Actualit\u00e9 automobile<\/a><\/p>\n<p><\/p>\n","protected":false},"excerpt":{"rendered":"<p>Automotive News Europe (ANE) rapporte que le Porsche Macan \u00e0 essence sera retir\u00e9 du march\u00e9 dans les prochains mois pour \u00eatre remplac\u00e9 par le nouveau Macan \u00e9lectrique, m\u00eame s&#8217;ils sont techniquement diff\u00e9rents et conformes aux nouvelles r\u00e8gles. Une r\u00e8glementation sur la cybers\u00e9curit\u00e9 La r\u00e9glementation, appel\u00e9e UNECE WP.29, exige que tous les nouveaux v\u00e9hicules dans l&#8217;UE [&hellip;]<\/p>\n","protected":false},"author":8,"featured_media":155488,"comment_status":"close","ping_status":"closed","sticky":false,"template":"","format":"standard","meta":{"_monsterinsights_skip_tracking":false,"_monsterinsights_sitenote_active":false,"_monsterinsights_sitenote_note":"","_monsterinsights_sitenote_category":0,"footnotes":""},"categories":[101],"tags":[],"yoast_head":"<!-- This site is optimized with the Yoast SEO plugin v23.2 - https:\/\/yoast.com\/wordpress\/plugins\/seo\/ -->\n<title>L\u2019Europe retire le Porsche Macan de la route - CanadaMotorJobs.com<\/title>\n<meta name=\"description\" content=\"L\u2019Europe retire le Porsche Macan de la route - Benoit Charette - Annuel automobile - CanadaMotorJobs.com.\" \/>\n<meta name=\"robots\" content=\"index, follow, max-snippet:-1, max-image-preview:large, max-video-preview:-1\" \/>\n<meta property=\"og:locale\" content=\"fr_CA\" \/>\n<meta property=\"og:type\" content=\"article\" \/>\n<meta property=\"og:title\" content=\"L\u2019Europe retire le Porsche Macan de la route - CanadaMotorJobs.com\" \/>\n<meta property=\"og:description\" content=\"L\u2019Europe retire le Porsche Macan de la route - Benoit Charette - Annuel automobile - CanadaMotorJobs.com.\" \/>\n<meta property=\"og:url\" content=\"https:\/\/news.canadamotorjobs.com\/fr\/leurope-retire-le-porsche-macan-de-la-route\/\" \/>\n<meta property=\"og:site_name\" content=\"CanadaMotorJobs.com\" \/>\n<meta property=\"article:publisher\" content=\"https:\/\/www.facebook.com\/canadamotorjobs\/\" \/>\n<meta property=\"article:published_time\" content=\"2023-12-15T13:40:25+00:00\" \/>\n<meta property=\"article:modified_time\" content=\"2023-12-15T13:46:30+00:00\" \/>\n<meta property=\"og:image\" content=\"https:\/\/news.canadamotorjobs.com\/wp-content\/uploads\/2023\/12\/2022_Jet_Black_Metallic_Macan_T_022_DSC06759.jpg\" \/>\n\t<meta property=\"og:image:width\" content=\"1920\" \/>\n\t<meta property=\"og:image:height\" content=\"1280\" \/>\n\t<meta property=\"og:image:type\" content=\"image\/jpeg\" \/>\n<meta name=\"author\" content=\"Benoit Charette\" \/>\n<meta name=\"twitter:card\" content=\"summary_large_image\" \/>\n<meta name=\"twitter:creator\" content=\"@canadamotorjobs\" \/>\n<meta name=\"twitter:site\" content=\"@canadamotorjobs\" \/>\n<meta name=\"twitter:label1\" content=\"\u00c9crit par\" \/>\n\t<meta name=\"twitter:data1\" content=\"Benoit Charette\" \/>\n\t<meta name=\"twitter:label2\" content=\"Estimation du temps de lecture\" \/>\n\t<meta name=\"twitter:data2\" content=\"2 minutes\" \/>\n<!-- \/ Yoast SEO plugin. -->","yoast_head_json":{"title":"L\u2019Europe retire le Porsche Macan de la route - CanadaMotorJobs.com","description":"L\u2019Europe retire le Porsche Macan de la route - Benoit Charette - Annuel automobile - CanadaMotorJobs.com.","robots":{"index":"index","follow":"follow","max-snippet":"max-snippet:-1","max-image-preview":"max-image-preview:large","max-video-preview":"max-video-preview:-1"},"og_locale":"fr_CA","og_type":"article","og_title":"L\u2019Europe retire le Porsche Macan de la route - CanadaMotorJobs.com","og_description":"L\u2019Europe retire le Porsche Macan de la route - Benoit Charette - Annuel automobile - CanadaMotorJobs.com.","og_url":"https:\/\/news.canadamotorjobs.com\/fr\/leurope-retire-le-porsche-macan-de-la-route\/","og_site_name":"CanadaMotorJobs.com","article_publisher":"https:\/\/www.facebook.com\/canadamotorjobs\/","article_published_time":"2023-12-15T13:40:25+00:00","article_modified_time":"2023-12-15T13:46:30+00:00","og_image":[{"width":1920,"height":1280,"url":"https:\/\/news.canadamotorjobs.com\/wp-content\/uploads\/2023\/12\/2022_Jet_Black_Metallic_Macan_T_022_DSC06759.jpg","type":"image\/jpeg"}],"author":"Benoit Charette","twitter_card":"summary_large_image","twitter_creator":"@canadamotorjobs","twitter_site":"@canadamotorjobs","twitter_misc":{"\u00c9crit par":"Benoit Charette","Estimation du temps de lecture":"2 minutes"},"schema":{"@context":"https:\/\/schema.org","@graph":[{"@type":"Article","@id":"https:\/\/news.canadamotorjobs.com\/fr\/leurope-retire-le-porsche-macan-de-la-route\/#article","isPartOf":{"@id":"https:\/\/news.canadamotorjobs.com\/fr\/leurope-retire-le-porsche-macan-de-la-route\/"},"author":{"name":"Benoit Charette","@id":"https:\/\/news.canadamotorjobs.com\/#\/schema\/person\/51793d1f87d44011d7bcc2ed99269a90"},"headline":"L\u2019Europe retire le Porsche Macan de la route","datePublished":"2023-12-15T13:40:25+00:00","dateModified":"2023-12-15T13:46:30+00:00","mainEntityOfPage":{"@id":"https:\/\/news.canadamotorjobs.com\/fr\/leurope-retire-le-porsche-macan-de-la-route\/"},"wordCount":383,"publisher":{"@id":"https:\/\/news.canadamotorjobs.com\/#organization"},"image":{"@id":"https:\/\/news.canadamotorjobs.com\/fr\/leurope-retire-le-porsche-macan-de-la-route\/#primaryimage"},"thumbnailUrl":"https:\/\/news.canadamotorjobs.com\/wp-content\/uploads\/2023\/12\/2022_Jet_Black_Metallic_Macan_T_022_DSC06759.jpg","articleSection":["Annuel automobile"],"inLanguage":"fr-CA"},{"@type":"WebPage","@id":"https:\/\/news.canadamotorjobs.com\/fr\/leurope-retire-le-porsche-macan-de-la-route\/","url":"https:\/\/news.canadamotorjobs.com\/fr\/leurope-retire-le-porsche-macan-de-la-route\/","name":"L\u2019Europe retire le Porsche Macan de la route - CanadaMotorJobs.com","isPartOf":{"@id":"https:\/\/news.canadamotorjobs.com\/#website"},"primaryImageOfPage":{"@id":"https:\/\/news.canadamotorjobs.com\/fr\/leurope-retire-le-porsche-macan-de-la-route\/#primaryimage"},"image":{"@id":"https:\/\/news.canadamotorjobs.com\/fr\/leurope-retire-le-porsche-macan-de-la-route\/#primaryimage"},"thumbnailUrl":"https:\/\/news.canadamotorjobs.com\/wp-content\/uploads\/2023\/12\/2022_Jet_Black_Metallic_Macan_T_022_DSC06759.jpg","datePublished":"2023-12-15T13:40:25+00:00","dateModified":"2023-12-15T13:46:30+00:00","description":"L\u2019Europe retire le Porsche Macan de la route - Benoit Charette - Annuel automobile - CanadaMotorJobs.com.","breadcrumb":{"@id":"https:\/\/news.canadamotorjobs.com\/fr\/leurope-retire-le-porsche-macan-de-la-route\/#breadcrumb"},"inLanguage":"fr-CA","potentialAction":[{"@type":"ReadAction","target":["https:\/\/news.canadamotorjobs.com\/fr\/leurope-retire-le-porsche-macan-de-la-route\/"]}]},{"@type":"ImageObject","inLanguage":"fr-CA","@id":"https:\/\/news.canadamotorjobs.com\/fr\/leurope-retire-le-porsche-macan-de-la-route\/#primaryimage","url":"https:\/\/news.canadamotorjobs.com\/wp-content\/uploads\/2023\/12\/2022_Jet_Black_Metallic_Macan_T_022_DSC06759.jpg","contentUrl":"https:\/\/news.canadamotorjobs.com\/wp-content\/uploads\/2023\/12\/2022_Jet_Black_Metallic_Macan_T_022_DSC06759.jpg","width":1920,"height":1280},{"@type":"BreadcrumbList","@id":"https:\/\/news.canadamotorjobs.com\/fr\/leurope-retire-le-porsche-macan-de-la-route\/#breadcrumb","itemListElement":[{"@type":"ListItem","position":1,"name":"Home","item":"https:\/\/news.canadamotorjobs.com\/fr\/blog\/"},{"@type":"ListItem","position":2,"name":"L\u2019Europe retire le Porsche Macan de la route"}]},{"@type":"WebSite","@id":"https:\/\/news.canadamotorjobs.com\/#website","url":"https:\/\/news.canadamotorjobs.com\/","name":"CanadaMotorJobs.com","description":"Automotive Jobs","publisher":{"@id":"https:\/\/news.canadamotorjobs.com\/#organization"},"potentialAction":[{"@type":"SearchAction","target":{"@type":"EntryPoint","urlTemplate":"https:\/\/news.canadamotorjobs.com\/?s={search_term_string}"},"query-input":"required name=search_term_string"}],"inLanguage":"fr-CA"},{"@type":"Organization","@id":"https:\/\/news.canadamotorjobs.com\/#organization","name":"Canada Motor Jobs","url":"https:\/\/news.canadamotorjobs.com\/","logo":{"@type":"ImageObject","inLanguage":"fr-CA","@id":"https:\/\/news.canadamotorjobs.com\/#\/schema\/logo\/image\/","url":"https:\/\/news.canadamotorjobs.com\/wp-content\/uploads\/2022\/10\/logo-canada-motor-jobs-1.png","contentUrl":"https:\/\/news.canadamotorjobs.com\/wp-content\/uploads\/2022\/10\/logo-canada-motor-jobs-1.png","width":800,"height":400,"caption":"Canada Motor Jobs"},"image":{"@id":"https:\/\/news.canadamotorjobs.com\/#\/schema\/logo\/image\/"},"sameAs":["https:\/\/www.facebook.com\/canadamotorjobs\/","https:\/\/x.com\/canadamotorjobs","https:\/\/www.instagram.com\/canadamotorjobs\/","https:\/\/www.linkedin.com\/company\/canadamotorjobs"]},{"@type":"Person","@id":"https:\/\/news.canadamotorjobs.com\/#\/schema\/person\/51793d1f87d44011d7bcc2ed99269a90","name":"Benoit Charette","image":{"@type":"ImageObject","inLanguage":"fr-CA","@id":"https:\/\/news.canadamotorjobs.com\/#\/schema\/person\/image\/","url":"https:\/\/secure.gravatar.com\/avatar\/45f3d2eebcccd909668d7ce7ea7267b6?s=96&d=mm&r=g","contentUrl":"https:\/\/secure.gravatar.com\/avatar\/45f3d2eebcccd909668d7ce7ea7267b6?s=96&d=mm&r=g","caption":"Benoit Charette"},"description":"Benoit Charette \/ Propri\u00e9taire et r\u00e9dacteur en chef Benoit Charette pratique le journalisme automobile depuis bient\u00f4t 30 ans. Il a fait ses classes au c\u00f4t\u00e9 de Daniel H\u00e9raud et au Carnet de route de 1992 \u00e0 2001. Il est fondateur, copropri\u00e9taire et r\u00e9dacteur en chef de L\u2019Annuel de l\u2019automobile, qu\u2019il publie depuis 2001. Il a anim\u00e9 les \u00e9missions RPM et RPM+ sur V et les L\u00e9gendes de la route sur Historia. \u00c0 la radio depuis 1986, il reprend l\u2019antenne cette ann\u00e9e sur les ondes de Cogeco et participe pour la deuxi\u00e8me ann\u00e9e \u00e0 l\u2019\u00e9mission Passion Auto sur RDS en plus de mettre en ligne le site Web officiel de L\u2019Annuel de l\u2019automobile sur annuelauto.ca.","sameAs":["https:\/\/annuelauto.ca\/"],"url":"https:\/\/news.canadamotorjobs.com\/fr\/author\/benoit-charette\/"}]}},"_links":{"self":[{"href":"https:\/\/news.canadamotorjobs.com\/fr\/wp-json\/wp\/v2\/posts\/155486"}],"collection":[{"href":"https:\/\/news.canadamotorjobs.com\/fr\/wp-json\/wp\/v2\/posts"}],"about":[{"href":"https:\/\/news.canadamotorjobs.com\/fr\/wp-json\/wp\/v2\/types\/post"}],"author":[{"embeddable":true,"href":"https:\/\/news.canadamotorjobs.com\/fr\/wp-json\/wp\/v2\/users\/8"}],"replies":[{"embeddable":true,"href":"https:\/\/news.canadamotorjobs.com\/fr\/wp-json\/wp\/v2\/comments?post=155486"}],"version-history":[{"count":2,"href":"https:\/\/news.canadamotorjobs.com\/fr\/wp-json\/wp\/v2\/posts\/155486\/revisions"}],"predecessor-version":[{"id":155490,"href":"https:\/\/news.canadamotorjobs.com\/fr\/wp-json\/wp\/v2\/posts\/155486\/revisions\/155490"}],"wp:featuredmedia":[{"embeddable":true,"href":"https:\/\/news.canadamotorjobs.com\/fr\/wp-json\/wp\/v2\/media\/155488"}],"wp:attachment":[{"href":"https:\/\/news.canadamotorjobs.com\/fr\/wp-json\/wp\/v2\/media?parent=155486"}],"wp:term":[{"taxonomy":"category","embeddable":true,"href":"https:\/\/news.canadamotorjobs.com\/fr\/wp-json\/wp\/v2\/categories?post=155486"},{"taxonomy":"post_tag","embeddable":true,"href":"https:\/\/news.canadamotorjobs.com\/fr\/wp-json\/wp\/v2\/tags?post=155486"}],"curies":[{"name":"wp","href":"https:\/\/api.w.org\/{rel}","templated":true}]}}