{"id":155455,"date":"2023-12-15T08:14:23","date_gmt":"2023-12-15T13:14:23","guid":{"rendered":"https:\/\/news.canadamotorjobs.com\/?p=155455"},"modified":"2023-12-15T08:15:18","modified_gmt":"2023-12-15T13:15:18","slug":"cadillac-devoile-le-vistiq-2026-un-nouveau-vus-electrique","status":"publish","type":"post","link":"https:\/\/news.canadamotorjobs.com\/fr\/cadillac-devoile-le-vistiq-2026-un-nouveau-vus-electrique\/","title":{"rendered":"Cadillac d\u00e9voile le Vistiq 2026 : un nouveau VUS \u00e9lectrique"},"content":{"rendered":"<\/p>\n<p>Cadillac poursuit sa r\u00e9volution \u00e9lectrique en d\u00e9voilant les premi\u00e8res images du Vistiq 2026. Il s&#8217;agit d&#8217;un tout nouveau VUS de luxe \u00e0 trois rang\u00e9es qui se placera entre le Lyriq et l&#8217;Escalade IQ.<\/p>\n<p>La soci\u00e9t\u00e9 ne d\u00e9voile pas beaucoup d&#8217;informations pour le moment, mais le Vistiq est leur cinqui\u00e8me v\u00e9hicule \u00e9lectrique et a \u00e9t\u00e9 &#8220;con\u00e7u pour la famille moderne&#8221;. John Roth de Cadillac a ajout\u00e9 que ce mod\u00e8le est &#8220;un autre v\u00e9hicule \u00e9lectrique attrayant&#8221; qui renforce leur engagement envers un avenir \u00e9lectrique.<\/p>\n<p>Le vice-pr\u00e9sident mondial de Cadillac a ensuite d\u00e9clar\u00e9 : &#8220;Notre marque propose d\u00e9sormais une offre de V\u00c9 dans la plupart des segments de luxe, offrant aux clients un \u00e9ventail de choix, et les V\u00c9 Cadillac couvriront la plupart des segments de VUS de luxe sur les march\u00e9s mondiaux cl\u00e9s au cours des deux prochaines ann\u00e9es&#8221;.<\/p>\n<p>Les d\u00e9tails seront d\u00e9voil\u00e9s dans les mois \u00e0 venir, mais nous pouvons voir que le Vistiq est bas\u00e9 sur la plate-forme Ultium, suivant ainsi les traces du Lyriq. Les similitudes sont particuli\u00e8rement visibles \u00e0 l&#8217;avant, o\u00f9 les deux mod\u00e8les arborent une calandre en cristal noir encadr\u00e9e par des phares verticaux et des clignotants \u00e9lanc\u00e9s.<\/p>\n<p>En avan\u00e7ant, nous remarquons des poign\u00e9es de porte affleurantes et une carrosserie famili\u00e8re. Cependant, les similitudes s&#8217;arr\u00eatent l\u00e0, car le Vistiq est plus long et adopte une verri\u00e8re plus expansive.<\/p>\n<p>La partie arri\u00e8re est conservatrice avec des blocs d&#8217;\u00e9clairage divis\u00e9s qui ne sont pas aussi radicaux que ceux du Lyriq. Au contraire, les feux semblent davantage s&#8217;inspirer de l&#8217;Escalade IQ de plus grande taille.<\/p>\n<p>Bien que Cadillac joue la carte de la discr\u00e9tion, nous pouvons voir l&#8217;insigne &#8220;600 E4&#8221; sur le hayon. Le m\u00eame nom est utilis\u00e9 sur le Lyriq, sugg\u00e9rant ainsi que les mod\u00e8les partageront leur syst\u00e8me de traction int\u00e9grale \u00e0 double moteur. Si tel est le cas, on peut s&#8217;attendre \u00e0 une puissance combin\u00e9e de 500 chevaux et 450 lb-pi de couple.<\/p>\n<p>Les d\u00e9tails suppl\u00e9mentaires sont plus difficiles \u00e0 obtenir, mais le Lyriq est \u00e9quip\u00e9 d&#8217;une batterie de 102 kWh offrant une autonomie de 494 km en traction int\u00e9grale et de 505 km en propulsion. Bien s\u00fbr, les dimensions plus grandes pourraient s&#8217;accompagner d&#8217;une batterie plus puissante.<\/p>\n<p>Alors qu&#8217;il y a plus de questions que de r\u00e9ponses pour le moment, il devient de plus en plus \u00e9vident qu&#8217;il n&#8217;y aura pas de p\u00e9nurie de crossovers Cadillac \u00e0 l&#8217;\u00e8re \u00e9lectrique.<\/p>\n<p>Avec des renseignements de Carscoops<\/p>\n<p>\u00a0<\/p>\n<p>Le texte <a rel=\"nofollow\" href=\"https:\/\/annuelauto.ca\/cadillac-devoile-le-vistiq-2026-un-nouveau-vus-electrique\/\">Cadillac d\u00e9voile le Vistiq 2026 : un nouveau VUS \u00e9lectrique<\/a> provient de <a rel=\"nofollow\" href=\"https:\/\/annuelauto.ca\">L&#8217;annuel de l&#8217;automobile &#8211; Actualit\u00e9 automobile<\/a><\/p>\n<p><\/p>\n","protected":false},"excerpt":{"rendered":"<p>Cadillac poursuit sa r\u00e9volution \u00e9lectrique en d\u00e9voilant les premi\u00e8res images du Vistiq 2026. Il s&#8217;agit d&#8217;un tout nouveau VUS de luxe \u00e0 trois rang\u00e9es qui se placera entre le Lyriq et l&#8217;Escalade IQ. La soci\u00e9t\u00e9 ne d\u00e9voile pas beaucoup d&#8217;informations pour le moment, mais le Vistiq est leur cinqui\u00e8me v\u00e9hicule \u00e9lectrique et a \u00e9t\u00e9 &#8220;con\u00e7u [&hellip;]<\/p>\n","protected":false},"author":8,"featured_media":155457,"comment_status":"close","ping_status":"closed","sticky":false,"template":"","format":"standard","meta":{"_monsterinsights_skip_tracking":false,"_monsterinsights_sitenote_active":false,"_monsterinsights_sitenote_note":"","_monsterinsights_sitenote_category":0,"footnotes":""},"categories":[101],"tags":[],"yoast_head":"<!-- This site is optimized with the Yoast SEO plugin v23.2 - https:\/\/yoast.com\/wordpress\/plugins\/seo\/ -->\n<title>Cadillac d\u00e9voile le Vistiq 2026 : un nouveau VUS \u00e9lectrique - CanadaMotorJobs.com<\/title>\n<meta name=\"description\" content=\"Cadillac d\u00e9voile le Vistiq 2026 : un nouveau VUS \u00e9lectrique - Benoit Charette - Annuel automobile - CanadaMotorJobs.com.\" \/>\n<meta name=\"robots\" content=\"index, follow, max-snippet:-1, max-image-preview:large, max-video-preview:-1\" \/>\n<meta property=\"og:locale\" content=\"fr_CA\" \/>\n<meta property=\"og:type\" content=\"article\" \/>\n<meta property=\"og:title\" content=\"Cadillac d\u00e9voile le Vistiq 2026 : un nouveau VUS \u00e9lectrique - CanadaMotorJobs.com\" \/>\n<meta property=\"og:description\" content=\"Cadillac d\u00e9voile le Vistiq 2026 : un nouveau VUS \u00e9lectrique - Benoit Charette - Annuel automobile - CanadaMotorJobs.com.\" \/>\n<meta property=\"og:url\" content=\"https:\/\/news.canadamotorjobs.com\/fr\/cadillac-devoile-le-vistiq-2026-un-nouveau-vus-electrique\/\" \/>\n<meta property=\"og:site_name\" content=\"CanadaMotorJobs.com\" \/>\n<meta property=\"article:publisher\" content=\"https:\/\/www.facebook.com\/canadamotorjobs\/\" \/>\n<meta property=\"article:published_time\" content=\"2023-12-15T13:14:23+00:00\" \/>\n<meta property=\"article:modified_time\" content=\"2023-12-15T13:15:18+00:00\" \/>\n<meta property=\"og:image\" content=\"https:\/\/news.canadamotorjobs.com\/wp-content\/uploads\/2023\/12\/2026-cadillac-vistiq-01-scaled-1.jpg\" \/>\n\t<meta property=\"og:image:width\" content=\"2560\" \/>\n\t<meta property=\"og:image:height\" content=\"1804\" \/>\n\t<meta property=\"og:image:type\" content=\"image\/jpeg\" \/>\n<meta name=\"author\" content=\"Benoit Charette\" \/>\n<meta name=\"twitter:card\" content=\"summary_large_image\" \/>\n<meta name=\"twitter:creator\" content=\"@canadamotorjobs\" \/>\n<meta name=\"twitter:site\" content=\"@canadamotorjobs\" \/>\n<meta name=\"twitter:label1\" content=\"\u00c9crit par\" \/>\n\t<meta name=\"twitter:data1\" content=\"Benoit Charette\" \/>\n\t<meta name=\"twitter:label2\" content=\"Estimation du temps de lecture\" \/>\n\t<meta name=\"twitter:data2\" content=\"2 minutes\" \/>\n<!-- \/ Yoast SEO plugin. -->","yoast_head_json":{"title":"Cadillac d\u00e9voile le Vistiq 2026 : un nouveau VUS \u00e9lectrique - CanadaMotorJobs.com","description":"Cadillac d\u00e9voile le Vistiq 2026 : un nouveau VUS \u00e9lectrique - Benoit Charette - Annuel automobile - CanadaMotorJobs.com.","robots":{"index":"index","follow":"follow","max-snippet":"max-snippet:-1","max-image-preview":"max-image-preview:large","max-video-preview":"max-video-preview:-1"},"og_locale":"fr_CA","og_type":"article","og_title":"Cadillac d\u00e9voile le Vistiq 2026 : un nouveau VUS \u00e9lectrique - CanadaMotorJobs.com","og_description":"Cadillac d\u00e9voile le Vistiq 2026 : un nouveau VUS \u00e9lectrique - Benoit Charette - Annuel automobile - CanadaMotorJobs.com.","og_url":"https:\/\/news.canadamotorjobs.com\/fr\/cadillac-devoile-le-vistiq-2026-un-nouveau-vus-electrique\/","og_site_name":"CanadaMotorJobs.com","article_publisher":"https:\/\/www.facebook.com\/canadamotorjobs\/","article_published_time":"2023-12-15T13:14:23+00:00","article_modified_time":"2023-12-15T13:15:18+00:00","og_image":[{"width":2560,"height":1804,"url":"https:\/\/news.canadamotorjobs.com\/wp-content\/uploads\/2023\/12\/2026-cadillac-vistiq-01-scaled-1.jpg","type":"image\/jpeg"}],"author":"Benoit Charette","twitter_card":"summary_large_image","twitter_creator":"@canadamotorjobs","twitter_site":"@canadamotorjobs","twitter_misc":{"\u00c9crit par":"Benoit Charette","Estimation du temps de lecture":"2 minutes"},"schema":{"@context":"https:\/\/schema.org","@graph":[{"@type":"Article","@id":"https:\/\/news.canadamotorjobs.com\/fr\/cadillac-devoile-le-vistiq-2026-un-nouveau-vus-electrique\/#article","isPartOf":{"@id":"https:\/\/news.canadamotorjobs.com\/fr\/cadillac-devoile-le-vistiq-2026-un-nouveau-vus-electrique\/"},"author":{"name":"Benoit Charette","@id":"https:\/\/news.canadamotorjobs.com\/#\/schema\/person\/51793d1f87d44011d7bcc2ed99269a90"},"headline":"Cadillac d\u00e9voile le Vistiq 2026 : un nouveau VUS \u00e9lectrique","datePublished":"2023-12-15T13:14:23+00:00","dateModified":"2023-12-15T13:15:18+00:00","mainEntityOfPage":{"@id":"https:\/\/news.canadamotorjobs.com\/fr\/cadillac-devoile-le-vistiq-2026-un-nouveau-vus-electrique\/"},"wordCount":474,"publisher":{"@id":"https:\/\/news.canadamotorjobs.com\/#organization"},"image":{"@id":"https:\/\/news.canadamotorjobs.com\/fr\/cadillac-devoile-le-vistiq-2026-un-nouveau-vus-electrique\/#primaryimage"},"thumbnailUrl":"https:\/\/news.canadamotorjobs.com\/wp-content\/uploads\/2023\/12\/2026-cadillac-vistiq-01-scaled-1.jpg","articleSection":["Annuel automobile"],"inLanguage":"fr-CA"},{"@type":"WebPage","@id":"https:\/\/news.canadamotorjobs.com\/fr\/cadillac-devoile-le-vistiq-2026-un-nouveau-vus-electrique\/","url":"https:\/\/news.canadamotorjobs.com\/fr\/cadillac-devoile-le-vistiq-2026-un-nouveau-vus-electrique\/","name":"Cadillac d\u00e9voile le Vistiq 2026 : un nouveau VUS \u00e9lectrique - CanadaMotorJobs.com","isPartOf":{"@id":"https:\/\/news.canadamotorjobs.com\/#website"},"primaryImageOfPage":{"@id":"https:\/\/news.canadamotorjobs.com\/fr\/cadillac-devoile-le-vistiq-2026-un-nouveau-vus-electrique\/#primaryimage"},"image":{"@id":"https:\/\/news.canadamotorjobs.com\/fr\/cadillac-devoile-le-vistiq-2026-un-nouveau-vus-electrique\/#primaryimage"},"thumbnailUrl":"https:\/\/news.canadamotorjobs.com\/wp-content\/uploads\/2023\/12\/2026-cadillac-vistiq-01-scaled-1.jpg","datePublished":"2023-12-15T13:14:23+00:00","dateModified":"2023-12-15T13:15:18+00:00","description":"Cadillac d\u00e9voile le Vistiq 2026 : un nouveau VUS \u00e9lectrique - Benoit Charette - Annuel automobile - CanadaMotorJobs.com.","breadcrumb":{"@id":"https:\/\/news.canadamotorjobs.com\/fr\/cadillac-devoile-le-vistiq-2026-un-nouveau-vus-electrique\/#breadcrumb"},"inLanguage":"fr-CA","potentialAction":[{"@type":"ReadAction","target":["https:\/\/news.canadamotorjobs.com\/fr\/cadillac-devoile-le-vistiq-2026-un-nouveau-vus-electrique\/"]}]},{"@type":"ImageObject","inLanguage":"fr-CA","@id":"https:\/\/news.canadamotorjobs.com\/fr\/cadillac-devoile-le-vistiq-2026-un-nouveau-vus-electrique\/#primaryimage","url":"https:\/\/news.canadamotorjobs.com\/wp-content\/uploads\/2023\/12\/2026-cadillac-vistiq-01-scaled-1.jpg","contentUrl":"https:\/\/news.canadamotorjobs.com\/wp-content\/uploads\/2023\/12\/2026-cadillac-vistiq-01-scaled-1.jpg","width":2560,"height":1804},{"@type":"BreadcrumbList","@id":"https:\/\/news.canadamotorjobs.com\/fr\/cadillac-devoile-le-vistiq-2026-un-nouveau-vus-electrique\/#breadcrumb","itemListElement":[{"@type":"ListItem","position":1,"name":"Home","item":"https:\/\/news.canadamotorjobs.com\/fr\/blog\/"},{"@type":"ListItem","position":2,"name":"Cadillac d\u00e9voile le Vistiq 2026 : un nouveau VUS \u00e9lectrique"}]},{"@type":"WebSite","@id":"https:\/\/news.canadamotorjobs.com\/#website","url":"https:\/\/news.canadamotorjobs.com\/","name":"CanadaMotorJobs.com","description":"Automotive Jobs","publisher":{"@id":"https:\/\/news.canadamotorjobs.com\/#organization"},"potentialAction":[{"@type":"SearchAction","target":{"@type":"EntryPoint","urlTemplate":"https:\/\/news.canadamotorjobs.com\/?s={search_term_string}"},"query-input":"required name=search_term_string"}],"inLanguage":"fr-CA"},{"@type":"Organization","@id":"https:\/\/news.canadamotorjobs.com\/#organization","name":"Canada Motor Jobs","url":"https:\/\/news.canadamotorjobs.com\/","logo":{"@type":"ImageObject","inLanguage":"fr-CA","@id":"https:\/\/news.canadamotorjobs.com\/#\/schema\/logo\/image\/","url":"https:\/\/news.canadamotorjobs.com\/wp-content\/uploads\/2022\/10\/logo-canada-motor-jobs-1.png","contentUrl":"https:\/\/news.canadamotorjobs.com\/wp-content\/uploads\/2022\/10\/logo-canada-motor-jobs-1.png","width":800,"height":400,"caption":"Canada Motor Jobs"},"image":{"@id":"https:\/\/news.canadamotorjobs.com\/#\/schema\/logo\/image\/"},"sameAs":["https:\/\/www.facebook.com\/canadamotorjobs\/","https:\/\/x.com\/canadamotorjobs","https:\/\/www.instagram.com\/canadamotorjobs\/","https:\/\/www.linkedin.com\/company\/canadamotorjobs"]},{"@type":"Person","@id":"https:\/\/news.canadamotorjobs.com\/#\/schema\/person\/51793d1f87d44011d7bcc2ed99269a90","name":"Benoit Charette","image":{"@type":"ImageObject","inLanguage":"fr-CA","@id":"https:\/\/news.canadamotorjobs.com\/#\/schema\/person\/image\/","url":"https:\/\/secure.gravatar.com\/avatar\/45f3d2eebcccd909668d7ce7ea7267b6?s=96&d=mm&r=g","contentUrl":"https:\/\/secure.gravatar.com\/avatar\/45f3d2eebcccd909668d7ce7ea7267b6?s=96&d=mm&r=g","caption":"Benoit Charette"},"description":"Benoit Charette \/ Propri\u00e9taire et r\u00e9dacteur en chef Benoit Charette pratique le journalisme automobile depuis bient\u00f4t 30 ans. Il a fait ses classes au c\u00f4t\u00e9 de Daniel H\u00e9raud et au Carnet de route de 1992 \u00e0 2001. Il est fondateur, copropri\u00e9taire et r\u00e9dacteur en chef de L\u2019Annuel de l\u2019automobile, qu\u2019il publie depuis 2001. Il a anim\u00e9 les \u00e9missions RPM et RPM+ sur V et les L\u00e9gendes de la route sur Historia. \u00c0 la radio depuis 1986, il reprend l\u2019antenne cette ann\u00e9e sur les ondes de Cogeco et participe pour la deuxi\u00e8me ann\u00e9e \u00e0 l\u2019\u00e9mission Passion Auto sur RDS en plus de mettre en ligne le site Web officiel de L\u2019Annuel de l\u2019automobile sur annuelauto.ca.","sameAs":["https:\/\/annuelauto.ca\/"],"url":"https:\/\/news.canadamotorjobs.com\/fr\/author\/benoit-charette\/"}]}},"_links":{"self":[{"href":"https:\/\/news.canadamotorjobs.com\/fr\/wp-json\/wp\/v2\/posts\/155455"}],"collection":[{"href":"https:\/\/news.canadamotorjobs.com\/fr\/wp-json\/wp\/v2\/posts"}],"about":[{"href":"https:\/\/news.canadamotorjobs.com\/fr\/wp-json\/wp\/v2\/types\/post"}],"author":[{"embeddable":true,"href":"https:\/\/news.canadamotorjobs.com\/fr\/wp-json\/wp\/v2\/users\/8"}],"replies":[{"embeddable":true,"href":"https:\/\/news.canadamotorjobs.com\/fr\/wp-json\/wp\/v2\/comments?post=155455"}],"version-history":[{"count":2,"href":"https:\/\/news.canadamotorjobs.com\/fr\/wp-json\/wp\/v2\/posts\/155455\/revisions"}],"predecessor-version":[{"id":155459,"href":"https:\/\/news.canadamotorjobs.com\/fr\/wp-json\/wp\/v2\/posts\/155455\/revisions\/155459"}],"wp:featuredmedia":[{"embeddable":true,"href":"https:\/\/news.canadamotorjobs.com\/fr\/wp-json\/wp\/v2\/media\/155457"}],"wp:attachment":[{"href":"https:\/\/news.canadamotorjobs.com\/fr\/wp-json\/wp\/v2\/media?parent=155455"}],"wp:term":[{"taxonomy":"category","embeddable":true,"href":"https:\/\/news.canadamotorjobs.com\/fr\/wp-json\/wp\/v2\/categories?post=155455"},{"taxonomy":"post_tag","embeddable":true,"href":"https:\/\/news.canadamotorjobs.com\/fr\/wp-json\/wp\/v2\/tags?post=155455"}],"curies":[{"name":"wp","href":"https:\/\/api.w.org\/{rel}","templated":true}]}}