{"id":155409,"date":"2023-12-13T13:54:47","date_gmt":"2023-12-13T18:54:47","guid":{"rendered":"https:\/\/news.canadamotorjobs.com\/?p=155409"},"modified":"2023-12-13T13:59:46","modified_gmt":"2023-12-13T18:59:46","slug":"toyota-veut-offrir-une-mobilite-adaptee-pour-tous-aux-jo-de-paris","status":"publish","type":"post","link":"https:\/\/news.canadamotorjobs.com\/fr\/toyota-veut-offrir-une-mobilite-adaptee-pour-tous-aux-jo-de-paris\/","title":{"rendered":"Toyota veut offrir une mobilit\u00e9 adapt\u00e9e pour tous aux JO de Paris"},"content":{"rendered":"<\/p>\n<p>Bien des gens ignorent que Toyota est le partenaire du Comit\u00e9 international olympique (CIO) et du Comit\u00e9 international paralympique (CIP) depuis 2015. Ce mandat du constructeur nippon prend d\u2019ailleurs fin en 2024 avec les Jeux olympiques (JO) de Paris.<\/p>\n<p>Voil\u00e0 pourquoi, lors des \u00e9v\u00e9nements des prochains JO dans la Ville Lumi\u00e8re, on verra environ 700\u00a0v\u00e9hicules et appareils de mobilit\u00e9 individuelle arborant le logo ovale de la marque, notamment des C+walk\u00a0S, des C+walk\u00a0T, 150\u00a0fourgonnettes Proace adapt\u00e9es aux fauteuils roulants, ainsi que deux nouveaut\u00e9s d\u00e9voil\u00e9es il y a quelques jours en Europe\u00a0: une nouvelle navette APM et la \u00ab\u00a03e\u00a0roue\u00a0\u00bb motoris\u00e9e.<\/p>\n<h3><strong>Des APM pour faciliter les d\u00e9placements<\/strong><\/h3>\n<p>\nL\u2019APM (pour <em>Accessible People Mover<\/em>) est une navette pour les d\u00e9placements de proximit\u00e9, selon le principe du \u00ab dernier kilom\u00e8tre \u00bb. La nouvelle version de l\u2019APM servira aux athl\u00e8tes, b\u00e9n\u00e9voles, spectateurs et organisateurs n\u00e9cessitant un moyen de transport en raison d\u2019un handicap physique, m\u00eame s\u2019ils se d\u00e9placent en fauteuil roulant. En effet, ces petites navettes sont munies d\u2019une rampe escamotable.<\/p>\n<p>Toyota mettra en service environ 250\u00a0APM sur les diff\u00e9rents sites d\u2019\u00e9v\u00e9nements et des comp\u00e9titions des Jeux olympiques et paralympiques, mais aussi dans le Village des athl\u00e8tes. Certains\u00a0APM serviront \u00e9galement au transport de colis et de bagages, de m\u00eame qu\u2019\u00e0 des services d\u2019urgence.<\/p>\n<p>L\u2019APM a trois rang\u00e9es de si\u00e8ges pouvant chacune accueillir deux occupants. En outre, les deux si\u00e8ges de la rang\u00e9e m\u00e9diane, qui font face \u00e0 l\u2019arri\u00e8re, sont con\u00e7us \u00e0 la fa\u00e7on de strapontins et se replient verticalement pour lib\u00e9rer l\u2019espace n\u00e9cessaire \u00e0 un fauteuil roulant.<\/p>\n<p>Anim\u00e9 par une motorisation \u00e9lectrique, l\u2019APM a une autonomie de 100\u00a0km et une vitesse de pointe de 20\u00a0km\/h. Con\u00e7u en Belgique par Toyota Motor Europe, il sera fabriqu\u00e9 par Toyota Caetano au Portugal, \u00e0 partir de f\u00e9vrier 2024.<\/p>\n<h3><strong>Deuxi\u00e8me version de l\u2019APM<\/strong><\/h3>\n<p>\nC\u2019est la deuxi\u00e8me version d\u2019APM que Toyota fournit dans le cadre des JO. Aux Jeux de Tokyo, en 2020, le constructeur japonais avait livr\u00e9 quelque 200\u00a0exemplaires d\u2019un V\u00c9 qui avait l\u2019allure de minibus.<\/p>\n<p>Ce v\u00e9hicule avait six places \u00e9tal\u00e9es sur trois rang\u00e9es avec un si\u00e8ge unique pour le conducteur \u00e0 l\u2019avant, une banquette \u00e0 trois places au centre et une \u00e0 deux places \u00e0 l\u2019arri\u00e8re. Pour accueillir une personne en fauteuil roulant, la banquette centrale pouvait \u00eatre escamot\u00e9e. Le constructeur avait aussi pr\u00e9vu des rampes d\u2019acc\u00e8s pour les fauteuils roulants et des plaques d\u2019arrimage pour les s\u00e9curiser durant les d\u00e9placements.<\/p>\n<h3><strong>Une roue motoris\u00e9e pour fauteuils roulants<\/strong><\/h3>\n<p>\nPour les prochains JO, Toyota a aussi particip\u00e9 au d\u00e9veloppement d\u2019un appareil de mobilit\u00e9 baptis\u00e9 \u00ab 3e\u00a0roue motoris\u00e9e \u00bb. Cette 3e\u00a0roue permet \u00e0 une personne se d\u00e9pla\u00e7ant dans un fauteuil roulant de profiter d\u2019une motorisation \u00e9lectrique pour accro\u00eetre sa mobilit\u00e9.<\/p>\n<p>Elle a \u00e9t\u00e9 con\u00e7ue en collaboration avec la soci\u00e9t\u00e9 Klaxon, une entreprise d\u2019Arnoldstein en Autriche fond\u00e9e en 2015. Elle s\u2019est sp\u00e9cialis\u00e9e dans le d\u00e9veloppement de roues motrices con\u00e7ues pour s\u2019arrimer \u00e0 un fauteuil roulant.<\/p>\n<p>Dans le cadre des JO, la vitesse de ces 3e\u00a0roues sera limit\u00e9e entre 3 et 4 km\/h, pour ceux qui en utiliseront une durant la c\u00e9r\u00e9monie d\u2019ouverture des Jeux paralympiques, et entre 6 et 8 km\/h, pour les d\u00e9placements dans le Village paralympique. Son autonomie moyenne devrait tourner autour de 25\u00a0km.<\/p>\n<p>Toyota mettra environ 200 3e\u00a0roues en service lors des JO de Paris\u00a0: environ 150 d\u2019entre elles serviront lors de la c\u00e9r\u00e9monie d\u2019ouverture et une cinquantaine d\u2019autres serviront de solution de mobilit\u00e9 partag\u00e9e durant les jeux gr\u00e2ce \u00e0 l\u2019application Kinto Mobility. Pour les utiliser, un accessoire de fixation devra pr\u00e9alablement \u00eatre install\u00e9 sur les fauteuils roulants.<\/p>\n<p><em>Photos : Toyota et Comit\u00e9 international olympique<\/em><\/p>\n<p>Le texte <a rel=\"nofollow\" href=\"https:\/\/annuelauto.ca\/toyota-veut-offrir-une-mobilite-adaptee-pour-tous-aux-jo-de-paris\/\">Toyota veut offrir une mobilit\u00e9 adapt\u00e9e pour tous aux JO de Paris<\/a> provient de <a rel=\"nofollow\" href=\"https:\/\/annuelauto.ca\">L&#8217;annuel de l&#8217;automobile &#8211; Actualit\u00e9 automobile<\/a><\/p>\n<p><\/p>\n","protected":false},"excerpt":{"rendered":"<p>Bien des gens ignorent que Toyota est le partenaire du Comit\u00e9 international olympique (CIO) et du Comit\u00e9 international paralympique (CIP) depuis 2015. Ce mandat du constructeur nippon prend d\u2019ailleurs fin en 2024 avec les Jeux olympiques (JO) de Paris. Voil\u00e0 pourquoi, lors des \u00e9v\u00e9nements des prochains JO dans la Ville Lumi\u00e8re, on verra environ 700\u00a0v\u00e9hicules [&hellip;]<\/p>\n","protected":false},"author":8,"featured_media":155411,"comment_status":"close","ping_status":"closed","sticky":false,"template":"","format":"standard","meta":{"_monsterinsights_skip_tracking":false,"_monsterinsights_sitenote_active":false,"_monsterinsights_sitenote_note":"","_monsterinsights_sitenote_category":0,"footnotes":""},"categories":[101],"tags":[],"yoast_head":"<!-- This site is optimized with the Yoast SEO plugin v23.2 - https:\/\/yoast.com\/wordpress\/plugins\/seo\/ -->\n<title>Toyota veut offrir une mobilit\u00e9 adapt\u00e9e pour tous aux JO de Paris - CanadaMotorJobs.com<\/title>\n<meta name=\"description\" content=\"Toyota veut offrir une mobilit\u00e9 adapt\u00e9e pour tous aux JO de Paris - Benoit Charette - Annuel automobile - CanadaMotorJobs.com.\" \/>\n<meta name=\"robots\" content=\"index, follow, max-snippet:-1, max-image-preview:large, max-video-preview:-1\" \/>\n<meta property=\"og:locale\" content=\"fr_CA\" \/>\n<meta property=\"og:type\" content=\"article\" \/>\n<meta property=\"og:title\" content=\"Toyota veut offrir une mobilit\u00e9 adapt\u00e9e pour tous aux JO de Paris - CanadaMotorJobs.com\" \/>\n<meta property=\"og:description\" content=\"Toyota veut offrir une mobilit\u00e9 adapt\u00e9e pour tous aux JO de Paris - Benoit Charette - Annuel automobile - CanadaMotorJobs.com.\" \/>\n<meta property=\"og:url\" content=\"https:\/\/news.canadamotorjobs.com\/fr\/toyota-veut-offrir-une-mobilite-adaptee-pour-tous-aux-jo-de-paris\/\" \/>\n<meta property=\"og:site_name\" content=\"CanadaMotorJobs.com\" \/>\n<meta property=\"article:publisher\" content=\"https:\/\/www.facebook.com\/canadamotorjobs\/\" \/>\n<meta property=\"article:published_time\" content=\"2023-12-13T18:54:47+00:00\" \/>\n<meta property=\"article:modified_time\" content=\"2023-12-13T18:59:46+00:00\" \/>\n<meta property=\"og:image\" content=\"https:\/\/news.canadamotorjobs.com\/wp-content\/uploads\/2023\/12\/Toyota-APM-2024_1.jpg\" \/>\n\t<meta property=\"og:image:width\" content=\"1024\" \/>\n\t<meta property=\"og:image:height\" content=\"683\" \/>\n\t<meta property=\"og:image:type\" content=\"image\/jpeg\" \/>\n<meta name=\"author\" content=\"Benoit Charette\" \/>\n<meta name=\"twitter:card\" content=\"summary_large_image\" \/>\n<meta name=\"twitter:creator\" content=\"@canadamotorjobs\" \/>\n<meta name=\"twitter:site\" content=\"@canadamotorjobs\" \/>\n<meta name=\"twitter:label1\" content=\"\u00c9crit par\" \/>\n\t<meta name=\"twitter:data1\" content=\"Benoit Charette\" \/>\n\t<meta name=\"twitter:label2\" content=\"Estimation du temps de lecture\" \/>\n\t<meta name=\"twitter:data2\" content=\"3 minutes\" \/>\n<!-- \/ Yoast SEO plugin. -->","yoast_head_json":{"title":"Toyota veut offrir une mobilit\u00e9 adapt\u00e9e pour tous aux JO de Paris - CanadaMotorJobs.com","description":"Toyota veut offrir une mobilit\u00e9 adapt\u00e9e pour tous aux JO de Paris - Benoit Charette - Annuel automobile - CanadaMotorJobs.com.","robots":{"index":"index","follow":"follow","max-snippet":"max-snippet:-1","max-image-preview":"max-image-preview:large","max-video-preview":"max-video-preview:-1"},"og_locale":"fr_CA","og_type":"article","og_title":"Toyota veut offrir une mobilit\u00e9 adapt\u00e9e pour tous aux JO de Paris - CanadaMotorJobs.com","og_description":"Toyota veut offrir une mobilit\u00e9 adapt\u00e9e pour tous aux JO de Paris - Benoit Charette - Annuel automobile - CanadaMotorJobs.com.","og_url":"https:\/\/news.canadamotorjobs.com\/fr\/toyota-veut-offrir-une-mobilite-adaptee-pour-tous-aux-jo-de-paris\/","og_site_name":"CanadaMotorJobs.com","article_publisher":"https:\/\/www.facebook.com\/canadamotorjobs\/","article_published_time":"2023-12-13T18:54:47+00:00","article_modified_time":"2023-12-13T18:59:46+00:00","og_image":[{"width":1024,"height":683,"url":"https:\/\/news.canadamotorjobs.com\/wp-content\/uploads\/2023\/12\/Toyota-APM-2024_1.jpg","type":"image\/jpeg"}],"author":"Benoit Charette","twitter_card":"summary_large_image","twitter_creator":"@canadamotorjobs","twitter_site":"@canadamotorjobs","twitter_misc":{"\u00c9crit par":"Benoit Charette","Estimation du temps de lecture":"3 minutes"},"schema":{"@context":"https:\/\/schema.org","@graph":[{"@type":"Article","@id":"https:\/\/news.canadamotorjobs.com\/fr\/toyota-veut-offrir-une-mobilite-adaptee-pour-tous-aux-jo-de-paris\/#article","isPartOf":{"@id":"https:\/\/news.canadamotorjobs.com\/fr\/toyota-veut-offrir-une-mobilite-adaptee-pour-tous-aux-jo-de-paris\/"},"author":{"name":"Benoit Charette","@id":"https:\/\/news.canadamotorjobs.com\/#\/schema\/person\/51793d1f87d44011d7bcc2ed99269a90"},"headline":"Toyota veut offrir une mobilit\u00e9 adapt\u00e9e pour tous aux JO de Paris","datePublished":"2023-12-13T18:54:47+00:00","dateModified":"2023-12-13T18:59:46+00:00","mainEntityOfPage":{"@id":"https:\/\/news.canadamotorjobs.com\/fr\/toyota-veut-offrir-une-mobilite-adaptee-pour-tous-aux-jo-de-paris\/"},"wordCount":708,"publisher":{"@id":"https:\/\/news.canadamotorjobs.com\/#organization"},"image":{"@id":"https:\/\/news.canadamotorjobs.com\/fr\/toyota-veut-offrir-une-mobilite-adaptee-pour-tous-aux-jo-de-paris\/#primaryimage"},"thumbnailUrl":"https:\/\/news.canadamotorjobs.com\/wp-content\/uploads\/2023\/12\/Toyota-APM-2024_1.jpg","articleSection":["Annuel automobile"],"inLanguage":"fr-CA"},{"@type":"WebPage","@id":"https:\/\/news.canadamotorjobs.com\/fr\/toyota-veut-offrir-une-mobilite-adaptee-pour-tous-aux-jo-de-paris\/","url":"https:\/\/news.canadamotorjobs.com\/fr\/toyota-veut-offrir-une-mobilite-adaptee-pour-tous-aux-jo-de-paris\/","name":"Toyota veut offrir une mobilit\u00e9 adapt\u00e9e pour tous aux JO de Paris - CanadaMotorJobs.com","isPartOf":{"@id":"https:\/\/news.canadamotorjobs.com\/#website"},"primaryImageOfPage":{"@id":"https:\/\/news.canadamotorjobs.com\/fr\/toyota-veut-offrir-une-mobilite-adaptee-pour-tous-aux-jo-de-paris\/#primaryimage"},"image":{"@id":"https:\/\/news.canadamotorjobs.com\/fr\/toyota-veut-offrir-une-mobilite-adaptee-pour-tous-aux-jo-de-paris\/#primaryimage"},"thumbnailUrl":"https:\/\/news.canadamotorjobs.com\/wp-content\/uploads\/2023\/12\/Toyota-APM-2024_1.jpg","datePublished":"2023-12-13T18:54:47+00:00","dateModified":"2023-12-13T18:59:46+00:00","description":"Toyota veut offrir une mobilit\u00e9 adapt\u00e9e pour tous aux JO de Paris - Benoit Charette - Annuel automobile - CanadaMotorJobs.com.","breadcrumb":{"@id":"https:\/\/news.canadamotorjobs.com\/fr\/toyota-veut-offrir-une-mobilite-adaptee-pour-tous-aux-jo-de-paris\/#breadcrumb"},"inLanguage":"fr-CA","potentialAction":[{"@type":"ReadAction","target":["https:\/\/news.canadamotorjobs.com\/fr\/toyota-veut-offrir-une-mobilite-adaptee-pour-tous-aux-jo-de-paris\/"]}]},{"@type":"ImageObject","inLanguage":"fr-CA","@id":"https:\/\/news.canadamotorjobs.com\/fr\/toyota-veut-offrir-une-mobilite-adaptee-pour-tous-aux-jo-de-paris\/#primaryimage","url":"https:\/\/news.canadamotorjobs.com\/wp-content\/uploads\/2023\/12\/Toyota-APM-2024_1.jpg","contentUrl":"https:\/\/news.canadamotorjobs.com\/wp-content\/uploads\/2023\/12\/Toyota-APM-2024_1.jpg","width":1024,"height":683},{"@type":"BreadcrumbList","@id":"https:\/\/news.canadamotorjobs.com\/fr\/toyota-veut-offrir-une-mobilite-adaptee-pour-tous-aux-jo-de-paris\/#breadcrumb","itemListElement":[{"@type":"ListItem","position":1,"name":"Home","item":"https:\/\/news.canadamotorjobs.com\/fr\/blog\/"},{"@type":"ListItem","position":2,"name":"Toyota veut offrir une mobilit\u00e9 adapt\u00e9e pour tous aux JO de Paris"}]},{"@type":"WebSite","@id":"https:\/\/news.canadamotorjobs.com\/#website","url":"https:\/\/news.canadamotorjobs.com\/","name":"CanadaMotorJobs.com","description":"Automotive Jobs","publisher":{"@id":"https:\/\/news.canadamotorjobs.com\/#organization"},"potentialAction":[{"@type":"SearchAction","target":{"@type":"EntryPoint","urlTemplate":"https:\/\/news.canadamotorjobs.com\/?s={search_term_string}"},"query-input":"required name=search_term_string"}],"inLanguage":"fr-CA"},{"@type":"Organization","@id":"https:\/\/news.canadamotorjobs.com\/#organization","name":"Canada Motor Jobs","url":"https:\/\/news.canadamotorjobs.com\/","logo":{"@type":"ImageObject","inLanguage":"fr-CA","@id":"https:\/\/news.canadamotorjobs.com\/#\/schema\/logo\/image\/","url":"https:\/\/news.canadamotorjobs.com\/wp-content\/uploads\/2022\/10\/logo-canada-motor-jobs-1.png","contentUrl":"https:\/\/news.canadamotorjobs.com\/wp-content\/uploads\/2022\/10\/logo-canada-motor-jobs-1.png","width":800,"height":400,"caption":"Canada Motor Jobs"},"image":{"@id":"https:\/\/news.canadamotorjobs.com\/#\/schema\/logo\/image\/"},"sameAs":["https:\/\/www.facebook.com\/canadamotorjobs\/","https:\/\/x.com\/canadamotorjobs","https:\/\/www.instagram.com\/canadamotorjobs\/","https:\/\/www.linkedin.com\/company\/canadamotorjobs"]},{"@type":"Person","@id":"https:\/\/news.canadamotorjobs.com\/#\/schema\/person\/51793d1f87d44011d7bcc2ed99269a90","name":"Benoit Charette","image":{"@type":"ImageObject","inLanguage":"fr-CA","@id":"https:\/\/news.canadamotorjobs.com\/#\/schema\/person\/image\/","url":"https:\/\/secure.gravatar.com\/avatar\/45f3d2eebcccd909668d7ce7ea7267b6?s=96&d=mm&r=g","contentUrl":"https:\/\/secure.gravatar.com\/avatar\/45f3d2eebcccd909668d7ce7ea7267b6?s=96&d=mm&r=g","caption":"Benoit Charette"},"description":"Benoit Charette \/ Propri\u00e9taire et r\u00e9dacteur en chef Benoit Charette pratique le journalisme automobile depuis bient\u00f4t 30 ans. Il a fait ses classes au c\u00f4t\u00e9 de Daniel H\u00e9raud et au Carnet de route de 1992 \u00e0 2001. Il est fondateur, copropri\u00e9taire et r\u00e9dacteur en chef de L\u2019Annuel de l\u2019automobile, qu\u2019il publie depuis 2001. Il a anim\u00e9 les \u00e9missions RPM et RPM+ sur V et les L\u00e9gendes de la route sur Historia. \u00c0 la radio depuis 1986, il reprend l\u2019antenne cette ann\u00e9e sur les ondes de Cogeco et participe pour la deuxi\u00e8me ann\u00e9e \u00e0 l\u2019\u00e9mission Passion Auto sur RDS en plus de mettre en ligne le site Web officiel de L\u2019Annuel de l\u2019automobile sur annuelauto.ca.","sameAs":["https:\/\/annuelauto.ca\/"],"url":"https:\/\/news.canadamotorjobs.com\/fr\/author\/benoit-charette\/"}]}},"_links":{"self":[{"href":"https:\/\/news.canadamotorjobs.com\/fr\/wp-json\/wp\/v2\/posts\/155409"}],"collection":[{"href":"https:\/\/news.canadamotorjobs.com\/fr\/wp-json\/wp\/v2\/posts"}],"about":[{"href":"https:\/\/news.canadamotorjobs.com\/fr\/wp-json\/wp\/v2\/types\/post"}],"author":[{"embeddable":true,"href":"https:\/\/news.canadamotorjobs.com\/fr\/wp-json\/wp\/v2\/users\/8"}],"replies":[{"embeddable":true,"href":"https:\/\/news.canadamotorjobs.com\/fr\/wp-json\/wp\/v2\/comments?post=155409"}],"version-history":[{"count":2,"href":"https:\/\/news.canadamotorjobs.com\/fr\/wp-json\/wp\/v2\/posts\/155409\/revisions"}],"predecessor-version":[{"id":155413,"href":"https:\/\/news.canadamotorjobs.com\/fr\/wp-json\/wp\/v2\/posts\/155409\/revisions\/155413"}],"wp:featuredmedia":[{"embeddable":true,"href":"https:\/\/news.canadamotorjobs.com\/fr\/wp-json\/wp\/v2\/media\/155411"}],"wp:attachment":[{"href":"https:\/\/news.canadamotorjobs.com\/fr\/wp-json\/wp\/v2\/media?parent=155409"}],"wp:term":[{"taxonomy":"category","embeddable":true,"href":"https:\/\/news.canadamotorjobs.com\/fr\/wp-json\/wp\/v2\/categories?post=155409"},{"taxonomy":"post_tag","embeddable":true,"href":"https:\/\/news.canadamotorjobs.com\/fr\/wp-json\/wp\/v2\/tags?post=155409"}],"curies":[{"name":"wp","href":"https:\/\/api.w.org\/{rel}","templated":true}]}}