{"id":155367,"date":"2023-12-13T08:45:37","date_gmt":"2023-12-13T13:45:37","guid":{"rendered":"https:\/\/news.canadamotorjobs.com\/?p=155367"},"modified":"2023-12-13T09:00:06","modified_gmt":"2023-12-13T14:00:06","slug":"la-premiere-phase-de-lusine-de-batteries-volkswagen-powerco-ontario-est-terminee","status":"publish","type":"post","link":"https:\/\/news.canadamotorjobs.com\/fr\/la-premiere-phase-de-lusine-de-batteries-volkswagen-powerco-ontario-est-terminee\/","title":{"rendered":"La premi\u00e8re phase de l\u2019usine de batteries Volkswagen PowerCo Ontario est termin\u00e9e"},"content":{"rendered":"<\/p>\n<p>Le monticule de terre qui devait devenir l&#8217;installation de batterie de l&#8217;Ontario de Volkswagen est maintenant un terrain plat. La soci\u00e9t\u00e9 a achev\u00e9 la pr\u00e9paration du site, premi\u00e8re phase de la centrale PowerCo Canada, la premi\u00e8re Gigafactory de VW en dehors de l&#8217;Europe.<\/p>\n<h3>Encore quelques milliards \u00e0 d\u00e9penser<\/h3>\n<p>\nPowerCo St. Thomas fournira des cellules de batterie pour les v\u00e9hicules \u00e9lectriques de Volkswagen construits en Am\u00e9rique du Nord. Ce sera la plus grande des Gigafactories d\u00e9tenues par VW \u00e0 ce jour et pourra fournir jusqu&#8217;\u00e0 90 GWh de cellules une fois termin\u00e9e. VW pr\u00e9voit de d\u00e9penser 7 milliards de dollars sur le site, cr\u00e9ant jusqu&#8217;\u00e0 3 000 emplois.<\/p>\n<h3>Une \u00e9tape m\u00e9diatis\u00e9e<\/h3>\n<p>\nUn ensemble d&#8217;officiels \u00e9tait pr\u00e9sent pour c\u00e9l\u00e9brer l&#8217;ach\u00e8vement du nivellement du site de construction. Le maire de St. Thomas, Joe Preston, le directeur des op\u00e9rations de PowerCo, Sebastian Wolf, le ministre du D\u00e9veloppement \u00e9conomique, de la Cr\u00e9ation d&#8217;emplois et du Commerce de l&#8217;Ontario, Vic Fedeli, et le d\u00e9put\u00e9 local Rob Flack \u00e9taient pr\u00e9sents.<\/p>\n<h3>Ouverture en 2027<\/h3>\n<p>\nMaintenant, le processus de construction de l&#8217;usine, qui durera des ann\u00e9es, est sur le point de commencer. PowerCo pr\u00e9voit de d\u00e9marrer la production sur le site en 2027. Le site n\u00e9cessitera \u00e9galement une augmentation de la distribution \u00e9lectrique et m\u00eame une expansion suppl\u00e9mentaire de l&#8217;autoroute locale. L&#8217;usine finie couvrira 150 hectares et fera partie d&#8217;un parc de fournisseurs occupant 600 hectares de terrain. PowerCo affirme que le site sera aliment\u00e9 \u00e0 100 % par de l&#8217;\u00e9nergie sans CO2.<\/p>\n<p>Avec des renseignements de Motor Illustrated<\/p>\n<p>\u00a0<\/p>\n<p>Le texte <a rel=\"nofollow\" href=\"https:\/\/annuelauto.ca\/la-premiere-phase-de-lusine-de-batteries-volkswagen-powerco-ontario-est-terminee\/\">La premi\u00e8re phase de l\u2019usine de batteries Volkswagen PowerCo Ontario est termin\u00e9e<\/a> provient de <a rel=\"nofollow\" href=\"https:\/\/annuelauto.ca\">L&#8217;annuel de l&#8217;automobile &#8211; Actualit\u00e9 automobile<\/a><\/p>\n<p><\/p>\n","protected":false},"excerpt":{"rendered":"<p>Le monticule de terre qui devait devenir l&#8217;installation de batterie de l&#8217;Ontario de Volkswagen est maintenant un terrain plat. La soci\u00e9t\u00e9 a achev\u00e9 la pr\u00e9paration du site, premi\u00e8re phase de la centrale PowerCo Canada, la premi\u00e8re Gigafactory de VW en dehors de l&#8217;Europe. Encore quelques milliards \u00e0 d\u00e9penser PowerCo St. Thomas fournira des cellules de [&hellip;]<\/p>\n","protected":false},"author":8,"featured_media":155369,"comment_status":"close","ping_status":"closed","sticky":false,"template":"","format":"standard","meta":{"_monsterinsights_skip_tracking":false,"_monsterinsights_sitenote_active":false,"_monsterinsights_sitenote_note":"","_monsterinsights_sitenote_category":0,"footnotes":""},"categories":[101],"tags":[],"yoast_head":"<!-- This site is optimized with the Yoast SEO plugin v23.2 - https:\/\/yoast.com\/wordpress\/plugins\/seo\/ -->\n<title>La premi\u00e8re phase de l\u2019usine de batteries Volkswagen PowerCo Ontario est termin\u00e9e - CanadaMotorJobs.com<\/title>\n<meta name=\"description\" content=\"La premi\u00e8re phase de l\u2019usine de batteries Volkswagen PowerCo Ontario est termin\u00e9e - Benoit Charette - Annuel automobile - CanadaMotorJobs.com.\" \/>\n<meta name=\"robots\" content=\"index, follow, max-snippet:-1, max-image-preview:large, max-video-preview:-1\" \/>\n<meta property=\"og:locale\" content=\"fr_CA\" \/>\n<meta property=\"og:type\" content=\"article\" \/>\n<meta property=\"og:title\" content=\"La premi\u00e8re phase de l\u2019usine de batteries Volkswagen PowerCo Ontario est termin\u00e9e - CanadaMotorJobs.com\" \/>\n<meta property=\"og:description\" content=\"La premi\u00e8re phase de l\u2019usine de batteries Volkswagen PowerCo Ontario est termin\u00e9e - Benoit Charette - Annuel automobile - CanadaMotorJobs.com.\" \/>\n<meta property=\"og:url\" content=\"https:\/\/news.canadamotorjobs.com\/fr\/la-premiere-phase-de-lusine-de-batteries-volkswagen-powerco-ontario-est-terminee\/\" \/>\n<meta property=\"og:site_name\" content=\"CanadaMotorJobs.com\" \/>\n<meta property=\"article:publisher\" content=\"https:\/\/www.facebook.com\/canadamotorjobs\/\" \/>\n<meta property=\"article:published_time\" content=\"2023-12-13T13:45:37+00:00\" \/>\n<meta property=\"article:modified_time\" content=\"2023-12-13T14:00:06+00:00\" \/>\n<meta property=\"og:image\" content=\"https:\/\/news.canadamotorjobs.com\/wp-content\/uploads\/2023\/12\/2023-12-11-PowerCo-Site-Panorama-1.jpg\" \/>\n\t<meta property=\"og:image:width\" content=\"1200\" \/>\n\t<meta property=\"og:image:height\" content=\"819\" \/>\n\t<meta property=\"og:image:type\" content=\"image\/jpeg\" \/>\n<meta name=\"author\" content=\"Benoit Charette\" \/>\n<meta name=\"twitter:card\" content=\"summary_large_image\" \/>\n<meta name=\"twitter:creator\" content=\"@canadamotorjobs\" \/>\n<meta name=\"twitter:site\" content=\"@canadamotorjobs\" \/>\n<meta name=\"twitter:label1\" content=\"\u00c9crit par\" \/>\n\t<meta name=\"twitter:data1\" content=\"Benoit Charette\" \/>\n\t<meta name=\"twitter:label2\" content=\"Estimation du temps de lecture\" \/>\n\t<meta name=\"twitter:data2\" content=\"1 minute\" \/>\n<!-- \/ Yoast SEO plugin. -->","yoast_head_json":{"title":"La premi\u00e8re phase de l\u2019usine de batteries Volkswagen PowerCo Ontario est termin\u00e9e - CanadaMotorJobs.com","description":"La premi\u00e8re phase de l\u2019usine de batteries Volkswagen PowerCo Ontario est termin\u00e9e - Benoit Charette - Annuel automobile - CanadaMotorJobs.com.","robots":{"index":"index","follow":"follow","max-snippet":"max-snippet:-1","max-image-preview":"max-image-preview:large","max-video-preview":"max-video-preview:-1"},"og_locale":"fr_CA","og_type":"article","og_title":"La premi\u00e8re phase de l\u2019usine de batteries Volkswagen PowerCo Ontario est termin\u00e9e - CanadaMotorJobs.com","og_description":"La premi\u00e8re phase de l\u2019usine de batteries Volkswagen PowerCo Ontario est termin\u00e9e - Benoit Charette - Annuel automobile - CanadaMotorJobs.com.","og_url":"https:\/\/news.canadamotorjobs.com\/fr\/la-premiere-phase-de-lusine-de-batteries-volkswagen-powerco-ontario-est-terminee\/","og_site_name":"CanadaMotorJobs.com","article_publisher":"https:\/\/www.facebook.com\/canadamotorjobs\/","article_published_time":"2023-12-13T13:45:37+00:00","article_modified_time":"2023-12-13T14:00:06+00:00","og_image":[{"width":1200,"height":819,"url":"https:\/\/news.canadamotorjobs.com\/wp-content\/uploads\/2023\/12\/2023-12-11-PowerCo-Site-Panorama-1.jpg","type":"image\/jpeg"}],"author":"Benoit Charette","twitter_card":"summary_large_image","twitter_creator":"@canadamotorjobs","twitter_site":"@canadamotorjobs","twitter_misc":{"\u00c9crit par":"Benoit Charette","Estimation du temps de lecture":"1 minute"},"schema":{"@context":"https:\/\/schema.org","@graph":[{"@type":"Article","@id":"https:\/\/news.canadamotorjobs.com\/fr\/la-premiere-phase-de-lusine-de-batteries-volkswagen-powerco-ontario-est-terminee\/#article","isPartOf":{"@id":"https:\/\/news.canadamotorjobs.com\/fr\/la-premiere-phase-de-lusine-de-batteries-volkswagen-powerco-ontario-est-terminee\/"},"author":{"name":"Benoit Charette","@id":"https:\/\/news.canadamotorjobs.com\/#\/schema\/person\/51793d1f87d44011d7bcc2ed99269a90"},"headline":"La premi\u00e8re phase de l\u2019usine de batteries Volkswagen PowerCo Ontario est termin\u00e9e","datePublished":"2023-12-13T13:45:37+00:00","dateModified":"2023-12-13T14:00:06+00:00","mainEntityOfPage":{"@id":"https:\/\/news.canadamotorjobs.com\/fr\/la-premiere-phase-de-lusine-de-batteries-volkswagen-powerco-ontario-est-terminee\/"},"wordCount":320,"publisher":{"@id":"https:\/\/news.canadamotorjobs.com\/#organization"},"image":{"@id":"https:\/\/news.canadamotorjobs.com\/fr\/la-premiere-phase-de-lusine-de-batteries-volkswagen-powerco-ontario-est-terminee\/#primaryimage"},"thumbnailUrl":"https:\/\/news.canadamotorjobs.com\/wp-content\/uploads\/2023\/12\/2023-12-11-PowerCo-Site-Panorama-1.jpg","articleSection":["Annuel automobile"],"inLanguage":"fr-CA"},{"@type":"WebPage","@id":"https:\/\/news.canadamotorjobs.com\/fr\/la-premiere-phase-de-lusine-de-batteries-volkswagen-powerco-ontario-est-terminee\/","url":"https:\/\/news.canadamotorjobs.com\/fr\/la-premiere-phase-de-lusine-de-batteries-volkswagen-powerco-ontario-est-terminee\/","name":"La premi\u00e8re phase de l\u2019usine de batteries Volkswagen PowerCo Ontario est termin\u00e9e - CanadaMotorJobs.com","isPartOf":{"@id":"https:\/\/news.canadamotorjobs.com\/#website"},"primaryImageOfPage":{"@id":"https:\/\/news.canadamotorjobs.com\/fr\/la-premiere-phase-de-lusine-de-batteries-volkswagen-powerco-ontario-est-terminee\/#primaryimage"},"image":{"@id":"https:\/\/news.canadamotorjobs.com\/fr\/la-premiere-phase-de-lusine-de-batteries-volkswagen-powerco-ontario-est-terminee\/#primaryimage"},"thumbnailUrl":"https:\/\/news.canadamotorjobs.com\/wp-content\/uploads\/2023\/12\/2023-12-11-PowerCo-Site-Panorama-1.jpg","datePublished":"2023-12-13T13:45:37+00:00","dateModified":"2023-12-13T14:00:06+00:00","description":"La premi\u00e8re phase de l\u2019usine de batteries Volkswagen PowerCo Ontario est termin\u00e9e - Benoit Charette - Annuel automobile - CanadaMotorJobs.com.","breadcrumb":{"@id":"https:\/\/news.canadamotorjobs.com\/fr\/la-premiere-phase-de-lusine-de-batteries-volkswagen-powerco-ontario-est-terminee\/#breadcrumb"},"inLanguage":"fr-CA","potentialAction":[{"@type":"ReadAction","target":["https:\/\/news.canadamotorjobs.com\/fr\/la-premiere-phase-de-lusine-de-batteries-volkswagen-powerco-ontario-est-terminee\/"]}]},{"@type":"ImageObject","inLanguage":"fr-CA","@id":"https:\/\/news.canadamotorjobs.com\/fr\/la-premiere-phase-de-lusine-de-batteries-volkswagen-powerco-ontario-est-terminee\/#primaryimage","url":"https:\/\/news.canadamotorjobs.com\/wp-content\/uploads\/2023\/12\/2023-12-11-PowerCo-Site-Panorama-1.jpg","contentUrl":"https:\/\/news.canadamotorjobs.com\/wp-content\/uploads\/2023\/12\/2023-12-11-PowerCo-Site-Panorama-1.jpg","width":1200,"height":819},{"@type":"BreadcrumbList","@id":"https:\/\/news.canadamotorjobs.com\/fr\/la-premiere-phase-de-lusine-de-batteries-volkswagen-powerco-ontario-est-terminee\/#breadcrumb","itemListElement":[{"@type":"ListItem","position":1,"name":"Home","item":"https:\/\/news.canadamotorjobs.com\/fr\/blog\/"},{"@type":"ListItem","position":2,"name":"La premi\u00e8re phase de l\u2019usine de batteries Volkswagen PowerCo Ontario est termin\u00e9e"}]},{"@type":"WebSite","@id":"https:\/\/news.canadamotorjobs.com\/#website","url":"https:\/\/news.canadamotorjobs.com\/","name":"CanadaMotorJobs.com","description":"Automotive Jobs","publisher":{"@id":"https:\/\/news.canadamotorjobs.com\/#organization"},"potentialAction":[{"@type":"SearchAction","target":{"@type":"EntryPoint","urlTemplate":"https:\/\/news.canadamotorjobs.com\/?s={search_term_string}"},"query-input":"required name=search_term_string"}],"inLanguage":"fr-CA"},{"@type":"Organization","@id":"https:\/\/news.canadamotorjobs.com\/#organization","name":"Canada Motor Jobs","url":"https:\/\/news.canadamotorjobs.com\/","logo":{"@type":"ImageObject","inLanguage":"fr-CA","@id":"https:\/\/news.canadamotorjobs.com\/#\/schema\/logo\/image\/","url":"https:\/\/news.canadamotorjobs.com\/wp-content\/uploads\/2022\/10\/logo-canada-motor-jobs-1.png","contentUrl":"https:\/\/news.canadamotorjobs.com\/wp-content\/uploads\/2022\/10\/logo-canada-motor-jobs-1.png","width":800,"height":400,"caption":"Canada Motor Jobs"},"image":{"@id":"https:\/\/news.canadamotorjobs.com\/#\/schema\/logo\/image\/"},"sameAs":["https:\/\/www.facebook.com\/canadamotorjobs\/","https:\/\/x.com\/canadamotorjobs","https:\/\/www.instagram.com\/canadamotorjobs\/","https:\/\/www.linkedin.com\/company\/canadamotorjobs"]},{"@type":"Person","@id":"https:\/\/news.canadamotorjobs.com\/#\/schema\/person\/51793d1f87d44011d7bcc2ed99269a90","name":"Benoit Charette","image":{"@type":"ImageObject","inLanguage":"fr-CA","@id":"https:\/\/news.canadamotorjobs.com\/#\/schema\/person\/image\/","url":"https:\/\/secure.gravatar.com\/avatar\/45f3d2eebcccd909668d7ce7ea7267b6?s=96&d=mm&r=g","contentUrl":"https:\/\/secure.gravatar.com\/avatar\/45f3d2eebcccd909668d7ce7ea7267b6?s=96&d=mm&r=g","caption":"Benoit Charette"},"description":"Benoit Charette \/ Propri\u00e9taire et r\u00e9dacteur en chef Benoit Charette pratique le journalisme automobile depuis bient\u00f4t 30 ans. Il a fait ses classes au c\u00f4t\u00e9 de Daniel H\u00e9raud et au Carnet de route de 1992 \u00e0 2001. Il est fondateur, copropri\u00e9taire et r\u00e9dacteur en chef de L\u2019Annuel de l\u2019automobile, qu\u2019il publie depuis 2001. Il a anim\u00e9 les \u00e9missions RPM et RPM+ sur V et les L\u00e9gendes de la route sur Historia. \u00c0 la radio depuis 1986, il reprend l\u2019antenne cette ann\u00e9e sur les ondes de Cogeco et participe pour la deuxi\u00e8me ann\u00e9e \u00e0 l\u2019\u00e9mission Passion Auto sur RDS en plus de mettre en ligne le site Web officiel de L\u2019Annuel de l\u2019automobile sur annuelauto.ca.","sameAs":["https:\/\/annuelauto.ca\/"],"url":"https:\/\/news.canadamotorjobs.com\/fr\/author\/benoit-charette\/"}]}},"_links":{"self":[{"href":"https:\/\/news.canadamotorjobs.com\/fr\/wp-json\/wp\/v2\/posts\/155367"}],"collection":[{"href":"https:\/\/news.canadamotorjobs.com\/fr\/wp-json\/wp\/v2\/posts"}],"about":[{"href":"https:\/\/news.canadamotorjobs.com\/fr\/wp-json\/wp\/v2\/types\/post"}],"author":[{"embeddable":true,"href":"https:\/\/news.canadamotorjobs.com\/fr\/wp-json\/wp\/v2\/users\/8"}],"replies":[{"embeddable":true,"href":"https:\/\/news.canadamotorjobs.com\/fr\/wp-json\/wp\/v2\/comments?post=155367"}],"version-history":[{"count":2,"href":"https:\/\/news.canadamotorjobs.com\/fr\/wp-json\/wp\/v2\/posts\/155367\/revisions"}],"predecessor-version":[{"id":155371,"href":"https:\/\/news.canadamotorjobs.com\/fr\/wp-json\/wp\/v2\/posts\/155367\/revisions\/155371"}],"wp:featuredmedia":[{"embeddable":true,"href":"https:\/\/news.canadamotorjobs.com\/fr\/wp-json\/wp\/v2\/media\/155369"}],"wp:attachment":[{"href":"https:\/\/news.canadamotorjobs.com\/fr\/wp-json\/wp\/v2\/media?parent=155367"}],"wp:term":[{"taxonomy":"category","embeddable":true,"href":"https:\/\/news.canadamotorjobs.com\/fr\/wp-json\/wp\/v2\/categories?post=155367"},{"taxonomy":"post_tag","embeddable":true,"href":"https:\/\/news.canadamotorjobs.com\/fr\/wp-json\/wp\/v2\/tags?post=155367"}],"curies":[{"name":"wp","href":"https:\/\/api.w.org\/{rel}","templated":true}]}}