{"id":155348,"date":"2023-12-13T07:53:41","date_gmt":"2023-12-13T12:53:41","guid":{"rendered":"https:\/\/news.canadamotorjobs.com\/?p=155348"},"modified":"2023-12-13T07:59:23","modified_gmt":"2023-12-13T12:59:23","slug":"tesla-rappelle-plus-de-2-millions-de-vehicules","status":"publish","type":"post","link":"https:\/\/news.canadamotorjobs.com\/fr\/tesla-rappelle-plus-de-2-millions-de-vehicules\/","title":{"rendered":"Tesla rappelle plus de 2 millions de v\u00e9hicules"},"content":{"rendered":"<\/p>\n<p>Tesla Inc. a d\u00e9pos\u00e9 un rappel couvrant plus de 2 millions de v\u00e9hicules apr\u00e8s que le principal r\u00e9gulateur am\u00e9ricain de la s\u00e9curit\u00e9 automobile ait d\u00e9termin\u00e9 que son syst\u00e8me d&#8217;assistance \u00e0 la conduite Autopilot n&#8217;en fait pas suffisamment pour pr\u00e9venir les abus.<\/p>\n<h3><strong>D\u00e9fauts du syst\u00e8me Autopilot signal\u00e9s<\/strong><\/h3>\n<p>\nLe National Highway Traffic Safety Administration (NHTSA) a men\u00e9 une enqu\u00eate sur ce d\u00e9faut pendant plusieurs ann\u00e9es, concluant que le syst\u00e8me Autopilot de Tesla ne parvient pas \u00e0 maintenir suffisamment l&#8217;engagement du conducteur, ce qui pourrait entra\u00eener un &#8220;usage pr\u00e9visible&#8221; inappropri\u00e9.<\/p>\n<h3><strong>Surveillance continue et pr\u00e9occupations pour la s\u00e9curit\u00e9<\/strong><\/h3>\n<p>\nCette d\u00e9cision r\u00e9sulte d&#8217;une enqu\u00eate de d\u00e9fauts men\u00e9e par le National Highway Traffic Safety Administration, qui restera ouverte alors que l&#8217;agence surveille l&#8217;efficacit\u00e9 des correctifs de Tesla. Un porte-parole du NHTSA a d\u00e9clar\u00e9 que l&#8217;enqu\u00eate avait r\u00e9v\u00e9l\u00e9 que le design unique du syst\u00e8me Autopilot de Tesla pouvait offrir un engagement et des contr\u00f4les d&#8217;utilisation inad\u00e9quats pour le conducteur.<\/p>\n<h3><strong>Responsabilit\u00e9 dans le d\u00e9ploiement de la technologie automatis\u00e9e<\/strong><\/h3>\n<p>\nLe NHTSA a soulign\u00e9 la n\u00e9cessit\u00e9 d&#8217;un d\u00e9ploiement responsable de la technologie automatis\u00e9e pour am\u00e9liorer la s\u00e9curit\u00e9. Cette action vise \u00e0 am\u00e9liorer les syst\u00e8mes automatis\u00e9s en priorisant la s\u00e9curit\u00e9.<\/p>\n<h3><strong>Probl\u00e8mes r\u00e9currents avec les syst\u00e8mes de conduite automatis\u00e9e de Tesla<\/strong><\/h3>\n<p>\nC&#8217;est le deuxi\u00e8me rappel cette ann\u00e9e concernant les syst\u00e8mes de conduite automatis\u00e9e de Tesla, qui font l&#8217;objet d&#8217;un examen croissant apr\u00e8s des centaines d&#8217;accidents, certains ayant entra\u00een\u00e9 des d\u00e9c\u00e8s. Bien que le PDG Elon Musk pr\u00e9dise depuis des ann\u00e9es que le constructeur automobile est sur le point d&#8217;offrir une autonomie compl\u00e8te, tant Autopilot que les fonctionnalit\u00e9s b\u00eata commercialis\u00e9es par Tesla sous le nom de Full Self-Driving n\u00e9cessitent qu&#8217;un conducteur reste pleinement attentif et garde ses mains sur le volant.<\/p>\n<h3><strong>Les investigations en cours et les pr\u00e9c\u00e9dents incidents<\/strong><\/h3>\n<p>\nLes premi\u00e8res investigations sur Autopilot ont suivi un accident mortel en 2016, mais le syst\u00e8me a \u00e9t\u00e9 rapidement blanchi au d\u00e9but de l&#8217;ann\u00e9e suivante. Les deux enqu\u00eates en cours &#8211; lanc\u00e9es en ao\u00fbt 2021 et f\u00e9vrier 2022 &#8211; font suite \u00e0 des accidents impliquant des Tesla percutant des v\u00e9hicules de premiers secours et freinant soudainement sur les autoroutes.<\/p>\n<h3><strong>R\u00e9actions des r\u00e9gulateurs et investigations approfondies<\/strong><\/h3>\n<p>\nAu-del\u00e0 du NHTSA, d&#8217;autres organes de r\u00e9gulation scrutent les syst\u00e8mes de conduite automatis\u00e9e de Tesla. En janvier, la soci\u00e9t\u00e9 a r\u00e9v\u00e9l\u00e9 avoir re\u00e7u des demandes de documents de la part du D\u00e9partement de la Justice concernant Autopilot et Full Self-Driving. Bloomberg a \u00e9galement rapport\u00e9 ce mois-l\u00e0 que la Securities and Exchange Commission enqu\u00eatait sur le r\u00f4le de Musk dans la formulation des affirmations de conduite autonome de l&#8217;entreprise.<\/p>\n<p>Avec des renseignements d\u2019Automotive News<\/p>\n<p>Le texte <a rel=\"nofollow\" href=\"https:\/\/annuelauto.ca\/tesla-rappelle-plus-de-2-millions-rde-vehicules\/\">Tesla rappelle plus de 2 millions de v\u00e9hicules<\/a> provient de <a rel=\"nofollow\" href=\"https:\/\/annuelauto.ca\">L&#8217;annuel de l&#8217;automobile &#8211; Actualit\u00e9 automobile<\/a><\/p>\n<p><\/p>\n","protected":false},"excerpt":{"rendered":"<p>Tesla Inc. a d\u00e9pos\u00e9 un rappel couvrant plus de 2 millions de v\u00e9hicules apr\u00e8s que le principal r\u00e9gulateur am\u00e9ricain de la s\u00e9curit\u00e9 automobile ait d\u00e9termin\u00e9 que son syst\u00e8me d&#8217;assistance \u00e0 la conduite Autopilot n&#8217;en fait pas suffisamment pour pr\u00e9venir les abus. D\u00e9fauts du syst\u00e8me Autopilot signal\u00e9s Le National Highway Traffic Safety Administration (NHTSA) a men\u00e9 [&hellip;]<\/p>\n","protected":false},"author":8,"featured_media":155350,"comment_status":"close","ping_status":"closed","sticky":false,"template":"","format":"standard","meta":{"_monsterinsights_skip_tracking":false,"_monsterinsights_sitenote_active":false,"_monsterinsights_sitenote_note":"","_monsterinsights_sitenote_category":0,"footnotes":""},"categories":[101],"tags":[],"yoast_head":"<!-- This site is optimized with the Yoast SEO plugin v23.2 - https:\/\/yoast.com\/wordpress\/plugins\/seo\/ -->\n<title>Tesla rappelle plus de 2 millions de v\u00e9hicules - CanadaMotorJobs.com<\/title>\n<meta name=\"description\" content=\"Tesla rappelle plus de 2 millions de v\u00e9hicules - Benoit Charette - Annuel automobile - CanadaMotorJobs.com.\" \/>\n<meta name=\"robots\" content=\"index, follow, max-snippet:-1, max-image-preview:large, max-video-preview:-1\" \/>\n<meta property=\"og:locale\" content=\"fr_CA\" \/>\n<meta property=\"og:type\" content=\"article\" \/>\n<meta property=\"og:title\" content=\"Tesla rappelle plus de 2 millions de v\u00e9hicules - CanadaMotorJobs.com\" \/>\n<meta property=\"og:description\" content=\"Tesla rappelle plus de 2 millions de v\u00e9hicules - Benoit Charette - Annuel automobile - CanadaMotorJobs.com.\" \/>\n<meta property=\"og:url\" content=\"https:\/\/news.canadamotorjobs.com\/fr\/tesla-rappelle-plus-de-2-millions-de-vehicules\/\" \/>\n<meta property=\"og:site_name\" content=\"CanadaMotorJobs.com\" \/>\n<meta property=\"article:publisher\" content=\"https:\/\/www.facebook.com\/canadamotorjobs\/\" \/>\n<meta property=\"article:published_time\" content=\"2023-12-13T12:53:41+00:00\" \/>\n<meta property=\"article:modified_time\" content=\"2023-12-13T12:59:23+00:00\" \/>\n<meta property=\"og:image\" content=\"https:\/\/news.canadamotorjobs.com\/wp-content\/uploads\/2023\/12\/2020-tesla-model-y-performance-109-1620660806.jpg\" \/>\n\t<meta property=\"og:image:width\" content=\"980\" \/>\n\t<meta property=\"og:image:height\" content=\"599\" \/>\n\t<meta property=\"og:image:type\" content=\"image\/jpeg\" \/>\n<meta name=\"author\" content=\"Benoit Charette\" \/>\n<meta name=\"twitter:card\" content=\"summary_large_image\" \/>\n<meta name=\"twitter:creator\" content=\"@canadamotorjobs\" \/>\n<meta name=\"twitter:site\" content=\"@canadamotorjobs\" \/>\n<meta name=\"twitter:label1\" content=\"\u00c9crit par\" \/>\n\t<meta name=\"twitter:data1\" content=\"Benoit Charette\" \/>\n\t<meta name=\"twitter:label2\" content=\"Estimation du temps de lecture\" \/>\n\t<meta name=\"twitter:data2\" content=\"3 minutes\" \/>\n<!-- \/ Yoast SEO plugin. -->","yoast_head_json":{"title":"Tesla rappelle plus de 2 millions de v\u00e9hicules - CanadaMotorJobs.com","description":"Tesla rappelle plus de 2 millions de v\u00e9hicules - Benoit Charette - Annuel automobile - CanadaMotorJobs.com.","robots":{"index":"index","follow":"follow","max-snippet":"max-snippet:-1","max-image-preview":"max-image-preview:large","max-video-preview":"max-video-preview:-1"},"og_locale":"fr_CA","og_type":"article","og_title":"Tesla rappelle plus de 2 millions de v\u00e9hicules - CanadaMotorJobs.com","og_description":"Tesla rappelle plus de 2 millions de v\u00e9hicules - Benoit Charette - Annuel automobile - CanadaMotorJobs.com.","og_url":"https:\/\/news.canadamotorjobs.com\/fr\/tesla-rappelle-plus-de-2-millions-de-vehicules\/","og_site_name":"CanadaMotorJobs.com","article_publisher":"https:\/\/www.facebook.com\/canadamotorjobs\/","article_published_time":"2023-12-13T12:53:41+00:00","article_modified_time":"2023-12-13T12:59:23+00:00","og_image":[{"width":980,"height":599,"url":"https:\/\/news.canadamotorjobs.com\/wp-content\/uploads\/2023\/12\/2020-tesla-model-y-performance-109-1620660806.jpg","type":"image\/jpeg"}],"author":"Benoit Charette","twitter_card":"summary_large_image","twitter_creator":"@canadamotorjobs","twitter_site":"@canadamotorjobs","twitter_misc":{"\u00c9crit par":"Benoit Charette","Estimation du temps de lecture":"3 minutes"},"schema":{"@context":"https:\/\/schema.org","@graph":[{"@type":"Article","@id":"https:\/\/news.canadamotorjobs.com\/fr\/tesla-rappelle-plus-de-2-millions-de-vehicules\/#article","isPartOf":{"@id":"https:\/\/news.canadamotorjobs.com\/fr\/tesla-rappelle-plus-de-2-millions-de-vehicules\/"},"author":{"name":"Benoit Charette","@id":"https:\/\/news.canadamotorjobs.com\/#\/schema\/person\/51793d1f87d44011d7bcc2ed99269a90"},"headline":"Tesla rappelle plus de 2 millions de v\u00e9hicules","datePublished":"2023-12-13T12:53:41+00:00","dateModified":"2023-12-13T12:59:23+00:00","mainEntityOfPage":{"@id":"https:\/\/news.canadamotorjobs.com\/fr\/tesla-rappelle-plus-de-2-millions-de-vehicules\/"},"wordCount":546,"publisher":{"@id":"https:\/\/news.canadamotorjobs.com\/#organization"},"image":{"@id":"https:\/\/news.canadamotorjobs.com\/fr\/tesla-rappelle-plus-de-2-millions-de-vehicules\/#primaryimage"},"thumbnailUrl":"https:\/\/news.canadamotorjobs.com\/wp-content\/uploads\/2023\/12\/2020-tesla-model-y-performance-109-1620660806.jpg","articleSection":["Annuel automobile"],"inLanguage":"fr-CA"},{"@type":"WebPage","@id":"https:\/\/news.canadamotorjobs.com\/fr\/tesla-rappelle-plus-de-2-millions-de-vehicules\/","url":"https:\/\/news.canadamotorjobs.com\/fr\/tesla-rappelle-plus-de-2-millions-de-vehicules\/","name":"Tesla rappelle plus de 2 millions de v\u00e9hicules - CanadaMotorJobs.com","isPartOf":{"@id":"https:\/\/news.canadamotorjobs.com\/#website"},"primaryImageOfPage":{"@id":"https:\/\/news.canadamotorjobs.com\/fr\/tesla-rappelle-plus-de-2-millions-de-vehicules\/#primaryimage"},"image":{"@id":"https:\/\/news.canadamotorjobs.com\/fr\/tesla-rappelle-plus-de-2-millions-de-vehicules\/#primaryimage"},"thumbnailUrl":"https:\/\/news.canadamotorjobs.com\/wp-content\/uploads\/2023\/12\/2020-tesla-model-y-performance-109-1620660806.jpg","datePublished":"2023-12-13T12:53:41+00:00","dateModified":"2023-12-13T12:59:23+00:00","description":"Tesla rappelle plus de 2 millions de v\u00e9hicules - Benoit Charette - Annuel automobile - CanadaMotorJobs.com.","breadcrumb":{"@id":"https:\/\/news.canadamotorjobs.com\/fr\/tesla-rappelle-plus-de-2-millions-de-vehicules\/#breadcrumb"},"inLanguage":"fr-CA","potentialAction":[{"@type":"ReadAction","target":["https:\/\/news.canadamotorjobs.com\/fr\/tesla-rappelle-plus-de-2-millions-de-vehicules\/"]}]},{"@type":"ImageObject","inLanguage":"fr-CA","@id":"https:\/\/news.canadamotorjobs.com\/fr\/tesla-rappelle-plus-de-2-millions-de-vehicules\/#primaryimage","url":"https:\/\/news.canadamotorjobs.com\/wp-content\/uploads\/2023\/12\/2020-tesla-model-y-performance-109-1620660806.jpg","contentUrl":"https:\/\/news.canadamotorjobs.com\/wp-content\/uploads\/2023\/12\/2020-tesla-model-y-performance-109-1620660806.jpg","width":980,"height":599},{"@type":"BreadcrumbList","@id":"https:\/\/news.canadamotorjobs.com\/fr\/tesla-rappelle-plus-de-2-millions-de-vehicules\/#breadcrumb","itemListElement":[{"@type":"ListItem","position":1,"name":"Home","item":"https:\/\/news.canadamotorjobs.com\/fr\/blog\/"},{"@type":"ListItem","position":2,"name":"Tesla rappelle plus de 2 millions de v\u00e9hicules"}]},{"@type":"WebSite","@id":"https:\/\/news.canadamotorjobs.com\/#website","url":"https:\/\/news.canadamotorjobs.com\/","name":"CanadaMotorJobs.com","description":"Automotive Jobs","publisher":{"@id":"https:\/\/news.canadamotorjobs.com\/#organization"},"potentialAction":[{"@type":"SearchAction","target":{"@type":"EntryPoint","urlTemplate":"https:\/\/news.canadamotorjobs.com\/?s={search_term_string}"},"query-input":"required name=search_term_string"}],"inLanguage":"fr-CA"},{"@type":"Organization","@id":"https:\/\/news.canadamotorjobs.com\/#organization","name":"Canada Motor Jobs","url":"https:\/\/news.canadamotorjobs.com\/","logo":{"@type":"ImageObject","inLanguage":"fr-CA","@id":"https:\/\/news.canadamotorjobs.com\/#\/schema\/logo\/image\/","url":"https:\/\/news.canadamotorjobs.com\/wp-content\/uploads\/2022\/10\/logo-canada-motor-jobs-1.png","contentUrl":"https:\/\/news.canadamotorjobs.com\/wp-content\/uploads\/2022\/10\/logo-canada-motor-jobs-1.png","width":800,"height":400,"caption":"Canada Motor Jobs"},"image":{"@id":"https:\/\/news.canadamotorjobs.com\/#\/schema\/logo\/image\/"},"sameAs":["https:\/\/www.facebook.com\/canadamotorjobs\/","https:\/\/x.com\/canadamotorjobs","https:\/\/www.instagram.com\/canadamotorjobs\/","https:\/\/www.linkedin.com\/company\/canadamotorjobs"]},{"@type":"Person","@id":"https:\/\/news.canadamotorjobs.com\/#\/schema\/person\/51793d1f87d44011d7bcc2ed99269a90","name":"Benoit Charette","image":{"@type":"ImageObject","inLanguage":"fr-CA","@id":"https:\/\/news.canadamotorjobs.com\/#\/schema\/person\/image\/","url":"https:\/\/secure.gravatar.com\/avatar\/45f3d2eebcccd909668d7ce7ea7267b6?s=96&d=mm&r=g","contentUrl":"https:\/\/secure.gravatar.com\/avatar\/45f3d2eebcccd909668d7ce7ea7267b6?s=96&d=mm&r=g","caption":"Benoit Charette"},"description":"Benoit Charette \/ Propri\u00e9taire et r\u00e9dacteur en chef Benoit Charette pratique le journalisme automobile depuis bient\u00f4t 30 ans. Il a fait ses classes au c\u00f4t\u00e9 de Daniel H\u00e9raud et au Carnet de route de 1992 \u00e0 2001. Il est fondateur, copropri\u00e9taire et r\u00e9dacteur en chef de L\u2019Annuel de l\u2019automobile, qu\u2019il publie depuis 2001. Il a anim\u00e9 les \u00e9missions RPM et RPM+ sur V et les L\u00e9gendes de la route sur Historia. \u00c0 la radio depuis 1986, il reprend l\u2019antenne cette ann\u00e9e sur les ondes de Cogeco et participe pour la deuxi\u00e8me ann\u00e9e \u00e0 l\u2019\u00e9mission Passion Auto sur RDS en plus de mettre en ligne le site Web officiel de L\u2019Annuel de l\u2019automobile sur annuelauto.ca.","sameAs":["https:\/\/annuelauto.ca\/"],"url":"https:\/\/news.canadamotorjobs.com\/fr\/author\/benoit-charette\/"}]}},"_links":{"self":[{"href":"https:\/\/news.canadamotorjobs.com\/fr\/wp-json\/wp\/v2\/posts\/155348"}],"collection":[{"href":"https:\/\/news.canadamotorjobs.com\/fr\/wp-json\/wp\/v2\/posts"}],"about":[{"href":"https:\/\/news.canadamotorjobs.com\/fr\/wp-json\/wp\/v2\/types\/post"}],"author":[{"embeddable":true,"href":"https:\/\/news.canadamotorjobs.com\/fr\/wp-json\/wp\/v2\/users\/8"}],"replies":[{"embeddable":true,"href":"https:\/\/news.canadamotorjobs.com\/fr\/wp-json\/wp\/v2\/comments?post=155348"}],"version-history":[{"count":2,"href":"https:\/\/news.canadamotorjobs.com\/fr\/wp-json\/wp\/v2\/posts\/155348\/revisions"}],"predecessor-version":[{"id":155352,"href":"https:\/\/news.canadamotorjobs.com\/fr\/wp-json\/wp\/v2\/posts\/155348\/revisions\/155352"}],"wp:featuredmedia":[{"embeddable":true,"href":"https:\/\/news.canadamotorjobs.com\/fr\/wp-json\/wp\/v2\/media\/155350"}],"wp:attachment":[{"href":"https:\/\/news.canadamotorjobs.com\/fr\/wp-json\/wp\/v2\/media?parent=155348"}],"wp:term":[{"taxonomy":"category","embeddable":true,"href":"https:\/\/news.canadamotorjobs.com\/fr\/wp-json\/wp\/v2\/categories?post=155348"},{"taxonomy":"post_tag","embeddable":true,"href":"https:\/\/news.canadamotorjobs.com\/fr\/wp-json\/wp\/v2\/tags?post=155348"}],"curies":[{"name":"wp","href":"https:\/\/api.w.org\/{rel}","templated":true}]}}