{"id":155306,"date":"2023-12-12T07:22:38","date_gmt":"2023-12-12T12:22:38","guid":{"rendered":"https:\/\/news.canadamotorjobs.com\/?p=155306"},"modified":"2023-12-12T07:29:27","modified_gmt":"2023-12-12T12:29:27","slug":"ford-reduit-de-moitie-ses-plans-de-production-du-f-150-lightning-pour-2024","status":"publish","type":"post","link":"https:\/\/news.canadamotorjobs.com\/fr\/ford-reduit-de-moitie-ses-plans-de-production-du-f-150-lightning-pour-2024\/","title":{"rendered":"Ford r\u00e9duit de moiti\u00e9 ses plans de production du F-150 Lightning pour 2024"},"content":{"rendered":"<\/p>\n<p>Ford Motor Co. pr\u00e9voit de r\u00e9duire de moiti\u00e9 la production pr\u00e9vue du pickup \u00e9lectrique F-150 Lightning l&#8217;ann\u00e9e prochaine en raison d&#8217;une &#8220;\u00e9volution de la demande du march\u00e9&#8221;. Cette d\u00e9cision marque un recul important pour ce mod\u00e8le embl\u00e9matique sur lequel le constructeur automobile a travaill\u00e9 une grande partie de cette ann\u00e9e pour le produire en plus grand nombre.<\/p>\n<h3><strong>Instructions aux fournisseurs et r\u00e9duction des chiffres<\/strong><\/h3>\n<p>\nSelon un m\u00e9mo de planification obtenu par Automotive News, Ford a inform\u00e9 les fournisseurs de se pr\u00e9parer \u00e0 une production moyenne d&#8217;environ 1 600 Lightning par semaine \u00e0 son Rouge Electric Vehicle Center \u00e0 Dearborn, dans le Michigan, \u00e0 partir de janvier. La production vis\u00e9e \u00e9tait initialement de 3 200 par semaine, dans l&#8217;objectif annuel de 150 000 unit\u00e9s. L&#8217;assemblage des pickups essence dans les usines du Michigan et du Missouri devrait quant \u00e0 lui rester globalement inchang\u00e9, indique le m\u00e9mo de l&#8217;entreprise.<\/p>\n<h3><strong>Adaptation \u00e0 la demande des consommateurs<\/strong><\/h3>\n<p>\nDans un communiqu\u00e9 publi\u00e9 lundi, Ford a d\u00e9clar\u00e9 qu&#8217;elle &#8220;continuera d&#8217;ajuster la production \u00e0 la demande des consommateurs&#8221;. Cette d\u00e9cision intervient dans un contexte de ralentissement des investissements dans les v\u00e9hicules \u00e9lectriques au sein de l&#8217;industrie en raison d&#8217;une croissance des ventes moins rapide que pr\u00e9vu.<\/p>\n<h3><strong>R\u00e9percussions sur la production et les effectifs<\/strong><\/h3>\n<p>\nEn octobre, Ford a temporairement interrompu l&#8217;une des trois \u00e9quipes de travail \u00e0 l&#8217;usine de production de la Lightning, touchant environ 700 travailleurs. Le m\u00e9mo aux fournisseurs indiquait que Ford devait atteindre un objectif de 3 200 Lightning par semaine d&#8217;ici le 30 octobre de cette ann\u00e9e, bien qu&#8217;il ne soit pas clair comment cela a \u00e9t\u00e9 affect\u00e9 par cette interruption.<\/p>\n<h3><strong>R\u00e9alit\u00e9 vs attentes : Remise en question des objectifs de production<\/strong><\/h3>\n<p>\nFord avait ajout\u00e9 cette troisi\u00e8me \u00e9quipe de travail fin 2021 dans le but de tripler la production pour atteindre un rythme annuel de 150 000 unit\u00e9s d&#8217;ici l&#8217;automne de cette ann\u00e9e. Pour atteindre cet objectif, l&#8217;usine avait \u00e9t\u00e9 mise \u00e0 l&#8217;arr\u00eat pendant six semaines au d\u00e9but de 2023 afin d&#8217;augmenter sa taille de plus de 70 %.<\/p>\n<h3><strong>Un recul face \u00e0 la demande moins soutenue pour les v\u00e9hicules \u00e9lectriques<\/strong><\/h3>\n<p>\nMalgr\u00e9 les d\u00e9clarations ant\u00e9rieures de Kumar Galhotra, actuel COO de Ford, qui exprimait en janvier 2022 la forte demande pour un F-150 enti\u00e8rement \u00e9lectrique, la demande pour les VE a ralenti r\u00e9cemment. Cela a incit\u00e9 Ford et d&#8217;autres constructeurs automobiles \u00e0 revoir \u00e0 la baisse leurs objectifs ambitieux de production. Ces coupes ont \u00e9galement boulevers\u00e9 les fournisseurs ayant investi des millions de dollars dans l&#8217;outillage et l&#8217;\u00e9quipement pour r\u00e9pondre aux plans des constructeurs automobiles.<\/p>\n<h3><strong>R\u00e9ajustements et perspective de croissance<\/strong><\/h3>\n<p>\nFord a report\u00e9 environ 12 milliards de dollars d&#8217;investissements dans les v\u00e9hicules \u00e9lectriques et a repouss\u00e9 certains objectifs de production. Malgr\u00e9 cela, les ventes de Lightning continuent d&#8217;augmenter. Jim Farley, PDG de Ford, a d\u00e9clar\u00e9 que la soci\u00e9t\u00e9 a vendu 4 393 camions en novembre &#8211; un record mensuel. Les ventes aux \u00c9tats-Unis ont augment\u00e9 de 54 % pour atteindre 20 365 unit\u00e9s cette ann\u00e9e jusqu&#8217;\u00e0 novembre.<\/p>\n<p>Avec des renseignements d\u2019Automotive News<\/p>\n<p>Le texte <a rel=\"nofollow\" href=\"https:\/\/annuelauto.ca\/ford-reduit-de-moitie-ses-plans-de-production-du-f-150-lightning-pour-2024\/\">Ford r\u00e9duit de moiti\u00e9 ses plans de production du F-150 Lightning pour 2024<\/a> provient de <a rel=\"nofollow\" href=\"https:\/\/annuelauto.ca\">L&#8217;annuel de l&#8217;automobile &#8211; Actualit\u00e9 automobile<\/a><\/p>\n<p><\/p>\n","protected":false},"excerpt":{"rendered":"<p>Ford Motor Co. pr\u00e9voit de r\u00e9duire de moiti\u00e9 la production pr\u00e9vue du pickup \u00e9lectrique F-150 Lightning l&#8217;ann\u00e9e prochaine en raison d&#8217;une &#8220;\u00e9volution de la demande du march\u00e9&#8221;. Cette d\u00e9cision marque un recul important pour ce mod\u00e8le embl\u00e9matique sur lequel le constructeur automobile a travaill\u00e9 une grande partie de cette ann\u00e9e pour le produire en plus [&hellip;]<\/p>\n","protected":false},"author":8,"featured_media":155308,"comment_status":"close","ping_status":"closed","sticky":false,"template":"","format":"standard","meta":{"_monsterinsights_skip_tracking":false,"_monsterinsights_sitenote_active":false,"_monsterinsights_sitenote_note":"","_monsterinsights_sitenote_category":0,"footnotes":""},"categories":[101],"tags":[],"yoast_head":"<!-- This site is optimized with the Yoast SEO plugin v23.2 - https:\/\/yoast.com\/wordpress\/plugins\/seo\/ -->\n<title>Ford r\u00e9duit de moiti\u00e9 ses plans de production du F-150 Lightning pour 2024 - CanadaMotorJobs.com<\/title>\n<meta name=\"description\" content=\"Ford r\u00e9duit de moiti\u00e9 ses plans de production du F-150 Lightning pour 2024 - Benoit Charette - Annuel automobile - CanadaMotorJobs.com.\" \/>\n<meta name=\"robots\" content=\"index, follow, max-snippet:-1, max-image-preview:large, max-video-preview:-1\" \/>\n<meta property=\"og:locale\" content=\"fr_CA\" \/>\n<meta property=\"og:type\" content=\"article\" \/>\n<meta property=\"og:title\" content=\"Ford r\u00e9duit de moiti\u00e9 ses plans de production du F-150 Lightning pour 2024 - CanadaMotorJobs.com\" \/>\n<meta property=\"og:description\" content=\"Ford r\u00e9duit de moiti\u00e9 ses plans de production du F-150 Lightning pour 2024 - Benoit Charette - Annuel automobile - CanadaMotorJobs.com.\" \/>\n<meta property=\"og:url\" content=\"https:\/\/news.canadamotorjobs.com\/fr\/ford-reduit-de-moitie-ses-plans-de-production-du-f-150-lightning-pour-2024\/\" \/>\n<meta property=\"og:site_name\" content=\"CanadaMotorJobs.com\" \/>\n<meta property=\"article:publisher\" content=\"https:\/\/www.facebook.com\/canadamotorjobs\/\" \/>\n<meta property=\"article:published_time\" content=\"2023-12-12T12:22:38+00:00\" \/>\n<meta property=\"article:modified_time\" content=\"2023-12-12T12:29:27+00:00\" \/>\n<meta property=\"og:image\" content=\"https:\/\/news.canadamotorjobs.com\/wp-content\/uploads\/2023\/12\/DSC01398-1024x768-1.jpg\" \/>\n\t<meta property=\"og:image:width\" content=\"1024\" \/>\n\t<meta property=\"og:image:height\" content=\"768\" \/>\n\t<meta property=\"og:image:type\" content=\"image\/jpeg\" \/>\n<meta name=\"author\" content=\"Benoit Charette\" \/>\n<meta name=\"twitter:card\" content=\"summary_large_image\" \/>\n<meta name=\"twitter:creator\" content=\"@canadamotorjobs\" \/>\n<meta name=\"twitter:site\" content=\"@canadamotorjobs\" \/>\n<meta name=\"twitter:label1\" content=\"\u00c9crit par\" \/>\n\t<meta name=\"twitter:data1\" content=\"Benoit Charette\" \/>\n\t<meta name=\"twitter:label2\" content=\"Estimation du temps de lecture\" \/>\n\t<meta name=\"twitter:data2\" content=\"3 minutes\" \/>\n<!-- \/ Yoast SEO plugin. -->","yoast_head_json":{"title":"Ford r\u00e9duit de moiti\u00e9 ses plans de production du F-150 Lightning pour 2024 - CanadaMotorJobs.com","description":"Ford r\u00e9duit de moiti\u00e9 ses plans de production du F-150 Lightning pour 2024 - Benoit Charette - Annuel automobile - CanadaMotorJobs.com.","robots":{"index":"index","follow":"follow","max-snippet":"max-snippet:-1","max-image-preview":"max-image-preview:large","max-video-preview":"max-video-preview:-1"},"og_locale":"fr_CA","og_type":"article","og_title":"Ford r\u00e9duit de moiti\u00e9 ses plans de production du F-150 Lightning pour 2024 - CanadaMotorJobs.com","og_description":"Ford r\u00e9duit de moiti\u00e9 ses plans de production du F-150 Lightning pour 2024 - Benoit Charette - Annuel automobile - CanadaMotorJobs.com.","og_url":"https:\/\/news.canadamotorjobs.com\/fr\/ford-reduit-de-moitie-ses-plans-de-production-du-f-150-lightning-pour-2024\/","og_site_name":"CanadaMotorJobs.com","article_publisher":"https:\/\/www.facebook.com\/canadamotorjobs\/","article_published_time":"2023-12-12T12:22:38+00:00","article_modified_time":"2023-12-12T12:29:27+00:00","og_image":[{"width":1024,"height":768,"url":"https:\/\/news.canadamotorjobs.com\/wp-content\/uploads\/2023\/12\/DSC01398-1024x768-1.jpg","type":"image\/jpeg"}],"author":"Benoit Charette","twitter_card":"summary_large_image","twitter_creator":"@canadamotorjobs","twitter_site":"@canadamotorjobs","twitter_misc":{"\u00c9crit par":"Benoit Charette","Estimation du temps de lecture":"3 minutes"},"schema":{"@context":"https:\/\/schema.org","@graph":[{"@type":"Article","@id":"https:\/\/news.canadamotorjobs.com\/fr\/ford-reduit-de-moitie-ses-plans-de-production-du-f-150-lightning-pour-2024\/#article","isPartOf":{"@id":"https:\/\/news.canadamotorjobs.com\/fr\/ford-reduit-de-moitie-ses-plans-de-production-du-f-150-lightning-pour-2024\/"},"author":{"name":"Benoit Charette","@id":"https:\/\/news.canadamotorjobs.com\/#\/schema\/person\/51793d1f87d44011d7bcc2ed99269a90"},"headline":"Ford r\u00e9duit de moiti\u00e9 ses plans de production du F-150 Lightning pour 2024","datePublished":"2023-12-12T12:22:38+00:00","dateModified":"2023-12-12T12:29:27+00:00","mainEntityOfPage":{"@id":"https:\/\/news.canadamotorjobs.com\/fr\/ford-reduit-de-moitie-ses-plans-de-production-du-f-150-lightning-pour-2024\/"},"wordCount":562,"publisher":{"@id":"https:\/\/news.canadamotorjobs.com\/#organization"},"image":{"@id":"https:\/\/news.canadamotorjobs.com\/fr\/ford-reduit-de-moitie-ses-plans-de-production-du-f-150-lightning-pour-2024\/#primaryimage"},"thumbnailUrl":"https:\/\/news.canadamotorjobs.com\/wp-content\/uploads\/2023\/12\/DSC01398-1024x768-1.jpg","articleSection":["Annuel automobile"],"inLanguage":"fr-CA"},{"@type":"WebPage","@id":"https:\/\/news.canadamotorjobs.com\/fr\/ford-reduit-de-moitie-ses-plans-de-production-du-f-150-lightning-pour-2024\/","url":"https:\/\/news.canadamotorjobs.com\/fr\/ford-reduit-de-moitie-ses-plans-de-production-du-f-150-lightning-pour-2024\/","name":"Ford r\u00e9duit de moiti\u00e9 ses plans de production du F-150 Lightning pour 2024 - CanadaMotorJobs.com","isPartOf":{"@id":"https:\/\/news.canadamotorjobs.com\/#website"},"primaryImageOfPage":{"@id":"https:\/\/news.canadamotorjobs.com\/fr\/ford-reduit-de-moitie-ses-plans-de-production-du-f-150-lightning-pour-2024\/#primaryimage"},"image":{"@id":"https:\/\/news.canadamotorjobs.com\/fr\/ford-reduit-de-moitie-ses-plans-de-production-du-f-150-lightning-pour-2024\/#primaryimage"},"thumbnailUrl":"https:\/\/news.canadamotorjobs.com\/wp-content\/uploads\/2023\/12\/DSC01398-1024x768-1.jpg","datePublished":"2023-12-12T12:22:38+00:00","dateModified":"2023-12-12T12:29:27+00:00","description":"Ford r\u00e9duit de moiti\u00e9 ses plans de production du F-150 Lightning pour 2024 - Benoit Charette - Annuel automobile - CanadaMotorJobs.com.","breadcrumb":{"@id":"https:\/\/news.canadamotorjobs.com\/fr\/ford-reduit-de-moitie-ses-plans-de-production-du-f-150-lightning-pour-2024\/#breadcrumb"},"inLanguage":"fr-CA","potentialAction":[{"@type":"ReadAction","target":["https:\/\/news.canadamotorjobs.com\/fr\/ford-reduit-de-moitie-ses-plans-de-production-du-f-150-lightning-pour-2024\/"]}]},{"@type":"ImageObject","inLanguage":"fr-CA","@id":"https:\/\/news.canadamotorjobs.com\/fr\/ford-reduit-de-moitie-ses-plans-de-production-du-f-150-lightning-pour-2024\/#primaryimage","url":"https:\/\/news.canadamotorjobs.com\/wp-content\/uploads\/2023\/12\/DSC01398-1024x768-1.jpg","contentUrl":"https:\/\/news.canadamotorjobs.com\/wp-content\/uploads\/2023\/12\/DSC01398-1024x768-1.jpg","width":1024,"height":768},{"@type":"BreadcrumbList","@id":"https:\/\/news.canadamotorjobs.com\/fr\/ford-reduit-de-moitie-ses-plans-de-production-du-f-150-lightning-pour-2024\/#breadcrumb","itemListElement":[{"@type":"ListItem","position":1,"name":"Home","item":"https:\/\/news.canadamotorjobs.com\/fr\/blog\/"},{"@type":"ListItem","position":2,"name":"Ford r\u00e9duit de moiti\u00e9 ses plans de production du F-150 Lightning pour 2024"}]},{"@type":"WebSite","@id":"https:\/\/news.canadamotorjobs.com\/#website","url":"https:\/\/news.canadamotorjobs.com\/","name":"CanadaMotorJobs.com","description":"Automotive Jobs","publisher":{"@id":"https:\/\/news.canadamotorjobs.com\/#organization"},"potentialAction":[{"@type":"SearchAction","target":{"@type":"EntryPoint","urlTemplate":"https:\/\/news.canadamotorjobs.com\/?s={search_term_string}"},"query-input":"required name=search_term_string"}],"inLanguage":"fr-CA"},{"@type":"Organization","@id":"https:\/\/news.canadamotorjobs.com\/#organization","name":"Canada Motor Jobs","url":"https:\/\/news.canadamotorjobs.com\/","logo":{"@type":"ImageObject","inLanguage":"fr-CA","@id":"https:\/\/news.canadamotorjobs.com\/#\/schema\/logo\/image\/","url":"https:\/\/news.canadamotorjobs.com\/wp-content\/uploads\/2022\/10\/logo-canada-motor-jobs-1.png","contentUrl":"https:\/\/news.canadamotorjobs.com\/wp-content\/uploads\/2022\/10\/logo-canada-motor-jobs-1.png","width":800,"height":400,"caption":"Canada Motor Jobs"},"image":{"@id":"https:\/\/news.canadamotorjobs.com\/#\/schema\/logo\/image\/"},"sameAs":["https:\/\/www.facebook.com\/canadamotorjobs\/","https:\/\/x.com\/canadamotorjobs","https:\/\/www.instagram.com\/canadamotorjobs\/","https:\/\/www.linkedin.com\/company\/canadamotorjobs"]},{"@type":"Person","@id":"https:\/\/news.canadamotorjobs.com\/#\/schema\/person\/51793d1f87d44011d7bcc2ed99269a90","name":"Benoit Charette","image":{"@type":"ImageObject","inLanguage":"fr-CA","@id":"https:\/\/news.canadamotorjobs.com\/#\/schema\/person\/image\/","url":"https:\/\/secure.gravatar.com\/avatar\/45f3d2eebcccd909668d7ce7ea7267b6?s=96&d=mm&r=g","contentUrl":"https:\/\/secure.gravatar.com\/avatar\/45f3d2eebcccd909668d7ce7ea7267b6?s=96&d=mm&r=g","caption":"Benoit Charette"},"description":"Benoit Charette \/ Propri\u00e9taire et r\u00e9dacteur en chef Benoit Charette pratique le journalisme automobile depuis bient\u00f4t 30 ans. Il a fait ses classes au c\u00f4t\u00e9 de Daniel H\u00e9raud et au Carnet de route de 1992 \u00e0 2001. Il est fondateur, copropri\u00e9taire et r\u00e9dacteur en chef de L\u2019Annuel de l\u2019automobile, qu\u2019il publie depuis 2001. Il a anim\u00e9 les \u00e9missions RPM et RPM+ sur V et les L\u00e9gendes de la route sur Historia. \u00c0 la radio depuis 1986, il reprend l\u2019antenne cette ann\u00e9e sur les ondes de Cogeco et participe pour la deuxi\u00e8me ann\u00e9e \u00e0 l\u2019\u00e9mission Passion Auto sur RDS en plus de mettre en ligne le site Web officiel de L\u2019Annuel de l\u2019automobile sur annuelauto.ca.","sameAs":["https:\/\/annuelauto.ca\/"],"url":"https:\/\/news.canadamotorjobs.com\/fr\/author\/benoit-charette\/"}]}},"_links":{"self":[{"href":"https:\/\/news.canadamotorjobs.com\/fr\/wp-json\/wp\/v2\/posts\/155306"}],"collection":[{"href":"https:\/\/news.canadamotorjobs.com\/fr\/wp-json\/wp\/v2\/posts"}],"about":[{"href":"https:\/\/news.canadamotorjobs.com\/fr\/wp-json\/wp\/v2\/types\/post"}],"author":[{"embeddable":true,"href":"https:\/\/news.canadamotorjobs.com\/fr\/wp-json\/wp\/v2\/users\/8"}],"replies":[{"embeddable":true,"href":"https:\/\/news.canadamotorjobs.com\/fr\/wp-json\/wp\/v2\/comments?post=155306"}],"version-history":[{"count":2,"href":"https:\/\/news.canadamotorjobs.com\/fr\/wp-json\/wp\/v2\/posts\/155306\/revisions"}],"predecessor-version":[{"id":155310,"href":"https:\/\/news.canadamotorjobs.com\/fr\/wp-json\/wp\/v2\/posts\/155306\/revisions\/155310"}],"wp:featuredmedia":[{"embeddable":true,"href":"https:\/\/news.canadamotorjobs.com\/fr\/wp-json\/wp\/v2\/media\/155308"}],"wp:attachment":[{"href":"https:\/\/news.canadamotorjobs.com\/fr\/wp-json\/wp\/v2\/media?parent=155306"}],"wp:term":[{"taxonomy":"category","embeddable":true,"href":"https:\/\/news.canadamotorjobs.com\/fr\/wp-json\/wp\/v2\/categories?post=155306"},{"taxonomy":"post_tag","embeddable":true,"href":"https:\/\/news.canadamotorjobs.com\/fr\/wp-json\/wp\/v2\/tags?post=155306"}],"curies":[{"name":"wp","href":"https:\/\/api.w.org\/{rel}","templated":true}]}}