{"id":155268,"date":"2023-12-12T06:56:13","date_gmt":"2023-12-12T11:56:13","guid":{"rendered":"https:\/\/news.canadamotorjobs.com\/?p=155268"},"modified":"2023-12-12T06:58:41","modified_gmt":"2023-12-12T11:58:41","slug":"ford-veut-rendre-les-voitures-de-police-plus-sures-pour-les-criminels","status":"publish","type":"post","link":"https:\/\/news.canadamotorjobs.com\/fr\/ford-veut-rendre-les-voitures-de-police-plus-sures-pour-les-criminels\/","title":{"rendered":"Ford veut rendre les voitures de police plus s\u00fbres\u2026 pour les criminels"},"content":{"rendered":"<\/p>\n<p>C\u2019est la saison des brevets dans l\u2019automobile. Et si certains, comme Ferrari, font dans la haute technologie, d\u2019autres ont des id\u00e9es plus terre-\u00e0-terre. C\u2019est le cas de Ford, qui vient de d\u00e9poser aupr\u00e8s du Bureau am\u00e9ricain des inventions une demande de brevet pour des accessoires de s\u00e9curit\u00e9 con\u00e7us pour rendre plus s\u00e9curitaire la banquette arri\u00e8re des voitures de police.<\/p>\n<p>Autrement dit, Ford aimerait que les v\u00e9hicules des forces polici\u00e8res de demain soient plus s\u00e9curitaires pour les personnes qui sont en \u00e9tat d\u2019arrestation et en route vers le poste de police ou la cour de justice les plus pr\u00e8s.<\/p>\n<p>Selon la demande de brevet, Ford souhaiterait installer des coussins gonflables qui se d\u00e9ploieraient en cas d\u2019accident \u00e0 partir de la cloison qui s\u00e9pare les places \u00e0 l\u2019avant du v\u00e9hicule des places \u00e0 l\u2019arri\u00e8re. Le m\u00e9canisme de d\u00e9ploiement est essentiellement le m\u00eame que celui des coussins gonflables log\u00e9s dans le volant.<\/p>\n<p>C\u2019est assez simple, quand on y pense, surtout que la fameuse cloison qui est install\u00e9e dans les v\u00e9hicules de police est g\u00e9n\u00e9ralement install\u00e9e une fois que le v\u00e9hicule est assembl\u00e9. \u00c7a ne demande donc pas un grand changement dans le design des v\u00e9hicules eux-m\u00eames.<\/p>\n<p>On ne sait pas vraiment quelle est la proportion des v\u00e9hicules de police qui sont impliqu\u00e9es dans des accidents de la route alors qu\u2019ils ont des occupants sur leur banquette. \u00c7a ne doit pas arriver si souvent. Et d\u00e9j\u00e0, on trouve les coussins gonflables lat\u00e9raux log\u00e9s dans les porti\u00e8res de ces v\u00e9hicules. Ajouter un coussin gonflable qui part de l\u2019avant va certainement r\u00e9duire les chances de blessures suite \u00e0 une collision.<\/p>\n<p>Si \u00e7a peut aider les forces polici\u00e8res \u00e0 mieux accomplir leur boulot, alors pourquoi pas\u2026<\/p>\n<p>Le texte <a rel=\"nofollow\" href=\"https:\/\/annuelauto.ca\/ford-veut-rendre-les-voitures-de-police-plus-sures-pour-les-criminels\/\">Ford veut rendre les voitures de police plus s\u00fbres\u2026 pour les criminels<\/a> provient de <a rel=\"nofollow\" href=\"https:\/\/annuelauto.ca\">L&#8217;annuel de l&#8217;automobile &#8211; Actualit\u00e9 automobile<\/a><\/p>\n<p><\/p>\n","protected":false},"excerpt":{"rendered":"<p>C\u2019est la saison des brevets dans l\u2019automobile. Et si certains, comme Ferrari, font dans la haute technologie, d\u2019autres ont des id\u00e9es plus terre-\u00e0-terre. C\u2019est le cas de Ford, qui vient de d\u00e9poser aupr\u00e8s du Bureau am\u00e9ricain des inventions une demande de brevet pour des accessoires de s\u00e9curit\u00e9 con\u00e7us pour rendre plus s\u00e9curitaire la banquette arri\u00e8re [&hellip;]<\/p>\n","protected":false},"author":8,"featured_media":155270,"comment_status":"close","ping_status":"closed","sticky":false,"template":"","format":"standard","meta":{"_monsterinsights_skip_tracking":false,"_monsterinsights_sitenote_active":false,"_monsterinsights_sitenote_note":"","_monsterinsights_sitenote_category":0,"footnotes":""},"categories":[101],"tags":[],"yoast_head":"<!-- This site is optimized with the Yoast SEO plugin v23.2 - https:\/\/yoast.com\/wordpress\/plugins\/seo\/ -->\n<title>Ford veut rendre les voitures de police plus s\u00fbres\u2026 pour les criminels - CanadaMotorJobs.com<\/title>\n<meta name=\"description\" content=\"Ford veut rendre les voitures de police plus s\u00fbres\u2026 pour les criminels - Benoit Charette - Annuel automobile - CanadaMotorJobs.com.\" \/>\n<meta name=\"robots\" content=\"index, follow, max-snippet:-1, max-image-preview:large, max-video-preview:-1\" \/>\n<meta property=\"og:locale\" content=\"fr_CA\" \/>\n<meta property=\"og:type\" content=\"article\" \/>\n<meta property=\"og:title\" content=\"Ford veut rendre les voitures de police plus s\u00fbres\u2026 pour les criminels - CanadaMotorJobs.com\" \/>\n<meta property=\"og:description\" content=\"Ford veut rendre les voitures de police plus s\u00fbres\u2026 pour les criminels - Benoit Charette - Annuel automobile - CanadaMotorJobs.com.\" \/>\n<meta property=\"og:url\" content=\"https:\/\/news.canadamotorjobs.com\/fr\/ford-veut-rendre-les-voitures-de-police-plus-sures-pour-les-criminels\/\" \/>\n<meta property=\"og:site_name\" content=\"CanadaMotorJobs.com\" \/>\n<meta property=\"article:publisher\" content=\"https:\/\/www.facebook.com\/canadamotorjobs\/\" \/>\n<meta property=\"article:published_time\" content=\"2023-12-12T11:56:13+00:00\" \/>\n<meta property=\"article:modified_time\" content=\"2023-12-12T11:58:41+00:00\" \/>\n<meta property=\"og:image\" content=\"https:\/\/news.canadamotorjobs.com\/wp-content\/uploads\/2023\/12\/ford-police-car-airbag-patent-image_100906740_m.jpg\" \/>\n\t<meta property=\"og:image:width\" content=\"640\" \/>\n\t<meta property=\"og:image:height\" content=\"414\" \/>\n\t<meta property=\"og:image:type\" content=\"image\/jpeg\" \/>\n<meta name=\"author\" content=\"Benoit Charette\" \/>\n<meta name=\"twitter:card\" content=\"summary_large_image\" \/>\n<meta name=\"twitter:creator\" content=\"@canadamotorjobs\" \/>\n<meta name=\"twitter:site\" content=\"@canadamotorjobs\" \/>\n<meta name=\"twitter:label1\" content=\"\u00c9crit par\" \/>\n\t<meta name=\"twitter:data1\" content=\"Benoit Charette\" \/>\n\t<meta name=\"twitter:label2\" content=\"Estimation du temps de lecture\" \/>\n\t<meta name=\"twitter:data2\" content=\"2 minutes\" \/>\n<!-- \/ Yoast SEO plugin. -->","yoast_head_json":{"title":"Ford veut rendre les voitures de police plus s\u00fbres\u2026 pour les criminels - CanadaMotorJobs.com","description":"Ford veut rendre les voitures de police plus s\u00fbres\u2026 pour les criminels - Benoit Charette - Annuel automobile - CanadaMotorJobs.com.","robots":{"index":"index","follow":"follow","max-snippet":"max-snippet:-1","max-image-preview":"max-image-preview:large","max-video-preview":"max-video-preview:-1"},"og_locale":"fr_CA","og_type":"article","og_title":"Ford veut rendre les voitures de police plus s\u00fbres\u2026 pour les criminels - CanadaMotorJobs.com","og_description":"Ford veut rendre les voitures de police plus s\u00fbres\u2026 pour les criminels - Benoit Charette - Annuel automobile - CanadaMotorJobs.com.","og_url":"https:\/\/news.canadamotorjobs.com\/fr\/ford-veut-rendre-les-voitures-de-police-plus-sures-pour-les-criminels\/","og_site_name":"CanadaMotorJobs.com","article_publisher":"https:\/\/www.facebook.com\/canadamotorjobs\/","article_published_time":"2023-12-12T11:56:13+00:00","article_modified_time":"2023-12-12T11:58:41+00:00","og_image":[{"width":640,"height":414,"url":"https:\/\/news.canadamotorjobs.com\/wp-content\/uploads\/2023\/12\/ford-police-car-airbag-patent-image_100906740_m.jpg","type":"image\/jpeg"}],"author":"Benoit Charette","twitter_card":"summary_large_image","twitter_creator":"@canadamotorjobs","twitter_site":"@canadamotorjobs","twitter_misc":{"\u00c9crit par":"Benoit Charette","Estimation du temps de lecture":"2 minutes"},"schema":{"@context":"https:\/\/schema.org","@graph":[{"@type":"Article","@id":"https:\/\/news.canadamotorjobs.com\/fr\/ford-veut-rendre-les-voitures-de-police-plus-sures-pour-les-criminels\/#article","isPartOf":{"@id":"https:\/\/news.canadamotorjobs.com\/fr\/ford-veut-rendre-les-voitures-de-police-plus-sures-pour-les-criminels\/"},"author":{"name":"Benoit Charette","@id":"https:\/\/news.canadamotorjobs.com\/#\/schema\/person\/51793d1f87d44011d7bcc2ed99269a90"},"headline":"Ford veut rendre les voitures de police plus s\u00fbres\u2026 pour les criminels","datePublished":"2023-12-12T11:56:13+00:00","dateModified":"2023-12-12T11:58:41+00:00","mainEntityOfPage":{"@id":"https:\/\/news.canadamotorjobs.com\/fr\/ford-veut-rendre-les-voitures-de-police-plus-sures-pour-les-criminels\/"},"wordCount":361,"publisher":{"@id":"https:\/\/news.canadamotorjobs.com\/#organization"},"image":{"@id":"https:\/\/news.canadamotorjobs.com\/fr\/ford-veut-rendre-les-voitures-de-police-plus-sures-pour-les-criminels\/#primaryimage"},"thumbnailUrl":"https:\/\/news.canadamotorjobs.com\/wp-content\/uploads\/2023\/12\/ford-police-car-airbag-patent-image_100906740_m.jpg","articleSection":["Annuel automobile"],"inLanguage":"fr-CA"},{"@type":"WebPage","@id":"https:\/\/news.canadamotorjobs.com\/fr\/ford-veut-rendre-les-voitures-de-police-plus-sures-pour-les-criminels\/","url":"https:\/\/news.canadamotorjobs.com\/fr\/ford-veut-rendre-les-voitures-de-police-plus-sures-pour-les-criminels\/","name":"Ford veut rendre les voitures de police plus s\u00fbres\u2026 pour les criminels - CanadaMotorJobs.com","isPartOf":{"@id":"https:\/\/news.canadamotorjobs.com\/#website"},"primaryImageOfPage":{"@id":"https:\/\/news.canadamotorjobs.com\/fr\/ford-veut-rendre-les-voitures-de-police-plus-sures-pour-les-criminels\/#primaryimage"},"image":{"@id":"https:\/\/news.canadamotorjobs.com\/fr\/ford-veut-rendre-les-voitures-de-police-plus-sures-pour-les-criminels\/#primaryimage"},"thumbnailUrl":"https:\/\/news.canadamotorjobs.com\/wp-content\/uploads\/2023\/12\/ford-police-car-airbag-patent-image_100906740_m.jpg","datePublished":"2023-12-12T11:56:13+00:00","dateModified":"2023-12-12T11:58:41+00:00","description":"Ford veut rendre les voitures de police plus s\u00fbres\u2026 pour les criminels - Benoit Charette - Annuel automobile - CanadaMotorJobs.com.","breadcrumb":{"@id":"https:\/\/news.canadamotorjobs.com\/fr\/ford-veut-rendre-les-voitures-de-police-plus-sures-pour-les-criminels\/#breadcrumb"},"inLanguage":"fr-CA","potentialAction":[{"@type":"ReadAction","target":["https:\/\/news.canadamotorjobs.com\/fr\/ford-veut-rendre-les-voitures-de-police-plus-sures-pour-les-criminels\/"]}]},{"@type":"ImageObject","inLanguage":"fr-CA","@id":"https:\/\/news.canadamotorjobs.com\/fr\/ford-veut-rendre-les-voitures-de-police-plus-sures-pour-les-criminels\/#primaryimage","url":"https:\/\/news.canadamotorjobs.com\/wp-content\/uploads\/2023\/12\/ford-police-car-airbag-patent-image_100906740_m.jpg","contentUrl":"https:\/\/news.canadamotorjobs.com\/wp-content\/uploads\/2023\/12\/ford-police-car-airbag-patent-image_100906740_m.jpg","width":640,"height":414},{"@type":"BreadcrumbList","@id":"https:\/\/news.canadamotorjobs.com\/fr\/ford-veut-rendre-les-voitures-de-police-plus-sures-pour-les-criminels\/#breadcrumb","itemListElement":[{"@type":"ListItem","position":1,"name":"Home","item":"https:\/\/news.canadamotorjobs.com\/fr\/blog\/"},{"@type":"ListItem","position":2,"name":"Ford veut rendre les voitures de police plus s\u00fbres\u2026 pour les criminels"}]},{"@type":"WebSite","@id":"https:\/\/news.canadamotorjobs.com\/#website","url":"https:\/\/news.canadamotorjobs.com\/","name":"CanadaMotorJobs.com","description":"Automotive Jobs","publisher":{"@id":"https:\/\/news.canadamotorjobs.com\/#organization"},"potentialAction":[{"@type":"SearchAction","target":{"@type":"EntryPoint","urlTemplate":"https:\/\/news.canadamotorjobs.com\/?s={search_term_string}"},"query-input":"required name=search_term_string"}],"inLanguage":"fr-CA"},{"@type":"Organization","@id":"https:\/\/news.canadamotorjobs.com\/#organization","name":"Canada Motor Jobs","url":"https:\/\/news.canadamotorjobs.com\/","logo":{"@type":"ImageObject","inLanguage":"fr-CA","@id":"https:\/\/news.canadamotorjobs.com\/#\/schema\/logo\/image\/","url":"https:\/\/news.canadamotorjobs.com\/wp-content\/uploads\/2022\/10\/logo-canada-motor-jobs-1.png","contentUrl":"https:\/\/news.canadamotorjobs.com\/wp-content\/uploads\/2022\/10\/logo-canada-motor-jobs-1.png","width":800,"height":400,"caption":"Canada Motor Jobs"},"image":{"@id":"https:\/\/news.canadamotorjobs.com\/#\/schema\/logo\/image\/"},"sameAs":["https:\/\/www.facebook.com\/canadamotorjobs\/","https:\/\/x.com\/canadamotorjobs","https:\/\/www.instagram.com\/canadamotorjobs\/","https:\/\/www.linkedin.com\/company\/canadamotorjobs"]},{"@type":"Person","@id":"https:\/\/news.canadamotorjobs.com\/#\/schema\/person\/51793d1f87d44011d7bcc2ed99269a90","name":"Benoit Charette","image":{"@type":"ImageObject","inLanguage":"fr-CA","@id":"https:\/\/news.canadamotorjobs.com\/#\/schema\/person\/image\/","url":"https:\/\/secure.gravatar.com\/avatar\/45f3d2eebcccd909668d7ce7ea7267b6?s=96&d=mm&r=g","contentUrl":"https:\/\/secure.gravatar.com\/avatar\/45f3d2eebcccd909668d7ce7ea7267b6?s=96&d=mm&r=g","caption":"Benoit Charette"},"description":"Benoit Charette \/ Propri\u00e9taire et r\u00e9dacteur en chef Benoit Charette pratique le journalisme automobile depuis bient\u00f4t 30 ans. Il a fait ses classes au c\u00f4t\u00e9 de Daniel H\u00e9raud et au Carnet de route de 1992 \u00e0 2001. Il est fondateur, copropri\u00e9taire et r\u00e9dacteur en chef de L\u2019Annuel de l\u2019automobile, qu\u2019il publie depuis 2001. Il a anim\u00e9 les \u00e9missions RPM et RPM+ sur V et les L\u00e9gendes de la route sur Historia. \u00c0 la radio depuis 1986, il reprend l\u2019antenne cette ann\u00e9e sur les ondes de Cogeco et participe pour la deuxi\u00e8me ann\u00e9e \u00e0 l\u2019\u00e9mission Passion Auto sur RDS en plus de mettre en ligne le site Web officiel de L\u2019Annuel de l\u2019automobile sur annuelauto.ca.","sameAs":["https:\/\/annuelauto.ca\/"],"url":"https:\/\/news.canadamotorjobs.com\/fr\/author\/benoit-charette\/"}]}},"_links":{"self":[{"href":"https:\/\/news.canadamotorjobs.com\/fr\/wp-json\/wp\/v2\/posts\/155268"}],"collection":[{"href":"https:\/\/news.canadamotorjobs.com\/fr\/wp-json\/wp\/v2\/posts"}],"about":[{"href":"https:\/\/news.canadamotorjobs.com\/fr\/wp-json\/wp\/v2\/types\/post"}],"author":[{"embeddable":true,"href":"https:\/\/news.canadamotorjobs.com\/fr\/wp-json\/wp\/v2\/users\/8"}],"replies":[{"embeddable":true,"href":"https:\/\/news.canadamotorjobs.com\/fr\/wp-json\/wp\/v2\/comments?post=155268"}],"version-history":[{"count":2,"href":"https:\/\/news.canadamotorjobs.com\/fr\/wp-json\/wp\/v2\/posts\/155268\/revisions"}],"predecessor-version":[{"id":155272,"href":"https:\/\/news.canadamotorjobs.com\/fr\/wp-json\/wp\/v2\/posts\/155268\/revisions\/155272"}],"wp:featuredmedia":[{"embeddable":true,"href":"https:\/\/news.canadamotorjobs.com\/fr\/wp-json\/wp\/v2\/media\/155270"}],"wp:attachment":[{"href":"https:\/\/news.canadamotorjobs.com\/fr\/wp-json\/wp\/v2\/media?parent=155268"}],"wp:term":[{"taxonomy":"category","embeddable":true,"href":"https:\/\/news.canadamotorjobs.com\/fr\/wp-json\/wp\/v2\/categories?post=155268"},{"taxonomy":"post_tag","embeddable":true,"href":"https:\/\/news.canadamotorjobs.com\/fr\/wp-json\/wp\/v2\/tags?post=155268"}],"curies":[{"name":"wp","href":"https:\/\/api.w.org\/{rel}","templated":true}]}}