{"id":155245,"date":"2023-12-11T18:37:09","date_gmt":"2023-12-11T23:37:09","guid":{"rendered":"https:\/\/news.canadamotorjobs.com\/?p=155245"},"modified":"2023-12-11T18:47:00","modified_gmt":"2023-12-11T23:47:00","slug":"mercedes-amg-devoile-la-nouvelle-sl-63-s-e-performance","status":"publish","type":"post","link":"https:\/\/news.canadamotorjobs.com\/fr\/mercedes-amg-devoile-la-nouvelle-sl-63-s-e-performance\/","title":{"rendered":"Mercedes-AMG d\u00e9voile la nouvelle SL 63 S E PERFORMANCE"},"content":{"rendered":"<\/p>\n<h3><strong>La SL la plus puissante de tous les temps<\/strong><\/h3>\n<p>\nMercedes-AMG pr\u00e9sente la nouvelle SL 63 S E PERFORMANCE. Le moteur biturbo V8 AMG 4.0L du roadster et l&#8217;unit\u00e9 de conduite \u00e9lectrique AMG produisent une puissance combin\u00e9e de 805 ch et un couple combin\u00e9 allant jusqu&#8217;\u00e0 1 047 lb-pi. Cela fait du nouveau mod\u00e8le E PERFORMANCE le SL le plus puissant \u00e0 ce jour. La r\u00e9activit\u00e9 imm\u00e9diate de la conduite \u00e9lectrique sur l&#8217;essieu arri\u00e8re, la mont\u00e9e rapide du couple et la puissance lin\u00e9aire permettent des performances impressionnantes. L&#8217;acc\u00e9l\u00e9ration de 0 \u00e0 100 km\/h ne prend que 2,9 secondes. La suspension AMG ACTIVE RIDE CONTROL avec stabilisation active du roulis et direction active de l&#8217;essieu arri\u00e8re offre une large gamme de caract\u00e9ristiques de conduite &#8211; du confortable au hautement dynamique.<\/p>\n<h3><strong>Propulsion hybride E PERFORMANCE : Performance maximale<\/strong><\/h3>\n<p>\nDans la SL 63 S E PERFORMANCE, le moteur V8 biturbo AMG 4.0L est associ\u00e9 \u00e0 une unit\u00e9 de conduite \u00e9lectrique sur l&#8217;essieu arri\u00e8re. Le moteur \u00e9lectrique synchrone excitateur en permanence de 201 ch est int\u00e9gr\u00e9 \u00e0 une transmission \u00e9lectrique \u00e0 deux vitesses et un diff\u00e9rentiel autobloquant \u00e0 l&#8217;arri\u00e8re. La batterie haute performance l\u00e9g\u00e8re est \u00e9galement situ\u00e9e \u00e0 l&#8217;arri\u00e8re au-dessus de l&#8217;essieu arri\u00e8re. Ce design compact pr\u00e9sente de nombreux avantages.<\/p>\n<h3><strong>Batterie haute performance inspir\u00e9e de la F1<\/strong><\/h3>\n<p>\nLe d\u00e9veloppement du stockage d&#8217;\u00e9nergie lithium-ion est inspir\u00e9 des technologies \u00e9prouv\u00e9es en F1. La batterie haute performance AMG combine une puissance \u00e9lev\u00e9e pouvant \u00eatre appel\u00e9e fr\u00e9quemment de mani\u00e8re successive avec un poids r\u00e9duit pour augmenter les performances globales du Roadster SL. \u00c0 cela s&#8217;ajoutent une r\u00e9cup\u00e9ration rapide d&#8217;\u00e9nergie et une densit\u00e9 de puissance \u00e9lev\u00e9e.<\/p>\n<h3><strong>Strat\u00e9gie op\u00e9rationnelle : puissance \u00e9lectrique toujours disponible<\/strong><\/h3>\n<p>\nLa strat\u00e9gie op\u00e9rationnelle de base est d\u00e9riv\u00e9e du groupe hybride de la voiture de course Mercedes-AMG Petronas Formula 1. Comme dans la premi\u00e8re classe du sport automobile, une propulsion maximale est toujours disponible lorsque le conducteur acc\u00e9l\u00e8re de mani\u00e8re agressive &#8211; par exemple, lors de puissantes acc\u00e9l\u00e9rations en sortie de virage ou de d\u00e9passements. La puissance \u00e9lectrique peut toujours \u00eatre sollicit\u00e9e et fr\u00e9quemment reproduite via une r\u00e9cup\u00e9ration \u00e9lev\u00e9e et une recharge adapt\u00e9e aux besoins. Le concept de batterie ind\u00e9pendante permet un \u00e9quilibre optimal entre performances dynamiques et efficacit\u00e9.<\/p>\n<h3><strong>Programmes de conduite AMG DYNAMIC SELECT<\/strong><\/h3>\n<p>\nLes huit programmes de conduite AMG DYNAMIC SELECT &#8211; &#8220;\u00c9lectrique&#8221;, &#8220;Maintien de batterie&#8221;, &#8220;Confort&#8221;, &#8220;Glissant&#8221;, &#8220;Sport&#8221;, &#8220;Sport+&#8221;, &#8220;RACE&#8221; et &#8220;Individuel&#8221; &#8211; sont pr\u00e9cis\u00e9ment adapt\u00e9s \u00e0 la nouvelle technologie de conduite et offrent une large gamme d&#8217;exp\u00e9riences de conduite &#8211; de l&#8217;efficacit\u00e9 au dynamique. Les programmes de conduite ajustent des param\u00e8tres importants, notamment la r\u00e9ponse de la conduite et de la transmission, les caract\u00e9ristiques de direction, l&#8217;amortissement de la suspension et le son. Les programmes peuvent \u00eatre s\u00e9lectionn\u00e9s via l&#8217;\u00e9cran multim\u00e9dia central ou les boutons de volant AMG DRIVE UNIT. La vitesse maximale a \u00e9t\u00e9 limit\u00e9e par Mercedes \u00e0 317 km\/h.<\/p>\n<h3><strong>Recyclage s\u00e9lectionnable en quatre \u00e9tapes<\/strong><\/h3>\n<p>\nEn raison de la fen\u00eatre de temp\u00e9rature optimale d&#8217;environ 45 degr\u00e9s Celsius de la batterie haute performance gr\u00e2ce au refroidissement direct, la r\u00e9g\u00e9n\u00e9ration peut \u00e9galement \u00eatre optimis\u00e9. Normalement, une batterie chauffe lors d&#8217;une r\u00e9cup\u00e9ration \u00e9lev\u00e9e, de sorte que la r\u00e9g\u00e9n\u00e9ration d&#8217;\u00e9nergie doit \u00eatre limit\u00e9e. Le recyclage d\u00e9marre lorsque le conducteur l\u00e8ve le pied de l&#8217;acc\u00e9l\u00e9rateur. Cela charge la batterie et cr\u00e9e un couple de freinage. Dans les descentes raides, le syst\u00e8me fonctionne comme un frein moteur et alimente l&#8217;\u00e9nergie dans la batterie.<\/p>\n<h3><strong>\u00c9l\u00e9ments ext\u00e9rieurs exclusifs E PERFORMANCE<\/strong><\/h3>\n<p>\nL&#8217;ext\u00e9rieur du SL 63 S E PERFORMANCE pr\u00e9sente des \u00e9l\u00e9ments visuels uniques. \u00c0 l&#8217;arri\u00e8re du v\u00e9hicule, cela inclut une porte de recharge int\u00e9gr\u00e9e pour le syst\u00e8me hybride dont l&#8217;autonomie n&#8217;a pas \u00e9t\u00e9 r\u00e9v\u00e9l\u00e9e, un badge de mod\u00e8le &#8220;SL 63 S&#8221; soulign\u00e9 en rouge et des embouts de sortie d&#8217;\u00e9chappement trapezo\u00efdaux rainur\u00e9s distinctifs. Le badge &#8220;E PERFORMANCE&#8221; sur chaque aile avant indique la conduite hybride exclusive.<\/p>\n<h3><strong>Int\u00e9rieur ax\u00e9 sur le conducteur avec de nombreuses options de personnalisation<\/strong><\/h3>\n<p>\nL&#8217;int\u00e9rieur est con\u00e7u pour soutenir une conduite dynamique ainsi que le confort maximal. La conception du cockpit, jusqu&#8217;\u00e0 l&#8217;\u00e9cran central au format portrait, est ax\u00e9e sur le conducteur et captive par une impression globale harmonieuse. Le concept dimensionnel pratique avec des si\u00e8ges 2+2 offre un espace int\u00e9rieur g\u00e9n\u00e9reux.<\/p>\n<h3><strong>Syst\u00e8me infotainment MBUX avec affichages hybrides sp\u00e9cifiques<\/strong><\/h3>\n<p>\nLe syst\u00e8me infotainment MBUX (Mercedes-Benz User Experience) est intuitif \u00e0 utiliser et capable d&#8217;apprendre. Dans la SL 63 S E PERFORMANCE, il propose un contenu AMG- et hybride sp\u00e9cifique. Des \u00e9l\u00e9ments de menu exclusifs tels que &#8220;Performance AMG&#8221; soulignent le caract\u00e8re sportif du v\u00e9hicule. La technologie hybride peut \u00e9galement \u00eatre visualis\u00e9e. Des graphiques de haute qualit\u00e9 visualisent le flux de puissance du syst\u00e8me de propulsion. La vitesse, la puissance, le couple et la temp\u00e9rature de l&#8217;unit\u00e9 de conduite \u00e9lectrique peuvent \u00e9galement \u00eatre affich\u00e9s.<\/p>\n<h3><strong>A\u00e9rodynamisme actif sp\u00e9cialement r\u00e9gl\u00e9<\/strong><\/h3>\n<p>\nLes a\u00e9rodynamiques actives ont \u00e9galement \u00e9t\u00e9 adapt\u00e9es \u00e0 la technologie de conduite \u00e9lectrifi\u00e9e dans la SL 63 S E PERFORMANCE. Le pack a\u00e9rodynamique AMG en option comprend un \u00e9l\u00e9ment a\u00e9rodynamique actif dissimul\u00e9 dans le dessous de la voiture devant le moteur, ce qui contribue encore \u00e0 des dynamiques de conduite \u00e9quilibr\u00e9es. Ce profil en carbone est un d\u00e9veloppement exclusif et brevet\u00e9 AMG. Il r\u00e9agit aux programmes de conduite AMG et s&#8217;abaisse automatiquement d&#8217;environ 40 millim\u00e8tres \u00e0 une vitesse de 80 km\/h. Cela cr\u00e9e un effet Venturi, qui aspire la voiture \u00e0 la route et r\u00e9duit la portance de l&#8217;essieu avant.<\/p>\n<p>\u00a0<\/p>\n<p>Source: Mercedes-Benz Canada<\/p>\n<p>\u00a0<\/p>\n<p>Le texte <a rel=\"nofollow\" href=\"https:\/\/annuelauto.ca\/mercedes-amg-devoile-la-nouvelle-sl-63-s-e-performance\/\">Mercedes-AMG d\u00e9voile la nouvelle SL 63 S E PERFORMANCE<\/a> provient de <a rel=\"nofollow\" href=\"https:\/\/annuelauto.ca\">L&#8217;annuel de l&#8217;automobile &#8211; Actualit\u00e9 automobile<\/a><\/p>\n<p><\/p>\n","protected":false},"excerpt":{"rendered":"<p>La SL la plus puissante de tous les temps Mercedes-AMG pr\u00e9sente la nouvelle SL 63 S E PERFORMANCE. Le moteur biturbo V8 AMG 4.0L du roadster et l&#8217;unit\u00e9 de conduite \u00e9lectrique AMG produisent une puissance combin\u00e9e de 805 ch et un couple combin\u00e9 allant jusqu&#8217;\u00e0 1 047 lb-pi. Cela fait du nouveau mod\u00e8le E PERFORMANCE [&hellip;]<\/p>\n","protected":false},"author":8,"featured_media":155247,"comment_status":"close","ping_status":"closed","sticky":false,"template":"","format":"standard","meta":{"_monsterinsights_skip_tracking":false,"_monsterinsights_sitenote_active":false,"_monsterinsights_sitenote_note":"","_monsterinsights_sitenote_category":0,"footnotes":""},"categories":[101],"tags":[],"yoast_head":"<!-- This site is optimized with the Yoast SEO plugin v23.2 - https:\/\/yoast.com\/wordpress\/plugins\/seo\/ -->\n<title>Mercedes-AMG d\u00e9voile la nouvelle SL 63 S E PERFORMANCE - CanadaMotorJobs.com<\/title>\n<meta name=\"description\" content=\"Mercedes-AMG d\u00e9voile la nouvelle SL 63 S E PERFORMANCE - Benoit Charette - Annuel automobile - CanadaMotorJobs.com.\" \/>\n<meta name=\"robots\" content=\"index, follow, max-snippet:-1, max-image-preview:large, max-video-preview:-1\" \/>\n<meta property=\"og:locale\" content=\"fr_CA\" \/>\n<meta property=\"og:type\" content=\"article\" \/>\n<meta property=\"og:title\" content=\"Mercedes-AMG d\u00e9voile la nouvelle SL 63 S E PERFORMANCE - CanadaMotorJobs.com\" \/>\n<meta property=\"og:description\" content=\"Mercedes-AMG d\u00e9voile la nouvelle SL 63 S E PERFORMANCE - Benoit Charette - Annuel automobile - CanadaMotorJobs.com.\" \/>\n<meta property=\"og:url\" content=\"https:\/\/news.canadamotorjobs.com\/fr\/mercedes-amg-devoile-la-nouvelle-sl-63-s-e-performance\/\" \/>\n<meta property=\"og:site_name\" content=\"CanadaMotorJobs.com\" \/>\n<meta property=\"article:publisher\" content=\"https:\/\/www.facebook.com\/canadamotorjobs\/\" \/>\n<meta property=\"article:published_time\" content=\"2023-12-11T23:37:09+00:00\" \/>\n<meta property=\"article:modified_time\" content=\"2023-12-11T23:47:00+00:00\" \/>\n<meta property=\"og:image\" content=\"https:\/\/news.canadamotorjobs.com\/wp-content\/uploads\/2023\/12\/23C0424_003.jpg\" \/>\n\t<meta property=\"og:image:width\" content=\"1280\" \/>\n\t<meta property=\"og:image:height\" content=\"720\" \/>\n\t<meta property=\"og:image:type\" content=\"image\/jpeg\" \/>\n<meta name=\"author\" content=\"Benoit Charette\" \/>\n<meta name=\"twitter:card\" content=\"summary_large_image\" \/>\n<meta name=\"twitter:creator\" content=\"@canadamotorjobs\" \/>\n<meta name=\"twitter:site\" content=\"@canadamotorjobs\" \/>\n<meta name=\"twitter:label1\" content=\"\u00c9crit par\" \/>\n\t<meta name=\"twitter:data1\" content=\"Benoit Charette\" \/>\n\t<meta name=\"twitter:label2\" content=\"Estimation du temps de lecture\" \/>\n\t<meta name=\"twitter:data2\" content=\"5 minutes\" \/>\n<!-- \/ Yoast SEO plugin. -->","yoast_head_json":{"title":"Mercedes-AMG d\u00e9voile la nouvelle SL 63 S E PERFORMANCE - CanadaMotorJobs.com","description":"Mercedes-AMG d\u00e9voile la nouvelle SL 63 S E PERFORMANCE - Benoit Charette - Annuel automobile - CanadaMotorJobs.com.","robots":{"index":"index","follow":"follow","max-snippet":"max-snippet:-1","max-image-preview":"max-image-preview:large","max-video-preview":"max-video-preview:-1"},"og_locale":"fr_CA","og_type":"article","og_title":"Mercedes-AMG d\u00e9voile la nouvelle SL 63 S E PERFORMANCE - CanadaMotorJobs.com","og_description":"Mercedes-AMG d\u00e9voile la nouvelle SL 63 S E PERFORMANCE - Benoit Charette - Annuel automobile - CanadaMotorJobs.com.","og_url":"https:\/\/news.canadamotorjobs.com\/fr\/mercedes-amg-devoile-la-nouvelle-sl-63-s-e-performance\/","og_site_name":"CanadaMotorJobs.com","article_publisher":"https:\/\/www.facebook.com\/canadamotorjobs\/","article_published_time":"2023-12-11T23:37:09+00:00","article_modified_time":"2023-12-11T23:47:00+00:00","og_image":[{"width":1280,"height":720,"url":"https:\/\/news.canadamotorjobs.com\/wp-content\/uploads\/2023\/12\/23C0424_003.jpg","type":"image\/jpeg"}],"author":"Benoit Charette","twitter_card":"summary_large_image","twitter_creator":"@canadamotorjobs","twitter_site":"@canadamotorjobs","twitter_misc":{"\u00c9crit par":"Benoit Charette","Estimation du temps de lecture":"5 minutes"},"schema":{"@context":"https:\/\/schema.org","@graph":[{"@type":"Article","@id":"https:\/\/news.canadamotorjobs.com\/fr\/mercedes-amg-devoile-la-nouvelle-sl-63-s-e-performance\/#article","isPartOf":{"@id":"https:\/\/news.canadamotorjobs.com\/fr\/mercedes-amg-devoile-la-nouvelle-sl-63-s-e-performance\/"},"author":{"name":"Benoit Charette","@id":"https:\/\/news.canadamotorjobs.com\/#\/schema\/person\/51793d1f87d44011d7bcc2ed99269a90"},"headline":"Mercedes-AMG d\u00e9voile la nouvelle SL 63 S E PERFORMANCE","datePublished":"2023-12-11T23:37:09+00:00","dateModified":"2023-12-11T23:47:00+00:00","mainEntityOfPage":{"@id":"https:\/\/news.canadamotorjobs.com\/fr\/mercedes-amg-devoile-la-nouvelle-sl-63-s-e-performance\/"},"wordCount":1043,"publisher":{"@id":"https:\/\/news.canadamotorjobs.com\/#organization"},"image":{"@id":"https:\/\/news.canadamotorjobs.com\/fr\/mercedes-amg-devoile-la-nouvelle-sl-63-s-e-performance\/#primaryimage"},"thumbnailUrl":"https:\/\/news.canadamotorjobs.com\/wp-content\/uploads\/2023\/12\/23C0424_003.jpg","articleSection":["Annuel automobile"],"inLanguage":"fr-CA"},{"@type":"WebPage","@id":"https:\/\/news.canadamotorjobs.com\/fr\/mercedes-amg-devoile-la-nouvelle-sl-63-s-e-performance\/","url":"https:\/\/news.canadamotorjobs.com\/fr\/mercedes-amg-devoile-la-nouvelle-sl-63-s-e-performance\/","name":"Mercedes-AMG d\u00e9voile la nouvelle SL 63 S E PERFORMANCE - CanadaMotorJobs.com","isPartOf":{"@id":"https:\/\/news.canadamotorjobs.com\/#website"},"primaryImageOfPage":{"@id":"https:\/\/news.canadamotorjobs.com\/fr\/mercedes-amg-devoile-la-nouvelle-sl-63-s-e-performance\/#primaryimage"},"image":{"@id":"https:\/\/news.canadamotorjobs.com\/fr\/mercedes-amg-devoile-la-nouvelle-sl-63-s-e-performance\/#primaryimage"},"thumbnailUrl":"https:\/\/news.canadamotorjobs.com\/wp-content\/uploads\/2023\/12\/23C0424_003.jpg","datePublished":"2023-12-11T23:37:09+00:00","dateModified":"2023-12-11T23:47:00+00:00","description":"Mercedes-AMG d\u00e9voile la nouvelle SL 63 S E PERFORMANCE - Benoit Charette - Annuel automobile - CanadaMotorJobs.com.","breadcrumb":{"@id":"https:\/\/news.canadamotorjobs.com\/fr\/mercedes-amg-devoile-la-nouvelle-sl-63-s-e-performance\/#breadcrumb"},"inLanguage":"fr-CA","potentialAction":[{"@type":"ReadAction","target":["https:\/\/news.canadamotorjobs.com\/fr\/mercedes-amg-devoile-la-nouvelle-sl-63-s-e-performance\/"]}]},{"@type":"ImageObject","inLanguage":"fr-CA","@id":"https:\/\/news.canadamotorjobs.com\/fr\/mercedes-amg-devoile-la-nouvelle-sl-63-s-e-performance\/#primaryimage","url":"https:\/\/news.canadamotorjobs.com\/wp-content\/uploads\/2023\/12\/23C0424_003.jpg","contentUrl":"https:\/\/news.canadamotorjobs.com\/wp-content\/uploads\/2023\/12\/23C0424_003.jpg","width":1280,"height":720},{"@type":"BreadcrumbList","@id":"https:\/\/news.canadamotorjobs.com\/fr\/mercedes-amg-devoile-la-nouvelle-sl-63-s-e-performance\/#breadcrumb","itemListElement":[{"@type":"ListItem","position":1,"name":"Home","item":"https:\/\/news.canadamotorjobs.com\/fr\/blog\/"},{"@type":"ListItem","position":2,"name":"Mercedes-AMG d\u00e9voile la nouvelle SL 63 S E PERFORMANCE"}]},{"@type":"WebSite","@id":"https:\/\/news.canadamotorjobs.com\/#website","url":"https:\/\/news.canadamotorjobs.com\/","name":"CanadaMotorJobs.com","description":"Automotive Jobs","publisher":{"@id":"https:\/\/news.canadamotorjobs.com\/#organization"},"potentialAction":[{"@type":"SearchAction","target":{"@type":"EntryPoint","urlTemplate":"https:\/\/news.canadamotorjobs.com\/?s={search_term_string}"},"query-input":"required name=search_term_string"}],"inLanguage":"fr-CA"},{"@type":"Organization","@id":"https:\/\/news.canadamotorjobs.com\/#organization","name":"Canada Motor Jobs","url":"https:\/\/news.canadamotorjobs.com\/","logo":{"@type":"ImageObject","inLanguage":"fr-CA","@id":"https:\/\/news.canadamotorjobs.com\/#\/schema\/logo\/image\/","url":"https:\/\/news.canadamotorjobs.com\/wp-content\/uploads\/2022\/10\/logo-canada-motor-jobs-1.png","contentUrl":"https:\/\/news.canadamotorjobs.com\/wp-content\/uploads\/2022\/10\/logo-canada-motor-jobs-1.png","width":800,"height":400,"caption":"Canada Motor Jobs"},"image":{"@id":"https:\/\/news.canadamotorjobs.com\/#\/schema\/logo\/image\/"},"sameAs":["https:\/\/www.facebook.com\/canadamotorjobs\/","https:\/\/x.com\/canadamotorjobs","https:\/\/www.instagram.com\/canadamotorjobs\/","https:\/\/www.linkedin.com\/company\/canadamotorjobs"]},{"@type":"Person","@id":"https:\/\/news.canadamotorjobs.com\/#\/schema\/person\/51793d1f87d44011d7bcc2ed99269a90","name":"Benoit Charette","image":{"@type":"ImageObject","inLanguage":"fr-CA","@id":"https:\/\/news.canadamotorjobs.com\/#\/schema\/person\/image\/","url":"https:\/\/secure.gravatar.com\/avatar\/45f3d2eebcccd909668d7ce7ea7267b6?s=96&d=mm&r=g","contentUrl":"https:\/\/secure.gravatar.com\/avatar\/45f3d2eebcccd909668d7ce7ea7267b6?s=96&d=mm&r=g","caption":"Benoit Charette"},"description":"Benoit Charette \/ Propri\u00e9taire et r\u00e9dacteur en chef Benoit Charette pratique le journalisme automobile depuis bient\u00f4t 30 ans. Il a fait ses classes au c\u00f4t\u00e9 de Daniel H\u00e9raud et au Carnet de route de 1992 \u00e0 2001. Il est fondateur, copropri\u00e9taire et r\u00e9dacteur en chef de L\u2019Annuel de l\u2019automobile, qu\u2019il publie depuis 2001. Il a anim\u00e9 les \u00e9missions RPM et RPM+ sur V et les L\u00e9gendes de la route sur Historia. \u00c0 la radio depuis 1986, il reprend l\u2019antenne cette ann\u00e9e sur les ondes de Cogeco et participe pour la deuxi\u00e8me ann\u00e9e \u00e0 l\u2019\u00e9mission Passion Auto sur RDS en plus de mettre en ligne le site Web officiel de L\u2019Annuel de l\u2019automobile sur annuelauto.ca.","sameAs":["https:\/\/annuelauto.ca\/"],"url":"https:\/\/news.canadamotorjobs.com\/fr\/author\/benoit-charette\/"}]}},"_links":{"self":[{"href":"https:\/\/news.canadamotorjobs.com\/fr\/wp-json\/wp\/v2\/posts\/155245"}],"collection":[{"href":"https:\/\/news.canadamotorjobs.com\/fr\/wp-json\/wp\/v2\/posts"}],"about":[{"href":"https:\/\/news.canadamotorjobs.com\/fr\/wp-json\/wp\/v2\/types\/post"}],"author":[{"embeddable":true,"href":"https:\/\/news.canadamotorjobs.com\/fr\/wp-json\/wp\/v2\/users\/8"}],"replies":[{"embeddable":true,"href":"https:\/\/news.canadamotorjobs.com\/fr\/wp-json\/wp\/v2\/comments?post=155245"}],"version-history":[{"count":2,"href":"https:\/\/news.canadamotorjobs.com\/fr\/wp-json\/wp\/v2\/posts\/155245\/revisions"}],"predecessor-version":[{"id":155249,"href":"https:\/\/news.canadamotorjobs.com\/fr\/wp-json\/wp\/v2\/posts\/155245\/revisions\/155249"}],"wp:featuredmedia":[{"embeddable":true,"href":"https:\/\/news.canadamotorjobs.com\/fr\/wp-json\/wp\/v2\/media\/155247"}],"wp:attachment":[{"href":"https:\/\/news.canadamotorjobs.com\/fr\/wp-json\/wp\/v2\/media?parent=155245"}],"wp:term":[{"taxonomy":"category","embeddable":true,"href":"https:\/\/news.canadamotorjobs.com\/fr\/wp-json\/wp\/v2\/categories?post=155245"},{"taxonomy":"post_tag","embeddable":true,"href":"https:\/\/news.canadamotorjobs.com\/fr\/wp-json\/wp\/v2\/tags?post=155245"}],"curies":[{"name":"wp","href":"https:\/\/api.w.org\/{rel}","templated":true}]}}