{"id":155187,"date":"2023-12-11T06:19:30","date_gmt":"2023-12-11T11:19:30","guid":{"rendered":"https:\/\/news.canadamotorjobs.com\/?p=155187"},"modified":"2023-12-11T06:31:58","modified_gmt":"2023-12-11T11:31:58","slug":"renault-et-volkswagen-pourrait-faire-equipe-pour-un-vehicule-electrique-abordable","status":"publish","type":"post","link":"https:\/\/news.canadamotorjobs.com\/fr\/renault-et-volkswagen-pourrait-faire-equipe-pour-un-vehicule-electrique-abordable\/","title":{"rendered":"Renault et Volkswagen pourrait faire \u00e9quipe pour un v\u00e9hicule \u00e9lectrique abordable"},"content":{"rendered":"<\/p>\n<p>Le groupe Volkswagen pourrait se tourner vers une aide ext\u00e9rieure dans sa qu\u00eate d&#8217;un v\u00e9hicule \u00e9lectrique dont le prix de d\u00e9part se situerait autour de 20 000 euros ou environ 30\u00a0000 $<\/p>\n<h3>Des pourparlers en route<\/h3>\n<p>\nCitant des personnes au fait du dossier, le quotidien allemand Handelsblatt a rapport\u00e9 ce week-end que le groupe VW \u00e9tait en pourparlers avec des partenaires potentiels en vue de d\u00e9velopper conjointement des v\u00e9hicules \u00e9lectriques abordables, Renault \u00e9tant cit\u00e9 comme l&#8217;un de ces partenaires. Renault, dont le PDG, Luca de Meo, est un ancien cadre sup\u00e9rieur du groupe VW, est connu pour planifier un v\u00e9hicule \u00e9lectrique abordable pour la fin de la d\u00e9cennie, peut-\u00eatre en tant que successeur de l&#8217;actuelle Renault Twingo qui a \u00e9t\u00e9 d\u00e9velopp\u00e9e conjointement avec la marque Smart de Mercedes-Benz.<\/p>\n<h3>Plateforme conjointe<\/h3>\n<p>\nSelon le Handelsblatt, le groupe VW est int\u00e9ress\u00e9 par le d\u00e9veloppement conjoint d&#8217;une plateforme pour des VE abordables, mais n&#8217;en est encore qu&#8217;aux premi\u00e8res discussions avec des partenaires potentiels. Le groupe VW travaille d\u00e9j\u00e0 sur des VE sous-compacts dont le prix devrait se situer autour de 25 000 euros (35 000 dollars). Pr\u00e9vus pour 2025, il y en aura un pour chacune des marques Volkswagen, Skoda et SEAT (ou Cupra) du groupe VW. La VW, qui s&#8217;appellera probablement ID.2, a \u00e9t\u00e9 rep\u00e9r\u00e9e lors d&#8217;essais et a \u00e9t\u00e9 pr\u00e9sent\u00e9e en d\u00e9but d&#8217;ann\u00e9e avec le concept ID.2all.<\/p>\n<h3>D\u2019abord pour l\u2019Europe<\/h3>\n<p>\nLes VE plus abordables du groupe VW se situeront probablement dans le segment des mini-voitures, ce qui signifie qu&#8217;ils auront peu de chances d&#8217;atteindre le march\u00e9 am\u00e9ricain, o\u00f9 les v\u00e9hicules plus grands ont tendance \u00e0 \u00eatre privil\u00e9gi\u00e9s. L&#8217;annonce de ce partenariat potentiel intervient quelques semaines apr\u00e8s que Thomas Sch\u00e4fer, PDG de la marque VW, a d\u00e9clar\u00e9 \u00e0 son personnel que la marque n&#8217;\u00e9tait plus comp\u00e9titive, dans un contexte de r\u00e9duction massive des co\u00fbts.<\/p>\n<h3>La Chine pr\u00e9cipite les d\u00e9cisions<\/h3>\n<p>\nLa concurrence des marques chinoises est particuli\u00e8rement probl\u00e9matique pour de nombreuses marques europ\u00e9ennes, \u00e0 la fois dans leur pays et sur le march\u00e9 chinois. Afin d&#8217;acc\u00e9l\u00e9rer le d\u00e9veloppement des v\u00e9hicules \u00e9lectriques en Chine, qui est le plus grand march\u00e9 mondial pour les nouveaux v\u00e9hicules et les v\u00e9hicules \u00e9lectriques, la marque VW s&#8217;est associ\u00e9e en d\u00e9but d&#8217;ann\u00e9e \u00e0 Xpeng dans le cadre d&#8217;un accord qui lui permettra d&#8217;acc\u00e9der \u00e0 certaines plates-formes de v\u00e9hicules \u00e9lectriques du constructeur chinois. Audi, autre marque du groupe VW, a \u00e9galement conclu un accord similaire avec le constructeur chinois SAIC cette ann\u00e9e.<\/p>\n<p>\u00a0<\/p>\n<p>Avec des renseignements de Motor Authority<\/p>\n<p>Le texte <a rel=\"nofollow\" href=\"https:\/\/annuelauto.ca\/renault-et-volkswagen-pourrait-faire-equipe-pour-un-vehicule-electrique-abordable\/\">Renault et Volkswagen pourrait faire \u00e9quipe pour un v\u00e9hicule \u00e9lectrique abordable<\/a> provient de <a rel=\"nofollow\" href=\"https:\/\/annuelauto.ca\">L&#8217;annuel de l&#8217;automobile &#8211; Actualit\u00e9 automobile<\/a><\/p>\n<p><\/p>\n","protected":false},"excerpt":{"rendered":"<p>Le groupe Volkswagen pourrait se tourner vers une aide ext\u00e9rieure dans sa qu\u00eate d&#8217;un v\u00e9hicule \u00e9lectrique dont le prix de d\u00e9part se situerait autour de 20 000 euros ou environ 30\u00a0000 $ Des pourparlers en route Citant des personnes au fait du dossier, le quotidien allemand Handelsblatt a rapport\u00e9 ce week-end que le groupe VW [&hellip;]<\/p>\n","protected":false},"author":8,"featured_media":155189,"comment_status":"close","ping_status":"closed","sticky":false,"template":"","format":"standard","meta":{"_monsterinsights_skip_tracking":false,"_monsterinsights_sitenote_active":false,"_monsterinsights_sitenote_note":"","_monsterinsights_sitenote_category":0,"footnotes":""},"categories":[101],"tags":[],"yoast_head":"<!-- This site is optimized with the Yoast SEO plugin v23.2 - https:\/\/yoast.com\/wordpress\/plugins\/seo\/ -->\n<title>Renault et Volkswagen pourrait faire \u00e9quipe pour un v\u00e9hicule \u00e9lectrique abordable - CanadaMotorJobs.com<\/title>\n<meta name=\"description\" content=\"Renault et Volkswagen pourrait faire \u00e9quipe pour un v\u00e9hicule \u00e9lectrique abordable - Benoit Charette - Annuel automobile - CanadaMotorJobs.com.\" \/>\n<meta name=\"robots\" content=\"index, follow, max-snippet:-1, max-image-preview:large, max-video-preview:-1\" \/>\n<meta property=\"og:locale\" content=\"fr_CA\" \/>\n<meta property=\"og:type\" content=\"article\" \/>\n<meta property=\"og:title\" content=\"Renault et Volkswagen pourrait faire \u00e9quipe pour un v\u00e9hicule \u00e9lectrique abordable - CanadaMotorJobs.com\" \/>\n<meta property=\"og:description\" content=\"Renault et Volkswagen pourrait faire \u00e9quipe pour un v\u00e9hicule \u00e9lectrique abordable - Benoit Charette - Annuel automobile - CanadaMotorJobs.com.\" \/>\n<meta property=\"og:url\" content=\"https:\/\/news.canadamotorjobs.com\/fr\/renault-et-volkswagen-pourrait-faire-equipe-pour-un-vehicule-electrique-abordable\/\" \/>\n<meta property=\"og:site_name\" content=\"CanadaMotorJobs.com\" \/>\n<meta property=\"article:publisher\" content=\"https:\/\/www.facebook.com\/canadamotorjobs\/\" \/>\n<meta property=\"article:published_time\" content=\"2023-12-11T11:19:30+00:00\" \/>\n<meta property=\"article:modified_time\" content=\"2023-12-11T11:31:58+00:00\" \/>\n<meta property=\"og:image\" content=\"https:\/\/news.canadamotorjobs.com\/wp-content\/uploads\/2023\/12\/S0-critiques-et-eloges-de-la-nouvelle-renault-twingo-electrique-780129-scaled-1.jpg\" \/>\n\t<meta property=\"og:image:width\" content=\"2560\" \/>\n\t<meta property=\"og:image:height\" content=\"1440\" \/>\n\t<meta property=\"og:image:type\" content=\"image\/jpeg\" \/>\n<meta name=\"author\" content=\"Benoit Charette\" \/>\n<meta name=\"twitter:card\" content=\"summary_large_image\" \/>\n<meta name=\"twitter:creator\" content=\"@canadamotorjobs\" \/>\n<meta name=\"twitter:site\" content=\"@canadamotorjobs\" \/>\n<meta name=\"twitter:label1\" content=\"\u00c9crit par\" \/>\n\t<meta name=\"twitter:data1\" content=\"Benoit Charette\" \/>\n\t<meta name=\"twitter:label2\" content=\"Estimation du temps de lecture\" \/>\n\t<meta name=\"twitter:data2\" content=\"2 minutes\" \/>\n<!-- \/ Yoast SEO plugin. -->","yoast_head_json":{"title":"Renault et Volkswagen pourrait faire \u00e9quipe pour un v\u00e9hicule \u00e9lectrique abordable - CanadaMotorJobs.com","description":"Renault et Volkswagen pourrait faire \u00e9quipe pour un v\u00e9hicule \u00e9lectrique abordable - Benoit Charette - Annuel automobile - CanadaMotorJobs.com.","robots":{"index":"index","follow":"follow","max-snippet":"max-snippet:-1","max-image-preview":"max-image-preview:large","max-video-preview":"max-video-preview:-1"},"og_locale":"fr_CA","og_type":"article","og_title":"Renault et Volkswagen pourrait faire \u00e9quipe pour un v\u00e9hicule \u00e9lectrique abordable - CanadaMotorJobs.com","og_description":"Renault et Volkswagen pourrait faire \u00e9quipe pour un v\u00e9hicule \u00e9lectrique abordable - Benoit Charette - Annuel automobile - CanadaMotorJobs.com.","og_url":"https:\/\/news.canadamotorjobs.com\/fr\/renault-et-volkswagen-pourrait-faire-equipe-pour-un-vehicule-electrique-abordable\/","og_site_name":"CanadaMotorJobs.com","article_publisher":"https:\/\/www.facebook.com\/canadamotorjobs\/","article_published_time":"2023-12-11T11:19:30+00:00","article_modified_time":"2023-12-11T11:31:58+00:00","og_image":[{"width":2560,"height":1440,"url":"https:\/\/news.canadamotorjobs.com\/wp-content\/uploads\/2023\/12\/S0-critiques-et-eloges-de-la-nouvelle-renault-twingo-electrique-780129-scaled-1.jpg","type":"image\/jpeg"}],"author":"Benoit Charette","twitter_card":"summary_large_image","twitter_creator":"@canadamotorjobs","twitter_site":"@canadamotorjobs","twitter_misc":{"\u00c9crit par":"Benoit Charette","Estimation du temps de lecture":"2 minutes"},"schema":{"@context":"https:\/\/schema.org","@graph":[{"@type":"Article","@id":"https:\/\/news.canadamotorjobs.com\/fr\/renault-et-volkswagen-pourrait-faire-equipe-pour-un-vehicule-electrique-abordable\/#article","isPartOf":{"@id":"https:\/\/news.canadamotorjobs.com\/fr\/renault-et-volkswagen-pourrait-faire-equipe-pour-un-vehicule-electrique-abordable\/"},"author":{"name":"Benoit Charette","@id":"https:\/\/news.canadamotorjobs.com\/#\/schema\/person\/51793d1f87d44011d7bcc2ed99269a90"},"headline":"Renault et Volkswagen pourrait faire \u00e9quipe pour un v\u00e9hicule \u00e9lectrique abordable","datePublished":"2023-12-11T11:19:30+00:00","dateModified":"2023-12-11T11:31:58+00:00","mainEntityOfPage":{"@id":"https:\/\/news.canadamotorjobs.com\/fr\/renault-et-volkswagen-pourrait-faire-equipe-pour-un-vehicule-electrique-abordable\/"},"wordCount":499,"publisher":{"@id":"https:\/\/news.canadamotorjobs.com\/#organization"},"image":{"@id":"https:\/\/news.canadamotorjobs.com\/fr\/renault-et-volkswagen-pourrait-faire-equipe-pour-un-vehicule-electrique-abordable\/#primaryimage"},"thumbnailUrl":"https:\/\/news.canadamotorjobs.com\/wp-content\/uploads\/2023\/12\/S0-critiques-et-eloges-de-la-nouvelle-renault-twingo-electrique-780129-scaled-1.jpg","articleSection":["Annuel automobile"],"inLanguage":"fr-CA"},{"@type":"WebPage","@id":"https:\/\/news.canadamotorjobs.com\/fr\/renault-et-volkswagen-pourrait-faire-equipe-pour-un-vehicule-electrique-abordable\/","url":"https:\/\/news.canadamotorjobs.com\/fr\/renault-et-volkswagen-pourrait-faire-equipe-pour-un-vehicule-electrique-abordable\/","name":"Renault et Volkswagen pourrait faire \u00e9quipe pour un v\u00e9hicule \u00e9lectrique abordable - CanadaMotorJobs.com","isPartOf":{"@id":"https:\/\/news.canadamotorjobs.com\/#website"},"primaryImageOfPage":{"@id":"https:\/\/news.canadamotorjobs.com\/fr\/renault-et-volkswagen-pourrait-faire-equipe-pour-un-vehicule-electrique-abordable\/#primaryimage"},"image":{"@id":"https:\/\/news.canadamotorjobs.com\/fr\/renault-et-volkswagen-pourrait-faire-equipe-pour-un-vehicule-electrique-abordable\/#primaryimage"},"thumbnailUrl":"https:\/\/news.canadamotorjobs.com\/wp-content\/uploads\/2023\/12\/S0-critiques-et-eloges-de-la-nouvelle-renault-twingo-electrique-780129-scaled-1.jpg","datePublished":"2023-12-11T11:19:30+00:00","dateModified":"2023-12-11T11:31:58+00:00","description":"Renault et Volkswagen pourrait faire \u00e9quipe pour un v\u00e9hicule \u00e9lectrique abordable - Benoit Charette - Annuel automobile - CanadaMotorJobs.com.","breadcrumb":{"@id":"https:\/\/news.canadamotorjobs.com\/fr\/renault-et-volkswagen-pourrait-faire-equipe-pour-un-vehicule-electrique-abordable\/#breadcrumb"},"inLanguage":"fr-CA","potentialAction":[{"@type":"ReadAction","target":["https:\/\/news.canadamotorjobs.com\/fr\/renault-et-volkswagen-pourrait-faire-equipe-pour-un-vehicule-electrique-abordable\/"]}]},{"@type":"ImageObject","inLanguage":"fr-CA","@id":"https:\/\/news.canadamotorjobs.com\/fr\/renault-et-volkswagen-pourrait-faire-equipe-pour-un-vehicule-electrique-abordable\/#primaryimage","url":"https:\/\/news.canadamotorjobs.com\/wp-content\/uploads\/2023\/12\/S0-critiques-et-eloges-de-la-nouvelle-renault-twingo-electrique-780129-scaled-1.jpg","contentUrl":"https:\/\/news.canadamotorjobs.com\/wp-content\/uploads\/2023\/12\/S0-critiques-et-eloges-de-la-nouvelle-renault-twingo-electrique-780129-scaled-1.jpg","width":2560,"height":1440},{"@type":"BreadcrumbList","@id":"https:\/\/news.canadamotorjobs.com\/fr\/renault-et-volkswagen-pourrait-faire-equipe-pour-un-vehicule-electrique-abordable\/#breadcrumb","itemListElement":[{"@type":"ListItem","position":1,"name":"Home","item":"https:\/\/news.canadamotorjobs.com\/fr\/blog\/"},{"@type":"ListItem","position":2,"name":"Renault et Volkswagen pourrait faire \u00e9quipe pour un v\u00e9hicule \u00e9lectrique abordable"}]},{"@type":"WebSite","@id":"https:\/\/news.canadamotorjobs.com\/#website","url":"https:\/\/news.canadamotorjobs.com\/","name":"CanadaMotorJobs.com","description":"Automotive Jobs","publisher":{"@id":"https:\/\/news.canadamotorjobs.com\/#organization"},"potentialAction":[{"@type":"SearchAction","target":{"@type":"EntryPoint","urlTemplate":"https:\/\/news.canadamotorjobs.com\/?s={search_term_string}"},"query-input":"required name=search_term_string"}],"inLanguage":"fr-CA"},{"@type":"Organization","@id":"https:\/\/news.canadamotorjobs.com\/#organization","name":"Canada Motor Jobs","url":"https:\/\/news.canadamotorjobs.com\/","logo":{"@type":"ImageObject","inLanguage":"fr-CA","@id":"https:\/\/news.canadamotorjobs.com\/#\/schema\/logo\/image\/","url":"https:\/\/news.canadamotorjobs.com\/wp-content\/uploads\/2022\/10\/logo-canada-motor-jobs-1.png","contentUrl":"https:\/\/news.canadamotorjobs.com\/wp-content\/uploads\/2022\/10\/logo-canada-motor-jobs-1.png","width":800,"height":400,"caption":"Canada Motor Jobs"},"image":{"@id":"https:\/\/news.canadamotorjobs.com\/#\/schema\/logo\/image\/"},"sameAs":["https:\/\/www.facebook.com\/canadamotorjobs\/","https:\/\/x.com\/canadamotorjobs","https:\/\/www.instagram.com\/canadamotorjobs\/","https:\/\/www.linkedin.com\/company\/canadamotorjobs"]},{"@type":"Person","@id":"https:\/\/news.canadamotorjobs.com\/#\/schema\/person\/51793d1f87d44011d7bcc2ed99269a90","name":"Benoit Charette","image":{"@type":"ImageObject","inLanguage":"fr-CA","@id":"https:\/\/news.canadamotorjobs.com\/#\/schema\/person\/image\/","url":"https:\/\/secure.gravatar.com\/avatar\/45f3d2eebcccd909668d7ce7ea7267b6?s=96&d=mm&r=g","contentUrl":"https:\/\/secure.gravatar.com\/avatar\/45f3d2eebcccd909668d7ce7ea7267b6?s=96&d=mm&r=g","caption":"Benoit Charette"},"description":"Benoit Charette \/ Propri\u00e9taire et r\u00e9dacteur en chef Benoit Charette pratique le journalisme automobile depuis bient\u00f4t 30 ans. Il a fait ses classes au c\u00f4t\u00e9 de Daniel H\u00e9raud et au Carnet de route de 1992 \u00e0 2001. Il est fondateur, copropri\u00e9taire et r\u00e9dacteur en chef de L\u2019Annuel de l\u2019automobile, qu\u2019il publie depuis 2001. Il a anim\u00e9 les \u00e9missions RPM et RPM+ sur V et les L\u00e9gendes de la route sur Historia. \u00c0 la radio depuis 1986, il reprend l\u2019antenne cette ann\u00e9e sur les ondes de Cogeco et participe pour la deuxi\u00e8me ann\u00e9e \u00e0 l\u2019\u00e9mission Passion Auto sur RDS en plus de mettre en ligne le site Web officiel de L\u2019Annuel de l\u2019automobile sur annuelauto.ca.","sameAs":["https:\/\/annuelauto.ca\/"],"url":"https:\/\/news.canadamotorjobs.com\/fr\/author\/benoit-charette\/"}]}},"_links":{"self":[{"href":"https:\/\/news.canadamotorjobs.com\/fr\/wp-json\/wp\/v2\/posts\/155187"}],"collection":[{"href":"https:\/\/news.canadamotorjobs.com\/fr\/wp-json\/wp\/v2\/posts"}],"about":[{"href":"https:\/\/news.canadamotorjobs.com\/fr\/wp-json\/wp\/v2\/types\/post"}],"author":[{"embeddable":true,"href":"https:\/\/news.canadamotorjobs.com\/fr\/wp-json\/wp\/v2\/users\/8"}],"replies":[{"embeddable":true,"href":"https:\/\/news.canadamotorjobs.com\/fr\/wp-json\/wp\/v2\/comments?post=155187"}],"version-history":[{"count":2,"href":"https:\/\/news.canadamotorjobs.com\/fr\/wp-json\/wp\/v2\/posts\/155187\/revisions"}],"predecessor-version":[{"id":155191,"href":"https:\/\/news.canadamotorjobs.com\/fr\/wp-json\/wp\/v2\/posts\/155187\/revisions\/155191"}],"wp:featuredmedia":[{"embeddable":true,"href":"https:\/\/news.canadamotorjobs.com\/fr\/wp-json\/wp\/v2\/media\/155189"}],"wp:attachment":[{"href":"https:\/\/news.canadamotorjobs.com\/fr\/wp-json\/wp\/v2\/media?parent=155187"}],"wp:term":[{"taxonomy":"category","embeddable":true,"href":"https:\/\/news.canadamotorjobs.com\/fr\/wp-json\/wp\/v2\/categories?post=155187"},{"taxonomy":"post_tag","embeddable":true,"href":"https:\/\/news.canadamotorjobs.com\/fr\/wp-json\/wp\/v2\/tags?post=155187"}],"curies":[{"name":"wp","href":"https:\/\/api.w.org\/{rel}","templated":true}]}}