{"id":155130,"date":"2023-12-10T15:14:02","date_gmt":"2023-12-10T20:14:02","guid":{"rendered":"https:\/\/news.canadamotorjobs.com\/?p=155130"},"modified":"2023-12-10T15:29:18","modified_gmt":"2023-12-10T20:29:18","slug":"porsche-911-s-t-un-testament-a-lart-de-conduire","status":"publish","type":"post","link":"https:\/\/news.canadamotorjobs.com\/fr\/porsche-911-s-t-un-testament-a-lart-de-conduire\/","title":{"rendered":"Porsche 911 S\/T : Un Testament \u00e0 l\u2019Art de Conduire"},"content":{"rendered":"<\/p>\n<p>Napa Valley, Californie &#8211; En ce 12 septembre 1963, Porsche r\u00e9v\u00e9lait au Salon de l&#8217;auto de Francfort la 901, rebaptis\u00e9e ult\u00e9rieurement 911 suite \u00e0 des contraintes de nom. Soixante ans plus tard, pour comm\u00e9morer cet anniversaire, Porsche ressuscite le glorieux mod\u00e8le des ann\u00e9es 60 et 70, la S\/T. Originellement d\u00e9riv\u00e9e de la 911 S \u00e9quiper d&#8217;une configuration de performance T, la S\/T version 2024 s&#8217;inspire de la GT3 Touring, sublim\u00e9 pour devenir l&#8217;ultime incarnation de la 911 d\u00e9di\u00e9e \u00e0 la route.<\/p>\n<h3>Un style r\u00e9invent\u00e9<\/h3>\n<p>\nEn partant de la GT3 Touring, Porsche a m\u00e9ticuleusement all\u00e9g\u00e9 la voiture pour une agilit\u00e9 accrue. Des jantes forg\u00e9es en magn\u00e9sium all\u00e9g\u00e9, con\u00e7ues sp\u00e9cifiquement par Porsche, \u00e9liminent pr\u00e8s de 10\u00a0kg. Le capot avant et un toit emboss\u00e9 en fibre de carbone ajoutent \u00e0 l&#8217;esth\u00e9tique distinctive. Absente sur la S\/T, la GT3 RS d\u00e9laisse les persiennes sur les ailes pour des lames lat\u00e9rales. Un aileron arri\u00e8re r\u00e9tractable \u00e0 commande Gurney, moins agressif que sur d&#8217;autres mod\u00e8les, souligne la raret\u00e9 du v\u00e9hicule, marqu\u00e9 par un logo de 60e anniversaire et un \u00e9cusson S\/T distinctif.<\/p>\n<h3>Luxe et Sportivit\u00e9 int\u00e9rieurs<\/h3>\n<p>\nL&#8217;int\u00e9rieur, alliant l&#8217;aura d&#8217;une voiture de course au confort routier, marie cuir et surpiq\u00fbres matelass\u00e9es pour un luxe subtil. Les touches vertes sur le combin\u00e9 d&#8217;instruments rappellent l&#8217;ADN de la 911 de 1963. Si\u00e8ges baquets en fibre de carbone recouverts de cuir, choix entre si\u00e8ges sport Plus et une couverture arri\u00e8re \u00e0 la place des si\u00e8ges, conf\u00e8rent une touche personnalis\u00e9e. Pour les rares heureux propri\u00e9taires de S\/T, Porsche propose une montre Porsche Design avec le m\u00eame cuir que la voiture pour la modique somme de 18\u00a0000$.<\/p>\n<h3>La conduite avant la technologie<\/h3>\n<p>\nAx\u00e9e sur la conduite, la S\/T minimise les distractions technologiques. L&#8217;infodivertissement, en retrait, offre n\u00e9anmoins une connectivit\u00e9 Apple CarPlay sans fil. Le syst\u00e8me audio d\u00e9cevant est compens\u00e9 par la m\u00e9lodie m\u00e9canique. Porsche quoi n\u2019a jamais eu le chic pour l\u2019emplacement des portes-gobelets en a install\u00e9 un pr\u00e8s de la bo\u00eete manuelle. Cependant, les interrupteurs \u00e0 bascule offrent une facilit\u00e9 d&#8217;utilisation appr\u00e9ciable pour diverses fonctions.<\/p>\n<p>https:\/\/youtu.be\/zbja15mfkog<\/p>\n<h3>Configurations et Performance<\/h3>\n<p>\nLa S\/T, version exclusive, peut \u00eatre personnalis\u00e9e avec des ensembles distincts, dont un h\u00e9ritage de 23\u00a0000\u00a0$, et diverses options de fibre de carbone. Le moteur 4 litres six cylindres \u00e0 plat de 518 chevaux de la GT3 Touring propulse la S\/T, permettant un 0 \u00e0 100\u00a0km\/h en 3,7 secondes. La conduite nerveuse et dynamique est mise en valeur par des ajustements m\u00e9caniques minutieux et un rapport de transmission raccourci. Cela permet de gagner 6,5\u00a0kg sur l&#8217;essieu arri\u00e8re, mais aussi d&#8217;installer une batterie lithium-ion, ce qui repr\u00e9sente un gain de 3,5\u00a0kg. Les jantes sont en magn\u00e9sium, ce qui permet d&#8217;\u00e9conomiser 10,6\u00a0kg par rapport aux jantes forg\u00e9es de la GT3. Les portes en carbone proviennent de la GT3 RS, et n\u00e9cessitent des ailes avant sur mesure avec l&#8217;\u00e9norme d\u00e9coupe du passage de roue, mais pas d&#8217;extracteur d&#8217;air en haut. Cela repr\u00e9sente une perte suppl\u00e9mentaire de 2\u00a0kg. La rigidification du soubassement en carbone et l&#8217;all\u00e8gement des tapis continuent de faire baisser le poids \u00e0 vide. Pour en faire un bolide aussi sp\u00e9cialis\u00e9, l&#8217;embrayage de la S\/T est deux fois moins lourd que celui de la GT3 Touring (10,2\u00a0kg). L&#8217;ajout d&#8217;un volant d&#8217;inertie plus l\u00e9ger se traduit par une r\u00e9ponse instantan\u00e9e de l&#8217;acc\u00e9l\u00e9rateur pour accompagner l&#8217;embrayage rac\u00e9 et la bo\u00eete de vitesses aux rapports encore plus rapproch\u00e9e que la GT3. Et pour compl\u00e9ter l&#8217;effet, le rapport de transmission final est plus court de 8\u00a0%. Vous avez au final une conduite plus nerveuse, dynamique et p\u00e9tillante.<\/p>\n<h3>Tutoyer la perfection au volant<\/h3>\n<p>\nJ\u2019ai donn\u00e9 une fois la note de 10 pour la conduite et cela remonte \u00e0 la Ferrari 458. Je suis pr\u00eat \u00e0 donner un 11 \u00e0 la Porsche 911 S\/T. j\u2019utilise rarement le mot perfection pour parler d\u2019une exp\u00e9rience de conduite, mais dans les routes sinueuses des montagnes du nord de la Californie, la S\/T m\u2019a presque fait verser une larme. En sachant que c\u2019est sans doute la seule fois que j\u2019aurais la chance de conduire une telle machine, j\u2019ai tent\u00e9 de tirer le maximum de cette exp\u00e9rience. Les ing\u00e9nieurs de la marque ont mis tout leur savoir-faire dans cette machine. Pour donner une sensation plus &#8220;organique&#8221;, la direction aux roues arri\u00e8re a \u00e9t\u00e9 supprim\u00e9e. Cette voiture est \u00e0 mal \u00e0 l\u2019aise \u00e0 bas r\u00e9gime et commence \u00e0 avoir du plaisir \u00e0 haut et tr\u00e8s haut r\u00e9gime. La conduite est grisante d\u00e8s que vous montez en r\u00e9gime et l\u2019adr\u00e9naline remplit vos veines, une sensation d\u2019all\u00e9gresse qui augmente aussi vite que la vitesse de la voiture.<\/p>\n<h3>Un Privil\u00e8ge Exceptionnel<\/h3>\n<p>\nLimit\u00e9e \u00e0 1963 unit\u00e9s, la S\/T se vend \u00e0 prix d&#8217;or, commen\u00e7ant \u00e0 325\u00a0900\u00a0$. Notre mod\u00e8le \u00e0 l\u2019essai se vendait plus de 403\u00a0000\u00a0$, incluant 36\u00a0000 de taxes de luxe. Porsche n\u2019a pas pr\u00e9cis\u00e9 combien des 1\u00a0963 unit\u00e9s viendront au Canada, mais nous savons d\u00e9j\u00e0 que seuls les collectionneurs de la marque pourront y avoir acc\u00e8s consid\u00e9rant que le mod\u00e8le est d\u00e9j\u00e0 un objet de collection.<\/p>\n<h3>Une Ode \u00e0 la passion Automobile<\/h3>\n<p>\nDans un monde o\u00f9 la connectivit\u00e9 prend le pas sur l&#8217;exp\u00e9rience de conduite, la 911 S\/T est un hommage \u00e0 la sensation de piloter une voiture pure. Elle incarne l&#8217;essence de l&#8217;art automobile, offrant une exp\u00e9rience de conduite \u00e9blouissante malgr\u00e9 son habitacle bruyant. Cette cr\u00e9ation illustre le savoir-faire et la ma\u00eetrise incontest\u00e9e de Porsche. Un monument m\u00e9canique, un joyau rare destin\u00e9 aux passionn\u00e9s de conduite.<\/p>\n<h3>Forces<\/h3>\n<p>\n\u2022 La m\u00e9canique exceptionnelle<br \/>\n\u2022 La conduite exaltante<br \/>\n\u2022 La bo\u00eete manuelle parfaite<\/p>\n<h3>Faiblesses<\/h3>\n<p>\n\u2022 L&#8217;habitacle bruyant<br \/>\n\u2022 Le syst\u00e8me audio d\u00e9cevant<br \/>\n\u2022 Les si\u00e8ges fixes<\/p>\n<p>Le texte <a rel=\"nofollow\" href=\"https:\/\/annuelauto.ca\/porsche-911-s-t-un-testament-a-lart-de-conduire\/\">Porsche 911 S\/T : Un Testament \u00e0 l\u2019Art de Conduire<\/a> provient de <a rel=\"nofollow\" href=\"https:\/\/annuelauto.ca\">L&#8217;annuel de l&#8217;automobile &#8211; Actualit\u00e9 automobile<\/a><\/p>\n<p><\/p>\n","protected":false},"excerpt":{"rendered":"<p>Napa Valley, Californie &#8211; En ce 12 septembre 1963, Porsche r\u00e9v\u00e9lait au Salon de l&#8217;auto de Francfort la 901, rebaptis\u00e9e ult\u00e9rieurement 911 suite \u00e0 des contraintes de nom. Soixante ans plus tard, pour comm\u00e9morer cet anniversaire, Porsche ressuscite le glorieux mod\u00e8le des ann\u00e9es 60 et 70, la S\/T. Originellement d\u00e9riv\u00e9e de la 911 S \u00e9quiper [&hellip;]<\/p>\n","protected":false},"author":8,"featured_media":155132,"comment_status":"close","ping_status":"closed","sticky":false,"template":"","format":"standard","meta":{"_monsterinsights_skip_tracking":false,"_monsterinsights_sitenote_active":false,"_monsterinsights_sitenote_note":"","_monsterinsights_sitenote_category":0,"footnotes":""},"categories":[101],"tags":[],"yoast_head":"<!-- This site is optimized with the Yoast SEO plugin v23.2 - https:\/\/yoast.com\/wordpress\/plugins\/seo\/ -->\n<title>Porsche 911 S\/T : Un Testament \u00e0 l\u2019Art de Conduire - CanadaMotorJobs.com<\/title>\n<meta name=\"description\" content=\"Porsche 911 S\/T : Un Testament \u00e0 l\u2019Art de Conduire - Benoit Charette - Annuel automobile - CanadaMotorJobs.com.\" \/>\n<meta name=\"robots\" content=\"index, follow, max-snippet:-1, max-image-preview:large, max-video-preview:-1\" \/>\n<meta property=\"og:locale\" content=\"fr_CA\" \/>\n<meta property=\"og:type\" content=\"article\" \/>\n<meta property=\"og:title\" content=\"Porsche 911 S\/T : Un Testament \u00e0 l\u2019Art de Conduire - CanadaMotorJobs.com\" \/>\n<meta property=\"og:description\" content=\"Porsche 911 S\/T : Un Testament \u00e0 l\u2019Art de Conduire - Benoit Charette - Annuel automobile - CanadaMotorJobs.com.\" \/>\n<meta property=\"og:url\" content=\"https:\/\/news.canadamotorjobs.com\/fr\/porsche-911-s-t-un-testament-a-lart-de-conduire\/\" \/>\n<meta property=\"og:site_name\" content=\"CanadaMotorJobs.com\" \/>\n<meta property=\"article:publisher\" content=\"https:\/\/www.facebook.com\/canadamotorjobs\/\" \/>\n<meta property=\"article:published_time\" content=\"2023-12-10T20:14:02+00:00\" \/>\n<meta property=\"article:modified_time\" content=\"2023-12-10T20:29:18+00:00\" \/>\n<meta property=\"og:image\" content=\"https:\/\/news.canadamotorjobs.com\/wp-content\/uploads\/2023\/12\/IMG_7447.jpg\" \/>\n\t<meta property=\"og:image:width\" content=\"1067\" \/>\n\t<meta property=\"og:image:height\" content=\"800\" \/>\n\t<meta property=\"og:image:type\" content=\"image\/jpeg\" \/>\n<meta name=\"author\" content=\"Benoit Charette\" \/>\n<meta name=\"twitter:card\" content=\"summary_large_image\" \/>\n<meta name=\"twitter:creator\" content=\"@canadamotorjobs\" \/>\n<meta name=\"twitter:site\" content=\"@canadamotorjobs\" \/>\n<meta name=\"twitter:label1\" content=\"\u00c9crit par\" \/>\n\t<meta name=\"twitter:data1\" content=\"Benoit Charette\" \/>\n\t<meta name=\"twitter:label2\" content=\"Estimation du temps de lecture\" \/>\n\t<meta name=\"twitter:data2\" content=\"5 minutes\" \/>\n<!-- \/ Yoast SEO plugin. -->","yoast_head_json":{"title":"Porsche 911 S\/T : Un Testament \u00e0 l\u2019Art de Conduire - CanadaMotorJobs.com","description":"Porsche 911 S\/T : Un Testament \u00e0 l\u2019Art de Conduire - Benoit Charette - Annuel automobile - CanadaMotorJobs.com.","robots":{"index":"index","follow":"follow","max-snippet":"max-snippet:-1","max-image-preview":"max-image-preview:large","max-video-preview":"max-video-preview:-1"},"og_locale":"fr_CA","og_type":"article","og_title":"Porsche 911 S\/T : Un Testament \u00e0 l\u2019Art de Conduire - CanadaMotorJobs.com","og_description":"Porsche 911 S\/T : Un Testament \u00e0 l\u2019Art de Conduire - Benoit Charette - Annuel automobile - CanadaMotorJobs.com.","og_url":"https:\/\/news.canadamotorjobs.com\/fr\/porsche-911-s-t-un-testament-a-lart-de-conduire\/","og_site_name":"CanadaMotorJobs.com","article_publisher":"https:\/\/www.facebook.com\/canadamotorjobs\/","article_published_time":"2023-12-10T20:14:02+00:00","article_modified_time":"2023-12-10T20:29:18+00:00","og_image":[{"width":1067,"height":800,"url":"https:\/\/news.canadamotorjobs.com\/wp-content\/uploads\/2023\/12\/IMG_7447.jpg","type":"image\/jpeg"}],"author":"Benoit Charette","twitter_card":"summary_large_image","twitter_creator":"@canadamotorjobs","twitter_site":"@canadamotorjobs","twitter_misc":{"\u00c9crit par":"Benoit Charette","Estimation du temps de lecture":"5 minutes"},"schema":{"@context":"https:\/\/schema.org","@graph":[{"@type":"Article","@id":"https:\/\/news.canadamotorjobs.com\/fr\/porsche-911-s-t-un-testament-a-lart-de-conduire\/#article","isPartOf":{"@id":"https:\/\/news.canadamotorjobs.com\/fr\/porsche-911-s-t-un-testament-a-lart-de-conduire\/"},"author":{"name":"Benoit Charette","@id":"https:\/\/news.canadamotorjobs.com\/#\/schema\/person\/51793d1f87d44011d7bcc2ed99269a90"},"headline":"Porsche 911 S\/T : Un Testament \u00e0 l\u2019Art de Conduire","datePublished":"2023-12-10T20:14:02+00:00","dateModified":"2023-12-10T20:29:18+00:00","mainEntityOfPage":{"@id":"https:\/\/news.canadamotorjobs.com\/fr\/porsche-911-s-t-un-testament-a-lart-de-conduire\/"},"wordCount":1059,"publisher":{"@id":"https:\/\/news.canadamotorjobs.com\/#organization"},"image":{"@id":"https:\/\/news.canadamotorjobs.com\/fr\/porsche-911-s-t-un-testament-a-lart-de-conduire\/#primaryimage"},"thumbnailUrl":"https:\/\/news.canadamotorjobs.com\/wp-content\/uploads\/2023\/12\/IMG_7447.jpg","articleSection":["Annuel automobile"],"inLanguage":"fr-CA"},{"@type":"WebPage","@id":"https:\/\/news.canadamotorjobs.com\/fr\/porsche-911-s-t-un-testament-a-lart-de-conduire\/","url":"https:\/\/news.canadamotorjobs.com\/fr\/porsche-911-s-t-un-testament-a-lart-de-conduire\/","name":"Porsche 911 S\/T : Un Testament \u00e0 l\u2019Art de Conduire - CanadaMotorJobs.com","isPartOf":{"@id":"https:\/\/news.canadamotorjobs.com\/#website"},"primaryImageOfPage":{"@id":"https:\/\/news.canadamotorjobs.com\/fr\/porsche-911-s-t-un-testament-a-lart-de-conduire\/#primaryimage"},"image":{"@id":"https:\/\/news.canadamotorjobs.com\/fr\/porsche-911-s-t-un-testament-a-lart-de-conduire\/#primaryimage"},"thumbnailUrl":"https:\/\/news.canadamotorjobs.com\/wp-content\/uploads\/2023\/12\/IMG_7447.jpg","datePublished":"2023-12-10T20:14:02+00:00","dateModified":"2023-12-10T20:29:18+00:00","description":"Porsche 911 S\/T : Un Testament \u00e0 l\u2019Art de Conduire - Benoit Charette - Annuel automobile - CanadaMotorJobs.com.","breadcrumb":{"@id":"https:\/\/news.canadamotorjobs.com\/fr\/porsche-911-s-t-un-testament-a-lart-de-conduire\/#breadcrumb"},"inLanguage":"fr-CA","potentialAction":[{"@type":"ReadAction","target":["https:\/\/news.canadamotorjobs.com\/fr\/porsche-911-s-t-un-testament-a-lart-de-conduire\/"]}]},{"@type":"ImageObject","inLanguage":"fr-CA","@id":"https:\/\/news.canadamotorjobs.com\/fr\/porsche-911-s-t-un-testament-a-lart-de-conduire\/#primaryimage","url":"https:\/\/news.canadamotorjobs.com\/wp-content\/uploads\/2023\/12\/IMG_7447.jpg","contentUrl":"https:\/\/news.canadamotorjobs.com\/wp-content\/uploads\/2023\/12\/IMG_7447.jpg","width":1067,"height":800},{"@type":"BreadcrumbList","@id":"https:\/\/news.canadamotorjobs.com\/fr\/porsche-911-s-t-un-testament-a-lart-de-conduire\/#breadcrumb","itemListElement":[{"@type":"ListItem","position":1,"name":"Home","item":"https:\/\/news.canadamotorjobs.com\/fr\/blog\/"},{"@type":"ListItem","position":2,"name":"Porsche 911 S\/T : Un Testament \u00e0 l\u2019Art de Conduire"}]},{"@type":"WebSite","@id":"https:\/\/news.canadamotorjobs.com\/#website","url":"https:\/\/news.canadamotorjobs.com\/","name":"CanadaMotorJobs.com","description":"Automotive Jobs","publisher":{"@id":"https:\/\/news.canadamotorjobs.com\/#organization"},"potentialAction":[{"@type":"SearchAction","target":{"@type":"EntryPoint","urlTemplate":"https:\/\/news.canadamotorjobs.com\/?s={search_term_string}"},"query-input":"required name=search_term_string"}],"inLanguage":"fr-CA"},{"@type":"Organization","@id":"https:\/\/news.canadamotorjobs.com\/#organization","name":"Canada Motor Jobs","url":"https:\/\/news.canadamotorjobs.com\/","logo":{"@type":"ImageObject","inLanguage":"fr-CA","@id":"https:\/\/news.canadamotorjobs.com\/#\/schema\/logo\/image\/","url":"https:\/\/news.canadamotorjobs.com\/wp-content\/uploads\/2022\/10\/logo-canada-motor-jobs-1.png","contentUrl":"https:\/\/news.canadamotorjobs.com\/wp-content\/uploads\/2022\/10\/logo-canada-motor-jobs-1.png","width":800,"height":400,"caption":"Canada Motor Jobs"},"image":{"@id":"https:\/\/news.canadamotorjobs.com\/#\/schema\/logo\/image\/"},"sameAs":["https:\/\/www.facebook.com\/canadamotorjobs\/","https:\/\/x.com\/canadamotorjobs","https:\/\/www.instagram.com\/canadamotorjobs\/","https:\/\/www.linkedin.com\/company\/canadamotorjobs"]},{"@type":"Person","@id":"https:\/\/news.canadamotorjobs.com\/#\/schema\/person\/51793d1f87d44011d7bcc2ed99269a90","name":"Benoit Charette","image":{"@type":"ImageObject","inLanguage":"fr-CA","@id":"https:\/\/news.canadamotorjobs.com\/#\/schema\/person\/image\/","url":"https:\/\/secure.gravatar.com\/avatar\/45f3d2eebcccd909668d7ce7ea7267b6?s=96&d=mm&r=g","contentUrl":"https:\/\/secure.gravatar.com\/avatar\/45f3d2eebcccd909668d7ce7ea7267b6?s=96&d=mm&r=g","caption":"Benoit Charette"},"description":"Benoit Charette \/ Propri\u00e9taire et r\u00e9dacteur en chef Benoit Charette pratique le journalisme automobile depuis bient\u00f4t 30 ans. Il a fait ses classes au c\u00f4t\u00e9 de Daniel H\u00e9raud et au Carnet de route de 1992 \u00e0 2001. Il est fondateur, copropri\u00e9taire et r\u00e9dacteur en chef de L\u2019Annuel de l\u2019automobile, qu\u2019il publie depuis 2001. Il a anim\u00e9 les \u00e9missions RPM et RPM+ sur V et les L\u00e9gendes de la route sur Historia. \u00c0 la radio depuis 1986, il reprend l\u2019antenne cette ann\u00e9e sur les ondes de Cogeco et participe pour la deuxi\u00e8me ann\u00e9e \u00e0 l\u2019\u00e9mission Passion Auto sur RDS en plus de mettre en ligne le site Web officiel de L\u2019Annuel de l\u2019automobile sur annuelauto.ca.","sameAs":["https:\/\/annuelauto.ca\/"],"url":"https:\/\/news.canadamotorjobs.com\/fr\/author\/benoit-charette\/"}]}},"_links":{"self":[{"href":"https:\/\/news.canadamotorjobs.com\/fr\/wp-json\/wp\/v2\/posts\/155130"}],"collection":[{"href":"https:\/\/news.canadamotorjobs.com\/fr\/wp-json\/wp\/v2\/posts"}],"about":[{"href":"https:\/\/news.canadamotorjobs.com\/fr\/wp-json\/wp\/v2\/types\/post"}],"author":[{"embeddable":true,"href":"https:\/\/news.canadamotorjobs.com\/fr\/wp-json\/wp\/v2\/users\/8"}],"replies":[{"embeddable":true,"href":"https:\/\/news.canadamotorjobs.com\/fr\/wp-json\/wp\/v2\/comments?post=155130"}],"version-history":[{"count":2,"href":"https:\/\/news.canadamotorjobs.com\/fr\/wp-json\/wp\/v2\/posts\/155130\/revisions"}],"predecessor-version":[{"id":155134,"href":"https:\/\/news.canadamotorjobs.com\/fr\/wp-json\/wp\/v2\/posts\/155130\/revisions\/155134"}],"wp:featuredmedia":[{"embeddable":true,"href":"https:\/\/news.canadamotorjobs.com\/fr\/wp-json\/wp\/v2\/media\/155132"}],"wp:attachment":[{"href":"https:\/\/news.canadamotorjobs.com\/fr\/wp-json\/wp\/v2\/media?parent=155130"}],"wp:term":[{"taxonomy":"category","embeddable":true,"href":"https:\/\/news.canadamotorjobs.com\/fr\/wp-json\/wp\/v2\/categories?post=155130"},{"taxonomy":"post_tag","embeddable":true,"href":"https:\/\/news.canadamotorjobs.com\/fr\/wp-json\/wp\/v2\/tags?post=155130"}],"curies":[{"name":"wp","href":"https:\/\/api.w.org\/{rel}","templated":true}]}}