{"id":155106,"date":"2023-12-09T10:21:50","date_gmt":"2023-12-09T15:21:50","guid":{"rendered":"https:\/\/news.canadamotorjobs.com\/?p=155106"},"modified":"2023-12-09T10:32:02","modified_gmt":"2023-12-09T15:32:02","slug":"la-fin-dune-epoque-la-derniere-chrysler-300c-quitte-lusine-dassemblage-de-brampton","status":"publish","type":"post","link":"https:\/\/news.canadamotorjobs.com\/fr\/la-fin-dune-epoque-la-derniere-chrysler-300c-quitte-lusine-dassemblage-de-brampton\/","title":{"rendered":"La fin d\u2019une \u00e9poque : La derni\u00e8re Chrysler 300C quitte l\u2019usine d\u2019assemblage de Brampton"},"content":{"rendered":"<\/p>\n<h3><strong>Un adieu marquant \u00e0 un symbole automobile<\/strong><\/h3>\n<p>\nLa derni\u00e8re Chrysler 300C, une version 2023 couleur Velvet Red, \u00e9quip\u00e9e du moteur HEMI\u00ae, a \u00e9t\u00e9 produite \u00e0 l&#8217;usine d&#8217;assemblage de Brampton, Ontario. Cet \u00e9v\u00e9nement a r\u00e9uni les membres de l&#8217;\u00e9quipe de Brampton pour comm\u00e9morer la production finale de ce v\u00e9hicule embl\u00e9matique.<\/p>\n<h3><strong>Il n&#8217;y aura pas de mod\u00e8les 2024<br \/>\n<\/strong><\/h3>\n<p>\nLa production de la Chrysler 300 2023 prendra fin au plus tard le 31 d\u00e9cembre 2023. Le mod\u00e8le 300C 2023, propuls\u00e9 par un moteur HEMI de 6,4 litres, a \u00e9t\u00e9 d\u00e9voil\u00e9 en premi\u00e8re lors du North American International Auto Show 2022. Il rend hommage \u00e0 l&#8217;h\u00e9ritage de pr\u00e8s de 70 ans de la Chrysler 300, ainsi qu&#8217;au r\u00f4le crucial de la Chrysler 300C dans la gamme 300 en tant que l&#8217;une des muscle cars les plus embl\u00e9matiques. Les r\u00e9servations pour cette \u00e9dition sp\u00e9ciale de la Chrysler 300C ont \u00e9t\u00e9 combl\u00e9es en seulement 12 heures apr\u00e8s sa r\u00e9v\u00e9lation en 2022, avec une production limit\u00e9e \u00e0 seulement 2 000 unit\u00e9s aux \u00c9tats-Unis et 200 disponibles au Canada.<\/p>\n<h3><strong>Un h\u00e9ritage remontant \u00e0 1955<\/strong><\/h3>\n<p>\nIntroduite pour la premi\u00e8re fois en 1955 et relanc\u00e9e en 2005, la Chrysler 300 incarne depuis des d\u00e9cennies le luxe et les performances automobiles embl\u00e9matiques de l&#8217;Am\u00e9rique. La Chrysler 300C a marqu\u00e9 un tournant en 1957, propuls\u00e9e par un moteur HEMI de 392 pouces cubes et 375 chevaux. La r\u00e9introduction de la Chrysler 300 en 2005 a \u00e9galement marqu\u00e9 le retour du mod\u00e8le 300C et du moteur HEMI apr\u00e8s 50 ans d&#8217;absence, sous la forme d&#8217;un HEMI de 5,7 litres et 340 chevaux. Le mod\u00e8le 300C de 2011 a augment\u00e9 sa puissance \u00e0 363 chevaux, et la Chrysler 300C 2023, de retour apr\u00e8s une pause de deux ans, rend hommage \u00e0 l&#8217;h\u00e9ritage puissant de ses pr\u00e9d\u00e9cesseurs en offrant 485 chevaux et 475 lb-pi de couple, avec une acc\u00e9l\u00e9ration de 0 \u00e0 97 km\/h en seulement 4,3 secondes, un quart de mile en 12,4 secondes et une vitesse maximale de 257 km\/h.<\/p>\n<h3><strong>L&#8217;avenir de Chrysler : vers une \u00e9lectrification durable<\/strong><\/h3>\n<p>\n&#8220;La marque Chrysler est fi\u00e8re de marquer l&#8217;h\u00e9ritage de la Chrysler 300C en tant qu&#8217;ic\u00f4ne automobile authentique, repr\u00e9sentant l&#8217;audace du luxe am\u00e9ricain&#8221;, a d\u00e9clar\u00e9 Chris Feuell, PDG de la marque Chrysler. &#8220;Alors que nous c\u00e9l\u00e9brons la derni\u00e8re Chrysler 300C \u00e9quip\u00e9e d&#8217;un moteur HEMI\u00ae \u00e0 sortir de la cha\u00eene de production avec nos membres de l&#8217;\u00e9quipe de Brampton, nous sommes \u00e9galement enthousiastes \u00e0 l&#8217;id\u00e9e de collaborer \u00e0 l&#8217;avenir de la marque Chrysler, qui s&#8217;oriente vers un avenir enti\u00e8rement \u00e9lectrique et durable, dans le cadre du plan strat\u00e9gique Stellantis Dare Forward 2030.&#8221;<\/p>\n<h3><strong>Des caract\u00e9ristiques de performance exceptionnelles<\/strong><\/h3>\n<p>\nEn plus du moteur HEMI, la Chrysler 300C 2023 pr\u00e9sente des freins Brembo \u00e0 quatre pistons rouges, un diff\u00e9rentiel \u00e0 glissement limit\u00e9 de 3,09, une suspension \u00e0 amortissement actif et des embouts d&#8217;\u00e9chappement arrondis noirs, accentuant un syst\u00e8me d&#8217;\u00e9chappement actif pour un son muscl\u00e9 et rauque. Une nouvelle version de l&#8217;insigne tri-couleur 300C orne l&#8217;ext\u00e9rieur sur la calandre et le couvercle arri\u00e8re. L&#8217;ext\u00e9rieur arbore des accents de chrome noir sur la calandre et la partie inf\u00e9rieure du pare-chocs, ainsi que des bordures noires sur les phares et les feux arri\u00e8re. \u00c0 l&#8217;int\u00e9rieur, les si\u00e8ges avant en cuir Laguna noir sont estampill\u00e9s du nouveau logo 300C.<\/p>\n<h3><strong>La fiert\u00e9 de l&#8217;usine de Brampton<\/strong><\/h3>\n<p>\n&#8220;Notre personnel ici \u00e0 l&#8217;usine d&#8217;assemblage de Brampton a la r\u00e9putation de construire des v\u00e9hicules de haute qualit\u00e9, et la Chrysler 300C ne fait pas exception&#8221;, a d\u00e9clar\u00e9 Alex Pittas, directeur d&#8217;usine de Brampton Assembly. &#8220;Nous sommes fiers du travail et du souci du d\u00e9tail qui ont \u00e9t\u00e9 investis dans les 2 200 unit\u00e9s qui ont quitt\u00e9 notre cha\u00eene de montage en 2023.&#8221;<\/p>\n<p>\u00a0<\/p>\n<p>Le texte <a rel=\"nofollow\" href=\"https:\/\/annuelauto.ca\/la-fin-dune-epoque-la-derniere-chrysler-300c-quitte-lusine-dassemblage-de-brampton\/\">La fin d\u2019une \u00e9poque : La derni\u00e8re Chrysler 300C quitte l\u2019usine d\u2019assemblage de Brampton<\/a> provient de <a rel=\"nofollow\" href=\"https:\/\/annuelauto.ca\">L&#8217;annuel de l&#8217;automobile &#8211; Actualit\u00e9 automobile<\/a><\/p>\n<p><\/p>\n","protected":false},"excerpt":{"rendered":"<p>Un adieu marquant \u00e0 un symbole automobile La derni\u00e8re Chrysler 300C, une version 2023 couleur Velvet Red, \u00e9quip\u00e9e du moteur HEMI\u00ae, a \u00e9t\u00e9 produite \u00e0 l&#8217;usine d&#8217;assemblage de Brampton, Ontario. Cet \u00e9v\u00e9nement a r\u00e9uni les membres de l&#8217;\u00e9quipe de Brampton pour comm\u00e9morer la production finale de ce v\u00e9hicule embl\u00e9matique. Il n&#8217;y aura pas de mod\u00e8les [&hellip;]<\/p>\n","protected":false},"author":8,"featured_media":155108,"comment_status":"close","ping_status":"closed","sticky":false,"template":"","format":"standard","meta":{"_monsterinsights_skip_tracking":false,"_monsterinsights_sitenote_active":false,"_monsterinsights_sitenote_note":"","_monsterinsights_sitenote_category":0,"footnotes":""},"categories":[101],"tags":[],"yoast_head":"<!-- This site is optimized with the Yoast SEO plugin v23.2 - https:\/\/yoast.com\/wordpress\/plugins\/seo\/ -->\n<title>La fin d\u2019une \u00e9poque : La derni\u00e8re Chrysler 300C quitte l\u2019usine d\u2019assemblage de Brampton - CanadaMotorJobs.com<\/title>\n<meta name=\"description\" content=\"La fin d\u2019une \u00e9poque : La derni\u00e8re Chrysler 300C quitte l\u2019usine d\u2019assemblage de Brampton - Benoit Charette - Annuel automobile - CanadaMotorJobs.com.\" \/>\n<meta name=\"robots\" content=\"index, follow, max-snippet:-1, max-image-preview:large, max-video-preview:-1\" \/>\n<meta property=\"og:locale\" content=\"fr_CA\" \/>\n<meta property=\"og:type\" content=\"article\" \/>\n<meta property=\"og:title\" content=\"La fin d\u2019une \u00e9poque : La derni\u00e8re Chrysler 300C quitte l\u2019usine d\u2019assemblage de Brampton - CanadaMotorJobs.com\" \/>\n<meta property=\"og:description\" content=\"La fin d\u2019une \u00e9poque : La derni\u00e8re Chrysler 300C quitte l\u2019usine d\u2019assemblage de Brampton - Benoit Charette - Annuel automobile - CanadaMotorJobs.com.\" \/>\n<meta property=\"og:url\" content=\"https:\/\/news.canadamotorjobs.com\/fr\/la-fin-dune-epoque-la-derniere-chrysler-300c-quitte-lusine-dassemblage-de-brampton\/\" \/>\n<meta property=\"og:site_name\" content=\"CanadaMotorJobs.com\" \/>\n<meta property=\"article:publisher\" content=\"https:\/\/www.facebook.com\/canadamotorjobs\/\" \/>\n<meta property=\"article:published_time\" content=\"2023-12-09T15:21:50+00:00\" \/>\n<meta property=\"article:modified_time\" content=\"2023-12-09T15:32:02+00:00\" \/>\n<meta property=\"og:image\" content=\"https:\/\/news.canadamotorjobs.com\/wp-content\/uploads\/2023\/12\/Final_300C-1.jpg\" \/>\n\t<meta property=\"og:image:width\" content=\"1200\" \/>\n\t<meta property=\"og:image:height\" content=\"900\" \/>\n\t<meta property=\"og:image:type\" content=\"image\/jpeg\" \/>\n<meta name=\"author\" content=\"Benoit Charette\" \/>\n<meta name=\"twitter:card\" content=\"summary_large_image\" \/>\n<meta name=\"twitter:creator\" content=\"@canadamotorjobs\" \/>\n<meta name=\"twitter:site\" content=\"@canadamotorjobs\" \/>\n<meta name=\"twitter:label1\" content=\"\u00c9crit par\" \/>\n\t<meta name=\"twitter:data1\" content=\"Benoit Charette\" \/>\n\t<meta name=\"twitter:label2\" content=\"Estimation du temps de lecture\" \/>\n\t<meta name=\"twitter:data2\" content=\"3 minutes\" \/>\n<!-- \/ Yoast SEO plugin. -->","yoast_head_json":{"title":"La fin d\u2019une \u00e9poque : La derni\u00e8re Chrysler 300C quitte l\u2019usine d\u2019assemblage de Brampton - CanadaMotorJobs.com","description":"La fin d\u2019une \u00e9poque : La derni\u00e8re Chrysler 300C quitte l\u2019usine d\u2019assemblage de Brampton - Benoit Charette - Annuel automobile - CanadaMotorJobs.com.","robots":{"index":"index","follow":"follow","max-snippet":"max-snippet:-1","max-image-preview":"max-image-preview:large","max-video-preview":"max-video-preview:-1"},"og_locale":"fr_CA","og_type":"article","og_title":"La fin d\u2019une \u00e9poque : La derni\u00e8re Chrysler 300C quitte l\u2019usine d\u2019assemblage de Brampton - CanadaMotorJobs.com","og_description":"La fin d\u2019une \u00e9poque : La derni\u00e8re Chrysler 300C quitte l\u2019usine d\u2019assemblage de Brampton - Benoit Charette - Annuel automobile - CanadaMotorJobs.com.","og_url":"https:\/\/news.canadamotorjobs.com\/fr\/la-fin-dune-epoque-la-derniere-chrysler-300c-quitte-lusine-dassemblage-de-brampton\/","og_site_name":"CanadaMotorJobs.com","article_publisher":"https:\/\/www.facebook.com\/canadamotorjobs\/","article_published_time":"2023-12-09T15:21:50+00:00","article_modified_time":"2023-12-09T15:32:02+00:00","og_image":[{"width":1200,"height":900,"url":"https:\/\/news.canadamotorjobs.com\/wp-content\/uploads\/2023\/12\/Final_300C-1.jpg","type":"image\/jpeg"}],"author":"Benoit Charette","twitter_card":"summary_large_image","twitter_creator":"@canadamotorjobs","twitter_site":"@canadamotorjobs","twitter_misc":{"\u00c9crit par":"Benoit Charette","Estimation du temps de lecture":"3 minutes"},"schema":{"@context":"https:\/\/schema.org","@graph":[{"@type":"Article","@id":"https:\/\/news.canadamotorjobs.com\/fr\/la-fin-dune-epoque-la-derniere-chrysler-300c-quitte-lusine-dassemblage-de-brampton\/#article","isPartOf":{"@id":"https:\/\/news.canadamotorjobs.com\/fr\/la-fin-dune-epoque-la-derniere-chrysler-300c-quitte-lusine-dassemblage-de-brampton\/"},"author":{"name":"Benoit Charette","@id":"https:\/\/news.canadamotorjobs.com\/#\/schema\/person\/51793d1f87d44011d7bcc2ed99269a90"},"headline":"La fin d\u2019une \u00e9poque : La derni\u00e8re Chrysler 300C quitte l\u2019usine d\u2019assemblage de Brampton","datePublished":"2023-12-09T15:21:50+00:00","dateModified":"2023-12-09T15:32:02+00:00","mainEntityOfPage":{"@id":"https:\/\/news.canadamotorjobs.com\/fr\/la-fin-dune-epoque-la-derniere-chrysler-300c-quitte-lusine-dassemblage-de-brampton\/"},"wordCount":693,"publisher":{"@id":"https:\/\/news.canadamotorjobs.com\/#organization"},"image":{"@id":"https:\/\/news.canadamotorjobs.com\/fr\/la-fin-dune-epoque-la-derniere-chrysler-300c-quitte-lusine-dassemblage-de-brampton\/#primaryimage"},"thumbnailUrl":"https:\/\/news.canadamotorjobs.com\/wp-content\/uploads\/2023\/12\/Final_300C-1.jpg","articleSection":["Annuel automobile"],"inLanguage":"fr-CA"},{"@type":"WebPage","@id":"https:\/\/news.canadamotorjobs.com\/fr\/la-fin-dune-epoque-la-derniere-chrysler-300c-quitte-lusine-dassemblage-de-brampton\/","url":"https:\/\/news.canadamotorjobs.com\/fr\/la-fin-dune-epoque-la-derniere-chrysler-300c-quitte-lusine-dassemblage-de-brampton\/","name":"La fin d\u2019une \u00e9poque : La derni\u00e8re Chrysler 300C quitte l\u2019usine d\u2019assemblage de Brampton - CanadaMotorJobs.com","isPartOf":{"@id":"https:\/\/news.canadamotorjobs.com\/#website"},"primaryImageOfPage":{"@id":"https:\/\/news.canadamotorjobs.com\/fr\/la-fin-dune-epoque-la-derniere-chrysler-300c-quitte-lusine-dassemblage-de-brampton\/#primaryimage"},"image":{"@id":"https:\/\/news.canadamotorjobs.com\/fr\/la-fin-dune-epoque-la-derniere-chrysler-300c-quitte-lusine-dassemblage-de-brampton\/#primaryimage"},"thumbnailUrl":"https:\/\/news.canadamotorjobs.com\/wp-content\/uploads\/2023\/12\/Final_300C-1.jpg","datePublished":"2023-12-09T15:21:50+00:00","dateModified":"2023-12-09T15:32:02+00:00","description":"La fin d\u2019une \u00e9poque : La derni\u00e8re Chrysler 300C quitte l\u2019usine d\u2019assemblage de Brampton - Benoit Charette - Annuel automobile - CanadaMotorJobs.com.","breadcrumb":{"@id":"https:\/\/news.canadamotorjobs.com\/fr\/la-fin-dune-epoque-la-derniere-chrysler-300c-quitte-lusine-dassemblage-de-brampton\/#breadcrumb"},"inLanguage":"fr-CA","potentialAction":[{"@type":"ReadAction","target":["https:\/\/news.canadamotorjobs.com\/fr\/la-fin-dune-epoque-la-derniere-chrysler-300c-quitte-lusine-dassemblage-de-brampton\/"]}]},{"@type":"ImageObject","inLanguage":"fr-CA","@id":"https:\/\/news.canadamotorjobs.com\/fr\/la-fin-dune-epoque-la-derniere-chrysler-300c-quitte-lusine-dassemblage-de-brampton\/#primaryimage","url":"https:\/\/news.canadamotorjobs.com\/wp-content\/uploads\/2023\/12\/Final_300C-1.jpg","contentUrl":"https:\/\/news.canadamotorjobs.com\/wp-content\/uploads\/2023\/12\/Final_300C-1.jpg","width":1200,"height":900},{"@type":"BreadcrumbList","@id":"https:\/\/news.canadamotorjobs.com\/fr\/la-fin-dune-epoque-la-derniere-chrysler-300c-quitte-lusine-dassemblage-de-brampton\/#breadcrumb","itemListElement":[{"@type":"ListItem","position":1,"name":"Home","item":"https:\/\/news.canadamotorjobs.com\/fr\/blog\/"},{"@type":"ListItem","position":2,"name":"La fin d\u2019une \u00e9poque : La derni\u00e8re Chrysler 300C quitte l\u2019usine d\u2019assemblage de Brampton"}]},{"@type":"WebSite","@id":"https:\/\/news.canadamotorjobs.com\/#website","url":"https:\/\/news.canadamotorjobs.com\/","name":"CanadaMotorJobs.com","description":"Automotive Jobs","publisher":{"@id":"https:\/\/news.canadamotorjobs.com\/#organization"},"potentialAction":[{"@type":"SearchAction","target":{"@type":"EntryPoint","urlTemplate":"https:\/\/news.canadamotorjobs.com\/?s={search_term_string}"},"query-input":"required name=search_term_string"}],"inLanguage":"fr-CA"},{"@type":"Organization","@id":"https:\/\/news.canadamotorjobs.com\/#organization","name":"Canada Motor Jobs","url":"https:\/\/news.canadamotorjobs.com\/","logo":{"@type":"ImageObject","inLanguage":"fr-CA","@id":"https:\/\/news.canadamotorjobs.com\/#\/schema\/logo\/image\/","url":"https:\/\/news.canadamotorjobs.com\/wp-content\/uploads\/2022\/10\/logo-canada-motor-jobs-1.png","contentUrl":"https:\/\/news.canadamotorjobs.com\/wp-content\/uploads\/2022\/10\/logo-canada-motor-jobs-1.png","width":800,"height":400,"caption":"Canada Motor Jobs"},"image":{"@id":"https:\/\/news.canadamotorjobs.com\/#\/schema\/logo\/image\/"},"sameAs":["https:\/\/www.facebook.com\/canadamotorjobs\/","https:\/\/x.com\/canadamotorjobs","https:\/\/www.instagram.com\/canadamotorjobs\/","https:\/\/www.linkedin.com\/company\/canadamotorjobs"]},{"@type":"Person","@id":"https:\/\/news.canadamotorjobs.com\/#\/schema\/person\/51793d1f87d44011d7bcc2ed99269a90","name":"Benoit Charette","image":{"@type":"ImageObject","inLanguage":"fr-CA","@id":"https:\/\/news.canadamotorjobs.com\/#\/schema\/person\/image\/","url":"https:\/\/secure.gravatar.com\/avatar\/45f3d2eebcccd909668d7ce7ea7267b6?s=96&d=mm&r=g","contentUrl":"https:\/\/secure.gravatar.com\/avatar\/45f3d2eebcccd909668d7ce7ea7267b6?s=96&d=mm&r=g","caption":"Benoit Charette"},"description":"Benoit Charette \/ Propri\u00e9taire et r\u00e9dacteur en chef Benoit Charette pratique le journalisme automobile depuis bient\u00f4t 30 ans. Il a fait ses classes au c\u00f4t\u00e9 de Daniel H\u00e9raud et au Carnet de route de 1992 \u00e0 2001. Il est fondateur, copropri\u00e9taire et r\u00e9dacteur en chef de L\u2019Annuel de l\u2019automobile, qu\u2019il publie depuis 2001. Il a anim\u00e9 les \u00e9missions RPM et RPM+ sur V et les L\u00e9gendes de la route sur Historia. \u00c0 la radio depuis 1986, il reprend l\u2019antenne cette ann\u00e9e sur les ondes de Cogeco et participe pour la deuxi\u00e8me ann\u00e9e \u00e0 l\u2019\u00e9mission Passion Auto sur RDS en plus de mettre en ligne le site Web officiel de L\u2019Annuel de l\u2019automobile sur annuelauto.ca.","sameAs":["https:\/\/annuelauto.ca\/"],"url":"https:\/\/news.canadamotorjobs.com\/fr\/author\/benoit-charette\/"}]}},"_links":{"self":[{"href":"https:\/\/news.canadamotorjobs.com\/fr\/wp-json\/wp\/v2\/posts\/155106"}],"collection":[{"href":"https:\/\/news.canadamotorjobs.com\/fr\/wp-json\/wp\/v2\/posts"}],"about":[{"href":"https:\/\/news.canadamotorjobs.com\/fr\/wp-json\/wp\/v2\/types\/post"}],"author":[{"embeddable":true,"href":"https:\/\/news.canadamotorjobs.com\/fr\/wp-json\/wp\/v2\/users\/8"}],"replies":[{"embeddable":true,"href":"https:\/\/news.canadamotorjobs.com\/fr\/wp-json\/wp\/v2\/comments?post=155106"}],"version-history":[{"count":2,"href":"https:\/\/news.canadamotorjobs.com\/fr\/wp-json\/wp\/v2\/posts\/155106\/revisions"}],"predecessor-version":[{"id":155110,"href":"https:\/\/news.canadamotorjobs.com\/fr\/wp-json\/wp\/v2\/posts\/155106\/revisions\/155110"}],"wp:featuredmedia":[{"embeddable":true,"href":"https:\/\/news.canadamotorjobs.com\/fr\/wp-json\/wp\/v2\/media\/155108"}],"wp:attachment":[{"href":"https:\/\/news.canadamotorjobs.com\/fr\/wp-json\/wp\/v2\/media?parent=155106"}],"wp:term":[{"taxonomy":"category","embeddable":true,"href":"https:\/\/news.canadamotorjobs.com\/fr\/wp-json\/wp\/v2\/categories?post=155106"},{"taxonomy":"post_tag","embeddable":true,"href":"https:\/\/news.canadamotorjobs.com\/fr\/wp-json\/wp\/v2\/tags?post=155106"}],"curies":[{"name":"wp","href":"https:\/\/api.w.org\/{rel}","templated":true}]}}