{"id":155075,"date":"2023-12-09T10:02:56","date_gmt":"2023-12-09T15:02:56","guid":{"rendered":"https:\/\/news.canadamotorjobs.com\/?p=155075"},"modified":"2023-12-09T10:14:57","modified_gmt":"2023-12-09T15:14:57","slug":"la-course-aux-vehicules-electriques-bon-marche-est-finalement-en-marche","status":"publish","type":"post","link":"https:\/\/news.canadamotorjobs.com\/fr\/la-course-aux-vehicules-electriques-bon-marche-est-finalement-en-marche\/","title":{"rendered":"La course aux v\u00e9hicules \u00e9lectriques bon march\u00e9 est finalement en marche"},"content":{"rendered":"<\/p>\n<p>La Chine a impos\u00e9 sa loi des v\u00e9hicules \u00e9lectriques bon march\u00e9 en Asie, en Europe et en Australie. Au moment d\u2019\u00e9crire ses lignes, une grande usine se pr\u00e9pare au Mexique ey les constructeurs nord-am\u00e9ricain sont dans l\u2019eau chaude. Selon plusieurs analystes, les constructeurs automobiles s&#8217;empressent de proposer des VE \u00e0 un prix similaire \u00e0 celui des mod\u00e8les \u00e0 moteur \u00e0 combustion pour contrer l\u2019invasion chinoise.<\/p>\n<h3><strong>R\u00e9duction des Co\u00fbts<br \/>\n<\/strong><\/h3>\n<p>\nL&#8217;essor des v\u00e9hicules \u00e9lectriques (VE) chinois \u00e9conomiques cr\u00e9e une comp\u00e9tition intense au sein de l&#8217;industrie automobile. Face \u00e0 cette dynamique, les constructeurs historiques se recentrent sur l&#8217;accessibilit\u00e9 des v\u00e9hicules, conscients que ne pas agir les placerait en situation de d\u00e9savantage face aux constructeurs chinois, selon les dires d&#8217;Andy Palmer, pr\u00e9sident de la startup britannique Brill Power (et ancien PDG d\u2019Aston Martin). Cette derni\u00e8re a d\u00e9velopp\u00e9 des technologies visant \u00e0 optimiser les performances des syst\u00e8mes de gestion des batteries des VE, pouvant accro\u00eetre leur autonomie jusqu&#8217;\u00e0 60 % et permettre l&#8217;utilisation de batteries de moindre taille.<\/p>\n<h3><strong>La Batterie en Ligne de Mire<\/strong><\/h3>\n<p>\nLa batterie, composant le plus co\u00fbteux d&#8217;un v\u00e9hicule \u00e9lectrique, est au centre des pr\u00e9occupations. Les constructeurs comme Renault s&#8217;engagent \u00e0 r\u00e9duire de 40 % les co\u00fbts de leurs VE pour atteindre la parit\u00e9 de prix avec les mod\u00e8les \u00e0 carburant fossile. Stellantis, Volkswagen et Tesla travaillent \u00e9galement \u00e0 des mod\u00e8les abordables aux alentours de 25 000 euros.<\/p>\n<h3><strong>Rendre la technologie abordable<br \/>\n<\/strong><\/h3>\n<p>\nDiverses entreprises telles que OneD Battery Sciences et Veekim proposent des solutions novatrices. OneD, par l&#8217;ajout de nanofils de silicium, vise \u00e0 augmenter l&#8217;autonomie des batteries tout en r\u00e9duisant les co\u00fbts. Veekim explore l&#8217;utilisation de ferrite \u00e0 la place des terres rares dans les moteurs de VE, permettant de r\u00e9duire le prix de ces derniers de 20 %.<\/p>\n<h3><strong>G\u00e9n\u00e9ralisation de la Course \u00e0 la R\u00e9duction des Co\u00fbts<\/strong><\/h3>\n<p>\nCette qu\u00eate de r\u00e9duction des co\u00fbts s&#8217;\u00e9tend bien au-del\u00e0 des batteries et des moteurs. Les fabricants de puces comme NXP collaborent avec les constructeurs pour diminuer le nombre de composants \u00e9lectroniques dans les VE. Siemens a d\u00e9velopp\u00e9 des logiciels r\u00e9duisant le temps de d\u00e9veloppement co\u00fbteux.<\/p>\n<h3><strong>Accessible \u00e0 tous<br \/>\n<\/strong><\/h3>\n<p>\nLes constructeurs europ\u00e9ens ajustent leurs strat\u00e9gies face \u00e0 la concurrence des VE chinois bon march\u00e9, tandis que les constructeurs am\u00e9ricains, avec des subventions l\u00e9gales, cherchent \u00e9galement \u00e0 rendre leurs VE plus abordables. GM et Ford annoncent des \u00e9conomies substantielles gr\u00e2ce \u00e0 des solutions innovantes pour leurs v\u00e9hicules \u00e9lectriques.<\/p>\n<h3><strong>L&#8217;\u00c9mergence d&#8217;une Nouvelle \u00c8re Automobile<\/strong><\/h3>\n<p>\nDes jeunes pousses comme CelLink et Addionics apportent \u00e9galement leur pierre \u00e0 l&#8217;\u00e9difice en d\u00e9veloppant des solutions technologiques visant \u00e0 r\u00e9duire les co\u00fbts de production tout en am\u00e9liorant les performances des VE.<\/p>\n<h3><strong>Diminuer les co\u00fbts de fabrication<br \/>\n<\/strong><\/h3>\n<p>\nDans cette course vers des VE plus accessibles, l&#8217;accent est mis sur la r\u00e9duction des co\u00fbts plut\u00f4t que sur l&#8217;augmentation de l&#8217;autonomie. Les constructeurs cherchent \u00e0 rendre les v\u00e9hicules \u00e9lectriques plus abordables pour toucher un public plus large, bouleversant ainsi le paysage automobile mondial. Cette \u00e9volution marque une \u00e9tape d\u00e9cisive dans la transition vers une mobilit\u00e9 \u00e9lectrique abordable et renforce la concurrence, stimulant l&#8217;innovation pour r\u00e9pondre aux exigences changeantes du march\u00e9.<\/p>\n<p>\u00a0<\/p>\n<p>Avec des renseignements d\u2019Automotive News<\/p>\n<p>\u00a0<\/p>\n<p>Le texte <a rel=\"nofollow\" href=\"https:\/\/annuelauto.ca\/la-course-aux-vehicules-electriques-bon-marche-est-finalement-en-marche\/\">La course aux v\u00e9hicules \u00e9lectriques bon march\u00e9 est finalement en marche<\/a> provient de <a rel=\"nofollow\" href=\"https:\/\/annuelauto.ca\">L&#8217;annuel de l&#8217;automobile &#8211; Actualit\u00e9 automobile<\/a><\/p>\n<p><\/p>\n","protected":false},"excerpt":{"rendered":"<p>La Chine a impos\u00e9 sa loi des v\u00e9hicules \u00e9lectriques bon march\u00e9 en Asie, en Europe et en Australie. Au moment d\u2019\u00e9crire ses lignes, une grande usine se pr\u00e9pare au Mexique ey les constructeurs nord-am\u00e9ricain sont dans l\u2019eau chaude. Selon plusieurs analystes, les constructeurs automobiles s&#8217;empressent de proposer des VE \u00e0 un prix similaire \u00e0 celui [&hellip;]<\/p>\n","protected":false},"author":8,"featured_media":155077,"comment_status":"close","ping_status":"closed","sticky":false,"template":"","format":"standard","meta":{"_monsterinsights_skip_tracking":false,"_monsterinsights_sitenote_active":false,"_monsterinsights_sitenote_note":"","_monsterinsights_sitenote_category":0,"footnotes":""},"categories":[101],"tags":[],"yoast_head":"<!-- This site is optimized with the Yoast SEO plugin v23.2 - https:\/\/yoast.com\/wordpress\/plugins\/seo\/ -->\n<title>La course aux v\u00e9hicules \u00e9lectriques bon march\u00e9 est finalement en marche - CanadaMotorJobs.com<\/title>\n<meta name=\"description\" content=\"La course aux v\u00e9hicules \u00e9lectriques bon march\u00e9 est finalement en marche - Benoit Charette - Annuel automobile - CanadaMotorJobs.com.\" \/>\n<meta name=\"robots\" content=\"index, follow, max-snippet:-1, max-image-preview:large, max-video-preview:-1\" \/>\n<meta property=\"og:locale\" content=\"fr_CA\" \/>\n<meta property=\"og:type\" content=\"article\" \/>\n<meta property=\"og:title\" content=\"La course aux v\u00e9hicules \u00e9lectriques bon march\u00e9 est finalement en marche - CanadaMotorJobs.com\" \/>\n<meta property=\"og:description\" content=\"La course aux v\u00e9hicules \u00e9lectriques bon march\u00e9 est finalement en marche - Benoit Charette - Annuel automobile - CanadaMotorJobs.com.\" \/>\n<meta property=\"og:url\" content=\"https:\/\/news.canadamotorjobs.com\/fr\/la-course-aux-vehicules-electriques-bon-marche-est-finalement-en-marche\/\" \/>\n<meta property=\"og:site_name\" content=\"CanadaMotorJobs.com\" \/>\n<meta property=\"article:publisher\" content=\"https:\/\/www.facebook.com\/canadamotorjobs\/\" \/>\n<meta property=\"article:published_time\" content=\"2023-12-09T15:02:56+00:00\" \/>\n<meta property=\"article:modified_time\" content=\"2023-12-09T15:14:57+00:00\" \/>\n<meta property=\"og:image\" content=\"https:\/\/news.canadamotorjobs.com\/wp-content\/uploads\/2023\/12\/3000-scaled-1.jpeg\" \/>\n\t<meta property=\"og:image:width\" content=\"2560\" \/>\n\t<meta property=\"og:image:height\" content=\"1707\" \/>\n\t<meta property=\"og:image:type\" content=\"image\/jpeg\" \/>\n<meta name=\"author\" content=\"Benoit Charette\" \/>\n<meta name=\"twitter:card\" content=\"summary_large_image\" \/>\n<meta name=\"twitter:creator\" content=\"@canadamotorjobs\" \/>\n<meta name=\"twitter:site\" content=\"@canadamotorjobs\" \/>\n<meta name=\"twitter:label1\" content=\"\u00c9crit par\" \/>\n\t<meta name=\"twitter:data1\" content=\"Benoit Charette\" \/>\n\t<meta name=\"twitter:label2\" content=\"Estimation du temps de lecture\" \/>\n\t<meta name=\"twitter:data2\" content=\"3 minutes\" \/>\n<!-- \/ Yoast SEO plugin. -->","yoast_head_json":{"title":"La course aux v\u00e9hicules \u00e9lectriques bon march\u00e9 est finalement en marche - CanadaMotorJobs.com","description":"La course aux v\u00e9hicules \u00e9lectriques bon march\u00e9 est finalement en marche - Benoit Charette - Annuel automobile - CanadaMotorJobs.com.","robots":{"index":"index","follow":"follow","max-snippet":"max-snippet:-1","max-image-preview":"max-image-preview:large","max-video-preview":"max-video-preview:-1"},"og_locale":"fr_CA","og_type":"article","og_title":"La course aux v\u00e9hicules \u00e9lectriques bon march\u00e9 est finalement en marche - CanadaMotorJobs.com","og_description":"La course aux v\u00e9hicules \u00e9lectriques bon march\u00e9 est finalement en marche - Benoit Charette - Annuel automobile - CanadaMotorJobs.com.","og_url":"https:\/\/news.canadamotorjobs.com\/fr\/la-course-aux-vehicules-electriques-bon-marche-est-finalement-en-marche\/","og_site_name":"CanadaMotorJobs.com","article_publisher":"https:\/\/www.facebook.com\/canadamotorjobs\/","article_published_time":"2023-12-09T15:02:56+00:00","article_modified_time":"2023-12-09T15:14:57+00:00","og_image":[{"width":2560,"height":1707,"url":"https:\/\/news.canadamotorjobs.com\/wp-content\/uploads\/2023\/12\/3000-scaled-1.jpeg","type":"image\/jpeg"}],"author":"Benoit Charette","twitter_card":"summary_large_image","twitter_creator":"@canadamotorjobs","twitter_site":"@canadamotorjobs","twitter_misc":{"\u00c9crit par":"Benoit Charette","Estimation du temps de lecture":"3 minutes"},"schema":{"@context":"https:\/\/schema.org","@graph":[{"@type":"Article","@id":"https:\/\/news.canadamotorjobs.com\/fr\/la-course-aux-vehicules-electriques-bon-marche-est-finalement-en-marche\/#article","isPartOf":{"@id":"https:\/\/news.canadamotorjobs.com\/fr\/la-course-aux-vehicules-electriques-bon-marche-est-finalement-en-marche\/"},"author":{"name":"Benoit Charette","@id":"https:\/\/news.canadamotorjobs.com\/#\/schema\/person\/51793d1f87d44011d7bcc2ed99269a90"},"headline":"La course aux v\u00e9hicules \u00e9lectriques bon march\u00e9 est finalement en marche","datePublished":"2023-12-09T15:02:56+00:00","dateModified":"2023-12-09T15:14:57+00:00","mainEntityOfPage":{"@id":"https:\/\/news.canadamotorjobs.com\/fr\/la-course-aux-vehicules-electriques-bon-marche-est-finalement-en-marche\/"},"wordCount":598,"publisher":{"@id":"https:\/\/news.canadamotorjobs.com\/#organization"},"image":{"@id":"https:\/\/news.canadamotorjobs.com\/fr\/la-course-aux-vehicules-electriques-bon-marche-est-finalement-en-marche\/#primaryimage"},"thumbnailUrl":"https:\/\/news.canadamotorjobs.com\/wp-content\/uploads\/2023\/12\/3000-scaled-1.jpeg","articleSection":["Annuel automobile"],"inLanguage":"fr-CA"},{"@type":"WebPage","@id":"https:\/\/news.canadamotorjobs.com\/fr\/la-course-aux-vehicules-electriques-bon-marche-est-finalement-en-marche\/","url":"https:\/\/news.canadamotorjobs.com\/fr\/la-course-aux-vehicules-electriques-bon-marche-est-finalement-en-marche\/","name":"La course aux v\u00e9hicules \u00e9lectriques bon march\u00e9 est finalement en marche - CanadaMotorJobs.com","isPartOf":{"@id":"https:\/\/news.canadamotorjobs.com\/#website"},"primaryImageOfPage":{"@id":"https:\/\/news.canadamotorjobs.com\/fr\/la-course-aux-vehicules-electriques-bon-marche-est-finalement-en-marche\/#primaryimage"},"image":{"@id":"https:\/\/news.canadamotorjobs.com\/fr\/la-course-aux-vehicules-electriques-bon-marche-est-finalement-en-marche\/#primaryimage"},"thumbnailUrl":"https:\/\/news.canadamotorjobs.com\/wp-content\/uploads\/2023\/12\/3000-scaled-1.jpeg","datePublished":"2023-12-09T15:02:56+00:00","dateModified":"2023-12-09T15:14:57+00:00","description":"La course aux v\u00e9hicules \u00e9lectriques bon march\u00e9 est finalement en marche - Benoit Charette - Annuel automobile - CanadaMotorJobs.com.","breadcrumb":{"@id":"https:\/\/news.canadamotorjobs.com\/fr\/la-course-aux-vehicules-electriques-bon-marche-est-finalement-en-marche\/#breadcrumb"},"inLanguage":"fr-CA","potentialAction":[{"@type":"ReadAction","target":["https:\/\/news.canadamotorjobs.com\/fr\/la-course-aux-vehicules-electriques-bon-marche-est-finalement-en-marche\/"]}]},{"@type":"ImageObject","inLanguage":"fr-CA","@id":"https:\/\/news.canadamotorjobs.com\/fr\/la-course-aux-vehicules-electriques-bon-marche-est-finalement-en-marche\/#primaryimage","url":"https:\/\/news.canadamotorjobs.com\/wp-content\/uploads\/2023\/12\/3000-scaled-1.jpeg","contentUrl":"https:\/\/news.canadamotorjobs.com\/wp-content\/uploads\/2023\/12\/3000-scaled-1.jpeg","width":2560,"height":1707},{"@type":"BreadcrumbList","@id":"https:\/\/news.canadamotorjobs.com\/fr\/la-course-aux-vehicules-electriques-bon-marche-est-finalement-en-marche\/#breadcrumb","itemListElement":[{"@type":"ListItem","position":1,"name":"Home","item":"https:\/\/news.canadamotorjobs.com\/fr\/blog\/"},{"@type":"ListItem","position":2,"name":"La course aux v\u00e9hicules \u00e9lectriques bon march\u00e9 est finalement en marche"}]},{"@type":"WebSite","@id":"https:\/\/news.canadamotorjobs.com\/#website","url":"https:\/\/news.canadamotorjobs.com\/","name":"CanadaMotorJobs.com","description":"Automotive Jobs","publisher":{"@id":"https:\/\/news.canadamotorjobs.com\/#organization"},"potentialAction":[{"@type":"SearchAction","target":{"@type":"EntryPoint","urlTemplate":"https:\/\/news.canadamotorjobs.com\/?s={search_term_string}"},"query-input":"required name=search_term_string"}],"inLanguage":"fr-CA"},{"@type":"Organization","@id":"https:\/\/news.canadamotorjobs.com\/#organization","name":"Canada Motor Jobs","url":"https:\/\/news.canadamotorjobs.com\/","logo":{"@type":"ImageObject","inLanguage":"fr-CA","@id":"https:\/\/news.canadamotorjobs.com\/#\/schema\/logo\/image\/","url":"https:\/\/news.canadamotorjobs.com\/wp-content\/uploads\/2022\/10\/logo-canada-motor-jobs-1.png","contentUrl":"https:\/\/news.canadamotorjobs.com\/wp-content\/uploads\/2022\/10\/logo-canada-motor-jobs-1.png","width":800,"height":400,"caption":"Canada Motor Jobs"},"image":{"@id":"https:\/\/news.canadamotorjobs.com\/#\/schema\/logo\/image\/"},"sameAs":["https:\/\/www.facebook.com\/canadamotorjobs\/","https:\/\/x.com\/canadamotorjobs","https:\/\/www.instagram.com\/canadamotorjobs\/","https:\/\/www.linkedin.com\/company\/canadamotorjobs"]},{"@type":"Person","@id":"https:\/\/news.canadamotorjobs.com\/#\/schema\/person\/51793d1f87d44011d7bcc2ed99269a90","name":"Benoit Charette","image":{"@type":"ImageObject","inLanguage":"fr-CA","@id":"https:\/\/news.canadamotorjobs.com\/#\/schema\/person\/image\/","url":"https:\/\/secure.gravatar.com\/avatar\/45f3d2eebcccd909668d7ce7ea7267b6?s=96&d=mm&r=g","contentUrl":"https:\/\/secure.gravatar.com\/avatar\/45f3d2eebcccd909668d7ce7ea7267b6?s=96&d=mm&r=g","caption":"Benoit Charette"},"description":"Benoit Charette \/ Propri\u00e9taire et r\u00e9dacteur en chef Benoit Charette pratique le journalisme automobile depuis bient\u00f4t 30 ans. Il a fait ses classes au c\u00f4t\u00e9 de Daniel H\u00e9raud et au Carnet de route de 1992 \u00e0 2001. Il est fondateur, copropri\u00e9taire et r\u00e9dacteur en chef de L\u2019Annuel de l\u2019automobile, qu\u2019il publie depuis 2001. Il a anim\u00e9 les \u00e9missions RPM et RPM+ sur V et les L\u00e9gendes de la route sur Historia. \u00c0 la radio depuis 1986, il reprend l\u2019antenne cette ann\u00e9e sur les ondes de Cogeco et participe pour la deuxi\u00e8me ann\u00e9e \u00e0 l\u2019\u00e9mission Passion Auto sur RDS en plus de mettre en ligne le site Web officiel de L\u2019Annuel de l\u2019automobile sur annuelauto.ca.","sameAs":["https:\/\/annuelauto.ca\/"],"url":"https:\/\/news.canadamotorjobs.com\/fr\/author\/benoit-charette\/"}]}},"_links":{"self":[{"href":"https:\/\/news.canadamotorjobs.com\/fr\/wp-json\/wp\/v2\/posts\/155075"}],"collection":[{"href":"https:\/\/news.canadamotorjobs.com\/fr\/wp-json\/wp\/v2\/posts"}],"about":[{"href":"https:\/\/news.canadamotorjobs.com\/fr\/wp-json\/wp\/v2\/types\/post"}],"author":[{"embeddable":true,"href":"https:\/\/news.canadamotorjobs.com\/fr\/wp-json\/wp\/v2\/users\/8"}],"replies":[{"embeddable":true,"href":"https:\/\/news.canadamotorjobs.com\/fr\/wp-json\/wp\/v2\/comments?post=155075"}],"version-history":[{"count":2,"href":"https:\/\/news.canadamotorjobs.com\/fr\/wp-json\/wp\/v2\/posts\/155075\/revisions"}],"predecessor-version":[{"id":155079,"href":"https:\/\/news.canadamotorjobs.com\/fr\/wp-json\/wp\/v2\/posts\/155075\/revisions\/155079"}],"wp:featuredmedia":[{"embeddable":true,"href":"https:\/\/news.canadamotorjobs.com\/fr\/wp-json\/wp\/v2\/media\/155077"}],"wp:attachment":[{"href":"https:\/\/news.canadamotorjobs.com\/fr\/wp-json\/wp\/v2\/media?parent=155075"}],"wp:term":[{"taxonomy":"category","embeddable":true,"href":"https:\/\/news.canadamotorjobs.com\/fr\/wp-json\/wp\/v2\/categories?post=155075"},{"taxonomy":"post_tag","embeddable":true,"href":"https:\/\/news.canadamotorjobs.com\/fr\/wp-json\/wp\/v2\/tags?post=155075"}],"curies":[{"name":"wp","href":"https:\/\/api.w.org\/{rel}","templated":true}]}}